{"id":7885,"date":"2022-07-05T09:23:27","date_gmt":"2022-07-05T09:23:27","guid":{"rendered":"https:\/\/www.mncomunicacion.com\/?p=7885"},"modified":"2022-07-06T09:21:16","modified_gmt":"2022-07-06T09:21:16","slug":"organisation-of-the-launch-event-of-peserico","status":"publish","type":"post","link":"https:\/\/www.mncomunicacion.com\/en\/events-en\/organisation-of-the-launch-event-of-peserico","title":{"rendered":"Organisation of the launch event of Peserico"},"content":{"rendered":"<p>MN Comunicaci\u00f3n has been the agency repsonsable for the organisation of the inaugration celebration of Peserico in Puerto Banus. The event took place on the evening of the 30th of June.<\/p>\n<div id='gallery-1' class='gallery galleryid-7885 gallery-columns-3 gallery-size-medium'><figure class='gallery-item'>\n\t\t\t<div class='gallery-icon landscape'>\n\t\t\t\t<a href='https:\/\/www.mncomunicacion.com\/en\/events-en\/organisation-of-the-launch-event-of-peserico\/attachment\/001-peserico-boutique-puerto-banus-marbella-36375-o'><img loading=\"lazy\" decoding=\"async\" width=\"300\" height=\"200\" src=\"https:\/\/www.mncomunicacion.com\/wp-content\/uploads\/2022\/07\/001-peserico-boutique-puerto-banus-marbella-36375-O-1-300x200.jpg\" class=\"attachment-medium size-medium\" alt=\"\" srcset=\"https:\/\/www.mncomunicacion.com\/wp-content\/uploads\/2022\/07\/001-peserico-boutique-puerto-banus-marbella-36375-O-1-300x200.jpg 300w, https:\/\/www.mncomunicacion.com\/wp-content\/uploads\/2022\/07\/001-peserico-boutique-puerto-banus-marbella-36375-O-1-768x511.jpg 768w, https:\/\/www.mncomunicacion.com\/wp-content\/uploads\/2022\/07\/001-peserico-boutique-puerto-banus-marbella-36375-O-1-1024x682.jpg 1024w\" sizes=\"(max-width: 300px) 100vw, 300px\" \/><\/a>\n\t\t\t<\/div><\/figure><figure class='gallery-item'>\n\t\t\t<div class='gallery-icon portrait'>\n\t\t\t\t<a href='https:\/\/www.mncomunicacion.com\/en\/events-en\/organisation-of-the-launch-event-of-peserico\/attachment\/002-peserico-boutique-puerto-banus-marbella-36375-o'><img loading=\"lazy\" decoding=\"async\" width=\"200\" height=\"300\" src=\"https:\/\/www.mncomunicacion.com\/wp-content\/uploads\/2022\/07\/002-peserico-boutique-puerto-banus-marbella-36375-O-200x300.jpg\" class=\"attachment-medium size-medium\" alt=\"\" srcset=\"https:\/\/www.mncomunicacion.com\/wp-content\/uploads\/2022\/07\/002-peserico-boutique-puerto-banus-marbella-36375-O-200x300.jpg 200w, https:\/\/www.mncomunicacion.com\/wp-content\/uploads\/2022\/07\/002-peserico-boutique-puerto-banus-marbella-36375-O-768x1154.jpg 768w, https:\/\/www.mncomunicacion.com\/wp-content\/uploads\/2022\/07\/002-peserico-boutique-puerto-banus-marbella-36375-O-682x1024.jpg 682w, https:\/\/www.mncomunicacion.com\/wp-content\/uploads\/2022\/07\/002-peserico-boutique-puerto-banus-marbella-36375-O.jpg 1572w\" sizes=\"(max-width: 200px) 100vw, 200px\" \/><\/a>\n\t\t\t<\/div><\/figure><figure class='gallery-item'>\n\t\t\t<div class='gallery-icon portrait'>\n\t\t\t\t<a href='https:\/\/www.mncomunicacion.com\/en\/events-en\/organisation-of-the-launch-event-of-peserico\/attachment\/003-peserico-boutique-puerto-banus-marbella-36375-o'><img loading=\"lazy\" decoding=\"async\" width=\"200\" height=\"300\" src=\"https:\/\/www.mncomunicacion.com\/wp-content\/uploads\/2022\/07\/003-peserico-boutique-puerto-banus-marbella-36375-O-1-200x300.jpg\" class=\"attachment-medium size-medium\" alt=\"\" srcset=\"https:\/\/www.mncomunicacion.com\/wp-content\/uploads\/2022\/07\/003-peserico-boutique-puerto-banus-marbella-36375-O-1-200x300.jpg 200w, https:\/\/www.mncomunicacion.com\/wp-content\/uploads\/2022\/07\/003-peserico-boutique-puerto-banus-marbella-36375-O-1-768x1154.jpg 768w, https:\/\/www.mncomunicacion.com\/wp-content\/uploads\/2022\/07\/003-peserico-boutique-puerto-banus-marbella-36375-O-1-682x1024.jpg 682w, https:\/\/www.mncomunicacion.com\/wp-content\/uploads\/2022\/07\/003-peserico-boutique-puerto-banus-marbella-36375-O-1.jpg 1572w\" sizes=\"(max-width: 200px) 100vw, 200px\" \/><\/a>\n\t\t\t<\/div><\/figure><figure class='gallery-item'>\n\t\t\t<div class='gallery-icon portrait'>\n\t\t\t\t<a href='https:\/\/www.mncomunicacion.com\/en\/events-en\/organisation-of-the-launch-event-of-peserico\/attachment\/004-peserico-boutique-puerto-banus-marbella-36375-o'><img loading=\"lazy\" decoding=\"async\" width=\"200\" height=\"300\" src=\"https:\/\/www.mncomunicacion.com\/wp-content\/uploads\/2022\/07\/004-peserico-boutique-puerto-banus-marbella-36375-O-200x300.jpg\" class=\"attachment-medium size-medium\" alt=\"\" srcset=\"https:\/\/www.mncomunicacion.com\/wp-content\/uploads\/2022\/07\/004-peserico-boutique-puerto-banus-marbella-36375-O-200x300.jpg 200w, https:\/\/www.mncomunicacion.com\/wp-content\/uploads\/2022\/07\/004-peserico-boutique-puerto-banus-marbella-36375-O-768x1154.jpg 768w, https:\/\/www.mncomunicacion.com\/wp-content\/uploads\/2022\/07\/004-peserico-boutique-puerto-banus-marbella-36375-O-682x1024.jpg 682w, https:\/\/www.mncomunicacion.com\/wp-content\/uploads\/2022\/07\/004-peserico-boutique-puerto-banus-marbella-36375-O.jpg 1572w\" sizes=\"(max-width: 200px) 100vw, 200px\" \/><\/a>\n\t\t\t<\/div><\/figure><figure class='gallery-item'>\n\t\t\t<div class='gallery-icon landscape'>\n\t\t\t\t<a href='https:\/\/www.mncomunicacion.com\/en\/events-en\/organisation-of-the-launch-event-of-peserico\/attachment\/005-peserico-boutique-puerto-banus-marbella-36375-o'><img loading=\"lazy\" decoding=\"async\" width=\"300\" height=\"200\" src=\"https:\/\/www.mncomunicacion.com\/wp-content\/uploads\/2022\/07\/005-peserico-boutique-puerto-banus-marbella-36375-O-300x200.jpg\" class=\"attachment-medium size-medium\" alt=\"\" srcset=\"https:\/\/www.mncomunicacion.com\/wp-content\/uploads\/2022\/07\/005-peserico-boutique-puerto-banus-marbella-36375-O-300x200.jpg 300w, https:\/\/www.mncomunicacion.com\/wp-content\/uploads\/2022\/07\/005-peserico-boutique-puerto-banus-marbella-36375-O-768x511.jpg 768w, https:\/\/www.mncomunicacion.com\/wp-content\/uploads\/2022\/07\/005-peserico-boutique-puerto-banus-marbella-36375-O-1024x682.jpg 1024w\" sizes=\"(max-width: 300px) 100vw, 300px\" \/><\/a>\n\t\t\t<\/div><\/figure><figure class='gallery-item'>\n\t\t\t<div class='gallery-icon landscape'>\n\t\t\t\t<a href='https:\/\/www.mncomunicacion.com\/en\/events-en\/organisation-of-the-launch-event-of-peserico\/attachment\/006-peserico-boutique-puerto-banus-marbella-36375-o'><img loading=\"lazy\" decoding=\"async\" width=\"300\" height=\"200\" src=\"https:\/\/www.mncomunicacion.com\/wp-content\/uploads\/2022\/07\/006-peserico-boutique-puerto-banus-marbella-36375-O-300x200.jpg\" class=\"attachment-medium size-medium\" alt=\"\" srcset=\"https:\/\/www.mncomunicacion.com\/wp-content\/uploads\/2022\/07\/006-peserico-boutique-puerto-banus-marbella-36375-O-300x200.jpg 300w, https:\/\/www.mncomunicacion.com\/wp-content\/uploads\/2022\/07\/006-peserico-boutique-puerto-banus-marbella-36375-O-768x511.jpg 768w, https:\/\/www.mncomunicacion.com\/wp-content\/uploads\/2022\/07\/006-peserico-boutique-puerto-banus-marbella-36375-O-1024x682.jpg 1024w\" sizes=\"(max-width: 300px) 100vw, 300px\" \/><\/a>\n\t\t\t<\/div><\/figure><figure class='gallery-item'>\n\t\t\t<div class='gallery-icon landscape'>\n\t\t\t\t<a href='https:\/\/www.mncomunicacion.com\/en\/events-en\/organisation-of-the-launch-event-of-peserico\/attachment\/008-peserico-boutique-puerto-banus-marbella-36375-o'><img loading=\"lazy\" decoding=\"async\" width=\"300\" height=\"200\" src=\"https:\/\/www.mncomunicacion.com\/wp-content\/uploads\/2022\/07\/008-peserico-boutique-puerto-banus-marbella-36375-O-300x200.jpg\" class=\"attachment-medium size-medium\" alt=\"\" srcset=\"https:\/\/www.mncomunicacion.com\/wp-content\/uploads\/2022\/07\/008-peserico-boutique-puerto-banus-marbella-36375-O-300x200.jpg 300w, https:\/\/www.mncomunicacion.com\/wp-content\/uploads\/2022\/07\/008-peserico-boutique-puerto-banus-marbella-36375-O-768x511.jpg 768w, https:\/\/www.mncomunicacion.com\/wp-content\/uploads\/2022\/07\/008-peserico-boutique-puerto-banus-marbella-36375-O-1024x682.jpg 1024w\" sizes=\"(max-width: 300px) 100vw, 300px\" \/><\/a>\n\t\t\t<\/div><\/figure><figure class='gallery-item'>\n\t\t\t<div class='gallery-icon landscape'>\n\t\t\t\t<a href='https:\/\/www.mncomunicacion.com\/en\/events-en\/organisation-of-the-launch-event-of-peserico\/attachment\/009-peserico-boutique-puerto-banus-marbella-36375-o'><img loading=\"lazy\" decoding=\"async\" width=\"300\" height=\"200\" src=\"https:\/\/www.mncomunicacion.com\/wp-content\/uploads\/2022\/07\/009-peserico-boutique-puerto-banus-marbella-36375-O-300x200.jpg\" class=\"attachment-medium size-medium\" alt=\"\" srcset=\"https:\/\/www.mncomunicacion.com\/wp-content\/uploads\/2022\/07\/009-peserico-boutique-puerto-banus-marbella-36375-O-300x200.jpg 300w, https:\/\/www.mncomunicacion.com\/wp-content\/uploads\/2022\/07\/009-peserico-boutique-puerto-banus-marbella-36375-O-768x511.jpg 768w, https:\/\/www.mncomunicacion.com\/wp-content\/uploads\/2022\/07\/009-peserico-boutique-puerto-banus-marbella-36375-O-1024x682.jpg 1024w\" sizes=\"(max-width: 300px) 100vw, 300px\" \/><\/a>\n\t\t\t<\/div><\/figure><figure class='gallery-item'>\n\t\t\t<div class='gallery-icon landscape'>\n\t\t\t\t<a href='https:\/\/www.mncomunicacion.com\/en\/events-en\/organisation-of-the-launch-event-of-peserico\/attachment\/010-peserico-boutique-puerto-banus-marbella-36375-o'><img loading=\"lazy\" decoding=\"async\" width=\"300\" height=\"200\" src=\"https:\/\/www.mncomunicacion.com\/wp-content\/uploads\/2022\/07\/010-peserico-boutique-puerto-banus-marbella-36375-O-1-300x200.jpg\" class=\"attachment-medium size-medium\" alt=\"\" srcset=\"https:\/\/www.mncomunicacion.com\/wp-content\/uploads\/2022\/07\/010-peserico-boutique-puerto-banus-marbella-36375-O-1-300x200.jpg 300w, https:\/\/www.mncomunicacion.com\/wp-content\/uploads\/2022\/07\/010-peserico-boutique-puerto-banus-marbella-36375-O-1-768x511.jpg 768w, https:\/\/www.mncomunicacion.com\/wp-content\/uploads\/2022\/07\/010-peserico-boutique-puerto-banus-marbella-36375-O-1-1024x682.jpg 1024w\" sizes=\"(max-width: 300px) 100vw, 300px\" \/><\/a>\n\t\t\t<\/div><\/figure><figure class='gallery-item'>\n\t\t\t<div class='gallery-icon landscape'>\n\t\t\t\t<a href='https:\/\/www.mncomunicacion.com\/en\/events-en\/organisation-of-the-launch-event-of-peserico\/attachment\/011-peserico-boutique-puerto-banus-marbella-36375-o'><img loading=\"lazy\" decoding=\"async\" width=\"300\" height=\"200\" src=\"https:\/\/www.mncomunicacion.com\/wp-content\/uploads\/2022\/07\/011-peserico-boutique-puerto-banus-marbella-36375-O-1-300x200.jpg\" class=\"attachment-medium size-medium\" alt=\"\" srcset=\"https:\/\/www.mncomunicacion.com\/wp-content\/uploads\/2022\/07\/011-peserico-boutique-puerto-banus-marbella-36375-O-1-300x200.jpg 300w, https:\/\/www.mncomunicacion.com\/wp-content\/uploads\/2022\/07\/011-peserico-boutique-puerto-banus-marbella-36375-O-1-768x511.jpg 768w, https:\/\/www.mncomunicacion.com\/wp-content\/uploads\/2022\/07\/011-peserico-boutique-puerto-banus-marbella-36375-O-1-1024x682.jpg 1024w\" sizes=\"(max-width: 300px) 100vw, 300px\" \/><\/a>\n\t\t\t<\/div><\/figure><figure class='gallery-item'>\n\t\t\t<div class='gallery-icon landscape'>\n\t\t\t\t<a href='https:\/\/www.mncomunicacion.com\/en\/events-en\/organisation-of-the-launch-event-of-peserico\/attachment\/012-peserico-boutique-puerto-banus-marbella-36375-o'><img loading=\"lazy\" decoding=\"async\" width=\"300\" height=\"200\" src=\"https:\/\/www.mncomunicacion.com\/wp-content\/uploads\/2022\/07\/012-peserico-boutique-puerto-banus-marbella-36375-O-1-300x200.jpg\" class=\"attachment-medium size-medium\" alt=\"\" srcset=\"https:\/\/www.mncomunicacion.com\/wp-content\/uploads\/2022\/07\/012-peserico-boutique-puerto-banus-marbella-36375-O-1-300x200.jpg 300w, https:\/\/www.mncomunicacion.com\/wp-content\/uploads\/2022\/07\/012-peserico-boutique-puerto-banus-marbella-36375-O-1-768x511.jpg 768w, https:\/\/www.mncomunicacion.com\/wp-content\/uploads\/2022\/07\/012-peserico-boutique-puerto-banus-marbella-36375-O-1-1024x682.jpg 1024w\" sizes=\"(max-width: 300px) 100vw, 300px\" \/><\/a>\n\t\t\t<\/div><\/figure><figure class='gallery-item'>\n\t\t\t<div class='gallery-icon portrait'>\n\t\t\t\t<a href='https:\/\/www.mncomunicacion.com\/en\/events-en\/organisation-of-the-launch-event-of-peserico\/attachment\/013-peserico-boutique-puerto-banus-marbella-36375-o'><img loading=\"lazy\" decoding=\"async\" width=\"200\" height=\"300\" src=\"https:\/\/www.mncomunicacion.com\/wp-content\/uploads\/2022\/07\/013-peserico-boutique-puerto-banus-marbella-36375-O-1-200x300.jpg\" class=\"attachment-medium size-medium\" alt=\"\" srcset=\"https:\/\/www.mncomunicacion.com\/wp-content\/uploads\/2022\/07\/013-peserico-boutique-puerto-banus-marbella-36375-O-1-200x300.jpg 200w, https:\/\/www.mncomunicacion.com\/wp-content\/uploads\/2022\/07\/013-peserico-boutique-puerto-banus-marbella-36375-O-1-768x1154.jpg 768w, https:\/\/www.mncomunicacion.com\/wp-content\/uploads\/2022\/07\/013-peserico-boutique-puerto-banus-marbella-36375-O-1-682x1024.jpg 682w, https:\/\/www.mncomunicacion.com\/wp-content\/uploads\/2022\/07\/013-peserico-boutique-puerto-banus-marbella-36375-O-1.jpg 1572w\" sizes=\"(max-width: 200px) 100vw, 200px\" \/><\/a>\n\t\t\t<\/div><\/figure><figure class='gallery-item'>\n\t\t\t<div class='gallery-icon portrait'>\n\t\t\t\t<a href='https:\/\/www.mncomunicacion.com\/en\/events-en\/organisation-of-the-launch-event-of-peserico\/attachment\/014-peserico-boutique-puerto-banus-marbella-36375-o'><img loading=\"lazy\" decoding=\"async\" width=\"200\" height=\"300\" src=\"https:\/\/www.mncomunicacion.com\/wp-content\/uploads\/2022\/07\/014-peserico-boutique-puerto-banus-marbella-36375-O-200x300.jpg\" class=\"attachment-medium size-medium\" alt=\"\" srcset=\"https:\/\/www.mncomunicacion.com\/wp-content\/uploads\/2022\/07\/014-peserico-boutique-puerto-banus-marbella-36375-O-200x300.jpg 200w, https:\/\/www.mncomunicacion.com\/wp-content\/uploads\/2022\/07\/014-peserico-boutique-puerto-banus-marbella-36375-O-768x1154.jpg 768w, https:\/\/www.mncomunicacion.com\/wp-content\/uploads\/2022\/07\/014-peserico-boutique-puerto-banus-marbella-36375-O-682x1024.jpg 682w, https:\/\/www.mncomunicacion.com\/wp-content\/uploads\/2022\/07\/014-peserico-boutique-puerto-banus-marbella-36375-O.jpg 1572w\" sizes=\"(max-width: 200px) 100vw, 200px\" \/><\/a>\n\t\t\t<\/div><\/figure><figure class='gallery-item'>\n\t\t\t<div class='gallery-icon portrait'>\n\t\t\t\t<a href='https:\/\/www.mncomunicacion.com\/en\/events-en\/organisation-of-the-launch-event-of-peserico\/attachment\/015-peserico-boutique-puerto-banus-marbella-36375-o'><img loading=\"lazy\" decoding=\"async\" width=\"200\" height=\"300\" src=\"https:\/\/www.mncomunicacion.com\/wp-content\/uploads\/2022\/07\/015-peserico-boutique-puerto-banus-marbella-36375-O-1-200x300.jpg\" class=\"attachment-medium size-medium\" alt=\"\" srcset=\"https:\/\/www.mncomunicacion.com\/wp-content\/uploads\/2022\/07\/015-peserico-boutique-puerto-banus-marbella-36375-O-1-200x300.jpg 200w, https:\/\/www.mncomunicacion.com\/wp-content\/uploads\/2022\/07\/015-peserico-boutique-puerto-banus-marbella-36375-O-1-768x1154.jpg 768w, https:\/\/www.mncomunicacion.com\/wp-content\/uploads\/2022\/07\/015-peserico-boutique-puerto-banus-marbella-36375-O-1-682x1024.jpg 682w, https:\/\/www.mncomunicacion.com\/wp-content\/uploads\/2022\/07\/015-peserico-boutique-puerto-banus-marbella-36375-O-1.jpg 1572w\" sizes=\"(max-width: 200px) 100vw, 200px\" \/><\/a>\n\t\t\t<\/div><\/figure><figure class='gallery-item'>\n\t\t\t<div class='gallery-icon portrait'>\n\t\t\t\t<a href='https:\/\/www.mncomunicacion.com\/en\/events-en\/organisation-of-the-launch-event-of-peserico\/attachment\/016-peserico-boutique-puerto-banus-marbella-36375-o'><img loading=\"lazy\" decoding=\"async\" width=\"200\" height=\"300\" src=\"https:\/\/www.mncomunicacion.com\/wp-content\/uploads\/2022\/07\/016-peserico-boutique-puerto-banus-marbella-36375-O-1-200x300.jpg\" class=\"attachment-medium size-medium\" alt=\"\" srcset=\"https:\/\/www.mncomunicacion.com\/wp-content\/uploads\/2022\/07\/016-peserico-boutique-puerto-banus-marbella-36375-O-1-200x300.jpg 200w, https:\/\/www.mncomunicacion.com\/wp-content\/uploads\/2022\/07\/016-peserico-boutique-puerto-banus-marbella-36375-O-1-768x1154.jpg 768w, https:\/\/www.mncomunicacion.com\/wp-content\/uploads\/2022\/07\/016-peserico-boutique-puerto-banus-marbella-36375-O-1-682x1024.jpg 682w, https:\/\/www.mncomunicacion.com\/wp-content\/uploads\/2022\/07\/016-peserico-boutique-puerto-banus-marbella-36375-O-1.jpg 1572w\" sizes=\"(max-width: 200px) 100vw, 200px\" \/><\/a>\n\t\t\t<\/div><\/figure><figure class='gallery-item'>\n\t\t\t<div class='gallery-icon portrait'>\n\t\t\t\t<a href='https:\/\/www.mncomunicacion.com\/en\/events-en\/organisation-of-the-launch-event-of-peserico\/attachment\/017-peserico-boutique-puerto-banus-marbella-36375-o'><img loading=\"lazy\" decoding=\"async\" width=\"200\" height=\"300\" src=\"https:\/\/www.mncomunicacion.com\/wp-content\/uploads\/2022\/07\/017-peserico-boutique-puerto-banus-marbella-36375-O-1-200x300.jpg\" class=\"attachment-medium size-medium\" alt=\"\" srcset=\"https:\/\/www.mncomunicacion.com\/wp-content\/uploads\/2022\/07\/017-peserico-boutique-puerto-banus-marbella-36375-O-1-200x300.jpg 200w, https:\/\/www.mncomunicacion.com\/wp-content\/uploads\/2022\/07\/017-peserico-boutique-puerto-banus-marbella-36375-O-1-768x1154.jpg 768w, https:\/\/www.mncomunicacion.com\/wp-content\/uploads\/2022\/07\/017-peserico-boutique-puerto-banus-marbella-36375-O-1-682x1024.jpg 682w, https:\/\/www.mncomunicacion.com\/wp-content\/uploads\/2022\/07\/017-peserico-boutique-puerto-banus-marbella-36375-O-1.jpg 1572w\" sizes=\"(max-width: 200px) 100vw, 200px\" \/><\/a>\n\t\t\t<\/div><\/figure><figure class='gallery-item'>\n\t\t\t<div class='gallery-icon portrait'>\n\t\t\t\t<a href='https:\/\/www.mncomunicacion.com\/en\/events-en\/organisation-of-the-launch-event-of-peserico\/attachment\/018-peserico-boutique-puerto-banus-marbella-36375-o'><img loading=\"lazy\" decoding=\"async\" width=\"200\" height=\"300\" src=\"https:\/\/www.mncomunicacion.com\/wp-content\/uploads\/2022\/07\/018-peserico-boutique-puerto-banus-marbella-36375-O-200x300.jpg\" class=\"attachment-medium size-medium\" alt=\"\" srcset=\"https:\/\/www.mncomunicacion.com\/wp-content\/uploads\/2022\/07\/018-peserico-boutique-puerto-banus-marbella-36375-O-200x300.jpg 200w, https:\/\/www.mncomunicacion.com\/wp-content\/uploads\/2022\/07\/018-peserico-boutique-puerto-banus-marbella-36375-O-768x1154.jpg 768w, https:\/\/www.mncomunicacion.com\/wp-content\/uploads\/2022\/07\/018-peserico-boutique-puerto-banus-marbella-36375-O-682x1024.jpg 682w, https:\/\/www.mncomunicacion.com\/wp-content\/uploads\/2022\/07\/018-peserico-boutique-puerto-banus-marbella-36375-O.jpg 1572w\" sizes=\"(max-width: 200px) 100vw, 200px\" \/><\/a>\n\t\t\t<\/div><\/figure><figure class='gallery-item'>\n\t\t\t<div class='gallery-icon landscape'>\n\t\t\t\t<a href='https:\/\/www.mncomunicacion.com\/en\/events-en\/organisation-of-the-launch-event-of-peserico\/attachment\/019-peserico-boutique-puerto-banus-marbella-36375-o'><img loading=\"lazy\" decoding=\"async\" width=\"300\" height=\"200\" src=\"https:\/\/www.mncomunicacion.com\/wp-content\/uploads\/2022\/07\/019-peserico-boutique-puerto-banus-marbella-36375-O-300x200.jpg\" class=\"attachment-medium size-medium\" alt=\"\" srcset=\"https:\/\/www.mncomunicacion.com\/wp-content\/uploads\/2022\/07\/019-peserico-boutique-puerto-banus-marbella-36375-O-300x200.jpg 300w, https:\/\/www.mncomunicacion.com\/wp-content\/uploads\/2022\/07\/019-peserico-boutique-puerto-banus-marbella-36375-O-768x511.jpg 768w, https:\/\/www.mncomunicacion.com\/wp-content\/uploads\/2022\/07\/019-peserico-boutique-puerto-banus-marbella-36375-O-1024x682.jpg 1024w\" sizes=\"(max-width: 300px) 100vw, 300px\" \/><\/a>\n\t\t\t<\/div><\/figure><figure class='gallery-item'>\n\t\t\t<div class='gallery-icon landscape'>\n\t\t\t\t<a href='https:\/\/www.mncomunicacion.com\/en\/events-en\/organisation-of-the-launch-event-of-peserico\/attachment\/020-peserico-boutique-puerto-banus-marbella-36375-o'><img loading=\"lazy\" decoding=\"async\" width=\"300\" height=\"200\" src=\"https:\/\/www.mncomunicacion.com\/wp-content\/uploads\/2022\/07\/020-peserico-boutique-puerto-banus-marbella-36375-O-1-300x200.jpg\" class=\"attachment-medium size-medium\" alt=\"\" srcset=\"https:\/\/www.mncomunicacion.com\/wp-content\/uploads\/2022\/07\/020-peserico-boutique-puerto-banus-marbella-36375-O-1-300x200.jpg 300w, https:\/\/www.mncomunicacion.com\/wp-content\/uploads\/2022\/07\/020-peserico-boutique-puerto-banus-marbella-36375-O-1-768x511.jpg 768w, https:\/\/www.mncomunicacion.com\/wp-content\/uploads\/2022\/07\/020-peserico-boutique-puerto-banus-marbella-36375-O-1-1024x682.jpg 1024w\" sizes=\"(max-width: 300px) 100vw, 300px\" \/><\/a>\n\t\t\t<\/div><\/figure><figure class='gallery-item'>\n\t\t\t<div class='gallery-icon portrait'>\n\t\t\t\t<a href='https:\/\/www.mncomunicacion.com\/en\/events-en\/organisation-of-the-launch-event-of-peserico\/attachment\/021-peserico-boutique-puerto-banus-marbella-36375-o'><img loading=\"lazy\" decoding=\"async\" width=\"200\" height=\"300\" src=\"https:\/\/www.mncomunicacion.com\/wp-content\/uploads\/2022\/07\/021-peserico-boutique-puerto-banus-marbella-36375-O-200x300.jpg\" class=\"attachment-medium size-medium\" alt=\"\" srcset=\"https:\/\/www.mncomunicacion.com\/wp-content\/uploads\/2022\/07\/021-peserico-boutique-puerto-banus-marbella-36375-O-200x300.jpg 200w, https:\/\/www.mncomunicacion.com\/wp-content\/uploads\/2022\/07\/021-peserico-boutique-puerto-banus-marbella-36375-O-768x1154.jpg 768w, https:\/\/www.mncomunicacion.com\/wp-content\/uploads\/2022\/07\/021-peserico-boutique-puerto-banus-marbella-36375-O-682x1024.jpg 682w, https:\/\/www.mncomunicacion.com\/wp-content\/uploads\/2022\/07\/021-peserico-boutique-puerto-banus-marbella-36375-O.jpg 1572w\" sizes=\"(max-width: 200px) 100vw, 200px\" \/><\/a>\n\t\t\t<\/div><\/figure><figure class='gallery-item'>\n\t\t\t<div class='gallery-icon landscape'>\n\t\t\t\t<a href='https:\/\/www.mncomunicacion.com\/en\/events-en\/organisation-of-the-launch-event-of-peserico\/attachment\/022-peserico-boutique-puerto-banus-marbella-36375-o'><img loading=\"lazy\" decoding=\"async\" width=\"300\" height=\"200\" src=\"https:\/\/www.mncomunicacion.com\/wp-content\/uploads\/2022\/07\/022-peserico-boutique-puerto-banus-marbella-36375-O-1-300x200.jpg\" class=\"attachment-medium size-medium\" alt=\"\" srcset=\"https:\/\/www.mncomunicacion.com\/wp-content\/uploads\/2022\/07\/022-peserico-boutique-puerto-banus-marbella-36375-O-1-300x200.jpg 300w, https:\/\/www.mncomunicacion.com\/wp-content\/uploads\/2022\/07\/022-peserico-boutique-puerto-banus-marbella-36375-O-1-768x511.jpg 768w, https:\/\/www.mncomunicacion.com\/wp-content\/uploads\/2022\/07\/022-peserico-boutique-puerto-banus-marbella-36375-O-1-1024x682.jpg 1024w\" sizes=\"(max-width: 300px) 100vw, 300px\" \/><\/a>\n\t\t\t<\/div><\/figure><figure class='gallery-item'>\n\t\t\t<div class='gallery-icon portrait'>\n\t\t\t\t<a href='https:\/\/www.mncomunicacion.com\/en\/events-en\/organisation-of-the-launch-event-of-peserico\/attachment\/023-peserico-boutique-puerto-banus-marbella-36375-o'><img loading=\"lazy\" decoding=\"async\" width=\"200\" height=\"300\" src=\"https:\/\/www.mncomunicacion.com\/wp-content\/uploads\/2022\/07\/023-peserico-boutique-puerto-banus-marbella-36375-O-200x300.jpg\" class=\"attachment-medium size-medium\" alt=\"\" srcset=\"https:\/\/www.mncomunicacion.com\/wp-content\/uploads\/2022\/07\/023-peserico-boutique-puerto-banus-marbella-36375-O-200x300.jpg 200w, https:\/\/www.mncomunicacion.com\/wp-content\/uploads\/2022\/07\/023-peserico-boutique-puerto-banus-marbella-36375-O-768x1154.jpg 768w, https:\/\/www.mncomunicacion.com\/wp-content\/uploads\/2022\/07\/023-peserico-boutique-puerto-banus-marbella-36375-O-682x1024.jpg 682w, https:\/\/www.mncomunicacion.com\/wp-content\/uploads\/2022\/07\/023-peserico-boutique-puerto-banus-marbella-36375-O.jpg 1572w\" sizes=\"(max-width: 200px) 100vw, 200px\" \/><\/a>\n\t\t\t<\/div><\/figure><figure class='gallery-item'>\n\t\t\t<div class='gallery-icon portrait'>\n\t\t\t\t<a href='https:\/\/www.mncomunicacion.com\/en\/events-en\/organisation-of-the-launch-event-of-peserico\/attachment\/024-peserico-boutique-puerto-banus-marbella-36375-o'><img loading=\"lazy\" decoding=\"async\" width=\"200\" height=\"300\" src=\"https:\/\/www.mncomunicacion.com\/wp-content\/uploads\/2022\/07\/024-peserico-boutique-puerto-banus-marbella-36375-O-200x300.jpg\" class=\"attachment-medium size-medium\" alt=\"\" srcset=\"https:\/\/www.mncomunicacion.com\/wp-content\/uploads\/2022\/07\/024-peserico-boutique-puerto-banus-marbella-36375-O-200x300.jpg 200w, https:\/\/www.mncomunicacion.com\/wp-content\/uploads\/2022\/07\/024-peserico-boutique-puerto-banus-marbella-36375-O-768x1154.jpg 768w, https:\/\/www.mncomunicacion.com\/wp-content\/uploads\/2022\/07\/024-peserico-boutique-puerto-banus-marbella-36375-O-682x1024.jpg 682w, https:\/\/www.mncomunicacion.com\/wp-content\/uploads\/2022\/07\/024-peserico-boutique-puerto-banus-marbella-36375-O.jpg 1572w\" sizes=\"(max-width: 200px) 100vw, 200px\" \/><\/a>\n\t\t\t<\/div><\/figure><figure class='gallery-item'>\n\t\t\t<div class='gallery-icon portrait'>\n\t\t\t\t<a href='https:\/\/www.mncomunicacion.com\/en\/events-en\/organisation-of-the-launch-event-of-peserico\/attachment\/025-peserico-boutique-puerto-banus-marbella-36375-o'><img loading=\"lazy\" decoding=\"async\" width=\"200\" height=\"300\" src=\"https:\/\/www.mncomunicacion.com\/wp-content\/uploads\/2022\/07\/025-peserico-boutique-puerto-banus-marbella-36375-O-200x300.jpg\" class=\"attachment-medium size-medium\" alt=\"\" srcset=\"https:\/\/www.mncomunicacion.com\/wp-content\/uploads\/2022\/07\/025-peserico-boutique-puerto-banus-marbella-36375-O-200x300.jpg 200w, https:\/\/www.mncomunicacion.com\/wp-content\/uploads\/2022\/07\/025-peserico-boutique-puerto-banus-marbella-36375-O-768x1154.jpg 768w, https:\/\/www.mncomunicacion.com\/wp-content\/uploads\/2022\/07\/025-peserico-boutique-puerto-banus-marbella-36375-O-682x1024.jpg 682w, https:\/\/www.mncomunicacion.com\/wp-content\/uploads\/2022\/07\/025-peserico-boutique-puerto-banus-marbella-36375-O.jpg 1572w\" sizes=\"(max-width: 200px) 100vw, 200px\" \/><\/a>\n\t\t\t<\/div><\/figure><figure class='gallery-item'>\n\t\t\t<div class='gallery-icon landscape'>\n\t\t\t\t<a href='https:\/\/www.mncomunicacion.com\/en\/events-en\/organisation-of-the-launch-event-of-peserico\/attachment\/026-peserico-boutique-puerto-banus-marbella-36375-o'><img loading=\"lazy\" decoding=\"async\" width=\"300\" height=\"200\" src=\"https:\/\/www.mncomunicacion.com\/wp-content\/uploads\/2022\/07\/026-peserico-boutique-puerto-banus-marbella-36375-O-300x200.jpg\" class=\"attachment-medium size-medium\" alt=\"\" srcset=\"https:\/\/www.mncomunicacion.com\/wp-content\/uploads\/2022\/07\/026-peserico-boutique-puerto-banus-marbella-36375-O-300x200.jpg 300w, https:\/\/www.mncomunicacion.com\/wp-content\/uploads\/2022\/07\/026-peserico-boutique-puerto-banus-marbella-36375-O-768x511.jpg 768w, https:\/\/www.mncomunicacion.com\/wp-content\/uploads\/2022\/07\/026-peserico-boutique-puerto-banus-marbella-36375-O-1024x682.jpg 1024w\" sizes=\"(max-width: 300px) 100vw, 300px\" \/><\/a>\n\t\t\t<\/div><\/figure><figure class='gallery-item'>\n\t\t\t<div class='gallery-icon landscape'>\n\t\t\t\t<a href='https:\/\/www.mncomunicacion.com\/en\/events-en\/organisation-of-the-launch-event-of-peserico\/attachment\/027-peserico-boutique-puerto-banus-marbella-36375-o'><img loading=\"lazy\" decoding=\"async\" width=\"300\" height=\"200\" src=\"https:\/\/www.mncomunicacion.com\/wp-content\/uploads\/2022\/07\/027-peserico-boutique-puerto-banus-marbella-36375-O-300x200.jpg\" class=\"attachment-medium size-medium\" alt=\"\" srcset=\"https:\/\/www.mncomunicacion.com\/wp-content\/uploads\/2022\/07\/027-peserico-boutique-puerto-banus-marbella-36375-O-300x200.jpg 300w, https:\/\/www.mncomunicacion.com\/wp-content\/uploads\/2022\/07\/027-peserico-boutique-puerto-banus-marbella-36375-O-768x511.jpg 768w, https:\/\/www.mncomunicacion.com\/wp-content\/uploads\/2022\/07\/027-peserico-boutique-puerto-banus-marbella-36375-O-1024x682.jpg 1024w\" sizes=\"(max-width: 300px) 100vw, 300px\" \/><\/a>\n\t\t\t<\/div><\/figure><figure class='gallery-item'>\n\t\t\t<div class='gallery-icon landscape'>\n\t\t\t\t<a href='https:\/\/www.mncomunicacion.com\/en\/events-en\/organisation-of-the-launch-event-of-peserico\/attachment\/028-peserico-boutique-puerto-banus-marbella-36375-o'><img loading=\"lazy\" decoding=\"async\" width=\"300\" height=\"200\" src=\"https:\/\/www.mncomunicacion.com\/wp-content\/uploads\/2022\/07\/028-peserico-boutique-puerto-banus-marbella-36375-O-300x200.jpg\" class=\"attachment-medium size-medium\" alt=\"\" srcset=\"https:\/\/www.mncomunicacion.com\/wp-content\/uploads\/2022\/07\/028-peserico-boutique-puerto-banus-marbella-36375-O-300x200.jpg 300w, https:\/\/www.mncomunicacion.com\/wp-content\/uploads\/2022\/07\/028-peserico-boutique-puerto-banus-marbella-36375-O-768x511.jpg 768w, https:\/\/www.mncomunicacion.com\/wp-content\/uploads\/2022\/07\/028-peserico-boutique-puerto-banus-marbella-36375-O-1024x682.jpg 1024w\" sizes=\"(max-width: 300px) 100vw, 300px\" \/><\/a>\n\t\t\t<\/div><\/figure><figure class='gallery-item'>\n\t\t\t<div class='gallery-icon landscape'>\n\t\t\t\t<a href='https:\/\/www.mncomunicacion.com\/en\/events-en\/organisation-of-the-launch-event-of-peserico\/attachment\/029-peserico-boutique-puerto-banus-marbella-36375-o'><img loading=\"lazy\" decoding=\"async\" width=\"300\" height=\"200\" src=\"https:\/\/www.mncomunicacion.com\/wp-content\/uploads\/2022\/07\/029-peserico-boutique-puerto-banus-marbella-36375-O-300x200.jpg\" class=\"attachment-medium size-medium\" alt=\"\" srcset=\"https:\/\/www.mncomunicacion.com\/wp-content\/uploads\/2022\/07\/029-peserico-boutique-puerto-banus-marbella-36375-O-300x200.jpg 300w, https:\/\/www.mncomunicacion.com\/wp-content\/uploads\/2022\/07\/029-peserico-boutique-puerto-banus-marbella-36375-O-768x511.jpg 768w, https:\/\/www.mncomunicacion.com\/wp-content\/uploads\/2022\/07\/029-peserico-boutique-puerto-banus-marbella-36375-O-1024x682.jpg 1024w\" sizes=\"(max-width: 300px) 100vw, 300px\" \/><\/a>\n\t\t\t<\/div><\/figure><figure class='gallery-item'>\n\t\t\t<div class='gallery-icon landscape'>\n\t\t\t\t<a href='https:\/\/www.mncomunicacion.com\/en\/events-en\/organisation-of-the-launch-event-of-peserico\/attachment\/030-peserico-boutique-puerto-banus-marbella-36375-o'><img loading=\"lazy\" decoding=\"async\" width=\"300\" height=\"200\" src=\"https:\/\/www.mncomunicacion.com\/wp-content\/uploads\/2022\/07\/030-peserico-boutique-puerto-banus-marbella-36375-O-300x200.jpg\" class=\"attachment-medium size-medium\" alt=\"\" srcset=\"https:\/\/www.mncomunicacion.com\/wp-content\/uploads\/2022\/07\/030-peserico-boutique-puerto-banus-marbella-36375-O-300x200.jpg 300w, https:\/\/www.mncomunicacion.com\/wp-content\/uploads\/2022\/07\/030-peserico-boutique-puerto-banus-marbella-36375-O-768x511.jpg 768w, https:\/\/www.mncomunicacion.com\/wp-content\/uploads\/2022\/07\/030-peserico-boutique-puerto-banus-marbella-36375-O-1024x682.jpg 1024w\" sizes=\"(max-width: 300px) 100vw, 300px\" \/><\/a>\n\t\t\t<\/div><\/figure><figure class='gallery-item'>\n\t\t\t<div class='gallery-icon landscape'>\n\t\t\t\t<a href='https:\/\/www.mncomunicacion.com\/en\/events-en\/organisation-of-the-launch-event-of-peserico\/attachment\/031-peserico-boutique-puerto-banus-marbella-36375-o'><img loading=\"lazy\" decoding=\"async\" width=\"300\" height=\"200\" src=\"https:\/\/www.mncomunicacion.com\/wp-content\/uploads\/2022\/07\/031-peserico-boutique-puerto-banus-marbella-36375-O-300x200.jpg\" class=\"attachment-medium size-medium\" alt=\"\" srcset=\"https:\/\/www.mncomunicacion.com\/wp-content\/uploads\/2022\/07\/031-peserico-boutique-puerto-banus-marbella-36375-O-300x200.jpg 300w, https:\/\/www.mncomunicacion.com\/wp-content\/uploads\/2022\/07\/031-peserico-boutique-puerto-banus-marbella-36375-O-768x511.jpg 768w, https:\/\/www.mncomunicacion.com\/wp-content\/uploads\/2022\/07\/031-peserico-boutique-puerto-banus-marbella-36375-O-1024x682.jpg 1024w\" sizes=\"(max-width: 300px) 100vw, 300px\" \/><\/a>\n\t\t\t<\/div><\/figure><figure class='gallery-item'>\n\t\t\t<div class='gallery-icon portrait'>\n\t\t\t\t<a href='https:\/\/www.mncomunicacion.com\/en\/events-en\/organisation-of-the-launch-event-of-peserico\/attachment\/032-peserico-boutique-puerto-banus-marbella-36375-o'><img loading=\"lazy\" decoding=\"async\" width=\"200\" height=\"300\" src=\"https:\/\/www.mncomunicacion.com\/wp-content\/uploads\/2022\/07\/032-peserico-boutique-puerto-banus-marbella-36375-O-200x300.jpg\" class=\"attachment-medium size-medium\" alt=\"\" srcset=\"https:\/\/www.mncomunicacion.com\/wp-content\/uploads\/2022\/07\/032-peserico-boutique-puerto-banus-marbella-36375-O-200x300.jpg 200w, https:\/\/www.mncomunicacion.com\/wp-content\/uploads\/2022\/07\/032-peserico-boutique-puerto-banus-marbella-36375-O-768x1154.jpg 768w, https:\/\/www.mncomunicacion.com\/wp-content\/uploads\/2022\/07\/032-peserico-boutique-puerto-banus-marbella-36375-O-682x1024.jpg 682w, https:\/\/www.mncomunicacion.com\/wp-content\/uploads\/2022\/07\/032-peserico-boutique-puerto-banus-marbella-36375-O.jpg 1572w\" sizes=\"(max-width: 200px) 100vw, 200px\" \/><\/a>\n\t\t\t<\/div><\/figure><figure class='gallery-item'>\n\t\t\t<div class='gallery-icon portrait'>\n\t\t\t\t<a href='https:\/\/www.mncomunicacion.com\/en\/events-en\/organisation-of-the-launch-event-of-peserico\/attachment\/033-peserico-boutique-puerto-banus-marbella-36375-o'><img loading=\"lazy\" decoding=\"async\" width=\"200\" height=\"300\" src=\"https:\/\/www.mncomunicacion.com\/wp-content\/uploads\/2022\/07\/033-peserico-boutique-puerto-banus-marbella-36375-O-200x300.jpg\" class=\"attachment-medium size-medium\" alt=\"\" srcset=\"https:\/\/www.mncomunicacion.com\/wp-content\/uploads\/2022\/07\/033-peserico-boutique-puerto-banus-marbella-36375-O-200x300.jpg 200w, https:\/\/www.mncomunicacion.com\/wp-content\/uploads\/2022\/07\/033-peserico-boutique-puerto-banus-marbella-36375-O-768x1154.jpg 768w, https:\/\/www.mncomunicacion.com\/wp-content\/uploads\/2022\/07\/033-peserico-boutique-puerto-banus-marbella-36375-O-682x1024.jpg 682w, https:\/\/www.mncomunicacion.com\/wp-content\/uploads\/2022\/07\/033-peserico-boutique-puerto-banus-marbella-36375-O.jpg 1572w\" sizes=\"(max-width: 200px) 100vw, 200px\" \/><\/a>\n\t\t\t<\/div><\/figure><figure class='gallery-item'>\n\t\t\t<div class='gallery-icon portrait'>\n\t\t\t\t<a href='https:\/\/www.mncomunicacion.com\/en\/events-en\/organisation-of-the-launch-event-of-peserico\/attachment\/034-peserico-boutique-puerto-banus-marbella-36375-o'><img loading=\"lazy\" decoding=\"async\" width=\"200\" height=\"300\" src=\"https:\/\/www.mncomunicacion.com\/wp-content\/uploads\/2022\/07\/034-peserico-boutique-puerto-banus-marbella-36375-O-200x300.jpg\" class=\"attachment-medium size-medium\" alt=\"\" srcset=\"https:\/\/www.mncomunicacion.com\/wp-content\/uploads\/2022\/07\/034-peserico-boutique-puerto-banus-marbella-36375-O-200x300.jpg 200w, https:\/\/www.mncomunicacion.com\/wp-content\/uploads\/2022\/07\/034-peserico-boutique-puerto-banus-marbella-36375-O-768x1154.jpg 768w, https:\/\/www.mncomunicacion.com\/wp-content\/uploads\/2022\/07\/034-peserico-boutique-puerto-banus-marbella-36375-O-682x1024.jpg 682w, https:\/\/www.mncomunicacion.com\/wp-content\/uploads\/2022\/07\/034-peserico-boutique-puerto-banus-marbella-36375-O.jpg 1572w\" sizes=\"(max-width: 200px) 100vw, 200px\" \/><\/a>\n\t\t\t<\/div><\/figure><figure class='gallery-item'>\n\t\t\t<div class='gallery-icon portrait'>\n\t\t\t\t<a href='https:\/\/www.mncomunicacion.com\/en\/events-en\/organisation-of-the-launch-event-of-peserico\/attachment\/035-peserico-boutique-puerto-banus-marbella-36375-o'><img loading=\"lazy\" decoding=\"async\" width=\"200\" height=\"300\" src=\"https:\/\/www.mncomunicacion.com\/wp-content\/uploads\/2022\/07\/035-peserico-boutique-puerto-banus-marbella-36375-O-200x300.jpg\" class=\"attachment-medium size-medium\" alt=\"\" srcset=\"https:\/\/www.mncomunicacion.com\/wp-content\/uploads\/2022\/07\/035-peserico-boutique-puerto-banus-marbella-36375-O-200x300.jpg 200w, https:\/\/www.mncomunicacion.com\/wp-content\/uploads\/2022\/07\/035-peserico-boutique-puerto-banus-marbella-36375-O-768x1154.jpg 768w, https:\/\/www.mncomunicacion.com\/wp-content\/uploads\/2022\/07\/035-peserico-boutique-puerto-banus-marbella-36375-O-682x1024.jpg 682w, https:\/\/www.mncomunicacion.com\/wp-content\/uploads\/2022\/07\/035-peserico-boutique-puerto-banus-marbella-36375-O.jpg 1572w\" sizes=\"(max-width: 200px) 100vw, 200px\" \/><\/a>\n\t\t\t<\/div><\/figure><figure class='gallery-item'>\n\t\t\t<div class='gallery-icon portrait'>\n\t\t\t\t<a href='https:\/\/www.mncomunicacion.com\/en\/events-en\/organisation-of-the-launch-event-of-peserico\/attachment\/036-peserico-boutique-puerto-banus-marbella-36375-o'><img loading=\"lazy\" decoding=\"async\" width=\"200\" height=\"300\" src=\"https:\/\/www.mncomunicacion.com\/wp-content\/uploads\/2022\/07\/036-peserico-boutique-puerto-banus-marbella-36375-O-200x300.jpg\" class=\"attachment-medium size-medium\" alt=\"\" srcset=\"https:\/\/www.mncomunicacion.com\/wp-content\/uploads\/2022\/07\/036-peserico-boutique-puerto-banus-marbella-36375-O-200x300.jpg 200w, https:\/\/www.mncomunicacion.com\/wp-content\/uploads\/2022\/07\/036-peserico-boutique-puerto-banus-marbella-36375-O-768x1154.jpg 768w, https:\/\/www.mncomunicacion.com\/wp-content\/uploads\/2022\/07\/036-peserico-boutique-puerto-banus-marbella-36375-O-682x1024.jpg 682w, https:\/\/www.mncomunicacion.com\/wp-content\/uploads\/2022\/07\/036-peserico-boutique-puerto-banus-marbella-36375-O.jpg 1572w\" sizes=\"(max-width: 200px) 100vw, 200px\" \/><\/a>\n\t\t\t<\/div><\/figure><figure class='gallery-item'>\n\t\t\t<div class='gallery-icon portrait'>\n\t\t\t\t<a href='https:\/\/www.mncomunicacion.com\/en\/events-en\/organisation-of-the-launch-event-of-peserico\/attachment\/037-peserico-boutique-puerto-banus-marbella-36375-o'><img loading=\"lazy\" decoding=\"async\" width=\"200\" height=\"300\" src=\"https:\/\/www.mncomunicacion.com\/wp-content\/uploads\/2022\/07\/037-peserico-boutique-puerto-banus-marbella-36375-O-200x300.jpg\" class=\"attachment-medium size-medium\" alt=\"\" srcset=\"https:\/\/www.mncomunicacion.com\/wp-content\/uploads\/2022\/07\/037-peserico-boutique-puerto-banus-marbella-36375-O-200x300.jpg 200w, https:\/\/www.mncomunicacion.com\/wp-content\/uploads\/2022\/07\/037-peserico-boutique-puerto-banus-marbella-36375-O-768x1154.jpg 768w, https:\/\/www.mncomunicacion.com\/wp-content\/uploads\/2022\/07\/037-peserico-boutique-puerto-banus-marbella-36375-O-682x1024.jpg 682w, https:\/\/www.mncomunicacion.com\/wp-content\/uploads\/2022\/07\/037-peserico-boutique-puerto-banus-marbella-36375-O.jpg 1572w\" sizes=\"(max-width: 200px) 100vw, 200px\" \/><\/a>\n\t\t\t<\/div><\/figure><figure class='gallery-item'>\n\t\t\t<div class='gallery-icon landscape'>\n\t\t\t\t<a href='https:\/\/www.mncomunicacion.com\/en\/events-en\/organisation-of-the-launch-event-of-peserico\/attachment\/038-peserico-boutique-puerto-banus-marbella-36375-o'><img loading=\"lazy\" decoding=\"async\" width=\"300\" height=\"200\" src=\"https:\/\/www.mncomunicacion.com\/wp-content\/uploads\/2022\/07\/038-peserico-boutique-puerto-banus-marbella-36375-O-300x200.jpg\" class=\"attachment-medium size-medium\" alt=\"\" srcset=\"https:\/\/www.mncomunicacion.com\/wp-content\/uploads\/2022\/07\/038-peserico-boutique-puerto-banus-marbella-36375-O-300x200.jpg 300w, https:\/\/www.mncomunicacion.com\/wp-content\/uploads\/2022\/07\/038-peserico-boutique-puerto-banus-marbella-36375-O-768x511.jpg 768w, https:\/\/www.mncomunicacion.com\/wp-content\/uploads\/2022\/07\/038-peserico-boutique-puerto-banus-marbella-36375-O-1024x682.jpg 1024w\" sizes=\"(max-width: 300px) 100vw, 300px\" \/><\/a>\n\t\t\t<\/div><\/figure><figure class='gallery-item'>\n\t\t\t<div class='gallery-icon portrait'>\n\t\t\t\t<a href='https:\/\/www.mncomunicacion.com\/en\/events-en\/organisation-of-the-launch-event-of-peserico\/attachment\/039-peserico-boutique-puerto-banus-marbella-36375-o'><img loading=\"lazy\" decoding=\"async\" width=\"200\" height=\"300\" src=\"https:\/\/www.mncomunicacion.com\/wp-content\/uploads\/2022\/07\/039-peserico-boutique-puerto-banus-marbella-36375-O-200x300.jpg\" class=\"attachment-medium size-medium\" alt=\"\" srcset=\"https:\/\/www.mncomunicacion.com\/wp-content\/uploads\/2022\/07\/039-peserico-boutique-puerto-banus-marbella-36375-O-200x300.jpg 200w, https:\/\/www.mncomunicacion.com\/wp-content\/uploads\/2022\/07\/039-peserico-boutique-puerto-banus-marbella-36375-O-768x1154.jpg 768w, https:\/\/www.mncomunicacion.com\/wp-content\/uploads\/2022\/07\/039-peserico-boutique-puerto-banus-marbella-36375-O-682x1024.jpg 682w, https:\/\/www.mncomunicacion.com\/wp-content\/uploads\/2022\/07\/039-peserico-boutique-puerto-banus-marbella-36375-O.jpg 1572w\" sizes=\"(max-width: 200px) 100vw, 200px\" \/><\/a>\n\t\t\t<\/div><\/figure><figure class='gallery-item'>\n\t\t\t<div class='gallery-icon portrait'>\n\t\t\t\t<a href='https:\/\/www.mncomunicacion.com\/en\/events-en\/organisation-of-the-launch-event-of-peserico\/attachment\/040-peserico-boutique-puerto-banus-marbella-36375-o'><img loading=\"lazy\" decoding=\"async\" width=\"200\" height=\"300\" src=\"https:\/\/www.mncomunicacion.com\/wp-content\/uploads\/2022\/07\/040-peserico-boutique-puerto-banus-marbella-36375-O-200x300.jpg\" class=\"attachment-medium size-medium\" alt=\"\" srcset=\"https:\/\/www.mncomunicacion.com\/wp-content\/uploads\/2022\/07\/040-peserico-boutique-puerto-banus-marbella-36375-O-200x300.jpg 200w, https:\/\/www.mncomunicacion.com\/wp-content\/uploads\/2022\/07\/040-peserico-boutique-puerto-banus-marbella-36375-O-768x1154.jpg 768w, https:\/\/www.mncomunicacion.com\/wp-content\/uploads\/2022\/07\/040-peserico-boutique-puerto-banus-marbella-36375-O-682x1024.jpg 682w, https:\/\/www.mncomunicacion.com\/wp-content\/uploads\/2022\/07\/040-peserico-boutique-puerto-banus-marbella-36375-O.jpg 1572w\" sizes=\"(max-width: 200px) 100vw, 200px\" \/><\/a>\n\t\t\t<\/div><\/figure><figure class='gallery-item'>\n\t\t\t<div class='gallery-icon landscape'>\n\t\t\t\t<a href='https:\/\/www.mncomunicacion.com\/en\/events-en\/organisation-of-the-launch-event-of-peserico\/attachment\/041-peserico-boutique-puerto-banus-marbella-36375-o'><img loading=\"lazy\" decoding=\"async\" width=\"300\" height=\"200\" src=\"https:\/\/www.mncomunicacion.com\/wp-content\/uploads\/2022\/07\/041-peserico-boutique-puerto-banus-marbella-36375-O-300x200.jpg\" class=\"attachment-medium size-medium\" alt=\"\" srcset=\"https:\/\/www.mncomunicacion.com\/wp-content\/uploads\/2022\/07\/041-peserico-boutique-puerto-banus-marbella-36375-O-300x200.jpg 300w, https:\/\/www.mncomunicacion.com\/wp-content\/uploads\/2022\/07\/041-peserico-boutique-puerto-banus-marbella-36375-O-768x511.jpg 768w, https:\/\/www.mncomunicacion.com\/wp-content\/uploads\/2022\/07\/041-peserico-boutique-puerto-banus-marbella-36375-O-1024x682.jpg 1024w\" sizes=\"(max-width: 300px) 100vw, 300px\" \/><\/a>\n\t\t\t<\/div><\/figure><figure class='gallery-item'>\n\t\t\t<div class='gallery-icon portrait'>\n\t\t\t\t<a href='https:\/\/www.mncomunicacion.com\/en\/events-en\/organisation-of-the-launch-event-of-peserico\/attachment\/042-peserico-boutique-puerto-banus-marbella-36375-o'><img loading=\"lazy\" decoding=\"async\" width=\"200\" height=\"300\" src=\"https:\/\/www.mncomunicacion.com\/wp-content\/uploads\/2022\/07\/042-peserico-boutique-puerto-banus-marbella-36375-O-200x300.jpg\" class=\"attachment-medium size-medium\" alt=\"\" srcset=\"https:\/\/www.mncomunicacion.com\/wp-content\/uploads\/2022\/07\/042-peserico-boutique-puerto-banus-marbella-36375-O-200x300.jpg 200w, https:\/\/www.mncomunicacion.com\/wp-content\/uploads\/2022\/07\/042-peserico-boutique-puerto-banus-marbella-36375-O-768x1155.jpg 768w, https:\/\/www.mncomunicacion.com\/wp-content\/uploads\/2022\/07\/042-peserico-boutique-puerto-banus-marbella-36375-O-681x1024.jpg 681w, https:\/\/www.mncomunicacion.com\/wp-content\/uploads\/2022\/07\/042-peserico-boutique-puerto-banus-marbella-36375-O.jpg 1571w\" sizes=\"(max-width: 200px) 100vw, 200px\" \/><\/a>\n\t\t\t<\/div><\/figure><figure class='gallery-item'>\n\t\t\t<div class='gallery-icon portrait'>\n\t\t\t\t<a href='https:\/\/www.mncomunicacion.com\/en\/events-en\/organisation-of-the-launch-event-of-peserico\/attachment\/043-peserico-boutique-puerto-banus-marbella-36375-o'><img loading=\"lazy\" decoding=\"async\" width=\"200\" height=\"300\" src=\"https:\/\/www.mncomunicacion.com\/wp-content\/uploads\/2022\/07\/043-peserico-boutique-puerto-banus-marbella-36375-O-200x300.jpg\" class=\"attachment-medium size-medium\" alt=\"\" srcset=\"https:\/\/www.mncomunicacion.com\/wp-content\/uploads\/2022\/07\/043-peserico-boutique-puerto-banus-marbella-36375-O-200x300.jpg 200w, https:\/\/www.mncomunicacion.com\/wp-content\/uploads\/2022\/07\/043-peserico-boutique-puerto-banus-marbella-36375-O-768x1154.jpg 768w, https:\/\/www.mncomunicacion.com\/wp-content\/uploads\/2022\/07\/043-peserico-boutique-puerto-banus-marbella-36375-O-682x1024.jpg 682w, https:\/\/www.mncomunicacion.com\/wp-content\/uploads\/2022\/07\/043-peserico-boutique-puerto-banus-marbella-36375-O.jpg 1572w\" sizes=\"(max-width: 200px) 100vw, 200px\" \/><\/a>\n\t\t\t<\/div><\/figure><figure class='gallery-item'>\n\t\t\t<div class='gallery-icon portrait'>\n\t\t\t\t<a href='https:\/\/www.mncomunicacion.com\/en\/events-en\/organisation-of-the-launch-event-of-peserico\/attachment\/044-peserico-boutique-puerto-banus-marbella-36375-o'><img loading=\"lazy\" decoding=\"async\" width=\"200\" height=\"300\" src=\"https:\/\/www.mncomunicacion.com\/wp-content\/uploads\/2022\/07\/044-peserico-boutique-puerto-banus-marbella-36375-O-200x300.jpg\" class=\"attachment-medium size-medium\" alt=\"\" srcset=\"https:\/\/www.mncomunicacion.com\/wp-content\/uploads\/2022\/07\/044-peserico-boutique-puerto-banus-marbella-36375-O-200x300.jpg 200w, https:\/\/www.mncomunicacion.com\/wp-content\/uploads\/2022\/07\/044-peserico-boutique-puerto-banus-marbella-36375-O-768x1154.jpg 768w, https:\/\/www.mncomunicacion.com\/wp-content\/uploads\/2022\/07\/044-peserico-boutique-puerto-banus-marbella-36375-O-682x1024.jpg 682w, https:\/\/www.mncomunicacion.com\/wp-content\/uploads\/2022\/07\/044-peserico-boutique-puerto-banus-marbella-36375-O.jpg 1572w\" sizes=\"(max-width: 200px) 100vw, 200px\" \/><\/a>\n\t\t\t<\/div><\/figure><figure class='gallery-item'>\n\t\t\t<div class='gallery-icon landscape'>\n\t\t\t\t<a href='https:\/\/www.mncomunicacion.com\/en\/events-en\/organisation-of-the-launch-event-of-peserico\/attachment\/045-peserico-boutique-puerto-banus-marbella-36375-o'><img loading=\"lazy\" decoding=\"async\" width=\"300\" height=\"200\" src=\"https:\/\/www.mncomunicacion.com\/wp-content\/uploads\/2022\/07\/045-peserico-boutique-puerto-banus-marbella-36375-O-300x200.jpg\" class=\"attachment-medium size-medium\" alt=\"\" srcset=\"https:\/\/www.mncomunicacion.com\/wp-content\/uploads\/2022\/07\/045-peserico-boutique-puerto-banus-marbella-36375-O-300x200.jpg 300w, https:\/\/www.mncomunicacion.com\/wp-content\/uploads\/2022\/07\/045-peserico-boutique-puerto-banus-marbella-36375-O-768x511.jpg 768w, https:\/\/www.mncomunicacion.com\/wp-content\/uploads\/2022\/07\/045-peserico-boutique-puerto-banus-marbella-36375-O-1024x682.jpg 1024w\" sizes=\"(max-width: 300px) 100vw, 300px\" \/><\/a>\n\t\t\t<\/div><\/figure><figure class='gallery-item'>\n\t\t\t<div class='gallery-icon landscape'>\n\t\t\t\t<a href='https:\/\/www.mncomunicacion.com\/en\/events-en\/organisation-of-the-launch-event-of-peserico\/attachment\/046-peserico-boutique-puerto-banus-marbella-36375-o'><img loading=\"lazy\" decoding=\"async\" width=\"300\" height=\"200\" src=\"https:\/\/www.mncomunicacion.com\/wp-content\/uploads\/2022\/07\/046-peserico-boutique-puerto-banus-marbella-36375-O-300x200.jpg\" class=\"attachment-medium size-medium\" alt=\"\" srcset=\"https:\/\/www.mncomunicacion.com\/wp-content\/uploads\/2022\/07\/046-peserico-boutique-puerto-banus-marbella-36375-O-300x200.jpg 300w, https:\/\/www.mncomunicacion.com\/wp-content\/uploads\/2022\/07\/046-peserico-boutique-puerto-banus-marbella-36375-O-768x511.jpg 768w, https:\/\/www.mncomunicacion.com\/wp-content\/uploads\/2022\/07\/046-peserico-boutique-puerto-banus-marbella-36375-O-1024x682.jpg 1024w\" sizes=\"(max-width: 300px) 100vw, 300px\" \/><\/a>\n\t\t\t<\/div><\/figure><figure class='gallery-item'>\n\t\t\t<div class='gallery-icon portrait'>\n\t\t\t\t<a href='https:\/\/www.mncomunicacion.com\/en\/events-en\/organisation-of-the-launch-event-of-peserico\/attachment\/047-peserico-boutique-puerto-banus-marbella-36375-o'><img loading=\"lazy\" decoding=\"async\" width=\"200\" height=\"300\" src=\"https:\/\/www.mncomunicacion.com\/wp-content\/uploads\/2022\/07\/047-peserico-boutique-puerto-banus-marbella-36375-O-200x300.jpg\" class=\"attachment-medium size-medium\" alt=\"\" srcset=\"https:\/\/www.mncomunicacion.com\/wp-content\/uploads\/2022\/07\/047-peserico-boutique-puerto-banus-marbella-36375-O-200x300.jpg 200w, https:\/\/www.mncomunicacion.com\/wp-content\/uploads\/2022\/07\/047-peserico-boutique-puerto-banus-marbella-36375-O-768x1154.jpg 768w, https:\/\/www.mncomunicacion.com\/wp-content\/uploads\/2022\/07\/047-peserico-boutique-puerto-banus-marbella-36375-O-682x1024.jpg 682w, https:\/\/www.mncomunicacion.com\/wp-content\/uploads\/2022\/07\/047-peserico-boutique-puerto-banus-marbella-36375-O.jpg 1572w\" sizes=\"(max-width: 200px) 100vw, 200px\" \/><\/a>\n\t\t\t<\/div><\/figure><figure class='gallery-item'>\n\t\t\t<div class='gallery-icon landscape'>\n\t\t\t\t<a href='https:\/\/www.mncomunicacion.com\/en\/events-en\/organisation-of-the-launch-event-of-peserico\/attachment\/048-peserico-boutique-puerto-banus-marbella-36375-o'><img loading=\"lazy\" decoding=\"async\" width=\"300\" height=\"200\" src=\"https:\/\/www.mncomunicacion.com\/wp-content\/uploads\/2022\/07\/048-peserico-boutique-puerto-banus-marbella-36375-O-300x200.jpg\" class=\"attachment-medium size-medium\" alt=\"\" srcset=\"https:\/\/www.mncomunicacion.com\/wp-content\/uploads\/2022\/07\/048-peserico-boutique-puerto-banus-marbella-36375-O-300x200.jpg 300w, https:\/\/www.mncomunicacion.com\/wp-content\/uploads\/2022\/07\/048-peserico-boutique-puerto-banus-marbella-36375-O-768x511.jpg 768w, https:\/\/www.mncomunicacion.com\/wp-content\/uploads\/2022\/07\/048-peserico-boutique-puerto-banus-marbella-36375-O-1024x682.jpg 1024w\" sizes=\"(max-width: 300px) 100vw, 300px\" \/><\/a>\n\t\t\t<\/div><\/figure><figure class='gallery-item'>\n\t\t\t<div class='gallery-icon landscape'>\n\t\t\t\t<a href='https:\/\/www.mncomunicacion.com\/en\/events-en\/organisation-of-the-launch-event-of-peserico\/attachment\/049-peserico-boutique-puerto-banus-marbella-36375-o'><img loading=\"lazy\" decoding=\"async\" width=\"300\" height=\"200\" src=\"https:\/\/www.mncomunicacion.com\/wp-content\/uploads\/2022\/07\/049-peserico-boutique-puerto-banus-marbella-36375-O-300x200.jpg\" class=\"attachment-medium size-medium\" alt=\"\" srcset=\"https:\/\/www.mncomunicacion.com\/wp-content\/uploads\/2022\/07\/049-peserico-boutique-puerto-banus-marbella-36375-O-300x200.jpg 300w, https:\/\/www.mncomunicacion.com\/wp-content\/uploads\/2022\/07\/049-peserico-boutique-puerto-banus-marbella-36375-O-768x511.jpg 768w, https:\/\/www.mncomunicacion.com\/wp-content\/uploads\/2022\/07\/049-peserico-boutique-puerto-banus-marbella-36375-O-1024x682.jpg 1024w\" sizes=\"(max-width: 300px) 100vw, 300px\" \/><\/a>\n\t\t\t<\/div><\/figure><figure class='gallery-item'>\n\t\t\t<div class='gallery-icon portrait'>\n\t\t\t\t<a href='https:\/\/www.mncomunicacion.com\/en\/events-en\/organisation-of-the-launch-event-of-peserico\/attachment\/050-peserico-boutique-puerto-banus-marbella-36375-o'><img loading=\"lazy\" decoding=\"async\" width=\"200\" height=\"300\" src=\"https:\/\/www.mncomunicacion.com\/wp-content\/uploads\/2022\/07\/050-peserico-boutique-puerto-banus-marbella-36375-O-200x300.jpg\" class=\"attachment-medium size-medium\" alt=\"\" srcset=\"https:\/\/www.mncomunicacion.com\/wp-content\/uploads\/2022\/07\/050-peserico-boutique-puerto-banus-marbella-36375-O-200x300.jpg 200w, https:\/\/www.mncomunicacion.com\/wp-content\/uploads\/2022\/07\/050-peserico-boutique-puerto-banus-marbella-36375-O-768x1154.jpg 768w, https:\/\/www.mncomunicacion.com\/wp-content\/uploads\/2022\/07\/050-peserico-boutique-puerto-banus-marbella-36375-O-682x1024.jpg 682w, https:\/\/www.mncomunicacion.com\/wp-content\/uploads\/2022\/07\/050-peserico-boutique-puerto-banus-marbella-36375-O.jpg 1572w\" sizes=\"(max-width: 200px) 100vw, 200px\" \/><\/a>\n\t\t\t<\/div><\/figure><figure class='gallery-item'>\n\t\t\t<div class='gallery-icon landscape'>\n\t\t\t\t<a href='https:\/\/www.mncomunicacion.com\/en\/events-en\/organisation-of-the-launch-event-of-peserico\/attachment\/051-peserico-boutique-puerto-banus-marbella-36375-o'><img loading=\"lazy\" decoding=\"async\" width=\"300\" height=\"200\" src=\"https:\/\/www.mncomunicacion.com\/wp-content\/uploads\/2022\/07\/051-peserico-boutique-puerto-banus-marbella-36375-O-300x200.jpg\" class=\"attachment-medium size-medium\" alt=\"\" srcset=\"https:\/\/www.mncomunicacion.com\/wp-content\/uploads\/2022\/07\/051-peserico-boutique-puerto-banus-marbella-36375-O-300x200.jpg 300w, https:\/\/www.mncomunicacion.com\/wp-content\/uploads\/2022\/07\/051-peserico-boutique-puerto-banus-marbella-36375-O-768x511.jpg 768w, https:\/\/www.mncomunicacion.com\/wp-content\/uploads\/2022\/07\/051-peserico-boutique-puerto-banus-marbella-36375-O-1024x682.jpg 1024w\" sizes=\"(max-width: 300px) 100vw, 300px\" \/><\/a>\n\t\t\t<\/div><\/figure><figure class='gallery-item'>\n\t\t\t<div class='gallery-icon landscape'>\n\t\t\t\t<a href='https:\/\/www.mncomunicacion.com\/en\/events-en\/organisation-of-the-launch-event-of-peserico\/attachment\/052-peserico-boutique-puerto-banus-marbella-36375-o'><img loading=\"lazy\" decoding=\"async\" width=\"300\" height=\"200\" src=\"https:\/\/www.mncomunicacion.com\/wp-content\/uploads\/2022\/07\/052-peserico-boutique-puerto-banus-marbella-36375-O-300x200.jpg\" class=\"attachment-medium size-medium\" alt=\"\" srcset=\"https:\/\/www.mncomunicacion.com\/wp-content\/uploads\/2022\/07\/052-peserico-boutique-puerto-banus-marbella-36375-O-300x200.jpg 300w, https:\/\/www.mncomunicacion.com\/wp-content\/uploads\/2022\/07\/052-peserico-boutique-puerto-banus-marbella-36375-O-768x511.jpg 768w, https:\/\/www.mncomunicacion.com\/wp-content\/uploads\/2022\/07\/052-peserico-boutique-puerto-banus-marbella-36375-O-1024x682.jpg 1024w\" sizes=\"(max-width: 300px) 100vw, 300px\" \/><\/a>\n\t\t\t<\/div><\/figure><figure class='gallery-item'>\n\t\t\t<div class='gallery-icon portrait'>\n\t\t\t\t<a href='https:\/\/www.mncomunicacion.com\/en\/events-en\/organisation-of-the-launch-event-of-peserico\/attachment\/053-peserico-boutique-puerto-banus-marbella-36375-o'><img loading=\"lazy\" decoding=\"async\" width=\"200\" height=\"300\" src=\"https:\/\/www.mncomunicacion.com\/wp-content\/uploads\/2022\/07\/053-peserico-boutique-puerto-banus-marbella-36375-O-200x300.jpg\" class=\"attachment-medium size-medium\" alt=\"\" srcset=\"https:\/\/www.mncomunicacion.com\/wp-content\/uploads\/2022\/07\/053-peserico-boutique-puerto-banus-marbella-36375-O-200x300.jpg 200w, https:\/\/www.mncomunicacion.com\/wp-content\/uploads\/2022\/07\/053-peserico-boutique-puerto-banus-marbella-36375-O-768x1154.jpg 768w, https:\/\/www.mncomunicacion.com\/wp-content\/uploads\/2022\/07\/053-peserico-boutique-puerto-banus-marbella-36375-O-682x1024.jpg 682w, https:\/\/www.mncomunicacion.com\/wp-content\/uploads\/2022\/07\/053-peserico-boutique-puerto-banus-marbella-36375-O.jpg 1572w\" sizes=\"(max-width: 200px) 100vw, 200px\" \/><\/a>\n\t\t\t<\/div><\/figure><figure class='gallery-item'>\n\t\t\t<div class='gallery-icon landscape'>\n\t\t\t\t<a href='https:\/\/www.mncomunicacion.com\/en\/events-en\/organisation-of-the-launch-event-of-peserico\/attachment\/054-peserico-boutique-puerto-banus-marbella-36375-o'><img loading=\"lazy\" decoding=\"async\" width=\"300\" height=\"200\" src=\"https:\/\/www.mncomunicacion.com\/wp-content\/uploads\/2022\/07\/054-peserico-boutique-puerto-banus-marbella-36375-O-300x200.jpg\" class=\"attachment-medium size-medium\" alt=\"\" srcset=\"https:\/\/www.mncomunicacion.com\/wp-content\/uploads\/2022\/07\/054-peserico-boutique-puerto-banus-marbella-36375-O-300x200.jpg 300w, https:\/\/www.mncomunicacion.com\/wp-content\/uploads\/2022\/07\/054-peserico-boutique-puerto-banus-marbella-36375-O-768x511.jpg 768w, https:\/\/www.mncomunicacion.com\/wp-content\/uploads\/2022\/07\/054-peserico-boutique-puerto-banus-marbella-36375-O-1024x682.jpg 1024w\" sizes=\"(max-width: 300px) 100vw, 300px\" \/><\/a>\n\t\t\t<\/div><\/figure><figure class='gallery-item'>\n\t\t\t<div class='gallery-icon landscape'>\n\t\t\t\t<a href='https:\/\/www.mncomunicacion.com\/en\/events-en\/organisation-of-the-launch-event-of-peserico\/attachment\/055-peserico-boutique-puerto-banus-marbella-36375-o'><img loading=\"lazy\" decoding=\"async\" width=\"300\" height=\"200\" src=\"https:\/\/www.mncomunicacion.com\/wp-content\/uploads\/2022\/07\/055-peserico-boutique-puerto-banus-marbella-36375-O-300x200.jpg\" class=\"attachment-medium size-medium\" alt=\"\" srcset=\"https:\/\/www.mncomunicacion.com\/wp-content\/uploads\/2022\/07\/055-peserico-boutique-puerto-banus-marbella-36375-O-300x200.jpg 300w, https:\/\/www.mncomunicacion.com\/wp-content\/uploads\/2022\/07\/055-peserico-boutique-puerto-banus-marbella-36375-O-768x511.jpg 768w, https:\/\/www.mncomunicacion.com\/wp-content\/uploads\/2022\/07\/055-peserico-boutique-puerto-banus-marbella-36375-O-1024x682.jpg 1024w\" sizes=\"(max-width: 300px) 100vw, 300px\" \/><\/a>\n\t\t\t<\/div><\/figure><figure class='gallery-item'>\n\t\t\t<div class='gallery-icon landscape'>\n\t\t\t\t<a href='https:\/\/www.mncomunicacion.com\/en\/events-en\/organisation-of-the-launch-event-of-peserico\/attachment\/056-peserico-boutique-puerto-banus-marbella-36375-o'><img loading=\"lazy\" decoding=\"async\" width=\"300\" height=\"200\" src=\"https:\/\/www.mncomunicacion.com\/wp-content\/uploads\/2022\/07\/056-peserico-boutique-puerto-banus-marbella-36375-O-300x200.jpg\" class=\"attachment-medium size-medium\" alt=\"\" srcset=\"https:\/\/www.mncomunicacion.com\/wp-content\/uploads\/2022\/07\/056-peserico-boutique-puerto-banus-marbella-36375-O-300x200.jpg 300w, https:\/\/www.mncomunicacion.com\/wp-content\/uploads\/2022\/07\/056-peserico-boutique-puerto-banus-marbella-36375-O-768x511.jpg 768w, https:\/\/www.mncomunicacion.com\/wp-content\/uploads\/2022\/07\/056-peserico-boutique-puerto-banus-marbella-36375-O-1024x682.jpg 1024w\" sizes=\"(max-width: 300px) 100vw, 300px\" \/><\/a>\n\t\t\t<\/div><\/figure><figure class='gallery-item'>\n\t\t\t<div class='gallery-icon portrait'>\n\t\t\t\t<a href='https:\/\/www.mncomunicacion.com\/en\/events-en\/organisation-of-the-launch-event-of-peserico\/attachment\/057-peserico-boutique-puerto-banus-marbella-36375-o'><img loading=\"lazy\" decoding=\"async\" width=\"200\" height=\"300\" src=\"https:\/\/www.mncomunicacion.com\/wp-content\/uploads\/2022\/07\/057-peserico-boutique-puerto-banus-marbella-36375-O-200x300.jpg\" class=\"attachment-medium size-medium\" alt=\"\" srcset=\"https:\/\/www.mncomunicacion.com\/wp-content\/uploads\/2022\/07\/057-peserico-boutique-puerto-banus-marbella-36375-O-200x300.jpg 200w, https:\/\/www.mncomunicacion.com\/wp-content\/uploads\/2022\/07\/057-peserico-boutique-puerto-banus-marbella-36375-O-768x1154.jpg 768w, https:\/\/www.mncomunicacion.com\/wp-content\/uploads\/2022\/07\/057-peserico-boutique-puerto-banus-marbella-36375-O-682x1024.jpg 682w, https:\/\/www.mncomunicacion.com\/wp-content\/uploads\/2022\/07\/057-peserico-boutique-puerto-banus-marbella-36375-O.jpg 1572w\" sizes=\"(max-width: 200px) 100vw, 200px\" \/><\/a>\n\t\t\t<\/div><\/figure><figure class='gallery-item'>\n\t\t\t<div class='gallery-icon portrait'>\n\t\t\t\t<a href='https:\/\/www.mncomunicacion.com\/en\/events-en\/organisation-of-the-launch-event-of-peserico\/attachment\/058-peserico-boutique-puerto-banus-marbella-36375-o'><img loading=\"lazy\" decoding=\"async\" width=\"200\" height=\"300\" src=\"https:\/\/www.mncomunicacion.com\/wp-content\/uploads\/2022\/07\/058-peserico-boutique-puerto-banus-marbella-36375-O-200x300.jpg\" class=\"attachment-medium size-medium\" alt=\"\" srcset=\"https:\/\/www.mncomunicacion.com\/wp-content\/uploads\/2022\/07\/058-peserico-boutique-puerto-banus-marbella-36375-O-200x300.jpg 200w, https:\/\/www.mncomunicacion.com\/wp-content\/uploads\/2022\/07\/058-peserico-boutique-puerto-banus-marbella-36375-O-768x1154.jpg 768w, https:\/\/www.mncomunicacion.com\/wp-content\/uploads\/2022\/07\/058-peserico-boutique-puerto-banus-marbella-36375-O-682x1024.jpg 682w, https:\/\/www.mncomunicacion.com\/wp-content\/uploads\/2022\/07\/058-peserico-boutique-puerto-banus-marbella-36375-O.jpg 1572w\" sizes=\"(max-width: 200px) 100vw, 200px\" \/><\/a>\n\t\t\t<\/div><\/figure><figure class='gallery-item'>\n\t\t\t<div class='gallery-icon portrait'>\n\t\t\t\t<a href='https:\/\/www.mncomunicacion.com\/en\/events-en\/organisation-of-the-launch-event-of-peserico\/attachment\/059-peserico-boutique-puerto-banus-marbella-36375-o'><img loading=\"lazy\" decoding=\"async\" width=\"200\" height=\"300\" src=\"https:\/\/www.mncomunicacion.com\/wp-content\/uploads\/2022\/07\/059-peserico-boutique-puerto-banus-marbella-36375-O-200x300.jpg\" class=\"attachment-medium size-medium\" alt=\"\" srcset=\"https:\/\/www.mncomunicacion.com\/wp-content\/uploads\/2022\/07\/059-peserico-boutique-puerto-banus-marbella-36375-O-200x300.jpg 200w, https:\/\/www.mncomunicacion.com\/wp-content\/uploads\/2022\/07\/059-peserico-boutique-puerto-banus-marbella-36375-O-768x1154.jpg 768w, https:\/\/www.mncomunicacion.com\/wp-content\/uploads\/2022\/07\/059-peserico-boutique-puerto-banus-marbella-36375-O-682x1024.jpg 682w, https:\/\/www.mncomunicacion.com\/wp-content\/uploads\/2022\/07\/059-peserico-boutique-puerto-banus-marbella-36375-O.jpg 1572w\" sizes=\"(max-width: 200px) 100vw, 200px\" \/><\/a>\n\t\t\t<\/div><\/figure><figure class='gallery-item'>\n\t\t\t<div class='gallery-icon landscape'>\n\t\t\t\t<a href='https:\/\/www.mncomunicacion.com\/en\/events-en\/organisation-of-the-launch-event-of-peserico\/attachment\/060-peserico-boutique-puerto-banus-marbella-36375-o'><img loading=\"lazy\" decoding=\"async\" width=\"300\" height=\"200\" src=\"https:\/\/www.mncomunicacion.com\/wp-content\/uploads\/2022\/07\/060-peserico-boutique-puerto-banus-marbella-36375-O-300x200.jpg\" class=\"attachment-medium size-medium\" alt=\"\" srcset=\"https:\/\/www.mncomunicacion.com\/wp-content\/uploads\/2022\/07\/060-peserico-boutique-puerto-banus-marbella-36375-O-300x200.jpg 300w, https:\/\/www.mncomunicacion.com\/wp-content\/uploads\/2022\/07\/060-peserico-boutique-puerto-banus-marbella-36375-O-768x511.jpg 768w, https:\/\/www.mncomunicacion.com\/wp-content\/uploads\/2022\/07\/060-peserico-boutique-puerto-banus-marbella-36375-O-1024x682.jpg 1024w\" sizes=\"(max-width: 300px) 100vw, 300px\" \/><\/a>\n\t\t\t<\/div><\/figure><figure class='gallery-item'>\n\t\t\t<div class='gallery-icon landscape'>\n\t\t\t\t<a href='https:\/\/www.mncomunicacion.com\/en\/events-en\/organisation-of-the-launch-event-of-peserico\/attachment\/061-peserico-boutique-puerto-banus-marbella-36375-o'><img loading=\"lazy\" decoding=\"async\" width=\"300\" height=\"200\" src=\"https:\/\/www.mncomunicacion.com\/wp-content\/uploads\/2022\/07\/061-peserico-boutique-puerto-banus-marbella-36375-O-300x200.jpg\" class=\"attachment-medium size-medium\" alt=\"\" srcset=\"https:\/\/www.mncomunicacion.com\/wp-content\/uploads\/2022\/07\/061-peserico-boutique-puerto-banus-marbella-36375-O-300x200.jpg 300w, https:\/\/www.mncomunicacion.com\/wp-content\/uploads\/2022\/07\/061-peserico-boutique-puerto-banus-marbella-36375-O-768x511.jpg 768w, https:\/\/www.mncomunicacion.com\/wp-content\/uploads\/2022\/07\/061-peserico-boutique-puerto-banus-marbella-36375-O-1024x682.jpg 1024w\" sizes=\"(max-width: 300px) 100vw, 300px\" \/><\/a>\n\t\t\t<\/div><\/figure><figure class='gallery-item'>\n\t\t\t<div class='gallery-icon portrait'>\n\t\t\t\t<a href='https:\/\/www.mncomunicacion.com\/en\/events-en\/organisation-of-the-launch-event-of-peserico\/attachment\/062-peserico-boutique-puerto-banus-marbella-36375-o'><img loading=\"lazy\" decoding=\"async\" width=\"200\" height=\"300\" src=\"https:\/\/www.mncomunicacion.com\/wp-content\/uploads\/2022\/07\/062-peserico-boutique-puerto-banus-marbella-36375-O-200x300.jpg\" class=\"attachment-medium size-medium\" alt=\"\" srcset=\"https:\/\/www.mncomunicacion.com\/wp-content\/uploads\/2022\/07\/062-peserico-boutique-puerto-banus-marbella-36375-O-200x300.jpg 200w, https:\/\/www.mncomunicacion.com\/wp-content\/uploads\/2022\/07\/062-peserico-boutique-puerto-banus-marbella-36375-O-768x1154.jpg 768w, https:\/\/www.mncomunicacion.com\/wp-content\/uploads\/2022\/07\/062-peserico-boutique-puerto-banus-marbella-36375-O-682x1024.jpg 682w, https:\/\/www.mncomunicacion.com\/wp-content\/uploads\/2022\/07\/062-peserico-boutique-puerto-banus-marbella-36375-O.jpg 1572w\" sizes=\"(max-width: 200px) 100vw, 200px\" \/><\/a>\n\t\t\t<\/div><\/figure><figure class='gallery-item'>\n\t\t\t<div class='gallery-icon portrait'>\n\t\t\t\t<a href='https:\/\/www.mncomunicacion.com\/en\/events-en\/organisation-of-the-launch-event-of-peserico\/attachment\/063-peserico-boutique-puerto-banus-marbella-36375-o'><img loading=\"lazy\" decoding=\"async\" width=\"200\" height=\"300\" src=\"https:\/\/www.mncomunicacion.com\/wp-content\/uploads\/2022\/07\/063-peserico-boutique-puerto-banus-marbella-36375-O-200x300.jpg\" class=\"attachment-medium size-medium\" alt=\"\" srcset=\"https:\/\/www.mncomunicacion.com\/wp-content\/uploads\/2022\/07\/063-peserico-boutique-puerto-banus-marbella-36375-O-200x300.jpg 200w, https:\/\/www.mncomunicacion.com\/wp-content\/uploads\/2022\/07\/063-peserico-boutique-puerto-banus-marbella-36375-O-768x1154.jpg 768w, https:\/\/www.mncomunicacion.com\/wp-content\/uploads\/2022\/07\/063-peserico-boutique-puerto-banus-marbella-36375-O-682x1024.jpg 682w, https:\/\/www.mncomunicacion.com\/wp-content\/uploads\/2022\/07\/063-peserico-boutique-puerto-banus-marbella-36375-O.jpg 1572w\" sizes=\"(max-width: 200px) 100vw, 200px\" \/><\/a>\n\t\t\t<\/div><\/figure><figure class='gallery-item'>\n\t\t\t<div class='gallery-icon landscape'>\n\t\t\t\t<a href='https:\/\/www.mncomunicacion.com\/en\/events-en\/organisation-of-the-launch-event-of-peserico\/attachment\/064-peserico-boutique-puerto-banus-marbella-36375-o'><img loading=\"lazy\" decoding=\"async\" width=\"300\" height=\"200\" src=\"https:\/\/www.mncomunicacion.com\/wp-content\/uploads\/2022\/07\/064-peserico-boutique-puerto-banus-marbella-36375-O-300x200.jpg\" class=\"attachment-medium size-medium\" alt=\"\" srcset=\"https:\/\/www.mncomunicacion.com\/wp-content\/uploads\/2022\/07\/064-peserico-boutique-puerto-banus-marbella-36375-O-300x200.jpg 300w, https:\/\/www.mncomunicacion.com\/wp-content\/uploads\/2022\/07\/064-peserico-boutique-puerto-banus-marbella-36375-O-768x511.jpg 768w, https:\/\/www.mncomunicacion.com\/wp-content\/uploads\/2022\/07\/064-peserico-boutique-puerto-banus-marbella-36375-O-1024x682.jpg 1024w\" sizes=\"(max-width: 300px) 100vw, 300px\" \/><\/a>\n\t\t\t<\/div><\/figure><figure class='gallery-item'>\n\t\t\t<div class='gallery-icon portrait'>\n\t\t\t\t<a href='https:\/\/www.mncomunicacion.com\/en\/events-en\/organisation-of-the-launch-event-of-peserico\/attachment\/065-peserico-boutique-puerto-banus-marbella-36375-o'><img loading=\"lazy\" decoding=\"async\" width=\"200\" height=\"300\" src=\"https:\/\/www.mncomunicacion.com\/wp-content\/uploads\/2022\/07\/065-peserico-boutique-puerto-banus-marbella-36375-O-200x300.jpg\" class=\"attachment-medium size-medium\" alt=\"\" srcset=\"https:\/\/www.mncomunicacion.com\/wp-content\/uploads\/2022\/07\/065-peserico-boutique-puerto-banus-marbella-36375-O-200x300.jpg 200w, https:\/\/www.mncomunicacion.com\/wp-content\/uploads\/2022\/07\/065-peserico-boutique-puerto-banus-marbella-36375-O-768x1154.jpg 768w, https:\/\/www.mncomunicacion.com\/wp-content\/uploads\/2022\/07\/065-peserico-boutique-puerto-banus-marbella-36375-O-682x1024.jpg 682w, https:\/\/www.mncomunicacion.com\/wp-content\/uploads\/2022\/07\/065-peserico-boutique-puerto-banus-marbella-36375-O.jpg 1572w\" sizes=\"(max-width: 200px) 100vw, 200px\" \/><\/a>\n\t\t\t<\/div><\/figure><figure class='gallery-item'>\n\t\t\t<div class='gallery-icon landscape'>\n\t\t\t\t<a href='https:\/\/www.mncomunicacion.com\/en\/events-en\/organisation-of-the-launch-event-of-peserico\/attachment\/066-peserico-boutique-puerto-banus-marbella-36375-o'><img loading=\"lazy\" decoding=\"async\" width=\"300\" height=\"200\" src=\"https:\/\/www.mncomunicacion.com\/wp-content\/uploads\/2022\/07\/066-peserico-boutique-puerto-banus-marbella-36375-O-300x200.jpg\" class=\"attachment-medium size-medium\" alt=\"\" srcset=\"https:\/\/www.mncomunicacion.com\/wp-content\/uploads\/2022\/07\/066-peserico-boutique-puerto-banus-marbella-36375-O-300x200.jpg 300w, https:\/\/www.mncomunicacion.com\/wp-content\/uploads\/2022\/07\/066-peserico-boutique-puerto-banus-marbella-36375-O-768x511.jpg 768w, https:\/\/www.mncomunicacion.com\/wp-content\/uploads\/2022\/07\/066-peserico-boutique-puerto-banus-marbella-36375-O-1024x682.jpg 1024w\" sizes=\"(max-width: 300px) 100vw, 300px\" \/><\/a>\n\t\t\t<\/div><\/figure><figure class='gallery-item'>\n\t\t\t<div class='gallery-icon portrait'>\n\t\t\t\t<a href='https:\/\/www.mncomunicacion.com\/en\/events-en\/organisation-of-the-launch-event-of-peserico\/attachment\/067-peserico-boutique-puerto-banus-marbella-36375-o'><img loading=\"lazy\" decoding=\"async\" width=\"200\" height=\"300\" src=\"https:\/\/www.mncomunicacion.com\/wp-content\/uploads\/2022\/07\/067-peserico-boutique-puerto-banus-marbella-36375-O-200x300.jpg\" class=\"attachment-medium size-medium\" alt=\"\" srcset=\"https:\/\/www.mncomunicacion.com\/wp-content\/uploads\/2022\/07\/067-peserico-boutique-puerto-banus-marbella-36375-O-200x300.jpg 200w, https:\/\/www.mncomunicacion.com\/wp-content\/uploads\/2022\/07\/067-peserico-boutique-puerto-banus-marbella-36375-O-768x1154.jpg 768w, https:\/\/www.mncomunicacion.com\/wp-content\/uploads\/2022\/07\/067-peserico-boutique-puerto-banus-marbella-36375-O-682x1024.jpg 682w, https:\/\/www.mncomunicacion.com\/wp-content\/uploads\/2022\/07\/067-peserico-boutique-puerto-banus-marbella-36375-O.jpg 1572w\" sizes=\"(max-width: 200px) 100vw, 200px\" \/><\/a>\n\t\t\t<\/div><\/figure><figure class='gallery-item'>\n\t\t\t<div class='gallery-icon portrait'>\n\t\t\t\t<a href='https:\/\/www.mncomunicacion.com\/en\/events-en\/organisation-of-the-launch-event-of-peserico\/attachment\/068-peserico-boutique-puerto-banus-marbella-36375-o'><img loading=\"lazy\" decoding=\"async\" width=\"200\" height=\"300\" src=\"https:\/\/www.mncomunicacion.com\/wp-content\/uploads\/2022\/07\/068-peserico-boutique-puerto-banus-marbella-36375-O-200x300.jpg\" class=\"attachment-medium size-medium\" alt=\"\" srcset=\"https:\/\/www.mncomunicacion.com\/wp-content\/uploads\/2022\/07\/068-peserico-boutique-puerto-banus-marbella-36375-O-200x300.jpg 200w, https:\/\/www.mncomunicacion.com\/wp-content\/uploads\/2022\/07\/068-peserico-boutique-puerto-banus-marbella-36375-O-768x1154.jpg 768w, https:\/\/www.mncomunicacion.com\/wp-content\/uploads\/2022\/07\/068-peserico-boutique-puerto-banus-marbella-36375-O-682x1024.jpg 682w, https:\/\/www.mncomunicacion.com\/wp-content\/uploads\/2022\/07\/068-peserico-boutique-puerto-banus-marbella-36375-O.jpg 1572w\" sizes=\"(max-width: 200px) 100vw, 200px\" \/><\/a>\n\t\t\t<\/div><\/figure><figure class='gallery-item'>\n\t\t\t<div class='gallery-icon landscape'>\n\t\t\t\t<a href='https:\/\/www.mncomunicacion.com\/en\/events-en\/organisation-of-the-launch-event-of-peserico\/attachment\/069-peserico-boutique-puerto-banus-marbella-36375-o'><img loading=\"lazy\" decoding=\"async\" width=\"300\" height=\"200\" src=\"https:\/\/www.mncomunicacion.com\/wp-content\/uploads\/2022\/07\/069-peserico-boutique-puerto-banus-marbella-36375-O-300x200.jpg\" class=\"attachment-medium size-medium\" alt=\"\" srcset=\"https:\/\/www.mncomunicacion.com\/wp-content\/uploads\/2022\/07\/069-peserico-boutique-puerto-banus-marbella-36375-O-300x200.jpg 300w, https:\/\/www.mncomunicacion.com\/wp-content\/uploads\/2022\/07\/069-peserico-boutique-puerto-banus-marbella-36375-O-768x511.jpg 768w, https:\/\/www.mncomunicacion.com\/wp-content\/uploads\/2022\/07\/069-peserico-boutique-puerto-banus-marbella-36375-O-1024x682.jpg 1024w\" sizes=\"(max-width: 300px) 100vw, 300px\" \/><\/a>\n\t\t\t<\/div><\/figure><figure class='gallery-item'>\n\t\t\t<div class='gallery-icon portrait'>\n\t\t\t\t<a href='https:\/\/www.mncomunicacion.com\/en\/events-en\/organisation-of-the-launch-event-of-peserico\/attachment\/070-peserico-boutique-puerto-banus-marbella-36375-o'><img loading=\"lazy\" decoding=\"async\" width=\"200\" height=\"300\" src=\"https:\/\/www.mncomunicacion.com\/wp-content\/uploads\/2022\/07\/070-peserico-boutique-puerto-banus-marbella-36375-O-200x300.jpg\" class=\"attachment-medium size-medium\" alt=\"\" srcset=\"https:\/\/www.mncomunicacion.com\/wp-content\/uploads\/2022\/07\/070-peserico-boutique-puerto-banus-marbella-36375-O-200x300.jpg 200w, https:\/\/www.mncomunicacion.com\/wp-content\/uploads\/2022\/07\/070-peserico-boutique-puerto-banus-marbella-36375-O-768x1154.jpg 768w, https:\/\/www.mncomunicacion.com\/wp-content\/uploads\/2022\/07\/070-peserico-boutique-puerto-banus-marbella-36375-O-682x1024.jpg 682w, https:\/\/www.mncomunicacion.com\/wp-content\/uploads\/2022\/07\/070-peserico-boutique-puerto-banus-marbella-36375-O.jpg 1572w\" sizes=\"(max-width: 200px) 100vw, 200px\" \/><\/a>\n\t\t\t<\/div><\/figure><figure class='gallery-item'>\n\t\t\t<div class='gallery-icon landscape'>\n\t\t\t\t<a href='https:\/\/www.mncomunicacion.com\/en\/events-en\/organisation-of-the-launch-event-of-peserico\/attachment\/071-peserico-boutique-puerto-banus-marbella-36375-o'><img loading=\"lazy\" decoding=\"async\" width=\"300\" height=\"200\" src=\"https:\/\/www.mncomunicacion.com\/wp-content\/uploads\/2022\/07\/071-peserico-boutique-puerto-banus-marbella-36375-O-300x200.jpg\" class=\"attachment-medium size-medium\" alt=\"\" srcset=\"https:\/\/www.mncomunicacion.com\/wp-content\/uploads\/2022\/07\/071-peserico-boutique-puerto-banus-marbella-36375-O-300x200.jpg 300w, https:\/\/www.mncomunicacion.com\/wp-content\/uploads\/2022\/07\/071-peserico-boutique-puerto-banus-marbella-36375-O-768x511.jpg 768w, https:\/\/www.mncomunicacion.com\/wp-content\/uploads\/2022\/07\/071-peserico-boutique-puerto-banus-marbella-36375-O-1024x682.jpg 1024w\" sizes=\"(max-width: 300px) 100vw, 300px\" \/><\/a>\n\t\t\t<\/div><\/figure><figure class='gallery-item'>\n\t\t\t<div class='gallery-icon portrait'>\n\t\t\t\t<a href='https:\/\/www.mncomunicacion.com\/en\/events-en\/organisation-of-the-launch-event-of-peserico\/attachment\/072-peserico-boutique-puerto-banus-marbella-36375-o'><img loading=\"lazy\" decoding=\"async\" width=\"200\" height=\"300\" src=\"https:\/\/www.mncomunicacion.com\/wp-content\/uploads\/2022\/07\/072-peserico-boutique-puerto-banus-marbella-36375-O-200x300.jpg\" class=\"attachment-medium size-medium\" alt=\"\" srcset=\"https:\/\/www.mncomunicacion.com\/wp-content\/uploads\/2022\/07\/072-peserico-boutique-puerto-banus-marbella-36375-O-200x300.jpg 200w, https:\/\/www.mncomunicacion.com\/wp-content\/uploads\/2022\/07\/072-peserico-boutique-puerto-banus-marbella-36375-O-768x1154.jpg 768w, https:\/\/www.mncomunicacion.com\/wp-content\/uploads\/2022\/07\/072-peserico-boutique-puerto-banus-marbella-36375-O-682x1024.jpg 682w, https:\/\/www.mncomunicacion.com\/wp-content\/uploads\/2022\/07\/072-peserico-boutique-puerto-banus-marbella-36375-O.jpg 1572w\" sizes=\"(max-width: 200px) 100vw, 200px\" \/><\/a>\n\t\t\t<\/div><\/figure><figure class='gallery-item'>\n\t\t\t<div class='gallery-icon portrait'>\n\t\t\t\t<a href='https:\/\/www.mncomunicacion.com\/en\/events-en\/organisation-of-the-launch-event-of-peserico\/attachment\/073-peserico-boutique-puerto-banus-marbella-36375-o'><img loading=\"lazy\" decoding=\"async\" width=\"200\" height=\"300\" src=\"https:\/\/www.mncomunicacion.com\/wp-content\/uploads\/2022\/07\/073-peserico-boutique-puerto-banus-marbella-36375-O-200x300.jpg\" class=\"attachment-medium size-medium\" alt=\"\" srcset=\"https:\/\/www.mncomunicacion.com\/wp-content\/uploads\/2022\/07\/073-peserico-boutique-puerto-banus-marbella-36375-O-200x300.jpg 200w, https:\/\/www.mncomunicacion.com\/wp-content\/uploads\/2022\/07\/073-peserico-boutique-puerto-banus-marbella-36375-O-768x1154.jpg 768w, https:\/\/www.mncomunicacion.com\/wp-content\/uploads\/2022\/07\/073-peserico-boutique-puerto-banus-marbella-36375-O-682x1024.jpg 682w, https:\/\/www.mncomunicacion.com\/wp-content\/uploads\/2022\/07\/073-peserico-boutique-puerto-banus-marbella-36375-O.jpg 1572w\" sizes=\"(max-width: 200px) 100vw, 200px\" \/><\/a>\n\t\t\t<\/div><\/figure><figure class='gallery-item'>\n\t\t\t<div class='gallery-icon landscape'>\n\t\t\t\t<a href='https:\/\/www.mncomunicacion.com\/en\/events-en\/organisation-of-the-launch-event-of-peserico\/attachment\/074-peserico-boutique-puerto-banus-marbella-36375-o'><img loading=\"lazy\" decoding=\"async\" width=\"300\" height=\"200\" src=\"https:\/\/www.mncomunicacion.com\/wp-content\/uploads\/2022\/07\/074-peserico-boutique-puerto-banus-marbella-36375-O-300x200.jpg\" class=\"attachment-medium size-medium\" alt=\"\" srcset=\"https:\/\/www.mncomunicacion.com\/wp-content\/uploads\/2022\/07\/074-peserico-boutique-puerto-banus-marbella-36375-O-300x200.jpg 300w, https:\/\/www.mncomunicacion.com\/wp-content\/uploads\/2022\/07\/074-peserico-boutique-puerto-banus-marbella-36375-O-768x511.jpg 768w, https:\/\/www.mncomunicacion.com\/wp-content\/uploads\/2022\/07\/074-peserico-boutique-puerto-banus-marbella-36375-O-1024x682.jpg 1024w\" sizes=\"(max-width: 300px) 100vw, 300px\" \/><\/a>\n\t\t\t<\/div><\/figure><figure class='gallery-item'>\n\t\t\t<div class='gallery-icon portrait'>\n\t\t\t\t<a href='https:\/\/www.mncomunicacion.com\/en\/events-en\/organisation-of-the-launch-event-of-peserico\/attachment\/075-peserico-boutique-puerto-banus-marbella-36375-o'><img loading=\"lazy\" decoding=\"async\" width=\"200\" height=\"300\" src=\"https:\/\/www.mncomunicacion.com\/wp-content\/uploads\/2022\/07\/075-peserico-boutique-puerto-banus-marbella-36375-O-200x300.jpg\" class=\"attachment-medium size-medium\" alt=\"\" srcset=\"https:\/\/www.mncomunicacion.com\/wp-content\/uploads\/2022\/07\/075-peserico-boutique-puerto-banus-marbella-36375-O-200x300.jpg 200w, https:\/\/www.mncomunicacion.com\/wp-content\/uploads\/2022\/07\/075-peserico-boutique-puerto-banus-marbella-36375-O-768x1154.jpg 768w, https:\/\/www.mncomunicacion.com\/wp-content\/uploads\/2022\/07\/075-peserico-boutique-puerto-banus-marbella-36375-O-682x1024.jpg 682w, https:\/\/www.mncomunicacion.com\/wp-content\/uploads\/2022\/07\/075-peserico-boutique-puerto-banus-marbella-36375-O.jpg 1572w\" sizes=\"(max-width: 200px) 100vw, 200px\" \/><\/a>\n\t\t\t<\/div><\/figure><figure class='gallery-item'>\n\t\t\t<div class='gallery-icon portrait'>\n\t\t\t\t<a href='https:\/\/www.mncomunicacion.com\/en\/events-en\/organisation-of-the-launch-event-of-peserico\/attachment\/076-peserico-boutique-puerto-banus-marbella-36375-o'><img loading=\"lazy\" decoding=\"async\" width=\"200\" height=\"300\" src=\"https:\/\/www.mncomunicacion.com\/wp-content\/uploads\/2022\/07\/076-peserico-boutique-puerto-banus-marbella-36375-O-200x300.jpg\" class=\"attachment-medium size-medium\" alt=\"\" srcset=\"https:\/\/www.mncomunicacion.com\/wp-content\/uploads\/2022\/07\/076-peserico-boutique-puerto-banus-marbella-36375-O-200x300.jpg 200w, https:\/\/www.mncomunicacion.com\/wp-content\/uploads\/2022\/07\/076-peserico-boutique-puerto-banus-marbella-36375-O-768x1154.jpg 768w, https:\/\/www.mncomunicacion.com\/wp-content\/uploads\/2022\/07\/076-peserico-boutique-puerto-banus-marbella-36375-O-682x1024.jpg 682w, https:\/\/www.mncomunicacion.com\/wp-content\/uploads\/2022\/07\/076-peserico-boutique-puerto-banus-marbella-36375-O.jpg 1572w\" sizes=\"(max-width: 200px) 100vw, 200px\" \/><\/a>\n\t\t\t<\/div><\/figure><figure class='gallery-item'>\n\t\t\t<div class='gallery-icon portrait'>\n\t\t\t\t<a href='https:\/\/www.mncomunicacion.com\/en\/events-en\/organisation-of-the-launch-event-of-peserico\/attachment\/077-peserico-boutique-puerto-banus-marbella-36375-o'><img loading=\"lazy\" decoding=\"async\" width=\"200\" height=\"300\" src=\"https:\/\/www.mncomunicacion.com\/wp-content\/uploads\/2022\/07\/077-peserico-boutique-puerto-banus-marbella-36375-O-200x300.jpg\" class=\"attachment-medium size-medium\" alt=\"\" srcset=\"https:\/\/www.mncomunicacion.com\/wp-content\/uploads\/2022\/07\/077-peserico-boutique-puerto-banus-marbella-36375-O-200x300.jpg 200w, https:\/\/www.mncomunicacion.com\/wp-content\/uploads\/2022\/07\/077-peserico-boutique-puerto-banus-marbella-36375-O-768x1154.jpg 768w, https:\/\/www.mncomunicacion.com\/wp-content\/uploads\/2022\/07\/077-peserico-boutique-puerto-banus-marbella-36375-O-682x1024.jpg 682w, https:\/\/www.mncomunicacion.com\/wp-content\/uploads\/2022\/07\/077-peserico-boutique-puerto-banus-marbella-36375-O.jpg 1572w\" sizes=\"(max-width: 200px) 100vw, 200px\" \/><\/a>\n\t\t\t<\/div><\/figure><figure class='gallery-item'>\n\t\t\t<div class='gallery-icon landscape'>\n\t\t\t\t<a href='https:\/\/www.mncomunicacion.com\/en\/events-en\/organisation-of-the-launch-event-of-peserico\/attachment\/078-peserico-boutique-puerto-banus-marbella-36375-o'><img loading=\"lazy\" decoding=\"async\" width=\"300\" height=\"200\" src=\"https:\/\/www.mncomunicacion.com\/wp-content\/uploads\/2022\/07\/078-peserico-boutique-puerto-banus-marbella-36375-O-300x200.jpg\" class=\"attachment-medium size-medium\" alt=\"\" srcset=\"https:\/\/www.mncomunicacion.com\/wp-content\/uploads\/2022\/07\/078-peserico-boutique-puerto-banus-marbella-36375-O-300x200.jpg 300w, https:\/\/www.mncomunicacion.com\/wp-content\/uploads\/2022\/07\/078-peserico-boutique-puerto-banus-marbella-36375-O-768x511.jpg 768w, https:\/\/www.mncomunicacion.com\/wp-content\/uploads\/2022\/07\/078-peserico-boutique-puerto-banus-marbella-36375-O-1024x682.jpg 1024w\" sizes=\"(max-width: 300px) 100vw, 300px\" \/><\/a>\n\t\t\t<\/div><\/figure><figure class='gallery-item'>\n\t\t\t<div class='gallery-icon landscape'>\n\t\t\t\t<a href='https:\/\/www.mncomunicacion.com\/en\/events-en\/organisation-of-the-launch-event-of-peserico\/attachment\/079-peserico-boutique-puerto-banus-marbella-36375-o'><img loading=\"lazy\" decoding=\"async\" width=\"300\" height=\"200\" src=\"https:\/\/www.mncomunicacion.com\/wp-content\/uploads\/2022\/07\/079-peserico-boutique-puerto-banus-marbella-36375-O-300x200.jpg\" class=\"attachment-medium size-medium\" alt=\"\" srcset=\"https:\/\/www.mncomunicacion.com\/wp-content\/uploads\/2022\/07\/079-peserico-boutique-puerto-banus-marbella-36375-O-300x200.jpg 300w, https:\/\/www.mncomunicacion.com\/wp-content\/uploads\/2022\/07\/079-peserico-boutique-puerto-banus-marbella-36375-O-768x511.jpg 768w, https:\/\/www.mncomunicacion.com\/wp-content\/uploads\/2022\/07\/079-peserico-boutique-puerto-banus-marbella-36375-O-1024x682.jpg 1024w\" sizes=\"(max-width: 300px) 100vw, 300px\" \/><\/a>\n\t\t\t<\/div><\/figure><figure class='gallery-item'>\n\t\t\t<div class='gallery-icon landscape'>\n\t\t\t\t<a href='https:\/\/www.mncomunicacion.com\/en\/events-en\/organisation-of-the-launch-event-of-peserico\/attachment\/080-peserico-boutique-puerto-banus-marbella-36375-o'><img loading=\"lazy\" decoding=\"async\" width=\"300\" height=\"200\" src=\"https:\/\/www.mncomunicacion.com\/wp-content\/uploads\/2022\/07\/080-peserico-boutique-puerto-banus-marbella-36375-O-300x200.jpg\" class=\"attachment-medium size-medium\" alt=\"\" srcset=\"https:\/\/www.mncomunicacion.com\/wp-content\/uploads\/2022\/07\/080-peserico-boutique-puerto-banus-marbella-36375-O-300x200.jpg 300w, https:\/\/www.mncomunicacion.com\/wp-content\/uploads\/2022\/07\/080-peserico-boutique-puerto-banus-marbella-36375-O-768x511.jpg 768w, https:\/\/www.mncomunicacion.com\/wp-content\/uploads\/2022\/07\/080-peserico-boutique-puerto-banus-marbella-36375-O-1024x682.jpg 1024w\" sizes=\"(max-width: 300px) 100vw, 300px\" \/><\/a>\n\t\t\t<\/div><\/figure><figure class='gallery-item'>\n\t\t\t<div class='gallery-icon portrait'>\n\t\t\t\t<a href='https:\/\/www.mncomunicacion.com\/en\/events-en\/organisation-of-the-launch-event-of-peserico\/attachment\/081-peserico-boutique-puerto-banus-marbella-36375-o'><img loading=\"lazy\" decoding=\"async\" width=\"200\" height=\"300\" src=\"https:\/\/www.mncomunicacion.com\/wp-content\/uploads\/2022\/07\/081-peserico-boutique-puerto-banus-marbella-36375-O-200x300.jpg\" class=\"attachment-medium size-medium\" alt=\"\" srcset=\"https:\/\/www.mncomunicacion.com\/wp-content\/uploads\/2022\/07\/081-peserico-boutique-puerto-banus-marbella-36375-O-200x300.jpg 200w, https:\/\/www.mncomunicacion.com\/wp-content\/uploads\/2022\/07\/081-peserico-boutique-puerto-banus-marbella-36375-O-768x1154.jpg 768w, https:\/\/www.mncomunicacion.com\/wp-content\/uploads\/2022\/07\/081-peserico-boutique-puerto-banus-marbella-36375-O-682x1024.jpg 682w, https:\/\/www.mncomunicacion.com\/wp-content\/uploads\/2022\/07\/081-peserico-boutique-puerto-banus-marbella-36375-O.jpg 1572w\" sizes=\"(max-width: 200px) 100vw, 200px\" \/><\/a>\n\t\t\t<\/div><\/figure><figure class='gallery-item'>\n\t\t\t<div class='gallery-icon portrait'>\n\t\t\t\t<a href='https:\/\/www.mncomunicacion.com\/en\/events-en\/organisation-of-the-launch-event-of-peserico\/attachment\/082-peserico-boutique-puerto-banus-marbella-36375-o'><img loading=\"lazy\" decoding=\"async\" width=\"200\" height=\"300\" src=\"https:\/\/www.mncomunicacion.com\/wp-content\/uploads\/2022\/07\/082-peserico-boutique-puerto-banus-marbella-36375-O-200x300.jpg\" class=\"attachment-medium size-medium\" alt=\"\" srcset=\"https:\/\/www.mncomunicacion.com\/wp-content\/uploads\/2022\/07\/082-peserico-boutique-puerto-banus-marbella-36375-O-200x300.jpg 200w, https:\/\/www.mncomunicacion.com\/wp-content\/uploads\/2022\/07\/082-peserico-boutique-puerto-banus-marbella-36375-O-768x1154.jpg 768w, https:\/\/www.mncomunicacion.com\/wp-content\/uploads\/2022\/07\/082-peserico-boutique-puerto-banus-marbella-36375-O-682x1024.jpg 682w, https:\/\/www.mncomunicacion.com\/wp-content\/uploads\/2022\/07\/082-peserico-boutique-puerto-banus-marbella-36375-O.jpg 1572w\" sizes=\"(max-width: 200px) 100vw, 200px\" \/><\/a>\n\t\t\t<\/div><\/figure><figure class='gallery-item'>\n\t\t\t<div class='gallery-icon portrait'>\n\t\t\t\t<a href='https:\/\/www.mncomunicacion.com\/en\/events-en\/organisation-of-the-launch-event-of-peserico\/attachment\/083-peserico-boutique-puerto-banus-marbella-36375-o'><img loading=\"lazy\" decoding=\"async\" width=\"200\" height=\"300\" src=\"https:\/\/www.mncomunicacion.com\/wp-content\/uploads\/2022\/07\/083-peserico-boutique-puerto-banus-marbella-36375-O-200x300.jpg\" class=\"attachment-medium size-medium\" alt=\"\" srcset=\"https:\/\/www.mncomunicacion.com\/wp-content\/uploads\/2022\/07\/083-peserico-boutique-puerto-banus-marbella-36375-O-200x300.jpg 200w, https:\/\/www.mncomunicacion.com\/wp-content\/uploads\/2022\/07\/083-peserico-boutique-puerto-banus-marbella-36375-O-768x1154.jpg 768w, https:\/\/www.mncomunicacion.com\/wp-content\/uploads\/2022\/07\/083-peserico-boutique-puerto-banus-marbella-36375-O-682x1024.jpg 682w, https:\/\/www.mncomunicacion.com\/wp-content\/uploads\/2022\/07\/083-peserico-boutique-puerto-banus-marbella-36375-O.jpg 1572w\" sizes=\"(max-width: 200px) 100vw, 200px\" \/><\/a>\n\t\t\t<\/div><\/figure><figure class='gallery-item'>\n\t\t\t<div class='gallery-icon landscape'>\n\t\t\t\t<a href='https:\/\/www.mncomunicacion.com\/en\/events-en\/organisation-of-the-launch-event-of-peserico\/attachment\/084-peserico-boutique-puerto-banus-marbella-36375-o'><img loading=\"lazy\" decoding=\"async\" width=\"300\" height=\"200\" src=\"https:\/\/www.mncomunicacion.com\/wp-content\/uploads\/2022\/07\/084-peserico-boutique-puerto-banus-marbella-36375-O-300x200.jpg\" class=\"attachment-medium size-medium\" alt=\"\" srcset=\"https:\/\/www.mncomunicacion.com\/wp-content\/uploads\/2022\/07\/084-peserico-boutique-puerto-banus-marbella-36375-O-300x200.jpg 300w, https:\/\/www.mncomunicacion.com\/wp-content\/uploads\/2022\/07\/084-peserico-boutique-puerto-banus-marbella-36375-O-768x511.jpg 768w, https:\/\/www.mncomunicacion.com\/wp-content\/uploads\/2022\/07\/084-peserico-boutique-puerto-banus-marbella-36375-O-1024x682.jpg 1024w\" sizes=\"(max-width: 300px) 100vw, 300px\" \/><\/a>\n\t\t\t<\/div><\/figure><figure class='gallery-item'>\n\t\t\t<div class='gallery-icon landscape'>\n\t\t\t\t<a href='https:\/\/www.mncomunicacion.com\/en\/events-en\/organisation-of-the-launch-event-of-peserico\/attachment\/085-peserico-boutique-puerto-banus-marbella-36375-o'><img loading=\"lazy\" decoding=\"async\" width=\"300\" height=\"200\" src=\"https:\/\/www.mncomunicacion.com\/wp-content\/uploads\/2022\/07\/085-peserico-boutique-puerto-banus-marbella-36375-O-300x200.jpg\" class=\"attachment-medium size-medium\" alt=\"\" srcset=\"https:\/\/www.mncomunicacion.com\/wp-content\/uploads\/2022\/07\/085-peserico-boutique-puerto-banus-marbella-36375-O-300x200.jpg 300w, https:\/\/www.mncomunicacion.com\/wp-content\/uploads\/2022\/07\/085-peserico-boutique-puerto-banus-marbella-36375-O-768x511.jpg 768w, https:\/\/www.mncomunicacion.com\/wp-content\/uploads\/2022\/07\/085-peserico-boutique-puerto-banus-marbella-36375-O-1024x682.jpg 1024w\" sizes=\"(max-width: 300px) 100vw, 300px\" \/><\/a>\n\t\t\t<\/div><\/figure><figure class='gallery-item'>\n\t\t\t<div class='gallery-icon landscape'>\n\t\t\t\t<a href='https:\/\/www.mncomunicacion.com\/en\/events-en\/organisation-of-the-launch-event-of-peserico\/attachment\/086-peserico-boutique-puerto-banus-marbella-36375-o'><img loading=\"lazy\" decoding=\"async\" width=\"300\" height=\"200\" src=\"https:\/\/www.mncomunicacion.com\/wp-content\/uploads\/2022\/07\/086-peserico-boutique-puerto-banus-marbella-36375-O-300x200.jpg\" class=\"attachment-medium size-medium\" alt=\"\" srcset=\"https:\/\/www.mncomunicacion.com\/wp-content\/uploads\/2022\/07\/086-peserico-boutique-puerto-banus-marbella-36375-O-300x200.jpg 300w, https:\/\/www.mncomunicacion.com\/wp-content\/uploads\/2022\/07\/086-peserico-boutique-puerto-banus-marbella-36375-O-768x511.jpg 768w, https:\/\/www.mncomunicacion.com\/wp-content\/uploads\/2022\/07\/086-peserico-boutique-puerto-banus-marbella-36375-O-1024x682.jpg 1024w\" sizes=\"(max-width: 300px) 100vw, 300px\" \/><\/a>\n\t\t\t<\/div><\/figure><figure class='gallery-item'>\n\t\t\t<div class='gallery-icon landscape'>\n\t\t\t\t<a href='https:\/\/www.mncomunicacion.com\/en\/events-en\/organisation-of-the-launch-event-of-peserico\/attachment\/087-peserico-boutique-puerto-banus-marbella-36375-o'><img loading=\"lazy\" decoding=\"async\" width=\"300\" height=\"200\" src=\"https:\/\/www.mncomunicacion.com\/wp-content\/uploads\/2022\/07\/087-peserico-boutique-puerto-banus-marbella-36375-O-300x200.jpg\" class=\"attachment-medium size-medium\" alt=\"\" srcset=\"https:\/\/www.mncomunicacion.com\/wp-content\/uploads\/2022\/07\/087-peserico-boutique-puerto-banus-marbella-36375-O-300x200.jpg 300w, https:\/\/www.mncomunicacion.com\/wp-content\/uploads\/2022\/07\/087-peserico-boutique-puerto-banus-marbella-36375-O-768x511.jpg 768w, https:\/\/www.mncomunicacion.com\/wp-content\/uploads\/2022\/07\/087-peserico-boutique-puerto-banus-marbella-36375-O-1024x682.jpg 1024w\" sizes=\"(max-width: 300px) 100vw, 300px\" \/><\/a>\n\t\t\t<\/div><\/figure><figure class='gallery-item'>\n\t\t\t<div class='gallery-icon portrait'>\n\t\t\t\t<a href='https:\/\/www.mncomunicacion.com\/en\/events-en\/organisation-of-the-launch-event-of-peserico\/attachment\/088-peserico-boutique-puerto-banus-marbella-36375-o'><img loading=\"lazy\" decoding=\"async\" width=\"200\" height=\"300\" src=\"https:\/\/www.mncomunicacion.com\/wp-content\/uploads\/2022\/07\/088-peserico-boutique-puerto-banus-marbella-36375-O-200x300.jpg\" class=\"attachment-medium size-medium\" alt=\"\" srcset=\"https:\/\/www.mncomunicacion.com\/wp-content\/uploads\/2022\/07\/088-peserico-boutique-puerto-banus-marbella-36375-O-200x300.jpg 200w, https:\/\/www.mncomunicacion.com\/wp-content\/uploads\/2022\/07\/088-peserico-boutique-puerto-banus-marbella-36375-O-768x1154.jpg 768w, https:\/\/www.mncomunicacion.com\/wp-content\/uploads\/2022\/07\/088-peserico-boutique-puerto-banus-marbella-36375-O-682x1024.jpg 682w, https:\/\/www.mncomunicacion.com\/wp-content\/uploads\/2022\/07\/088-peserico-boutique-puerto-banus-marbella-36375-O.jpg 1572w\" sizes=\"(max-width: 200px) 100vw, 200px\" \/><\/a>\n\t\t\t<\/div><\/figure><figure class='gallery-item'>\n\t\t\t<div class='gallery-icon landscape'>\n\t\t\t\t<a href='https:\/\/www.mncomunicacion.com\/en\/events-en\/organisation-of-the-launch-event-of-peserico\/attachment\/089-peserico-boutique-puerto-banus-marbella-36375-o'><img loading=\"lazy\" decoding=\"async\" width=\"300\" height=\"200\" src=\"https:\/\/www.mncomunicacion.com\/wp-content\/uploads\/2022\/07\/089-peserico-boutique-puerto-banus-marbella-36375-O-300x200.jpg\" class=\"attachment-medium size-medium\" alt=\"\" srcset=\"https:\/\/www.mncomunicacion.com\/wp-content\/uploads\/2022\/07\/089-peserico-boutique-puerto-banus-marbella-36375-O-300x200.jpg 300w, https:\/\/www.mncomunicacion.com\/wp-content\/uploads\/2022\/07\/089-peserico-boutique-puerto-banus-marbella-36375-O-768x511.jpg 768w, https:\/\/www.mncomunicacion.com\/wp-content\/uploads\/2022\/07\/089-peserico-boutique-puerto-banus-marbella-36375-O-1024x682.jpg 1024w\" sizes=\"(max-width: 300px) 100vw, 300px\" \/><\/a>\n\t\t\t<\/div><\/figure><figure class='gallery-item'>\n\t\t\t<div class='gallery-icon portrait'>\n\t\t\t\t<a href='https:\/\/www.mncomunicacion.com\/en\/events-en\/organisation-of-the-launch-event-of-peserico\/attachment\/090-peserico-boutique-puerto-banus-marbella-36375-o'><img loading=\"lazy\" decoding=\"async\" width=\"200\" height=\"300\" src=\"https:\/\/www.mncomunicacion.com\/wp-content\/uploads\/2022\/07\/090-peserico-boutique-puerto-banus-marbella-36375-O-200x300.jpg\" class=\"attachment-medium size-medium\" alt=\"\" srcset=\"https:\/\/www.mncomunicacion.com\/wp-content\/uploads\/2022\/07\/090-peserico-boutique-puerto-banus-marbella-36375-O-200x300.jpg 200w, https:\/\/www.mncomunicacion.com\/wp-content\/uploads\/2022\/07\/090-peserico-boutique-puerto-banus-marbella-36375-O-768x1154.jpg 768w, https:\/\/www.mncomunicacion.com\/wp-content\/uploads\/2022\/07\/090-peserico-boutique-puerto-banus-marbella-36375-O-682x1024.jpg 682w, https:\/\/www.mncomunicacion.com\/wp-content\/uploads\/2022\/07\/090-peserico-boutique-puerto-banus-marbella-36375-O.jpg 1572w\" sizes=\"(max-width: 200px) 100vw, 200px\" \/><\/a>\n\t\t\t<\/div><\/figure><figure class='gallery-item'>\n\t\t\t<div class='gallery-icon portrait'>\n\t\t\t\t<a href='https:\/\/www.mncomunicacion.com\/en\/events-en\/organisation-of-the-launch-event-of-peserico\/attachment\/091-peserico-boutique-puerto-banus-marbella-36375-o'><img loading=\"lazy\" decoding=\"async\" width=\"200\" height=\"300\" src=\"https:\/\/www.mncomunicacion.com\/wp-content\/uploads\/2022\/07\/091-peserico-boutique-puerto-banus-marbella-36375-O-200x300.jpg\" class=\"attachment-medium size-medium\" alt=\"\" srcset=\"https:\/\/www.mncomunicacion.com\/wp-content\/uploads\/2022\/07\/091-peserico-boutique-puerto-banus-marbella-36375-O-200x300.jpg 200w, https:\/\/www.mncomunicacion.com\/wp-content\/uploads\/2022\/07\/091-peserico-boutique-puerto-banus-marbella-36375-O-768x1154.jpg 768w, https:\/\/www.mncomunicacion.com\/wp-content\/uploads\/2022\/07\/091-peserico-boutique-puerto-banus-marbella-36375-O-682x1024.jpg 682w, https:\/\/www.mncomunicacion.com\/wp-content\/uploads\/2022\/07\/091-peserico-boutique-puerto-banus-marbella-36375-O.jpg 1572w\" sizes=\"(max-width: 200px) 100vw, 200px\" \/><\/a>\n\t\t\t<\/div><\/figure>\n\t\t<\/div>\n\n","protected":false},"excerpt":{"rendered":"<p>MN Comunicaci\u00f3n has been the agency repsonsable for the organisation of the inaugration celebration of Peserico in Puerto Banus. The event took place on the evening of the 30th of June.<\/p>\n","protected":false},"author":3,"featured_media":7855,"comment_status":"closed","ping_status":"closed","sticky":false,"template":"","format":"standard","meta":{"_exactmetrics_skip_tracking":false,"_exactmetrics_sitenote_active":false,"_exactmetrics_sitenote_note":"","_exactmetrics_sitenote_category":0,"footnotes":""},"categories":[556,486],"tags":[644],"class_list":["post-7885","post","type-post","status-publish","format-standard","has-post-thumbnail","hentry","category-eventos-en","category-events-en","tag-peserico-fashion-event-moda-production-celebration-puertobanus-luxury-influencer-italian-model-agenciadeeventos-evento-mncomunicacion-en"],"yoast_head":"<!-- This site is optimized with the Yoast SEO plugin v23.0 - https:\/\/yoast.com\/wordpress\/plugins\/seo\/ -->\n<title>Organisation of the launch event of Peserico | MN Comunicaci\u00f3n<\/title>\n<meta name=\"robots\" content=\"index, follow, max-snippet:-1, max-image-preview:large, max-video-preview:-1\" \/>\n<link rel=\"canonical\" href=\"https:\/\/www.mncomunicacion.com\/en\/events-en\/organisation-of-the-launch-event-of-peserico\" \/>\n<meta property=\"og:locale\" content=\"en_US\" \/>\n<meta property=\"og:type\" content=\"article\" \/>\n<meta property=\"og:title\" content=\"Organisation of the launch event of Peserico | MN Comunicaci\u00f3n\" \/>\n<meta property=\"og:description\" content=\"MN Comunicaci\u00f3n has been the agency repsonsable for the organisation of the inaugration celebration of Peserico in Puerto Banus. The event took place on the evening of the 30th of June.\" \/>\n<meta property=\"og:url\" content=\"https:\/\/www.mncomunicacion.com\/en\/events-en\/organisation-of-the-launch-event-of-peserico\" \/>\n<meta property=\"og:site_name\" content=\"MN Comunicaci\u00f3n\" \/>\n<meta property=\"article:publisher\" content=\"https:\/\/www.facebook.com\/marienoelle.escomunicacion\/\" \/>\n<meta property=\"article:published_time\" content=\"2022-07-05T09:23:27+00:00\" \/>\n<meta property=\"article:modified_time\" content=\"2022-07-06T09:21:16+00:00\" \/>\n<meta property=\"og:image\" content=\"https:\/\/www.mncomunicacion.com\/wp-content\/uploads\/2022\/07\/021-peserico-boutique-puerto-banus-marbella-ftz9126-36346-O.jpg\" \/>\n\t<meta property=\"og:image:width\" content=\"1440\" \/>\n\t<meta property=\"og:image:height\" content=\"958\" \/>\n\t<meta property=\"og:image:type\" content=\"image\/jpeg\" \/>\n<meta name=\"author\" content=\"Marie-No\u00eblle\" \/>\n<meta name=\"twitter:card\" content=\"summary_large_image\" \/>\n<meta name=\"twitter:creator\" content=\"@MNcomunicacion\" \/>\n<meta name=\"twitter:site\" content=\"@MNcomunicacion\" \/>\n<meta name=\"twitter:label1\" content=\"Written by\" \/>\n\t<meta name=\"twitter:data1\" content=\"Marie-No\u00eblle\" \/>\n<script type=\"application\/ld+json\" class=\"yoast-schema-graph\">{\"@context\":\"https:\/\/schema.org\",\"@graph\":[{\"@type\":\"Article\",\"@id\":\"https:\/\/www.mncomunicacion.com\/en\/events-en\/organisation-of-the-launch-event-of-peserico#article\",\"isPartOf\":{\"@id\":\"https:\/\/www.mncomunicacion.com\/en\/events-en\/organisation-of-the-launch-event-of-peserico\"},\"author\":{\"name\":\"Marie-No\u00eblle\",\"@id\":\"https:\/\/www.mncomunicacion.com\/#\/schema\/person\/70225cf35dfcd918c90eb1a00df42de9\"},\"headline\":\"Organisation of the launch event of Peserico\",\"datePublished\":\"2022-07-05T09:23:27+00:00\",\"dateModified\":\"2022-07-06T09:21:16+00:00\",\"mainEntityOfPage\":{\"@id\":\"https:\/\/www.mncomunicacion.com\/en\/events-en\/organisation-of-the-launch-event-of-peserico\"},\"wordCount\":43,\"publisher\":{\"@id\":\"https:\/\/www.mncomunicacion.com\/#organization\"},\"image\":{\"@id\":\"https:\/\/www.mncomunicacion.com\/en\/events-en\/organisation-of-the-launch-event-of-peserico#primaryimage\"},\"thumbnailUrl\":\"https:\/\/www.mncomunicacion.com\/wp-content\/uploads\/2022\/07\/021-peserico-boutique-puerto-banus-marbella-ftz9126-36346-O.jpg\",\"keywords\":[\"#peserico #fashion #event #moda #production #celebration #puertoban\u00fas #luxury #influencer #italian #model #agenciadeeventos #evento #mncomunicaci\u00f3n\"],\"articleSection\":[\"Eventos\",\"Events\"],\"inLanguage\":\"en-US\"},{\"@type\":\"WebPage\",\"@id\":\"https:\/\/www.mncomunicacion.com\/en\/events-en\/organisation-of-the-launch-event-of-peserico\",\"url\":\"https:\/\/www.mncomunicacion.com\/en\/events-en\/organisation-of-the-launch-event-of-peserico\",\"name\":\"Organisation of the launch event of Peserico | MN Comunicaci\u00f3n\",\"isPartOf\":{\"@id\":\"https:\/\/www.mncomunicacion.com\/#website\"},\"primaryImageOfPage\":{\"@id\":\"https:\/\/www.mncomunicacion.com\/en\/events-en\/organisation-of-the-launch-event-of-peserico#primaryimage\"},\"image\":{\"@id\":\"https:\/\/www.mncomunicacion.com\/en\/events-en\/organisation-of-the-launch-event-of-peserico#primaryimage\"},\"thumbnailUrl\":\"https:\/\/www.mncomunicacion.com\/wp-content\/uploads\/2022\/07\/021-peserico-boutique-puerto-banus-marbella-ftz9126-36346-O.jpg\",\"datePublished\":\"2022-07-05T09:23:27+00:00\",\"dateModified\":\"2022-07-06T09:21:16+00:00\",\"breadcrumb\":{\"@id\":\"https:\/\/www.mncomunicacion.com\/en\/events-en\/organisation-of-the-launch-event-of-peserico#breadcrumb\"},\"inLanguage\":\"en-US\",\"potentialAction\":[{\"@type\":\"ReadAction\",\"target\":[\"https:\/\/www.mncomunicacion.com\/en\/events-en\/organisation-of-the-launch-event-of-peserico\"]}]},{\"@type\":\"ImageObject\",\"inLanguage\":\"en-US\",\"@id\":\"https:\/\/www.mncomunicacion.com\/en\/events-en\/organisation-of-the-launch-event-of-peserico#primaryimage\",\"url\":\"https:\/\/www.mncomunicacion.com\/wp-content\/uploads\/2022\/07\/021-peserico-boutique-puerto-banus-marbella-ftz9126-36346-O.jpg\",\"contentUrl\":\"https:\/\/www.mncomunicacion.com\/wp-content\/uploads\/2022\/07\/021-peserico-boutique-puerto-banus-marbella-ftz9126-36346-O.jpg\",\"width\":1440,\"height\":958},{\"@type\":\"BreadcrumbList\",\"@id\":\"https:\/\/www.mncomunicacion.com\/en\/events-en\/organisation-of-the-launch-event-of-peserico#breadcrumb\",\"itemListElement\":[{\"@type\":\"ListItem\",\"position\":1,\"name\":\"Portada\",\"item\":\"https:\/\/www.mncomunicacion.com\/en\"},{\"@type\":\"ListItem\",\"position\":2,\"name\":\"Organisation of the launch event of Peserico\"}]},{\"@type\":\"WebSite\",\"@id\":\"https:\/\/www.mncomunicacion.com\/#website\",\"url\":\"https:\/\/www.mncomunicacion.com\/\",\"name\":\"MN Comunicaci\u00f3n\",\"description\":\"Agencia de Comunicaci\u00f3n y Organizaci\u00f3n de Eventos en Marbella\",\"publisher\":{\"@id\":\"https:\/\/www.mncomunicacion.com\/#organization\"},\"potentialAction\":[{\"@type\":\"SearchAction\",\"target\":{\"@type\":\"EntryPoint\",\"urlTemplate\":\"https:\/\/www.mncomunicacion.com\/?s={search_term_string}\"},\"query-input\":\"required name=search_term_string\"}],\"inLanguage\":\"en-US\"},{\"@type\":\"Organization\",\"@id\":\"https:\/\/www.mncomunicacion.com\/#organization\",\"name\":\"MN COMUNICACI\u00d3N\",\"url\":\"https:\/\/www.mncomunicacion.com\/\",\"logo\":{\"@type\":\"ImageObject\",\"inLanguage\":\"en-US\",\"@id\":\"https:\/\/www.mncomunicacion.com\/#\/schema\/logo\/image\/\",\"url\":\"https:\/\/www.mncomunicacion.com\/wp-content\/uploads\/2019\/05\/logo.png\",\"contentUrl\":\"https:\/\/www.mncomunicacion.com\/wp-content\/uploads\/2019\/05\/logo.png\",\"width\":150,\"height\":150,\"caption\":\"MN COMUNICACI\u00d3N\"},\"image\":{\"@id\":\"https:\/\/www.mncomunicacion.com\/#\/schema\/logo\/image\/\"},\"sameAs\":[\"https:\/\/www.facebook.com\/marienoelle.escomunicacion\/\",\"https:\/\/x.com\/MNcomunicacion\",\"https:\/\/www.linkedin.com\/company\/marie-no-lle-es-comunicaci-n\/\",\"https:\/\/www.youtube.com\/channel\/UCnHVdXKiLf30LsIfV8k0xIQ\"]},{\"@type\":\"Person\",\"@id\":\"https:\/\/www.mncomunicacion.com\/#\/schema\/person\/70225cf35dfcd918c90eb1a00df42de9\",\"name\":\"Marie-No\u00eblle\"}]}<\/script>\n<!-- \/ Yoast SEO plugin. -->","yoast_head_json":{"title":"Organisation of the launch event of Peserico | MN Comunicaci\u00f3n","robots":{"index":"index","follow":"follow","max-snippet":"max-snippet:-1","max-image-preview":"max-image-preview:large","max-video-preview":"max-video-preview:-1"},"canonical":"https:\/\/www.mncomunicacion.com\/en\/events-en\/organisation-of-the-launch-event-of-peserico","og_locale":"en_US","og_type":"article","og_title":"Organisation of the launch event of Peserico | MN Comunicaci\u00f3n","og_description":"MN Comunicaci\u00f3n has been the agency repsonsable for the organisation of the inaugration celebration of Peserico in Puerto Banus. The event took place on the evening of the 30th of June.","og_url":"https:\/\/www.mncomunicacion.com\/en\/events-en\/organisation-of-the-launch-event-of-peserico","og_site_name":"MN Comunicaci\u00f3n","article_publisher":"https:\/\/www.facebook.com\/marienoelle.escomunicacion\/","article_published_time":"2022-07-05T09:23:27+00:00","article_modified_time":"2022-07-06T09:21:16+00:00","og_image":[{"width":1440,"height":958,"url":"https:\/\/www.mncomunicacion.com\/wp-content\/uploads\/2022\/07\/021-peserico-boutique-puerto-banus-marbella-ftz9126-36346-O.jpg","type":"image\/jpeg"}],"author":"Marie-No\u00eblle","twitter_card":"summary_large_image","twitter_creator":"@MNcomunicacion","twitter_site":"@MNcomunicacion","twitter_misc":{"Written by":"Marie-No\u00eblle"},"schema":{"@context":"https:\/\/schema.org","@graph":[{"@type":"Article","@id":"https:\/\/www.mncomunicacion.com\/en\/events-en\/organisation-of-the-launch-event-of-peserico#article","isPartOf":{"@id":"https:\/\/www.mncomunicacion.com\/en\/events-en\/organisation-of-the-launch-event-of-peserico"},"author":{"name":"Marie-No\u00eblle","@id":"https:\/\/www.mncomunicacion.com\/#\/schema\/person\/70225cf35dfcd918c90eb1a00df42de9"},"headline":"Organisation of the launch event of Peserico","datePublished":"2022-07-05T09:23:27+00:00","dateModified":"2022-07-06T09:21:16+00:00","mainEntityOfPage":{"@id":"https:\/\/www.mncomunicacion.com\/en\/events-en\/organisation-of-the-launch-event-of-peserico"},"wordCount":43,"publisher":{"@id":"https:\/\/www.mncomunicacion.com\/#organization"},"image":{"@id":"https:\/\/www.mncomunicacion.com\/en\/events-en\/organisation-of-the-launch-event-of-peserico#primaryimage"},"thumbnailUrl":"https:\/\/www.mncomunicacion.com\/wp-content\/uploads\/2022\/07\/021-peserico-boutique-puerto-banus-marbella-ftz9126-36346-O.jpg","keywords":["#peserico #fashion #event #moda #production #celebration #puertoban\u00fas #luxury #influencer #italian #model #agenciadeeventos #evento #mncomunicaci\u00f3n"],"articleSection":["Eventos","Events"],"inLanguage":"en-US"},{"@type":"WebPage","@id":"https:\/\/www.mncomunicacion.com\/en\/events-en\/organisation-of-the-launch-event-of-peserico","url":"https:\/\/www.mncomunicacion.com\/en\/events-en\/organisation-of-the-launch-event-of-peserico","name":"Organisation of the launch event of Peserico | MN Comunicaci\u00f3n","isPartOf":{"@id":"https:\/\/www.mncomunicacion.com\/#website"},"primaryImageOfPage":{"@id":"https:\/\/www.mncomunicacion.com\/en\/events-en\/organisation-of-the-launch-event-of-peserico#primaryimage"},"image":{"@id":"https:\/\/www.mncomunicacion.com\/en\/events-en\/organisation-of-the-launch-event-of-peserico#primaryimage"},"thumbnailUrl":"https:\/\/www.mncomunicacion.com\/wp-content\/uploads\/2022\/07\/021-peserico-boutique-puerto-banus-marbella-ftz9126-36346-O.jpg","datePublished":"2022-07-05T09:23:27+00:00","dateModified":"2022-07-06T09:21:16+00:00","breadcrumb":{"@id":"https:\/\/www.mncomunicacion.com\/en\/events-en\/organisation-of-the-launch-event-of-peserico#breadcrumb"},"inLanguage":"en-US","potentialAction":[{"@type":"ReadAction","target":["https:\/\/www.mncomunicacion.com\/en\/events-en\/organisation-of-the-launch-event-of-peserico"]}]},{"@type":"ImageObject","inLanguage":"en-US","@id":"https:\/\/www.mncomunicacion.com\/en\/events-en\/organisation-of-the-launch-event-of-peserico#primaryimage","url":"https:\/\/www.mncomunicacion.com\/wp-content\/uploads\/2022\/07\/021-peserico-boutique-puerto-banus-marbella-ftz9126-36346-O.jpg","contentUrl":"https:\/\/www.mncomunicacion.com\/wp-content\/uploads\/2022\/07\/021-peserico-boutique-puerto-banus-marbella-ftz9126-36346-O.jpg","width":1440,"height":958},{"@type":"BreadcrumbList","@id":"https:\/\/www.mncomunicacion.com\/en\/events-en\/organisation-of-the-launch-event-of-peserico#breadcrumb","itemListElement":[{"@type":"ListItem","position":1,"name":"Portada","item":"https:\/\/www.mncomunicacion.com\/en"},{"@type":"ListItem","position":2,"name":"Organisation of the launch event of Peserico"}]},{"@type":"WebSite","@id":"https:\/\/www.mncomunicacion.com\/#website","url":"https:\/\/www.mncomunicacion.com\/","name":"MN Comunicaci\u00f3n","description":"Agencia de Comunicaci\u00f3n y Organizaci\u00f3n de Eventos en Marbella","publisher":{"@id":"https:\/\/www.mncomunicacion.com\/#organization"},"potentialAction":[{"@type":"SearchAction","target":{"@type":"EntryPoint","urlTemplate":"https:\/\/www.mncomunicacion.com\/?s={search_term_string}"},"query-input":"required name=search_term_string"}],"inLanguage":"en-US"},{"@type":"Organization","@id":"https:\/\/www.mncomunicacion.com\/#organization","name":"MN COMUNICACI\u00d3N","url":"https:\/\/www.mncomunicacion.com\/","logo":{"@type":"ImageObject","inLanguage":"en-US","@id":"https:\/\/www.mncomunicacion.com\/#\/schema\/logo\/image\/","url":"https:\/\/www.mncomunicacion.com\/wp-content\/uploads\/2019\/05\/logo.png","contentUrl":"https:\/\/www.mncomunicacion.com\/wp-content\/uploads\/2019\/05\/logo.png","width":150,"height":150,"caption":"MN COMUNICACI\u00d3N"},"image":{"@id":"https:\/\/www.mncomunicacion.com\/#\/schema\/logo\/image\/"},"sameAs":["https:\/\/www.facebook.com\/marienoelle.escomunicacion\/","https:\/\/x.com\/MNcomunicacion","https:\/\/www.linkedin.com\/company\/marie-no-lle-es-comunicaci-n\/","https:\/\/www.youtube.com\/channel\/UCnHVdXKiLf30LsIfV8k0xIQ"]},{"@type":"Person","@id":"https:\/\/www.mncomunicacion.com\/#\/schema\/person\/70225cf35dfcd918c90eb1a00df42de9","name":"Marie-No\u00eblle"}]}},"_links":{"self":[{"href":"https:\/\/www.mncomunicacion.com\/en\/wp-json\/wp\/v2\/posts\/7885"}],"collection":[{"href":"https:\/\/www.mncomunicacion.com\/en\/wp-json\/wp\/v2\/posts"}],"about":[{"href":"https:\/\/www.mncomunicacion.com\/en\/wp-json\/wp\/v2\/types\/post"}],"author":[{"embeddable":true,"href":"https:\/\/www.mncomunicacion.com\/en\/wp-json\/wp\/v2\/users\/3"}],"replies":[{"embeddable":true,"href":"https:\/\/www.mncomunicacion.com\/en\/wp-json\/wp\/v2\/comments?post=7885"}],"version-history":[{"count":3,"href":"https:\/\/www.mncomunicacion.com\/en\/wp-json\/wp\/v2\/posts\/7885\/revisions"}],"predecessor-version":[{"id":8068,"href":"https:\/\/www.mncomunicacion.com\/en\/wp-json\/wp\/v2\/posts\/7885\/revisions\/8068"}],"wp:featuredmedia":[{"embeddable":true,"href":"https:\/\/www.mncomunicacion.com\/en\/wp-json\/wp\/v2\/media\/7855"}],"wp:attachment":[{"href":"https:\/\/www.mncomunicacion.com\/en\/wp-json\/wp\/v2\/media?parent=7885"}],"wp:term":[{"taxonomy":"category","embeddable":true,"href":"https:\/\/www.mncomunicacion.com\/en\/wp-json\/wp\/v2\/categories?post=7885"},{"taxonomy":"post_tag","embeddable":true,"href":"https:\/\/www.mncomunicacion.com\/en\/wp-json\/wp\/v2\/tags?post=7885"}],"curies":[{"name":"wp","href":"https:\/\/api.w.org\/{rel}","templated":true}]}}