{"id":7543,"date":"2021-11-26T10:59:19","date_gmt":"2021-11-26T10:59:19","guid":{"rendered":"https:\/\/www.mncomunicacion.com\/?p=7543"},"modified":"2021-11-26T10:59:57","modified_gmt":"2021-11-26T10:59:57","slug":"for-the-first-time-in-its-history-marbella-has-an-international-french-school-led-by-efim","status":"publish","type":"post","link":"https:\/\/www.mncomunicacion.com\/en\/https-www-mncomunicacion-com-en-gabinete-de-prensa\/for-the-first-time-in-its-history-marbella-has-an-international-french-school-led-by-efim","title":{"rendered":"For the first time in its history, Marbella has an international French school led by efim"},"content":{"rendered":"<p style=\"text-align: center;\"><strong><em>The school offers for the first time a new trilingual education system based on the French educational programme and active pedagogical hybridisation<\/em><\/strong><\/p>\n<p><em>\u00a0<\/em><strong>Marbella, 26th November 2021_<\/strong> Carmen D\u00edaz, Director of Culture and Education, and Remedios Bocanegra, Delegate for Foreign Residents of the Marbella Town Hall, were present yesterday at the official inauguration of <strong>efim <\/strong>yesterday (\u00c9cole Fran\u00e7aise Internationale de Marbella), the first French educational centre in the city of Marbella, second in the province of Malaga and third in the whole of Andalusia. With this gesture, the city council had made clear its support for the expansion of the educational offer in the area and more specifically for French education with its arrival in the city for the first time. <em>&#8220;The opening of the \u00c9cole Francaise Internationale de Marbella consolidates the excellence of our city in the educational field. It adds to the important number of international schools that Marbella has, thus expanding the educational offer in a city as cosmopolitan and international as ours,&#8221;<\/em> said Bocanegra.<\/p>\n<p>They were joined by Vincent Perrot, Deputy Cultural Counsellor of the Cooperation Service and Cultural Action of the French Embassy in France, who highlighted <em>\u201cthe importance of this new school, which now joins the network of 540 French schools in 130 countries. The originality of <strong>efim <\/strong>lies in teaching in three languages (French, Spanish and English) based on a system that seeks the best way for a student to learn, and at the same time to develop personally as members of a globalised world\u201d.<\/em> The opening of the centre was also supported by the Deputy of the French Abroad for Spain and Portugal, St\u00e9phane Vojetta, who valued <em>\u201cthe opening of a French centre in Marbella as an additional attraction for the city, and commented that among the 350,000 students that the network centres have in the world, the majority of the students are not French, so the spread of the French language in the world is a great source of pride for France\u201d<\/em>.<\/p>\n<p>The school, which opened its doors this year in September, with the support of the AEFE (Agency for French Teaching Abroad), is located in the heart of Marbella and has more than seventy students. Its scope currently covers nursery and primary students, although it plans to expand to secondary school in the near future.<\/p>\n<p>Its educational system consists of using a trilingual method (French, Spanish and English) that focuses on pedagogical hybridization. The new teaching model was created by the founders of the school, Rub\u00ed Cort\u00e9s (Head Teacher) y Philippe de Carlos (Pedagogy Director), and they based <strong>efim <\/strong>on four fundamental pillars: first, a holistic vision of education that combines the most useful of traditional education with the Montessori, Freinet, Gattegno y Feuerstein methods. Next is trilingualism, the happiness and well-being of children and finally the digital and scientific culture.<\/p>\n<p>Philippe de Carlos states: <em>\u201cThe French-speaking community in Marbella has grown exponentially in recent years and it was, therefore, essential to have a French education centre in the area. As UNESCO states, education is a major stake and a human right for all. Learning is not enough. Our intelligence is not what we know but what we do with what we don\u2019t know\u201d<\/em>.\u00a0 In this way, they pursue a \u2018learn to learn\u2019 experience, that is to say, that everything the students\u2019 study helps them to develop their intelligence, and therefore be able to apply it in their adult life as citizens of the world. Among their most innovative extracurricular activities, ones that stand out are meditation, emotion management, yoga, etc.<\/p>\n<p>\u201c<em>The objective was to do something that I believed would aid in the education of children, to make them citizens of the world and responsible adults through a more humanistic vision\u201d<\/em>, states Rub\u00ed Cort\u00e9s, who associated the new school with the AEFE network (Agence pour l&#8217;enseignement fran\u00e7ais \u00e0 l&#8217;\u00e9tranger) and positioned it in the process of homologation by the French Ministry of Education.<\/p>\n<p>As a result of the implementation of working from home, Marbella has experienced a considerable increase in the foreign populations that prefers the benefits of the city to other more inhospitable environments. Many French-speaking families have been drawn to the school <strong>efim <\/strong>and as a result, they have decided to settle in Marbella, fleeing the sanitary restrictions imposed by France and Morocco for example. Due to this, the centre is receiving an increasing amount of demand from the French-speaking community in Marbella and its surroundings.<\/p>\n<p><strong><u>About efim:<\/u><\/strong><\/p>\n<p><strong>efim <\/strong>is a nursery and primary school that offers an innovative trilingual education built on the hybridization of active pedagogies and in line with the French national educational program. Located on Calle Jacinto Benavente in Marbella, it ranges from kindergarten to elementary school but with a vision of an early expansion to other higher grades.<\/p>\n<p>Founded by Rubi Cort\u00e9s and Philippe de Carlos after more than 10 years of research and study, the objective of <strong>efim <\/strong>is to provide the new generation with a humanistic, benevolent, dynamic, positive, creative, agile and persevering spirit.<\/p>\n<p><a href=\"http:\/\/www.efimarbella.com\">www.efimarbella.com<\/a><\/p>\n<p>&nbsp;<\/p>\n<p>Jennifer Sierra-Pendergrast<\/p>\n<p><strong><em>Email: <\/em><\/strong><a href=\"mailto:comunicacion@mncomunicacion.com\">comunicacion@mncomunicacion.com<\/a><\/p>\n<p><strong><em>Telephone:<\/em><\/strong><strong> 952 908 343<\/strong><\/p>\n<p><a href=\"http:\/\/www.mncomunicacion.com\"><strong>www.mncomunicacion.com<\/strong><\/a><\/p>\n","protected":false},"excerpt":{"rendered":"<p>The school offers for the first time a new trilingual education system based on the French educational programme and active pedagogical hybridisation \u00a0Marbella, 26th November 2021_ Carmen D\u00edaz, Director of Culture and Education, and Remedios Bocanegra, Delegate for Foreign Residents of the Marbella Town Hall, were present yesterday at the official inauguration of efim yesterday (\u00c9cole Fran\u00e7aise Internationale de Marbella), the first French educational centre in the city of Marbella, second in the province of Malaga and third in the whole of Andalusia. With this gesture, the city council had made clear its support for the expansion of the educational offer in the area and more specifically for French education with its arrival in the city for the first time. &#8220;The opening of the \u00c9cole Francaise Internationale de Marbella consolidates the excellence of our city in the educational field. It adds to the important number of international schools that Marbella has, thus expanding the educational offer in a city as cosmopolitan and international as ours,&#8221; said Bocanegra. They were joined by Vincent Perrot, Deputy Cultural Counsellor of the Cooperation Service and Cultural Action of the French Embassy in France, who highlighted \u201cthe importance of this new school, which now joins the network of 540 French schools in 130 countries. The originality of efim lies in teaching in three languages (French, Spanish and English) based on a system that seeks the best way for a student to learn, and at the same time to develop personally as members of a globalised world\u201d. The opening of the centre was also supported by the Deputy of the French Abroad for Spain and Portugal, St\u00e9phane Vojetta, who valued \u201cthe opening of a French centre in Marbella as an additional attraction for the city, and commented that among the 350,000 students that the network centres have in the world, the majority of the students are not French, so the spread of the French language in the world is a great source of pride for France\u201d. The school, which opened its doors this year in September, with the support of the AEFE (Agency for French Teaching Abroad), is located in the heart of Marbella and has more than seventy students. Its scope currently covers nursery and primary students, although it plans to expand to secondary school in the near future. Its educational system consists of using a trilingual method (French, Spanish and English) that focuses on pedagogical hybridization. The new teaching model was created by the founders of the school, Rub\u00ed Cort\u00e9s (Head Teacher) y Philippe de Carlos (Pedagogy Director), and they based efim on four fundamental pillars: first, a holistic vision of education that combines the most useful of traditional education with the Montessori, Freinet, Gattegno y Feuerstein methods. Next is trilingualism, the happiness and well-being of children and finally the digital and scientific culture. Philippe de Carlos states: \u201cThe French-speaking community in Marbella has grown exponentially in recent years and it was, therefore, essential to have a French education centre in the area. As UNESCO states, education is a major stake and a human right for all. Learning is not enough. Our intelligence is not what we know but what we do with what we don\u2019t know\u201d.\u00a0 In this way, they pursue a \u2018learn to learn\u2019 experience, that is to say, that everything the students\u2019 study helps them to develop their intelligence, and therefore be able to apply it in their adult life as citizens of the world. Among their most innovative extracurricular activities, ones that stand out are meditation, emotion management, yoga, etc. \u201cThe objective was to do something that I believed would aid in the education of children, to make them citizens of the world and responsible adults through a more humanistic vision\u201d, states Rub\u00ed Cort\u00e9s, who associated the new school with the AEFE network (Agence pour l&#8217;enseignement fran\u00e7ais \u00e0 l&#8217;\u00e9tranger) and positioned it in the process of homologation by the French Ministry of Education. As a result of the implementation of working from home, Marbella has experienced a considerable increase in the foreign populations that prefers the benefits of the city to other more inhospitable environments. Many French-speaking families have been drawn to the school efim and as a result, they have decided to settle in Marbella, fleeing the sanitary restrictions imposed by France and Morocco for example. Due to this, the centre is receiving an increasing amount of demand from the French-speaking community in Marbella and its surroundings. About efim: efim is a nursery and primary school that offers an innovative trilingual education built on the hybridization of active pedagogies and in line with the French national educational program. Located on Calle Jacinto Benavente in Marbella, it ranges from kindergarten to elementary school but with a vision of an early expansion to other higher grades. Founded by Rubi Cort\u00e9s and Philippe de Carlos after more than 10 years of research and study, the objective of efim is to provide the new generation with a humanistic, benevolent, dynamic, positive, creative, agile and persevering spirit. www.efimarbella.com &nbsp; Jennifer Sierra-Pendergrast Email: comunicacion@mncomunicacion.com Telephone: 952 908 343 www.mncomunicacion.com<\/p>\n","protected":false},"author":3,"featured_media":7540,"comment_status":"closed","ping_status":"closed","sticky":false,"template":"","format":"standard","meta":{"_exactmetrics_skip_tracking":false,"_exactmetrics_sitenote_active":false,"_exactmetrics_sitenote_note":"","_exactmetrics_sitenote_category":0,"footnotes":""},"categories":[565,392],"tags":[618],"class_list":["post-7543","post","type-post","status-publish","format-standard","has-post-thumbnail","hentry","category-https-www-mncomunicacion-com-en-gabinete-de-prensa","category-press-en-en","tag-french-school-marbella-education-in-french-french-embassy"],"yoast_head":"<!-- This site is optimized with the Yoast SEO plugin v23.0 - https:\/\/yoast.com\/wordpress\/plugins\/seo\/ -->\n<title>For the first time in its history, Marbella has an international French school led by efim | MN Comunicaci\u00f3n<\/title>\n<meta name=\"robots\" content=\"index, follow, max-snippet:-1, max-image-preview:large, max-video-preview:-1\" \/>\n<link rel=\"canonical\" href=\"https:\/\/www.mncomunicacion.com\/en\/https-www-mncomunicacion-com-en-gabinete-de-prensa\/for-the-first-time-in-its-history-marbella-has-an-international-french-school-led-by-efim\" \/>\n<meta property=\"og:locale\" content=\"en_US\" \/>\n<meta property=\"og:type\" content=\"article\" \/>\n<meta property=\"og:title\" content=\"For the first time in its history, Marbella has an international French school led by efim | MN Comunicaci\u00f3n\" \/>\n<meta property=\"og:description\" content=\"The school offers for the first time a new trilingual education system based on the French educational programme and active pedagogical hybridisation \u00a0Marbella, 26th November 2021_ Carmen D\u00edaz, Director of Culture and Education, and Remedios Bocanegra, Delegate for Foreign Residents of the Marbella Town Hall, were present yesterday at the official inauguration of efim yesterday (\u00c9cole Fran\u00e7aise Internationale de Marbella), the first French educational centre in the city of Marbella, second in the province of Malaga and third in the whole of Andalusia. With this gesture, the city council had made clear its support for the expansion of the educational offer in the area and more specifically for French education with its arrival in the city for the first time. &#8220;The opening of the \u00c9cole Francaise Internationale de Marbella consolidates the excellence of our city in the educational field. It adds to the important number of international schools that Marbella has, thus expanding the educational offer in a city as cosmopolitan and international as ours,&#8221; said Bocanegra. They were joined by Vincent Perrot, Deputy Cultural Counsellor of the Cooperation Service and Cultural Action of the French Embassy in France, who highlighted \u201cthe importance of this new school, which now joins the network of 540 French schools in 130 countries. The originality of efim lies in teaching in three languages (French, Spanish and English) based on a system that seeks the best way for a student to learn, and at the same time to develop personally as members of a globalised world\u201d. The opening of the centre was also supported by the Deputy of the French Abroad for Spain and Portugal, St\u00e9phane Vojetta, who valued \u201cthe opening of a French centre in Marbella as an additional attraction for the city, and commented that among the 350,000 students that the network centres have in the world, the majority of the students are not French, so the spread of the French language in the world is a great source of pride for France\u201d. The school, which opened its doors this year in September, with the support of the AEFE (Agency for French Teaching Abroad), is located in the heart of Marbella and has more than seventy students. Its scope currently covers nursery and primary students, although it plans to expand to secondary school in the near future. Its educational system consists of using a trilingual method (French, Spanish and English) that focuses on pedagogical hybridization. The new teaching model was created by the founders of the school, Rub\u00ed Cort\u00e9s (Head Teacher) y Philippe de Carlos (Pedagogy Director), and they based efim on four fundamental pillars: first, a holistic vision of education that combines the most useful of traditional education with the Montessori, Freinet, Gattegno y Feuerstein methods. Next is trilingualism, the happiness and well-being of children and finally the digital and scientific culture. Philippe de Carlos states: \u201cThe French-speaking community in Marbella has grown exponentially in recent years and it was, therefore, essential to have a French education centre in the area. As UNESCO states, education is a major stake and a human right for all. Learning is not enough. Our intelligence is not what we know but what we do with what we don\u2019t know\u201d.\u00a0 In this way, they pursue a \u2018learn to learn\u2019 experience, that is to say, that everything the students\u2019 study helps them to develop their intelligence, and therefore be able to apply it in their adult life as citizens of the world. Among their most innovative extracurricular activities, ones that stand out are meditation, emotion management, yoga, etc. \u201cThe objective was to do something that I believed would aid in the education of children, to make them citizens of the world and responsible adults through a more humanistic vision\u201d, states Rub\u00ed Cort\u00e9s, who associated the new school with the AEFE network (Agence pour l&#8217;enseignement fran\u00e7ais \u00e0 l&#8217;\u00e9tranger) and positioned it in the process of homologation by the French Ministry of Education. As a result of the implementation of working from home, Marbella has experienced a considerable increase in the foreign populations that prefers the benefits of the city to other more inhospitable environments. Many French-speaking families have been drawn to the school efim and as a result, they have decided to settle in Marbella, fleeing the sanitary restrictions imposed by France and Morocco for example. Due to this, the centre is receiving an increasing amount of demand from the French-speaking community in Marbella and its surroundings. About efim: efim is a nursery and primary school that offers an innovative trilingual education built on the hybridization of active pedagogies and in line with the French national educational program. Located on Calle Jacinto Benavente in Marbella, it ranges from kindergarten to elementary school but with a vision of an early expansion to other higher grades. Founded by Rubi Cort\u00e9s and Philippe de Carlos after more than 10 years of research and study, the objective of efim is to provide the new generation with a humanistic, benevolent, dynamic, positive, creative, agile and persevering spirit. www.efimarbella.com &nbsp; Jennifer Sierra-Pendergrast Email: comunicacion@mncomunicacion.com Telephone: 952 908 343 www.mncomunicacion.com\" \/>\n<meta property=\"og:url\" content=\"https:\/\/www.mncomunicacion.com\/en\/https-www-mncomunicacion-com-en-gabinete-de-prensa\/for-the-first-time-in-its-history-marbella-has-an-international-french-school-led-by-efim\" \/>\n<meta property=\"og:site_name\" content=\"MN Comunicaci\u00f3n\" \/>\n<meta property=\"article:publisher\" content=\"https:\/\/www.facebook.com\/marienoelle.escomunicacion\/\" \/>\n<meta property=\"article:published_time\" content=\"2021-11-26T10:59:19+00:00\" \/>\n<meta property=\"article:modified_time\" content=\"2021-11-26T10:59:57+00:00\" \/>\n<meta property=\"og:image\" content=\"https:\/\/www.mncomunicacion.com\/wp-content\/uploads\/2021\/11\/Vincent-Perrot-St\u00e9phane-Vojetta-Rub\u00ed-Cort\u00e9s-Philippe-de-Carlos-Carmen-D\u00edaz-Juan-Jos\u00e9-Gonz\u00e1lez-Remedios-Bocanegra-1024x683.jpg\" \/>\n\t<meta property=\"og:image:width\" content=\"1024\" \/>\n\t<meta property=\"og:image:height\" content=\"683\" \/>\n\t<meta property=\"og:image:type\" content=\"image\/jpeg\" \/>\n<meta name=\"author\" content=\"Marie-No\u00eblle\" \/>\n<meta name=\"twitter:card\" content=\"summary_large_image\" \/>\n<meta name=\"twitter:creator\" content=\"@MNcomunicacion\" \/>\n<meta name=\"twitter:site\" content=\"@MNcomunicacion\" \/>\n<meta name=\"twitter:label1\" content=\"Written by\" \/>\n\t<meta name=\"twitter:data1\" content=\"Marie-No\u00eblle\" \/>\n\t<meta name=\"twitter:label2\" content=\"Est. reading time\" \/>\n\t<meta name=\"twitter:data2\" content=\"4 minutes\" \/>\n<script type=\"application\/ld+json\" class=\"yoast-schema-graph\">{\"@context\":\"https:\/\/schema.org\",\"@graph\":[{\"@type\":\"Article\",\"@id\":\"https:\/\/www.mncomunicacion.com\/en\/https-www-mncomunicacion-com-en-gabinete-de-prensa\/for-the-first-time-in-its-history-marbella-has-an-international-french-school-led-by-efim#article\",\"isPartOf\":{\"@id\":\"https:\/\/www.mncomunicacion.com\/en\/https-www-mncomunicacion-com-en-gabinete-de-prensa\/for-the-first-time-in-its-history-marbella-has-an-international-french-school-led-by-efim\"},\"author\":{\"name\":\"Marie-No\u00eblle\",\"@id\":\"https:\/\/www.mncomunicacion.com\/#\/schema\/person\/70225cf35dfcd918c90eb1a00df42de9\"},\"headline\":\"For the first time in its history, Marbella has an international French school led by efim\",\"datePublished\":\"2021-11-26T10:59:19+00:00\",\"dateModified\":\"2021-11-26T10:59:57+00:00\",\"mainEntityOfPage\":{\"@id\":\"https:\/\/www.mncomunicacion.com\/en\/https-www-mncomunicacion-com-en-gabinete-de-prensa\/for-the-first-time-in-its-history-marbella-has-an-international-french-school-led-by-efim\"},\"wordCount\":866,\"publisher\":{\"@id\":\"https:\/\/www.mncomunicacion.com\/#organization\"},\"image\":{\"@id\":\"https:\/\/www.mncomunicacion.com\/en\/https-www-mncomunicacion-com-en-gabinete-de-prensa\/for-the-first-time-in-its-history-marbella-has-an-international-french-school-led-by-efim#primaryimage\"},\"thumbnailUrl\":\"https:\/\/www.mncomunicacion.com\/wp-content\/uploads\/2021\/11\/Vincent-Perrot-St\u00e9phane-Vojetta-Rub\u00ed-Cort\u00e9s-Philippe-de-Carlos-Carmen-D\u00edaz-Juan-Jos\u00e9-Gonz\u00e1lez-Remedios-Bocanegra.jpg\",\"keywords\":[\"french school; marbella; education in french; French embassy\"],\"articleSection\":[\"Communication\",\"Press\"],\"inLanguage\":\"en-US\"},{\"@type\":\"WebPage\",\"@id\":\"https:\/\/www.mncomunicacion.com\/en\/https-www-mncomunicacion-com-en-gabinete-de-prensa\/for-the-first-time-in-its-history-marbella-has-an-international-french-school-led-by-efim\",\"url\":\"https:\/\/www.mncomunicacion.com\/en\/https-www-mncomunicacion-com-en-gabinete-de-prensa\/for-the-first-time-in-its-history-marbella-has-an-international-french-school-led-by-efim\",\"name\":\"For the first time in its history, Marbella has an international French school led by efim | MN Comunicaci\u00f3n\",\"isPartOf\":{\"@id\":\"https:\/\/www.mncomunicacion.com\/#website\"},\"primaryImageOfPage\":{\"@id\":\"https:\/\/www.mncomunicacion.com\/en\/https-www-mncomunicacion-com-en-gabinete-de-prensa\/for-the-first-time-in-its-history-marbella-has-an-international-french-school-led-by-efim#primaryimage\"},\"image\":{\"@id\":\"https:\/\/www.mncomunicacion.com\/en\/https-www-mncomunicacion-com-en-gabinete-de-prensa\/for-the-first-time-in-its-history-marbella-has-an-international-french-school-led-by-efim#primaryimage\"},\"thumbnailUrl\":\"https:\/\/www.mncomunicacion.com\/wp-content\/uploads\/2021\/11\/Vincent-Perrot-St\u00e9phane-Vojetta-Rub\u00ed-Cort\u00e9s-Philippe-de-Carlos-Carmen-D\u00edaz-Juan-Jos\u00e9-Gonz\u00e1lez-Remedios-Bocanegra.jpg\",\"datePublished\":\"2021-11-26T10:59:19+00:00\",\"dateModified\":\"2021-11-26T10:59:57+00:00\",\"breadcrumb\":{\"@id\":\"https:\/\/www.mncomunicacion.com\/en\/https-www-mncomunicacion-com-en-gabinete-de-prensa\/for-the-first-time-in-its-history-marbella-has-an-international-french-school-led-by-efim#breadcrumb\"},\"inLanguage\":\"en-US\",\"potentialAction\":[{\"@type\":\"ReadAction\",\"target\":[\"https:\/\/www.mncomunicacion.com\/en\/https-www-mncomunicacion-com-en-gabinete-de-prensa\/for-the-first-time-in-its-history-marbella-has-an-international-french-school-led-by-efim\"]}]},{\"@type\":\"ImageObject\",\"inLanguage\":\"en-US\",\"@id\":\"https:\/\/www.mncomunicacion.com\/en\/https-www-mncomunicacion-com-en-gabinete-de-prensa\/for-the-first-time-in-its-history-marbella-has-an-international-french-school-led-by-efim#primaryimage\",\"url\":\"https:\/\/www.mncomunicacion.com\/wp-content\/uploads\/2021\/11\/Vincent-Perrot-St\u00e9phane-Vojetta-Rub\u00ed-Cort\u00e9s-Philippe-de-Carlos-Carmen-D\u00edaz-Juan-Jos\u00e9-Gonz\u00e1lez-Remedios-Bocanegra.jpg\",\"contentUrl\":\"https:\/\/www.mncomunicacion.com\/wp-content\/uploads\/2021\/11\/Vincent-Perrot-St\u00e9phane-Vojetta-Rub\u00ed-Cort\u00e9s-Philippe-de-Carlos-Carmen-D\u00edaz-Juan-Jos\u00e9-Gonz\u00e1lez-Remedios-Bocanegra.jpg\",\"width\":4104,\"height\":2736,\"caption\":\"\u00c9cole Fran\u00e7aise Internationale de Marbella\"},{\"@type\":\"BreadcrumbList\",\"@id\":\"https:\/\/www.mncomunicacion.com\/en\/https-www-mncomunicacion-com-en-gabinete-de-prensa\/for-the-first-time-in-its-history-marbella-has-an-international-french-school-led-by-efim#breadcrumb\",\"itemListElement\":[{\"@type\":\"ListItem\",\"position\":1,\"name\":\"Portada\",\"item\":\"https:\/\/www.mncomunicacion.com\/en\"},{\"@type\":\"ListItem\",\"position\":2,\"name\":\"For the first time in its history, Marbella has an international French school led by efim\"}]},{\"@type\":\"WebSite\",\"@id\":\"https:\/\/www.mncomunicacion.com\/#website\",\"url\":\"https:\/\/www.mncomunicacion.com\/\",\"name\":\"MN Comunicaci\u00f3n\",\"description\":\"Agencia de Comunicaci\u00f3n y Organizaci\u00f3n de Eventos en Marbella\",\"publisher\":{\"@id\":\"https:\/\/www.mncomunicacion.com\/#organization\"},\"potentialAction\":[{\"@type\":\"SearchAction\",\"target\":{\"@type\":\"EntryPoint\",\"urlTemplate\":\"https:\/\/www.mncomunicacion.com\/?s={search_term_string}\"},\"query-input\":\"required name=search_term_string\"}],\"inLanguage\":\"en-US\"},{\"@type\":\"Organization\",\"@id\":\"https:\/\/www.mncomunicacion.com\/#organization\",\"name\":\"MN COMUNICACI\u00d3N\",\"url\":\"https:\/\/www.mncomunicacion.com\/\",\"logo\":{\"@type\":\"ImageObject\",\"inLanguage\":\"en-US\",\"@id\":\"https:\/\/www.mncomunicacion.com\/#\/schema\/logo\/image\/\",\"url\":\"https:\/\/www.mncomunicacion.com\/wp-content\/uploads\/2019\/05\/logo.png\",\"contentUrl\":\"https:\/\/www.mncomunicacion.com\/wp-content\/uploads\/2019\/05\/logo.png\",\"width\":150,\"height\":150,\"caption\":\"MN COMUNICACI\u00d3N\"},\"image\":{\"@id\":\"https:\/\/www.mncomunicacion.com\/#\/schema\/logo\/image\/\"},\"sameAs\":[\"https:\/\/www.facebook.com\/marienoelle.escomunicacion\/\",\"https:\/\/x.com\/MNcomunicacion\",\"https:\/\/www.linkedin.com\/company\/marie-no-lle-es-comunicaci-n\/\",\"https:\/\/www.youtube.com\/channel\/UCnHVdXKiLf30LsIfV8k0xIQ\"]},{\"@type\":\"Person\",\"@id\":\"https:\/\/www.mncomunicacion.com\/#\/schema\/person\/70225cf35dfcd918c90eb1a00df42de9\",\"name\":\"Marie-No\u00eblle\"}]}<\/script>\n<!-- \/ Yoast SEO plugin. -->","yoast_head_json":{"title":"For the first time in its history, Marbella has an international French school led by efim | MN Comunicaci\u00f3n","robots":{"index":"index","follow":"follow","max-snippet":"max-snippet:-1","max-image-preview":"max-image-preview:large","max-video-preview":"max-video-preview:-1"},"canonical":"https:\/\/www.mncomunicacion.com\/en\/https-www-mncomunicacion-com-en-gabinete-de-prensa\/for-the-first-time-in-its-history-marbella-has-an-international-french-school-led-by-efim","og_locale":"en_US","og_type":"article","og_title":"For the first time in its history, Marbella has an international French school led by efim | MN Comunicaci\u00f3n","og_description":"The school offers for the first time a new trilingual education system based on the French educational programme and active pedagogical hybridisation \u00a0Marbella, 26th November 2021_ Carmen D\u00edaz, Director of Culture and Education, and Remedios Bocanegra, Delegate for Foreign Residents of the Marbella Town Hall, were present yesterday at the official inauguration of efim yesterday (\u00c9cole Fran\u00e7aise Internationale de Marbella), the first French educational centre in the city of Marbella, second in the province of Malaga and third in the whole of Andalusia. With this gesture, the city council had made clear its support for the expansion of the educational offer in the area and more specifically for French education with its arrival in the city for the first time. &#8220;The opening of the \u00c9cole Francaise Internationale de Marbella consolidates the excellence of our city in the educational field. It adds to the important number of international schools that Marbella has, thus expanding the educational offer in a city as cosmopolitan and international as ours,&#8221; said Bocanegra. They were joined by Vincent Perrot, Deputy Cultural Counsellor of the Cooperation Service and Cultural Action of the French Embassy in France, who highlighted \u201cthe importance of this new school, which now joins the network of 540 French schools in 130 countries. The originality of efim lies in teaching in three languages (French, Spanish and English) based on a system that seeks the best way for a student to learn, and at the same time to develop personally as members of a globalised world\u201d. The opening of the centre was also supported by the Deputy of the French Abroad for Spain and Portugal, St\u00e9phane Vojetta, who valued \u201cthe opening of a French centre in Marbella as an additional attraction for the city, and commented that among the 350,000 students that the network centres have in the world, the majority of the students are not French, so the spread of the French language in the world is a great source of pride for France\u201d. The school, which opened its doors this year in September, with the support of the AEFE (Agency for French Teaching Abroad), is located in the heart of Marbella and has more than seventy students. Its scope currently covers nursery and primary students, although it plans to expand to secondary school in the near future. Its educational system consists of using a trilingual method (French, Spanish and English) that focuses on pedagogical hybridization. The new teaching model was created by the founders of the school, Rub\u00ed Cort\u00e9s (Head Teacher) y Philippe de Carlos (Pedagogy Director), and they based efim on four fundamental pillars: first, a holistic vision of education that combines the most useful of traditional education with the Montessori, Freinet, Gattegno y Feuerstein methods. Next is trilingualism, the happiness and well-being of children and finally the digital and scientific culture. Philippe de Carlos states: \u201cThe French-speaking community in Marbella has grown exponentially in recent years and it was, therefore, essential to have a French education centre in the area. As UNESCO states, education is a major stake and a human right for all. Learning is not enough. Our intelligence is not what we know but what we do with what we don\u2019t know\u201d.\u00a0 In this way, they pursue a \u2018learn to learn\u2019 experience, that is to say, that everything the students\u2019 study helps them to develop their intelligence, and therefore be able to apply it in their adult life as citizens of the world. Among their most innovative extracurricular activities, ones that stand out are meditation, emotion management, yoga, etc. \u201cThe objective was to do something that I believed would aid in the education of children, to make them citizens of the world and responsible adults through a more humanistic vision\u201d, states Rub\u00ed Cort\u00e9s, who associated the new school with the AEFE network (Agence pour l&#8217;enseignement fran\u00e7ais \u00e0 l&#8217;\u00e9tranger) and positioned it in the process of homologation by the French Ministry of Education. As a result of the implementation of working from home, Marbella has experienced a considerable increase in the foreign populations that prefers the benefits of the city to other more inhospitable environments. Many French-speaking families have been drawn to the school efim and as a result, they have decided to settle in Marbella, fleeing the sanitary restrictions imposed by France and Morocco for example. Due to this, the centre is receiving an increasing amount of demand from the French-speaking community in Marbella and its surroundings. About efim: efim is a nursery and primary school that offers an innovative trilingual education built on the hybridization of active pedagogies and in line with the French national educational program. Located on Calle Jacinto Benavente in Marbella, it ranges from kindergarten to elementary school but with a vision of an early expansion to other higher grades. Founded by Rubi Cort\u00e9s and Philippe de Carlos after more than 10 years of research and study, the objective of efim is to provide the new generation with a humanistic, benevolent, dynamic, positive, creative, agile and persevering spirit. www.efimarbella.com &nbsp; Jennifer Sierra-Pendergrast Email: comunicacion@mncomunicacion.com Telephone: 952 908 343 www.mncomunicacion.com","og_url":"https:\/\/www.mncomunicacion.com\/en\/https-www-mncomunicacion-com-en-gabinete-de-prensa\/for-the-first-time-in-its-history-marbella-has-an-international-french-school-led-by-efim","og_site_name":"MN Comunicaci\u00f3n","article_publisher":"https:\/\/www.facebook.com\/marienoelle.escomunicacion\/","article_published_time":"2021-11-26T10:59:19+00:00","article_modified_time":"2021-11-26T10:59:57+00:00","og_image":[{"width":1024,"height":683,"url":"https:\/\/www.mncomunicacion.com\/wp-content\/uploads\/2021\/11\/Vincent-Perrot-St\u00e9phane-Vojetta-Rub\u00ed-Cort\u00e9s-Philippe-de-Carlos-Carmen-D\u00edaz-Juan-Jos\u00e9-Gonz\u00e1lez-Remedios-Bocanegra-1024x683.jpg","type":"image\/jpeg"}],"author":"Marie-No\u00eblle","twitter_card":"summary_large_image","twitter_creator":"@MNcomunicacion","twitter_site":"@MNcomunicacion","twitter_misc":{"Written by":"Marie-No\u00eblle","Est. reading time":"4 minutes"},"schema":{"@context":"https:\/\/schema.org","@graph":[{"@type":"Article","@id":"https:\/\/www.mncomunicacion.com\/en\/https-www-mncomunicacion-com-en-gabinete-de-prensa\/for-the-first-time-in-its-history-marbella-has-an-international-french-school-led-by-efim#article","isPartOf":{"@id":"https:\/\/www.mncomunicacion.com\/en\/https-www-mncomunicacion-com-en-gabinete-de-prensa\/for-the-first-time-in-its-history-marbella-has-an-international-french-school-led-by-efim"},"author":{"name":"Marie-No\u00eblle","@id":"https:\/\/www.mncomunicacion.com\/#\/schema\/person\/70225cf35dfcd918c90eb1a00df42de9"},"headline":"For the first time in its history, Marbella has an international French school led by efim","datePublished":"2021-11-26T10:59:19+00:00","dateModified":"2021-11-26T10:59:57+00:00","mainEntityOfPage":{"@id":"https:\/\/www.mncomunicacion.com\/en\/https-www-mncomunicacion-com-en-gabinete-de-prensa\/for-the-first-time-in-its-history-marbella-has-an-international-french-school-led-by-efim"},"wordCount":866,"publisher":{"@id":"https:\/\/www.mncomunicacion.com\/#organization"},"image":{"@id":"https:\/\/www.mncomunicacion.com\/en\/https-www-mncomunicacion-com-en-gabinete-de-prensa\/for-the-first-time-in-its-history-marbella-has-an-international-french-school-led-by-efim#primaryimage"},"thumbnailUrl":"https:\/\/www.mncomunicacion.com\/wp-content\/uploads\/2021\/11\/Vincent-Perrot-St\u00e9phane-Vojetta-Rub\u00ed-Cort\u00e9s-Philippe-de-Carlos-Carmen-D\u00edaz-Juan-Jos\u00e9-Gonz\u00e1lez-Remedios-Bocanegra.jpg","keywords":["french school; marbella; education in french; French embassy"],"articleSection":["Communication","Press"],"inLanguage":"en-US"},{"@type":"WebPage","@id":"https:\/\/www.mncomunicacion.com\/en\/https-www-mncomunicacion-com-en-gabinete-de-prensa\/for-the-first-time-in-its-history-marbella-has-an-international-french-school-led-by-efim","url":"https:\/\/www.mncomunicacion.com\/en\/https-www-mncomunicacion-com-en-gabinete-de-prensa\/for-the-first-time-in-its-history-marbella-has-an-international-french-school-led-by-efim","name":"For the first time in its history, Marbella has an international French school led by efim | MN Comunicaci\u00f3n","isPartOf":{"@id":"https:\/\/www.mncomunicacion.com\/#website"},"primaryImageOfPage":{"@id":"https:\/\/www.mncomunicacion.com\/en\/https-www-mncomunicacion-com-en-gabinete-de-prensa\/for-the-first-time-in-its-history-marbella-has-an-international-french-school-led-by-efim#primaryimage"},"image":{"@id":"https:\/\/www.mncomunicacion.com\/en\/https-www-mncomunicacion-com-en-gabinete-de-prensa\/for-the-first-time-in-its-history-marbella-has-an-international-french-school-led-by-efim#primaryimage"},"thumbnailUrl":"https:\/\/www.mncomunicacion.com\/wp-content\/uploads\/2021\/11\/Vincent-Perrot-St\u00e9phane-Vojetta-Rub\u00ed-Cort\u00e9s-Philippe-de-Carlos-Carmen-D\u00edaz-Juan-Jos\u00e9-Gonz\u00e1lez-Remedios-Bocanegra.jpg","datePublished":"2021-11-26T10:59:19+00:00","dateModified":"2021-11-26T10:59:57+00:00","breadcrumb":{"@id":"https:\/\/www.mncomunicacion.com\/en\/https-www-mncomunicacion-com-en-gabinete-de-prensa\/for-the-first-time-in-its-history-marbella-has-an-international-french-school-led-by-efim#breadcrumb"},"inLanguage":"en-US","potentialAction":[{"@type":"ReadAction","target":["https:\/\/www.mncomunicacion.com\/en\/https-www-mncomunicacion-com-en-gabinete-de-prensa\/for-the-first-time-in-its-history-marbella-has-an-international-french-school-led-by-efim"]}]},{"@type":"ImageObject","inLanguage":"en-US","@id":"https:\/\/www.mncomunicacion.com\/en\/https-www-mncomunicacion-com-en-gabinete-de-prensa\/for-the-first-time-in-its-history-marbella-has-an-international-french-school-led-by-efim#primaryimage","url":"https:\/\/www.mncomunicacion.com\/wp-content\/uploads\/2021\/11\/Vincent-Perrot-St\u00e9phane-Vojetta-Rub\u00ed-Cort\u00e9s-Philippe-de-Carlos-Carmen-D\u00edaz-Juan-Jos\u00e9-Gonz\u00e1lez-Remedios-Bocanegra.jpg","contentUrl":"https:\/\/www.mncomunicacion.com\/wp-content\/uploads\/2021\/11\/Vincent-Perrot-St\u00e9phane-Vojetta-Rub\u00ed-Cort\u00e9s-Philippe-de-Carlos-Carmen-D\u00edaz-Juan-Jos\u00e9-Gonz\u00e1lez-Remedios-Bocanegra.jpg","width":4104,"height":2736,"caption":"\u00c9cole Fran\u00e7aise Internationale de Marbella"},{"@type":"BreadcrumbList","@id":"https:\/\/www.mncomunicacion.com\/en\/https-www-mncomunicacion-com-en-gabinete-de-prensa\/for-the-first-time-in-its-history-marbella-has-an-international-french-school-led-by-efim#breadcrumb","itemListElement":[{"@type":"ListItem","position":1,"name":"Portada","item":"https:\/\/www.mncomunicacion.com\/en"},{"@type":"ListItem","position":2,"name":"For the first time in its history, Marbella has an international French school led by efim"}]},{"@type":"WebSite","@id":"https:\/\/www.mncomunicacion.com\/#website","url":"https:\/\/www.mncomunicacion.com\/","name":"MN Comunicaci\u00f3n","description":"Agencia de Comunicaci\u00f3n y Organizaci\u00f3n de Eventos en Marbella","publisher":{"@id":"https:\/\/www.mncomunicacion.com\/#organization"},"potentialAction":[{"@type":"SearchAction","target":{"@type":"EntryPoint","urlTemplate":"https:\/\/www.mncomunicacion.com\/?s={search_term_string}"},"query-input":"required name=search_term_string"}],"inLanguage":"en-US"},{"@type":"Organization","@id":"https:\/\/www.mncomunicacion.com\/#organization","name":"MN COMUNICACI\u00d3N","url":"https:\/\/www.mncomunicacion.com\/","logo":{"@type":"ImageObject","inLanguage":"en-US","@id":"https:\/\/www.mncomunicacion.com\/#\/schema\/logo\/image\/","url":"https:\/\/www.mncomunicacion.com\/wp-content\/uploads\/2019\/05\/logo.png","contentUrl":"https:\/\/www.mncomunicacion.com\/wp-content\/uploads\/2019\/05\/logo.png","width":150,"height":150,"caption":"MN COMUNICACI\u00d3N"},"image":{"@id":"https:\/\/www.mncomunicacion.com\/#\/schema\/logo\/image\/"},"sameAs":["https:\/\/www.facebook.com\/marienoelle.escomunicacion\/","https:\/\/x.com\/MNcomunicacion","https:\/\/www.linkedin.com\/company\/marie-no-lle-es-comunicaci-n\/","https:\/\/www.youtube.com\/channel\/UCnHVdXKiLf30LsIfV8k0xIQ"]},{"@type":"Person","@id":"https:\/\/www.mncomunicacion.com\/#\/schema\/person\/70225cf35dfcd918c90eb1a00df42de9","name":"Marie-No\u00eblle"}]}},"_links":{"self":[{"href":"https:\/\/www.mncomunicacion.com\/en\/wp-json\/wp\/v2\/posts\/7543"}],"collection":[{"href":"https:\/\/www.mncomunicacion.com\/en\/wp-json\/wp\/v2\/posts"}],"about":[{"href":"https:\/\/www.mncomunicacion.com\/en\/wp-json\/wp\/v2\/types\/post"}],"author":[{"embeddable":true,"href":"https:\/\/www.mncomunicacion.com\/en\/wp-json\/wp\/v2\/users\/3"}],"replies":[{"embeddable":true,"href":"https:\/\/www.mncomunicacion.com\/en\/wp-json\/wp\/v2\/comments?post=7543"}],"version-history":[{"count":1,"href":"https:\/\/www.mncomunicacion.com\/en\/wp-json\/wp\/v2\/posts\/7543\/revisions"}],"predecessor-version":[{"id":7544,"href":"https:\/\/www.mncomunicacion.com\/en\/wp-json\/wp\/v2\/posts\/7543\/revisions\/7544"}],"wp:featuredmedia":[{"embeddable":true,"href":"https:\/\/www.mncomunicacion.com\/en\/wp-json\/wp\/v2\/media\/7540"}],"wp:attachment":[{"href":"https:\/\/www.mncomunicacion.com\/en\/wp-json\/wp\/v2\/media?parent=7543"}],"wp:term":[{"taxonomy":"category","embeddable":true,"href":"https:\/\/www.mncomunicacion.com\/en\/wp-json\/wp\/v2\/categories?post=7543"},{"taxonomy":"post_tag","embeddable":true,"href":"https:\/\/www.mncomunicacion.com\/en\/wp-json\/wp\/v2\/tags?post=7543"}],"curies":[{"name":"wp","href":"https:\/\/api.w.org\/{rel}","templated":true}]}}