{"id":6832,"date":"2020-01-14T11:13:04","date_gmt":"2020-01-14T11:13:04","guid":{"rendered":"https:\/\/www.mncomunicacion.com\/?p=6832"},"modified":"2020-02-05T09:10:02","modified_gmt":"2020-02-05T09:10:02","slug":"centro-plaza-presents-its-fifth-annual-charity-sports-day-in-favour-of-the-marbella-red-cross","status":"publish","type":"post","link":"https:\/\/www.mncomunicacion.com\/en\/prensa-d28-en\/centro-plaza-presents-its-fifth-annual-charity-sports-day-in-favour-of-the-marbella-red-cross","title":{"rendered":"Centro Plaza presents its fifth annual Charity sports day in favour of the Marbella Red Cross"},"content":{"rendered":"<p style=\"text-align: center;\"><b>Centro Plaza presents its fifth annual Charity sports day in favour of the Marbella Red Cross<\/b><\/p>\n<p style=\"text-align: center;\"><b>The press conference took place this morning in the Hospitalillo\u00a0<\/b><\/p>\n<p><b>Marbella, 8 of January 2020_<\/b><span style=\"font-weight: 400;\">This morning the official presentation took place for the Fifth annual charity sports day organised by Centro Plaza in favour of the Marbella Red Cross.\u00a0 For sports lovers of all ages this event is not to be missed, activities ranging from a 3&#215;3 tournament to a doubles and triples.<\/span><\/p>\n<p><span style=\"font-weight: 400;\">This was highlighted during this morning\u2019s press conference hosted by Manuel Carde\u00f1a (Councillor for Sport), Juli\u00e1n Garc\u00eda (Red Cross Marbella), Enrique Ag\u00fcera (Basketball Club Marbella), Ricardo Bandr\u00e9s (Andalucian Basketball) and Carlos Garc\u00eda Perujo (Director CC. Centro Plaza).\u00a0<\/span><\/p>\n<p><span style=\"font-weight: 400;\">This initiative is in response to the political policy held by Centro Plaza with regards to Social and Corporate Responsibility, and is something that has taken place now for years and was one of the reasons why Centro Plaza was given an award at the Conference for Andalucian Businesses in the IX RSE Awards 2019.\u00a0<\/span><\/p>\n<p><span style=\"font-weight: 400;\">\u00a0The tournament is being held on Sunday the 12th of January, from 10:00am until 2:00pm in the outdoor parking of Centro Plaza Commercial Centre (Av. Manolete, 1. Nueva Andaluc\u00eda) there will be around 300 participants in eight different categories (Adapted mixed, Baby basket mixed, Benjamin, Alevin, Infantil, Cadet, Junior and Senior feminine and masculine).<\/span> <span style=\"font-weight: 400;\">As the Councillor for Sport, Manuel Carde\u00f1a said: \u201c<\/span><i><span style=\"font-weight: 400;\">We must not forget that the 3&#215;3 Tournament is now a recognised Olympic sport, which is becoming more and more popular due to its reduced playing area which makes it much more accessible to all people.\u201d<\/span><\/i><\/p>\n<p><span style=\"font-weight: 400;\">Entries can be made until the 10th of January online or in person at the Marbella Basketball Club from 4:30 till 6:00 pm.\u00a0 Furthermore, last minute entries can be made on the day from 9:00am to 10:00am in a special marquis that will be next to the entrance. Entries cost 3euros, and 100% of the money has been designated to the Marbella Red Cross, specifically <\/span><i><span style=\"font-weight: 400;\">\u201cfor the emergency and first aid department,\u201d <\/span><\/i><span style=\"font-weight: 400;\">stated Juli\u00e1n Garc\u00eda this morning.\u00a0<\/span><\/p>\n<p><span style=\"font-weight: 400;\">With regards to the prizes, there will be gold, silver and bronze medals for the teams finishing in those respective positions, for sex and for category, gold, silver and bronze for the winners of the doubles and triples as well as a weekend for two in the Hotel Pyr Banus which consist of two nights bed and breakfast plus parking.\u00a0 At the end of the day a raffle will be held with various prizes that have all been donated by the various collaborators of the event\u00a0<\/span><\/p>\n<p><b>Day and Time: Sunday 12 January, 10:00am<\/b><\/p>\n<p><b>Place:<\/b> <b>Outside parking Centro Comercial Centro Plaza (Av. Manolete, 1. Nueva Andaluc\u00eda).<\/b><\/p>\n<p><b>Inscriptions: <\/b><a href=\"https:\/\/centroplaza.es\/evento\/\"><span style=\"font-weight: 400;\">https:\/\/centroplaza.es\/evento\/<\/span><\/a><\/p>\n<p><span style=\"font-weight: 400;\">Kinvara Vaughan<\/span><\/p>\n<p><b><i>Web<\/i><\/b><b><i>: <\/i><\/b><a href=\"http:\/\/www.mncomunicacion.com\"><span style=\"font-weight: 400;\">www.mncomunicacion.com<\/span><\/a><\/p>\n<p><b><i>Email: <\/i><\/b><a href=\"about:blank\"><span style=\"font-weight: 400;\">comunicacion@mncomunicacion.<\/span><\/a><span style=\"font-weight: 400;\">com<\/span><\/p>\n<p><b><i>Mobile:<\/i><\/b> <span style=\"font-weight: 400;\">626 681 308<\/span><\/p>\n<p><span style=\"font-weight: 400;\">\u00a0<\/span><\/p>\n","protected":false},"excerpt":{"rendered":"<p>Centro Plaza presents its fifth annual Charity sports day in favour of the Marbella Red Cross The press conference took place this morning in the Hospitalillo\u00a0 Marbella, 8 of January 2020_This morning the official presentation took place for the Fifth annual charity sports day organised by Centro Plaza in favour of the Marbella Red Cross.\u00a0 For sports lovers of all ages this event is not to be missed, activities ranging from a 3&#215;3 tournament to a doubles and triples. This was highlighted during this morning\u2019s press conference hosted by Manuel Carde\u00f1a (Councillor for Sport), Juli\u00e1n Garc\u00eda (Red Cross Marbella), Enrique Ag\u00fcera (Basketball Club Marbella), Ricardo Bandr\u00e9s (Andalucian Basketball) and Carlos Garc\u00eda Perujo (Director CC. Centro Plaza).\u00a0 This initiative is in response to the political policy held by Centro Plaza with regards to Social and Corporate Responsibility, and is something that has taken place now for years and was one of the reasons why Centro Plaza was given an award at the Conference for Andalucian Businesses in the IX RSE Awards 2019.\u00a0 \u00a0The tournament is being held on Sunday the 12th of January, from 10:00am until 2:00pm in the outdoor parking of Centro Plaza Commercial Centre (Av. Manolete, 1. Nueva Andaluc\u00eda) there will be around 300 participants in eight different categories (Adapted mixed, Baby basket mixed, Benjamin, Alevin, Infantil, Cadet, Junior and Senior feminine and masculine). As the Councillor for Sport, Manuel Carde\u00f1a said: \u201cWe must not forget that the 3&#215;3 Tournament is now a recognised Olympic sport, which is becoming more and more popular due to its reduced playing area which makes it much more accessible to all people.\u201d Entries can be made until the 10th of January online or in person at the Marbella Basketball Club from 4:30 till 6:00 pm.\u00a0 Furthermore, last minute entries can be made on the day from 9:00am to 10:00am in a special marquis that will be next to the entrance. Entries cost 3euros, and 100% of the money has been designated to the Marbella Red Cross, specifically \u201cfor the emergency and first aid department,\u201d stated Juli\u00e1n Garc\u00eda this morning.\u00a0 With regards to the prizes, there will be gold, silver and bronze medals for the teams finishing in those respective positions, for sex and for category, gold, silver and bronze for the winners of the doubles and triples as well as a weekend for two in the Hotel Pyr Banus which consist of two nights bed and breakfast plus parking.\u00a0 At the end of the day a raffle will be held with various prizes that have all been donated by the various collaborators of the event\u00a0 Day and Time: Sunday 12 January, 10:00am Place: Outside parking Centro Comercial Centro Plaza (Av. Manolete, 1. Nueva Andaluc\u00eda). Inscriptions: https:\/\/centroplaza.es\/evento\/ Kinvara Vaughan Web: www.mncomunicacion.com Email: comunicacion@mncomunicacion.com Mobile: 626 681 308 \u00a0<\/p>\n","protected":false},"author":3,"featured_media":6821,"comment_status":"closed","ping_status":"closed","sticky":false,"template":"","format":"standard","meta":{"_exactmetrics_skip_tracking":false,"_exactmetrics_sitenote_active":false,"_exactmetrics_sitenote_note":"","_exactmetrics_sitenote_category":0,"footnotes":""},"categories":[557,392],"tags":[],"class_list":["post-6832","post","type-post","status-publish","format-standard","has-post-thumbnail","hentry","category-prensa-d28-en","category-press-en-en"],"yoast_head":"<!-- This site is optimized with the Yoast SEO plugin v23.0 - https:\/\/yoast.com\/wordpress\/plugins\/seo\/ -->\n<title>Centro Plaza presents its fifth annual Charity sports day in favour of the Marbella Red Cross | MN Comunicaci\u00f3n<\/title>\n<meta name=\"robots\" content=\"index, follow, max-snippet:-1, max-image-preview:large, max-video-preview:-1\" \/>\n<link rel=\"canonical\" href=\"https:\/\/www.mncomunicacion.com\/en\/prensa-d28-en\/centro-plaza-presents-its-fifth-annual-charity-sports-day-in-favour-of-the-marbella-red-cross\" \/>\n<meta property=\"og:locale\" content=\"en_US\" \/>\n<meta property=\"og:type\" content=\"article\" \/>\n<meta property=\"og:title\" content=\"Centro Plaza presents its fifth annual Charity sports day in favour of the Marbella Red Cross | MN Comunicaci\u00f3n\" \/>\n<meta property=\"og:description\" content=\"Centro Plaza presents its fifth annual Charity sports day in favour of the Marbella Red Cross The press conference took place this morning in the Hospitalillo\u00a0 Marbella, 8 of January 2020_This morning the official presentation took place for the Fifth annual charity sports day organised by Centro Plaza in favour of the Marbella Red Cross.\u00a0 For sports lovers of all ages this event is not to be missed, activities ranging from a 3&#215;3 tournament to a doubles and triples. This was highlighted during this morning\u2019s press conference hosted by Manuel Carde\u00f1a (Councillor for Sport), Juli\u00e1n Garc\u00eda (Red Cross Marbella), Enrique Ag\u00fcera (Basketball Club Marbella), Ricardo Bandr\u00e9s (Andalucian Basketball) and Carlos Garc\u00eda Perujo (Director CC. Centro Plaza).\u00a0 This initiative is in response to the political policy held by Centro Plaza with regards to Social and Corporate Responsibility, and is something that has taken place now for years and was one of the reasons why Centro Plaza was given an award at the Conference for Andalucian Businesses in the IX RSE Awards 2019.\u00a0 \u00a0The tournament is being held on Sunday the 12th of January, from 10:00am until 2:00pm in the outdoor parking of Centro Plaza Commercial Centre (Av. Manolete, 1. Nueva Andaluc\u00eda) there will be around 300 participants in eight different categories (Adapted mixed, Baby basket mixed, Benjamin, Alevin, Infantil, Cadet, Junior and Senior feminine and masculine). As the Councillor for Sport, Manuel Carde\u00f1a said: \u201cWe must not forget that the 3&#215;3 Tournament is now a recognised Olympic sport, which is becoming more and more popular due to its reduced playing area which makes it much more accessible to all people.\u201d Entries can be made until the 10th of January online or in person at the Marbella Basketball Club from 4:30 till 6:00 pm.\u00a0 Furthermore, last minute entries can be made on the day from 9:00am to 10:00am in a special marquis that will be next to the entrance. Entries cost 3euros, and 100% of the money has been designated to the Marbella Red Cross, specifically \u201cfor the emergency and first aid department,\u201d stated Juli\u00e1n Garc\u00eda this morning.\u00a0 With regards to the prizes, there will be gold, silver and bronze medals for the teams finishing in those respective positions, for sex and for category, gold, silver and bronze for the winners of the doubles and triples as well as a weekend for two in the Hotel Pyr Banus which consist of two nights bed and breakfast plus parking.\u00a0 At the end of the day a raffle will be held with various prizes that have all been donated by the various collaborators of the event\u00a0 Day and Time: Sunday 12 January, 10:00am Place: Outside parking Centro Comercial Centro Plaza (Av. Manolete, 1. Nueva Andaluc\u00eda). Inscriptions: https:\/\/centroplaza.es\/evento\/ Kinvara Vaughan Web: www.mncomunicacion.com Email: comunicacion@mncomunicacion.com Mobile: 626 681 308 \u00a0\" \/>\n<meta property=\"og:url\" content=\"https:\/\/www.mncomunicacion.com\/en\/prensa-d28-en\/centro-plaza-presents-its-fifth-annual-charity-sports-day-in-favour-of-the-marbella-red-cross\" \/>\n<meta property=\"og:site_name\" content=\"MN Comunicaci\u00f3n\" \/>\n<meta property=\"article:publisher\" content=\"https:\/\/www.facebook.com\/marienoelle.escomunicacion\/\" \/>\n<meta property=\"article:published_time\" content=\"2020-01-14T11:13:04+00:00\" \/>\n<meta property=\"article:modified_time\" content=\"2020-02-05T09:10:02+00:00\" \/>\n<meta property=\"og:image\" content=\"https:\/\/www.mncomunicacion.com\/wp-content\/uploads\/2020\/01\/IMG_8972-1024x666.jpg\" \/>\n\t<meta property=\"og:image:width\" content=\"1024\" \/>\n\t<meta property=\"og:image:height\" content=\"666\" \/>\n\t<meta property=\"og:image:type\" content=\"image\/jpeg\" \/>\n<meta name=\"author\" content=\"Marie-No\u00eblle\" \/>\n<meta name=\"twitter:card\" content=\"summary_large_image\" \/>\n<meta name=\"twitter:creator\" content=\"@MNcomunicacion\" \/>\n<meta name=\"twitter:site\" content=\"@MNcomunicacion\" \/>\n<meta name=\"twitter:label1\" content=\"Written by\" \/>\n\t<meta name=\"twitter:data1\" content=\"Marie-No\u00eblle\" \/>\n\t<meta name=\"twitter:label2\" content=\"Est. reading time\" \/>\n\t<meta name=\"twitter:data2\" content=\"2 minutes\" \/>\n<script type=\"application\/ld+json\" class=\"yoast-schema-graph\">{\"@context\":\"https:\/\/schema.org\",\"@graph\":[{\"@type\":\"Article\",\"@id\":\"https:\/\/www.mncomunicacion.com\/en\/prensa-d28-en\/centro-plaza-presents-its-fifth-annual-charity-sports-day-in-favour-of-the-marbella-red-cross#article\",\"isPartOf\":{\"@id\":\"https:\/\/www.mncomunicacion.com\/en\/prensa-d28-en\/centro-plaza-presents-its-fifth-annual-charity-sports-day-in-favour-of-the-marbella-red-cross\"},\"author\":{\"name\":\"Marie-No\u00eblle\",\"@id\":\"https:\/\/www.mncomunicacion.com\/#\/schema\/person\/70225cf35dfcd918c90eb1a00df42de9\"},\"headline\":\"Centro Plaza presents its fifth annual Charity sports day in favour of the Marbella Red Cross\",\"datePublished\":\"2020-01-14T11:13:04+00:00\",\"dateModified\":\"2020-02-05T09:10:02+00:00\",\"mainEntityOfPage\":{\"@id\":\"https:\/\/www.mncomunicacion.com\/en\/prensa-d28-en\/centro-plaza-presents-its-fifth-annual-charity-sports-day-in-favour-of-the-marbella-red-cross\"},\"wordCount\":486,\"publisher\":{\"@id\":\"https:\/\/www.mncomunicacion.com\/#organization\"},\"image\":{\"@id\":\"https:\/\/www.mncomunicacion.com\/en\/prensa-d28-en\/centro-plaza-presents-its-fifth-annual-charity-sports-day-in-favour-of-the-marbella-red-cross#primaryimage\"},\"thumbnailUrl\":\"https:\/\/www.mncomunicacion.com\/wp-content\/uploads\/2020\/01\/IMG_8972.jpg\",\"articleSection\":[\"Gabinete de Prensa\",\"Press\"],\"inLanguage\":\"en-US\"},{\"@type\":\"WebPage\",\"@id\":\"https:\/\/www.mncomunicacion.com\/en\/prensa-d28-en\/centro-plaza-presents-its-fifth-annual-charity-sports-day-in-favour-of-the-marbella-red-cross\",\"url\":\"https:\/\/www.mncomunicacion.com\/en\/prensa-d28-en\/centro-plaza-presents-its-fifth-annual-charity-sports-day-in-favour-of-the-marbella-red-cross\",\"name\":\"Centro Plaza presents its fifth annual Charity sports day in favour of the Marbella Red Cross | MN Comunicaci\u00f3n\",\"isPartOf\":{\"@id\":\"https:\/\/www.mncomunicacion.com\/#website\"},\"primaryImageOfPage\":{\"@id\":\"https:\/\/www.mncomunicacion.com\/en\/prensa-d28-en\/centro-plaza-presents-its-fifth-annual-charity-sports-day-in-favour-of-the-marbella-red-cross#primaryimage\"},\"image\":{\"@id\":\"https:\/\/www.mncomunicacion.com\/en\/prensa-d28-en\/centro-plaza-presents-its-fifth-annual-charity-sports-day-in-favour-of-the-marbella-red-cross#primaryimage\"},\"thumbnailUrl\":\"https:\/\/www.mncomunicacion.com\/wp-content\/uploads\/2020\/01\/IMG_8972.jpg\",\"datePublished\":\"2020-01-14T11:13:04+00:00\",\"dateModified\":\"2020-02-05T09:10:02+00:00\",\"breadcrumb\":{\"@id\":\"https:\/\/www.mncomunicacion.com\/en\/prensa-d28-en\/centro-plaza-presents-its-fifth-annual-charity-sports-day-in-favour-of-the-marbella-red-cross#breadcrumb\"},\"inLanguage\":\"en-US\",\"potentialAction\":[{\"@type\":\"ReadAction\",\"target\":[\"https:\/\/www.mncomunicacion.com\/en\/prensa-d28-en\/centro-plaza-presents-its-fifth-annual-charity-sports-day-in-favour-of-the-marbella-red-cross\"]}]},{\"@type\":\"ImageObject\",\"inLanguage\":\"en-US\",\"@id\":\"https:\/\/www.mncomunicacion.com\/en\/prensa-d28-en\/centro-plaza-presents-its-fifth-annual-charity-sports-day-in-favour-of-the-marbella-red-cross#primaryimage\",\"url\":\"https:\/\/www.mncomunicacion.com\/wp-content\/uploads\/2020\/01\/IMG_8972.jpg\",\"contentUrl\":\"https:\/\/www.mncomunicacion.com\/wp-content\/uploads\/2020\/01\/IMG_8972.jpg\",\"width\":3824,\"height\":2487},{\"@type\":\"BreadcrumbList\",\"@id\":\"https:\/\/www.mncomunicacion.com\/en\/prensa-d28-en\/centro-plaza-presents-its-fifth-annual-charity-sports-day-in-favour-of-the-marbella-red-cross#breadcrumb\",\"itemListElement\":[{\"@type\":\"ListItem\",\"position\":1,\"name\":\"Portada\",\"item\":\"https:\/\/www.mncomunicacion.com\/en\"},{\"@type\":\"ListItem\",\"position\":2,\"name\":\"Centro Plaza presents its fifth annual Charity sports day in favour of the Marbella Red Cross\"}]},{\"@type\":\"WebSite\",\"@id\":\"https:\/\/www.mncomunicacion.com\/#website\",\"url\":\"https:\/\/www.mncomunicacion.com\/\",\"name\":\"MN Comunicaci\u00f3n\",\"description\":\"Agencia de Comunicaci\u00f3n y Organizaci\u00f3n de Eventos en Marbella\",\"publisher\":{\"@id\":\"https:\/\/www.mncomunicacion.com\/#organization\"},\"potentialAction\":[{\"@type\":\"SearchAction\",\"target\":{\"@type\":\"EntryPoint\",\"urlTemplate\":\"https:\/\/www.mncomunicacion.com\/?s={search_term_string}\"},\"query-input\":\"required name=search_term_string\"}],\"inLanguage\":\"en-US\"},{\"@type\":\"Organization\",\"@id\":\"https:\/\/www.mncomunicacion.com\/#organization\",\"name\":\"MN COMUNICACI\u00d3N\",\"url\":\"https:\/\/www.mncomunicacion.com\/\",\"logo\":{\"@type\":\"ImageObject\",\"inLanguage\":\"en-US\",\"@id\":\"https:\/\/www.mncomunicacion.com\/#\/schema\/logo\/image\/\",\"url\":\"https:\/\/www.mncomunicacion.com\/wp-content\/uploads\/2019\/05\/logo.png\",\"contentUrl\":\"https:\/\/www.mncomunicacion.com\/wp-content\/uploads\/2019\/05\/logo.png\",\"width\":150,\"height\":150,\"caption\":\"MN COMUNICACI\u00d3N\"},\"image\":{\"@id\":\"https:\/\/www.mncomunicacion.com\/#\/schema\/logo\/image\/\"},\"sameAs\":[\"https:\/\/www.facebook.com\/marienoelle.escomunicacion\/\",\"https:\/\/x.com\/MNcomunicacion\",\"https:\/\/www.linkedin.com\/company\/marie-no-lle-es-comunicaci-n\/\",\"https:\/\/www.youtube.com\/channel\/UCnHVdXKiLf30LsIfV8k0xIQ\"]},{\"@type\":\"Person\",\"@id\":\"https:\/\/www.mncomunicacion.com\/#\/schema\/person\/70225cf35dfcd918c90eb1a00df42de9\",\"name\":\"Marie-No\u00eblle\"}]}<\/script>\n<!-- \/ Yoast SEO plugin. -->","yoast_head_json":{"title":"Centro Plaza presents its fifth annual Charity sports day in favour of the Marbella Red Cross | MN Comunicaci\u00f3n","robots":{"index":"index","follow":"follow","max-snippet":"max-snippet:-1","max-image-preview":"max-image-preview:large","max-video-preview":"max-video-preview:-1"},"canonical":"https:\/\/www.mncomunicacion.com\/en\/prensa-d28-en\/centro-plaza-presents-its-fifth-annual-charity-sports-day-in-favour-of-the-marbella-red-cross","og_locale":"en_US","og_type":"article","og_title":"Centro Plaza presents its fifth annual Charity sports day in favour of the Marbella Red Cross | MN Comunicaci\u00f3n","og_description":"Centro Plaza presents its fifth annual Charity sports day in favour of the Marbella Red Cross The press conference took place this morning in the Hospitalillo\u00a0 Marbella, 8 of January 2020_This morning the official presentation took place for the Fifth annual charity sports day organised by Centro Plaza in favour of the Marbella Red Cross.\u00a0 For sports lovers of all ages this event is not to be missed, activities ranging from a 3&#215;3 tournament to a doubles and triples. This was highlighted during this morning\u2019s press conference hosted by Manuel Carde\u00f1a (Councillor for Sport), Juli\u00e1n Garc\u00eda (Red Cross Marbella), Enrique Ag\u00fcera (Basketball Club Marbella), Ricardo Bandr\u00e9s (Andalucian Basketball) and Carlos Garc\u00eda Perujo (Director CC. Centro Plaza).\u00a0 This initiative is in response to the political policy held by Centro Plaza with regards to Social and Corporate Responsibility, and is something that has taken place now for years and was one of the reasons why Centro Plaza was given an award at the Conference for Andalucian Businesses in the IX RSE Awards 2019.\u00a0 \u00a0The tournament is being held on Sunday the 12th of January, from 10:00am until 2:00pm in the outdoor parking of Centro Plaza Commercial Centre (Av. Manolete, 1. Nueva Andaluc\u00eda) there will be around 300 participants in eight different categories (Adapted mixed, Baby basket mixed, Benjamin, Alevin, Infantil, Cadet, Junior and Senior feminine and masculine). As the Councillor for Sport, Manuel Carde\u00f1a said: \u201cWe must not forget that the 3&#215;3 Tournament is now a recognised Olympic sport, which is becoming more and more popular due to its reduced playing area which makes it much more accessible to all people.\u201d Entries can be made until the 10th of January online or in person at the Marbella Basketball Club from 4:30 till 6:00 pm.\u00a0 Furthermore, last minute entries can be made on the day from 9:00am to 10:00am in a special marquis that will be next to the entrance. Entries cost 3euros, and 100% of the money has been designated to the Marbella Red Cross, specifically \u201cfor the emergency and first aid department,\u201d stated Juli\u00e1n Garc\u00eda this morning.\u00a0 With regards to the prizes, there will be gold, silver and bronze medals for the teams finishing in those respective positions, for sex and for category, gold, silver and bronze for the winners of the doubles and triples as well as a weekend for two in the Hotel Pyr Banus which consist of two nights bed and breakfast plus parking.\u00a0 At the end of the day a raffle will be held with various prizes that have all been donated by the various collaborators of the event\u00a0 Day and Time: Sunday 12 January, 10:00am Place: Outside parking Centro Comercial Centro Plaza (Av. Manolete, 1. Nueva Andaluc\u00eda). Inscriptions: https:\/\/centroplaza.es\/evento\/ Kinvara Vaughan Web: www.mncomunicacion.com Email: comunicacion@mncomunicacion.com Mobile: 626 681 308 \u00a0","og_url":"https:\/\/www.mncomunicacion.com\/en\/prensa-d28-en\/centro-plaza-presents-its-fifth-annual-charity-sports-day-in-favour-of-the-marbella-red-cross","og_site_name":"MN Comunicaci\u00f3n","article_publisher":"https:\/\/www.facebook.com\/marienoelle.escomunicacion\/","article_published_time":"2020-01-14T11:13:04+00:00","article_modified_time":"2020-02-05T09:10:02+00:00","og_image":[{"width":1024,"height":666,"url":"https:\/\/www.mncomunicacion.com\/wp-content\/uploads\/2020\/01\/IMG_8972-1024x666.jpg","type":"image\/jpeg"}],"author":"Marie-No\u00eblle","twitter_card":"summary_large_image","twitter_creator":"@MNcomunicacion","twitter_site":"@MNcomunicacion","twitter_misc":{"Written by":"Marie-No\u00eblle","Est. reading time":"2 minutes"},"schema":{"@context":"https:\/\/schema.org","@graph":[{"@type":"Article","@id":"https:\/\/www.mncomunicacion.com\/en\/prensa-d28-en\/centro-plaza-presents-its-fifth-annual-charity-sports-day-in-favour-of-the-marbella-red-cross#article","isPartOf":{"@id":"https:\/\/www.mncomunicacion.com\/en\/prensa-d28-en\/centro-plaza-presents-its-fifth-annual-charity-sports-day-in-favour-of-the-marbella-red-cross"},"author":{"name":"Marie-No\u00eblle","@id":"https:\/\/www.mncomunicacion.com\/#\/schema\/person\/70225cf35dfcd918c90eb1a00df42de9"},"headline":"Centro Plaza presents its fifth annual Charity sports day in favour of the Marbella Red Cross","datePublished":"2020-01-14T11:13:04+00:00","dateModified":"2020-02-05T09:10:02+00:00","mainEntityOfPage":{"@id":"https:\/\/www.mncomunicacion.com\/en\/prensa-d28-en\/centro-plaza-presents-its-fifth-annual-charity-sports-day-in-favour-of-the-marbella-red-cross"},"wordCount":486,"publisher":{"@id":"https:\/\/www.mncomunicacion.com\/#organization"},"image":{"@id":"https:\/\/www.mncomunicacion.com\/en\/prensa-d28-en\/centro-plaza-presents-its-fifth-annual-charity-sports-day-in-favour-of-the-marbella-red-cross#primaryimage"},"thumbnailUrl":"https:\/\/www.mncomunicacion.com\/wp-content\/uploads\/2020\/01\/IMG_8972.jpg","articleSection":["Gabinete de Prensa","Press"],"inLanguage":"en-US"},{"@type":"WebPage","@id":"https:\/\/www.mncomunicacion.com\/en\/prensa-d28-en\/centro-plaza-presents-its-fifth-annual-charity-sports-day-in-favour-of-the-marbella-red-cross","url":"https:\/\/www.mncomunicacion.com\/en\/prensa-d28-en\/centro-plaza-presents-its-fifth-annual-charity-sports-day-in-favour-of-the-marbella-red-cross","name":"Centro Plaza presents its fifth annual Charity sports day in favour of the Marbella Red Cross | MN Comunicaci\u00f3n","isPartOf":{"@id":"https:\/\/www.mncomunicacion.com\/#website"},"primaryImageOfPage":{"@id":"https:\/\/www.mncomunicacion.com\/en\/prensa-d28-en\/centro-plaza-presents-its-fifth-annual-charity-sports-day-in-favour-of-the-marbella-red-cross#primaryimage"},"image":{"@id":"https:\/\/www.mncomunicacion.com\/en\/prensa-d28-en\/centro-plaza-presents-its-fifth-annual-charity-sports-day-in-favour-of-the-marbella-red-cross#primaryimage"},"thumbnailUrl":"https:\/\/www.mncomunicacion.com\/wp-content\/uploads\/2020\/01\/IMG_8972.jpg","datePublished":"2020-01-14T11:13:04+00:00","dateModified":"2020-02-05T09:10:02+00:00","breadcrumb":{"@id":"https:\/\/www.mncomunicacion.com\/en\/prensa-d28-en\/centro-plaza-presents-its-fifth-annual-charity-sports-day-in-favour-of-the-marbella-red-cross#breadcrumb"},"inLanguage":"en-US","potentialAction":[{"@type":"ReadAction","target":["https:\/\/www.mncomunicacion.com\/en\/prensa-d28-en\/centro-plaza-presents-its-fifth-annual-charity-sports-day-in-favour-of-the-marbella-red-cross"]}]},{"@type":"ImageObject","inLanguage":"en-US","@id":"https:\/\/www.mncomunicacion.com\/en\/prensa-d28-en\/centro-plaza-presents-its-fifth-annual-charity-sports-day-in-favour-of-the-marbella-red-cross#primaryimage","url":"https:\/\/www.mncomunicacion.com\/wp-content\/uploads\/2020\/01\/IMG_8972.jpg","contentUrl":"https:\/\/www.mncomunicacion.com\/wp-content\/uploads\/2020\/01\/IMG_8972.jpg","width":3824,"height":2487},{"@type":"BreadcrumbList","@id":"https:\/\/www.mncomunicacion.com\/en\/prensa-d28-en\/centro-plaza-presents-its-fifth-annual-charity-sports-day-in-favour-of-the-marbella-red-cross#breadcrumb","itemListElement":[{"@type":"ListItem","position":1,"name":"Portada","item":"https:\/\/www.mncomunicacion.com\/en"},{"@type":"ListItem","position":2,"name":"Centro Plaza presents its fifth annual Charity sports day in favour of the Marbella Red Cross"}]},{"@type":"WebSite","@id":"https:\/\/www.mncomunicacion.com\/#website","url":"https:\/\/www.mncomunicacion.com\/","name":"MN Comunicaci\u00f3n","description":"Agencia de Comunicaci\u00f3n y Organizaci\u00f3n de Eventos en Marbella","publisher":{"@id":"https:\/\/www.mncomunicacion.com\/#organization"},"potentialAction":[{"@type":"SearchAction","target":{"@type":"EntryPoint","urlTemplate":"https:\/\/www.mncomunicacion.com\/?s={search_term_string}"},"query-input":"required name=search_term_string"}],"inLanguage":"en-US"},{"@type":"Organization","@id":"https:\/\/www.mncomunicacion.com\/#organization","name":"MN COMUNICACI\u00d3N","url":"https:\/\/www.mncomunicacion.com\/","logo":{"@type":"ImageObject","inLanguage":"en-US","@id":"https:\/\/www.mncomunicacion.com\/#\/schema\/logo\/image\/","url":"https:\/\/www.mncomunicacion.com\/wp-content\/uploads\/2019\/05\/logo.png","contentUrl":"https:\/\/www.mncomunicacion.com\/wp-content\/uploads\/2019\/05\/logo.png","width":150,"height":150,"caption":"MN COMUNICACI\u00d3N"},"image":{"@id":"https:\/\/www.mncomunicacion.com\/#\/schema\/logo\/image\/"},"sameAs":["https:\/\/www.facebook.com\/marienoelle.escomunicacion\/","https:\/\/x.com\/MNcomunicacion","https:\/\/www.linkedin.com\/company\/marie-no-lle-es-comunicaci-n\/","https:\/\/www.youtube.com\/channel\/UCnHVdXKiLf30LsIfV8k0xIQ"]},{"@type":"Person","@id":"https:\/\/www.mncomunicacion.com\/#\/schema\/person\/70225cf35dfcd918c90eb1a00df42de9","name":"Marie-No\u00eblle"}]}},"_links":{"self":[{"href":"https:\/\/www.mncomunicacion.com\/en\/wp-json\/wp\/v2\/posts\/6832"}],"collection":[{"href":"https:\/\/www.mncomunicacion.com\/en\/wp-json\/wp\/v2\/posts"}],"about":[{"href":"https:\/\/www.mncomunicacion.com\/en\/wp-json\/wp\/v2\/types\/post"}],"author":[{"embeddable":true,"href":"https:\/\/www.mncomunicacion.com\/en\/wp-json\/wp\/v2\/users\/3"}],"replies":[{"embeddable":true,"href":"https:\/\/www.mncomunicacion.com\/en\/wp-json\/wp\/v2\/comments?post=6832"}],"version-history":[{"count":1,"href":"https:\/\/www.mncomunicacion.com\/en\/wp-json\/wp\/v2\/posts\/6832\/revisions"}],"predecessor-version":[{"id":6833,"href":"https:\/\/www.mncomunicacion.com\/en\/wp-json\/wp\/v2\/posts\/6832\/revisions\/6833"}],"wp:featuredmedia":[{"embeddable":true,"href":"https:\/\/www.mncomunicacion.com\/en\/wp-json\/wp\/v2\/media\/6821"}],"wp:attachment":[{"href":"https:\/\/www.mncomunicacion.com\/en\/wp-json\/wp\/v2\/media?parent=6832"}],"wp:term":[{"taxonomy":"category","embeddable":true,"href":"https:\/\/www.mncomunicacion.com\/en\/wp-json\/wp\/v2\/categories?post=6832"},{"taxonomy":"post_tag","embeddable":true,"href":"https:\/\/www.mncomunicacion.com\/en\/wp-json\/wp\/v2\/tags?post=6832"}],"curies":[{"name":"wp","href":"https:\/\/api.w.org\/{rel}","templated":true}]}}