{"id":6785,"date":"2019-12-13T09:56:48","date_gmt":"2019-12-13T09:56:48","guid":{"rendered":"https:\/\/www.mncomunicacion.com\/?p=6785"},"modified":"2019-12-16T11:41:40","modified_gmt":"2019-12-16T11:41:40","slug":"marie-noelle-erize-receives-farola-award-amongst-other-commendable-women","status":"publish","type":"post","link":"https:\/\/www.mncomunicacion.com\/en\/https-www-mncomunicacion-com-en-gabinete-de-prensa\/marie-noelle-erize-receives-farola-award-amongst-other-commendable-women","title":{"rendered":"Marie-No\u00eblle Erize receives Farola award amongst other commendable women"},"content":{"rendered":"<p style=\"text-align: center;\"><strong>The Instituto Andaluz de la Mujer honoured Marie-No\u00eblle Erize as a leading businesswoman in Malaga at the Farola Awards<\/strong><\/p>\n<p style=\"text-align: center;\"><em>The most recent Farola Awards brought together the most outstanding women in the categories of Business, Sport, Culture, Hospitality, Science, Education, Media, Social Justice and Equality<\/em><\/p>\n<p><strong>Marbella, 11<sup>th<\/sup> December_<\/strong> The Centro Provincial de la Mujer in Malaga of the Instituto Andaluz de la Mujer (IAM) celebrated the fourth edition of the Farola Awards in the Instituto Andaluz del Deporte with the aim of recognising and valuing the career paths of female professionals in Malaga who, with their dedication and effort, develop important projects and initiatives worthy of appraisal.<\/p>\n<p>The prize winners were Marie-No\u00eblle Erize, for her professional career in the fields of Communication and Public Relations with her agency MN Comunicaci\u00f3n, the female sailing team \u2018Woman Essentia-Les Roches\u2019 (made up of Mar\u00eda Fiestas, Marina Casado, \u00c1ngela Pumariega and Luc\u00eda Guerrero) in the Sport category, Isabel Conde Mar\u00edn for Culture, Alejandra P\u00e9rez Mu\u00f1oz for Hospitality, Mercedes Siles Molina for Science, Teresa Vera Balanza for Education, Ana Isabel Bernal Trivi\u00f1o for Media, Yolanda Verdugo Delgada for Social Justice and Solidarity and Noem\u00ed Gonz\u00e1lez de la Plata for Promotion of Equality.<\/p>\n<p>Among the eight categories, both the winners for Business as well as Sport were from Marbella. This represents a real credit to city, which has once again shown its potential.<\/p>\n<p><strong><u>About the winners from Marbella: <\/u><\/strong><\/p>\n<p><strong>Marie-No\u00eblle Erize Tisseau<\/strong><\/p>\n<p>Marie-No\u00eblle Erize Tisseau, from Argentina and born to French parents has lived in four different countries: Spain, Venezuela, Argentina and France, where she has worked applying her skills to the world of public relations, communication, marketing and advertising. With her university level education in Public Relations from the Universidad Argentina de la Empresa (UADE), as well as expertise in Business Protocol, Customer Care, Hotel Quality, Business English, Management of Sales Teams and Managerial Skills, she has been more than capable of leading the different projects in which she has collaborated throughout her 40 years of professional work.<\/p>\n<p>Marie-No\u00eblle Erize\u00b4s relationship with the business world in Marbella began in 2001 when she was appointed Founding Partner of Red Tiempo Libre, nursery and children\u00b4s centre, and later occupied the role of Director of Public Relations and Communication at Incosol Hotel Medical Spa for several years. After spending time at various companies, she decided to commence her own project and in 2010 founded Marie-No\u00eblle Comunicaci\u00f3n, a bilingual agency of Public Relations, Communication and Events (<span style=\"color: #cc99ff;\"><strong><a style=\"color: #cc99ff;\" href=\"http:\/\/www.mncomunicacion.com\">www.mncomunicacion.com<\/a><\/strong><\/span>). In 2009, she became one of the eight founders of REM (Red Emprendedoras de Marbella), a company for which she has been in charge of communication and public relations for many years to follow. She has also been linked to the Asociaci\u00f3n de Mujeres Profesionales y Empresarias de Marbella since 2014 until present. Earlier this year, she was chosen to speak at International Women&#8217;s Day on 8<sup>th<\/sup> March in the Marbella Town Hall.<\/p>\n<p><strong>Mar\u00eda Fiestas, Marina Casado, \u00c1ngela Pumariega and Luc\u00eda Guerrero of female sailing team \u2018Woman Essentia-Les Roches\u2019 <\/strong><\/p>\n<p>This year has been very important for female sailors and for Marbella. A boat of four women &#8216;Woman Essentia-Les Roches&#8217; represented Malaga in the 38<sup>th<\/sup> edition of the Copa del Rey, which features predominantly male participation. With more than 20 applicants for 11 boats and after a hard selection process, Mar\u00eda, Marina, \u00c1ngela and Luc\u00eda were fortunate enough to be chosen to compete. It was the first time that the four of them sailed together, as well as their first time in the competition boat and first time in the female category. In the end, they triumphed in fifth position.<\/p>\n<p>Mar\u00eda Fiestas (boat owner), Marina Casado (captain), \u00c1ngela Pumariega (strategy and tactics) y Luc\u00eda Guerrero (timoneer, in charge of the mainsail), are women of different ages and backgrounds who manage to balance their personal lives and work with sailing: a high performance sport taking them to National, International and Olympic competitions. Countless trophies and an Olympic gold medal saw these women presented with an award at the fourth Farola Awards.<\/p>\n<p><img loading=\"lazy\" decoding=\"async\" class=\"aligncenter wp-image-6803 size-large\" src=\"https:\/\/www.mncomunicacion.com\/wp-content\/uploads\/2019\/12\/MN-recogiendo-Premio-Farola-2019-1024x805.jpg\" alt=\"\" width=\"640\" height=\"503\" srcset=\"https:\/\/www.mncomunicacion.com\/wp-content\/uploads\/2019\/12\/MN-recogiendo-Premio-Farola-2019-1024x805.jpg 1024w, https:\/\/www.mncomunicacion.com\/wp-content\/uploads\/2019\/12\/MN-recogiendo-Premio-Farola-2019-300x236.jpg 300w, https:\/\/www.mncomunicacion.com\/wp-content\/uploads\/2019\/12\/MN-recogiendo-Premio-Farola-2019-768x604.jpg 768w, https:\/\/www.mncomunicacion.com\/wp-content\/uploads\/2019\/12\/MN-recogiendo-Premio-Farola-2019.jpg 1182w\" sizes=\"(max-width: 640px) 100vw, 640px\" \/><\/p>\n","protected":false},"excerpt":{"rendered":"<p>The Instituto Andaluz de la Mujer honoured Marie-No\u00eblle Erize as a leading businesswoman in Malaga at the Farola Awards The most recent Farola Awards brought together the most outstanding women in the categories of Business, Sport, Culture, Hospitality, Science, Education, Media, Social Justice and Equality Marbella, 11th December_ The Centro Provincial de la Mujer in Malaga of the Instituto Andaluz de la Mujer (IAM) celebrated the fourth edition of the Farola Awards in the Instituto Andaluz del Deporte with the aim of recognising and valuing the career paths of female professionals in Malaga who, with their dedication and effort, develop important projects and initiatives worthy of appraisal. The prize winners were Marie-No\u00eblle Erize, for her professional career in the fields of Communication and Public Relations with her agency MN Comunicaci\u00f3n, the female sailing team \u2018Woman Essentia-Les Roches\u2019 (made up of Mar\u00eda Fiestas, Marina Casado, \u00c1ngela Pumariega and Luc\u00eda Guerrero) in the Sport category, Isabel Conde Mar\u00edn for Culture, Alejandra P\u00e9rez Mu\u00f1oz for Hospitality, Mercedes Siles Molina for Science, Teresa Vera Balanza for Education, Ana Isabel Bernal Trivi\u00f1o for Media, Yolanda Verdugo Delgada for Social Justice and Solidarity and Noem\u00ed Gonz\u00e1lez de la Plata for Promotion of Equality. Among the eight categories, both the winners for Business as well as Sport were from Marbella. This represents a real credit to city, which has once again shown its potential. About the winners from Marbella: Marie-No\u00eblle Erize Tisseau Marie-No\u00eblle Erize Tisseau, from Argentina and born to French parents has lived in four different countries: Spain, Venezuela, Argentina and France, where she has worked applying her skills to the world of public relations, communication, marketing and advertising. With her university level education in Public Relations from the Universidad Argentina de la Empresa (UADE), as well as expertise in Business Protocol, Customer Care, Hotel Quality, Business English, Management of Sales Teams and Managerial Skills, she has been more than capable of leading the different projects in which she has collaborated throughout her 40 years of professional work. Marie-No\u00eblle Erize\u00b4s relationship with the business world in Marbella began in 2001 when she was appointed Founding Partner of Red Tiempo Libre, nursery and children\u00b4s centre, and later occupied the role of Director of Public Relations and Communication at Incosol Hotel Medical Spa for several years. After spending time at various companies, she decided to commence her own project and in 2010 founded Marie-No\u00eblle Comunicaci\u00f3n, a bilingual agency of Public Relations, Communication and Events (www.mncomunicacion.com). In 2009, she became one of the eight founders of REM (Red Emprendedoras de Marbella), a company for which she has been in charge of communication and public relations for many years to follow. She has also been linked to the Asociaci\u00f3n de Mujeres Profesionales y Empresarias de Marbella since 2014 until present. Earlier this year, she was chosen to speak at International Women&#8217;s Day on 8th March in the Marbella Town Hall. Mar\u00eda Fiestas, Marina Casado, \u00c1ngela Pumariega and Luc\u00eda Guerrero of female sailing team \u2018Woman Essentia-Les Roches\u2019 This year has been very important for female sailors and for Marbella. A boat of four women &#8216;Woman Essentia-Les Roches&#8217; represented Malaga in the 38th edition of the Copa del Rey, which features predominantly male participation. With more than 20 applicants for 11 boats and after a hard selection process, Mar\u00eda, Marina, \u00c1ngela and Luc\u00eda were fortunate enough to be chosen to compete. It was the first time that the four of them sailed together, as well as their first time in the competition boat and first time in the female category. In the end, they triumphed in fifth position. Mar\u00eda Fiestas (boat owner), Marina Casado (captain), \u00c1ngela Pumariega (strategy and tactics) y Luc\u00eda Guerrero (timoneer, in charge of the mainsail), are women of different ages and backgrounds who manage to balance their personal lives and work with sailing: a high performance sport taking them to National, International and Olympic competitions. Countless trophies and an Olympic gold medal saw these women presented with an award at the fourth Farola Awards.<\/p>\n","protected":false},"author":3,"featured_media":6782,"comment_status":"closed","ping_status":"closed","sticky":false,"template":"","format":"standard","meta":{"_exactmetrics_skip_tracking":false,"_exactmetrics_sitenote_active":false,"_exactmetrics_sitenote_note":"","_exactmetrics_sitenote_category":0,"footnotes":""},"categories":[565,557,392],"tags":[],"class_list":["post-6785","post","type-post","status-publish","format-standard","has-post-thumbnail","hentry","category-https-www-mncomunicacion-com-en-gabinete-de-prensa","category-prensa-d28-en","category-press-en-en"],"yoast_head":"<!-- This site is optimized with the Yoast SEO plugin v23.0 - https:\/\/yoast.com\/wordpress\/plugins\/seo\/ -->\n<title>Marie-No\u00eblle Erize receives Farola award amongst other commendable women | MN Comunicaci\u00f3n<\/title>\n<meta name=\"robots\" content=\"index, follow, max-snippet:-1, max-image-preview:large, max-video-preview:-1\" \/>\n<link rel=\"canonical\" href=\"https:\/\/www.mncomunicacion.com\/en\/https-www-mncomunicacion-com-en-gabinete-de-prensa\/marie-noelle-erize-receives-farola-award-amongst-other-commendable-women\" \/>\n<meta property=\"og:locale\" content=\"en_US\" \/>\n<meta property=\"og:type\" content=\"article\" \/>\n<meta property=\"og:title\" content=\"Marie-No\u00eblle Erize receives Farola award amongst other commendable women | MN Comunicaci\u00f3n\" \/>\n<meta property=\"og:description\" content=\"The Instituto Andaluz de la Mujer honoured Marie-No\u00eblle Erize as a leading businesswoman in Malaga at the Farola Awards The most recent Farola Awards brought together the most outstanding women in the categories of Business, Sport, Culture, Hospitality, Science, Education, Media, Social Justice and Equality Marbella, 11th December_ The Centro Provincial de la Mujer in Malaga of the Instituto Andaluz de la Mujer (IAM) celebrated the fourth edition of the Farola Awards in the Instituto Andaluz del Deporte with the aim of recognising and valuing the career paths of female professionals in Malaga who, with their dedication and effort, develop important projects and initiatives worthy of appraisal. The prize winners were Marie-No\u00eblle Erize, for her professional career in the fields of Communication and Public Relations with her agency MN Comunicaci\u00f3n, the female sailing team \u2018Woman Essentia-Les Roches\u2019 (made up of Mar\u00eda Fiestas, Marina Casado, \u00c1ngela Pumariega and Luc\u00eda Guerrero) in the Sport category, Isabel Conde Mar\u00edn for Culture, Alejandra P\u00e9rez Mu\u00f1oz for Hospitality, Mercedes Siles Molina for Science, Teresa Vera Balanza for Education, Ana Isabel Bernal Trivi\u00f1o for Media, Yolanda Verdugo Delgada for Social Justice and Solidarity and Noem\u00ed Gonz\u00e1lez de la Plata for Promotion of Equality. Among the eight categories, both the winners for Business as well as Sport were from Marbella. This represents a real credit to city, which has once again shown its potential. About the winners from Marbella: Marie-No\u00eblle Erize Tisseau Marie-No\u00eblle Erize Tisseau, from Argentina and born to French parents has lived in four different countries: Spain, Venezuela, Argentina and France, where she has worked applying her skills to the world of public relations, communication, marketing and advertising. With her university level education in Public Relations from the Universidad Argentina de la Empresa (UADE), as well as expertise in Business Protocol, Customer Care, Hotel Quality, Business English, Management of Sales Teams and Managerial Skills, she has been more than capable of leading the different projects in which she has collaborated throughout her 40 years of professional work. Marie-No\u00eblle Erize\u00b4s relationship with the business world in Marbella began in 2001 when she was appointed Founding Partner of Red Tiempo Libre, nursery and children\u00b4s centre, and later occupied the role of Director of Public Relations and Communication at Incosol Hotel Medical Spa for several years. After spending time at various companies, she decided to commence her own project and in 2010 founded Marie-No\u00eblle Comunicaci\u00f3n, a bilingual agency of Public Relations, Communication and Events (www.mncomunicacion.com). In 2009, she became one of the eight founders of REM (Red Emprendedoras de Marbella), a company for which she has been in charge of communication and public relations for many years to follow. She has also been linked to the Asociaci\u00f3n de Mujeres Profesionales y Empresarias de Marbella since 2014 until present. Earlier this year, she was chosen to speak at International Women&#8217;s Day on 8th March in the Marbella Town Hall. Mar\u00eda Fiestas, Marina Casado, \u00c1ngela Pumariega and Luc\u00eda Guerrero of female sailing team \u2018Woman Essentia-Les Roches\u2019 This year has been very important for female sailors and for Marbella. A boat of four women &#8216;Woman Essentia-Les Roches&#8217; represented Malaga in the 38th edition of the Copa del Rey, which features predominantly male participation. With more than 20 applicants for 11 boats and after a hard selection process, Mar\u00eda, Marina, \u00c1ngela and Luc\u00eda were fortunate enough to be chosen to compete. It was the first time that the four of them sailed together, as well as their first time in the competition boat and first time in the female category. In the end, they triumphed in fifth position. Mar\u00eda Fiestas (boat owner), Marina Casado (captain), \u00c1ngela Pumariega (strategy and tactics) y Luc\u00eda Guerrero (timoneer, in charge of the mainsail), are women of different ages and backgrounds who manage to balance their personal lives and work with sailing: a high performance sport taking them to National, International and Olympic competitions. Countless trophies and an Olympic gold medal saw these women presented with an award at the fourth Farola Awards.\" \/>\n<meta property=\"og:url\" content=\"https:\/\/www.mncomunicacion.com\/en\/https-www-mncomunicacion-com-en-gabinete-de-prensa\/marie-noelle-erize-receives-farola-award-amongst-other-commendable-women\" \/>\n<meta property=\"og:site_name\" content=\"MN Comunicaci\u00f3n\" \/>\n<meta property=\"article:publisher\" content=\"https:\/\/www.facebook.com\/marienoelle.escomunicacion\/\" \/>\n<meta property=\"article:published_time\" content=\"2019-12-13T09:56:48+00:00\" \/>\n<meta property=\"article:modified_time\" content=\"2019-12-16T11:41:40+00:00\" \/>\n<meta property=\"og:image\" content=\"https:\/\/www.mncomunicacion.com\/wp-content\/uploads\/2019\/12\/Foto-de-familia-FAROLA-2019-1024x643.png\" \/>\n\t<meta property=\"og:image:width\" content=\"1024\" \/>\n\t<meta property=\"og:image:height\" content=\"643\" \/>\n\t<meta property=\"og:image:type\" content=\"image\/png\" \/>\n<meta name=\"author\" content=\"Marie-No\u00eblle\" \/>\n<meta name=\"twitter:card\" content=\"summary_large_image\" \/>\n<meta name=\"twitter:creator\" content=\"@MNcomunicacion\" \/>\n<meta name=\"twitter:site\" content=\"@MNcomunicacion\" \/>\n<meta name=\"twitter:label1\" content=\"Written by\" \/>\n\t<meta name=\"twitter:data1\" content=\"Marie-No\u00eblle\" \/>\n\t<meta name=\"twitter:label2\" content=\"Est. reading time\" \/>\n\t<meta name=\"twitter:data2\" content=\"3 minutes\" \/>\n<script type=\"application\/ld+json\" class=\"yoast-schema-graph\">{\"@context\":\"https:\/\/schema.org\",\"@graph\":[{\"@type\":\"Article\",\"@id\":\"https:\/\/www.mncomunicacion.com\/en\/https-www-mncomunicacion-com-en-gabinete-de-prensa\/marie-noelle-erize-receives-farola-award-amongst-other-commendable-women#article\",\"isPartOf\":{\"@id\":\"https:\/\/www.mncomunicacion.com\/en\/https-www-mncomunicacion-com-en-gabinete-de-prensa\/marie-noelle-erize-receives-farola-award-amongst-other-commendable-women\"},\"author\":{\"name\":\"Marie-No\u00eblle\",\"@id\":\"https:\/\/www.mncomunicacion.com\/#\/schema\/person\/70225cf35dfcd918c90eb1a00df42de9\"},\"headline\":\"Marie-No\u00eblle Erize receives Farola award amongst other commendable women\",\"datePublished\":\"2019-12-13T09:56:48+00:00\",\"dateModified\":\"2019-12-16T11:41:40+00:00\",\"mainEntityOfPage\":{\"@id\":\"https:\/\/www.mncomunicacion.com\/en\/https-www-mncomunicacion-com-en-gabinete-de-prensa\/marie-noelle-erize-receives-farola-award-amongst-other-commendable-women\"},\"wordCount\":695,\"publisher\":{\"@id\":\"https:\/\/www.mncomunicacion.com\/#organization\"},\"image\":{\"@id\":\"https:\/\/www.mncomunicacion.com\/en\/https-www-mncomunicacion-com-en-gabinete-de-prensa\/marie-noelle-erize-receives-farola-award-amongst-other-commendable-women#primaryimage\"},\"thumbnailUrl\":\"https:\/\/www.mncomunicacion.com\/wp-content\/uploads\/2019\/12\/Foto-de-familia-FAROLA-2019.png\",\"articleSection\":[\"Communication\",\"Gabinete de Prensa\",\"Press\"],\"inLanguage\":\"en-US\"},{\"@type\":\"WebPage\",\"@id\":\"https:\/\/www.mncomunicacion.com\/en\/https-www-mncomunicacion-com-en-gabinete-de-prensa\/marie-noelle-erize-receives-farola-award-amongst-other-commendable-women\",\"url\":\"https:\/\/www.mncomunicacion.com\/en\/https-www-mncomunicacion-com-en-gabinete-de-prensa\/marie-noelle-erize-receives-farola-award-amongst-other-commendable-women\",\"name\":\"Marie-No\u00eblle Erize receives Farola award amongst other commendable women | MN Comunicaci\u00f3n\",\"isPartOf\":{\"@id\":\"https:\/\/www.mncomunicacion.com\/#website\"},\"primaryImageOfPage\":{\"@id\":\"https:\/\/www.mncomunicacion.com\/en\/https-www-mncomunicacion-com-en-gabinete-de-prensa\/marie-noelle-erize-receives-farola-award-amongst-other-commendable-women#primaryimage\"},\"image\":{\"@id\":\"https:\/\/www.mncomunicacion.com\/en\/https-www-mncomunicacion-com-en-gabinete-de-prensa\/marie-noelle-erize-receives-farola-award-amongst-other-commendable-women#primaryimage\"},\"thumbnailUrl\":\"https:\/\/www.mncomunicacion.com\/wp-content\/uploads\/2019\/12\/Foto-de-familia-FAROLA-2019.png\",\"datePublished\":\"2019-12-13T09:56:48+00:00\",\"dateModified\":\"2019-12-16T11:41:40+00:00\",\"breadcrumb\":{\"@id\":\"https:\/\/www.mncomunicacion.com\/en\/https-www-mncomunicacion-com-en-gabinete-de-prensa\/marie-noelle-erize-receives-farola-award-amongst-other-commendable-women#breadcrumb\"},\"inLanguage\":\"en-US\",\"potentialAction\":[{\"@type\":\"ReadAction\",\"target\":[\"https:\/\/www.mncomunicacion.com\/en\/https-www-mncomunicacion-com-en-gabinete-de-prensa\/marie-noelle-erize-receives-farola-award-amongst-other-commendable-women\"]}]},{\"@type\":\"ImageObject\",\"inLanguage\":\"en-US\",\"@id\":\"https:\/\/www.mncomunicacion.com\/en\/https-www-mncomunicacion-com-en-gabinete-de-prensa\/marie-noelle-erize-receives-farola-award-amongst-other-commendable-women#primaryimage\",\"url\":\"https:\/\/www.mncomunicacion.com\/wp-content\/uploads\/2019\/12\/Foto-de-familia-FAROLA-2019.png\",\"contentUrl\":\"https:\/\/www.mncomunicacion.com\/wp-content\/uploads\/2019\/12\/Foto-de-familia-FAROLA-2019.png\",\"width\":3045,\"height\":1913},{\"@type\":\"BreadcrumbList\",\"@id\":\"https:\/\/www.mncomunicacion.com\/en\/https-www-mncomunicacion-com-en-gabinete-de-prensa\/marie-noelle-erize-receives-farola-award-amongst-other-commendable-women#breadcrumb\",\"itemListElement\":[{\"@type\":\"ListItem\",\"position\":1,\"name\":\"Portada\",\"item\":\"https:\/\/www.mncomunicacion.com\/en\"},{\"@type\":\"ListItem\",\"position\":2,\"name\":\"Marie-No\u00eblle Erize receives Farola award amongst other commendable women\"}]},{\"@type\":\"WebSite\",\"@id\":\"https:\/\/www.mncomunicacion.com\/#website\",\"url\":\"https:\/\/www.mncomunicacion.com\/\",\"name\":\"MN Comunicaci\u00f3n\",\"description\":\"Agencia de Comunicaci\u00f3n y Organizaci\u00f3n de Eventos en Marbella\",\"publisher\":{\"@id\":\"https:\/\/www.mncomunicacion.com\/#organization\"},\"potentialAction\":[{\"@type\":\"SearchAction\",\"target\":{\"@type\":\"EntryPoint\",\"urlTemplate\":\"https:\/\/www.mncomunicacion.com\/?s={search_term_string}\"},\"query-input\":\"required name=search_term_string\"}],\"inLanguage\":\"en-US\"},{\"@type\":\"Organization\",\"@id\":\"https:\/\/www.mncomunicacion.com\/#organization\",\"name\":\"MN COMUNICACI\u00d3N\",\"url\":\"https:\/\/www.mncomunicacion.com\/\",\"logo\":{\"@type\":\"ImageObject\",\"inLanguage\":\"en-US\",\"@id\":\"https:\/\/www.mncomunicacion.com\/#\/schema\/logo\/image\/\",\"url\":\"https:\/\/www.mncomunicacion.com\/wp-content\/uploads\/2019\/05\/logo.png\",\"contentUrl\":\"https:\/\/www.mncomunicacion.com\/wp-content\/uploads\/2019\/05\/logo.png\",\"width\":150,\"height\":150,\"caption\":\"MN COMUNICACI\u00d3N\"},\"image\":{\"@id\":\"https:\/\/www.mncomunicacion.com\/#\/schema\/logo\/image\/\"},\"sameAs\":[\"https:\/\/www.facebook.com\/marienoelle.escomunicacion\/\",\"https:\/\/x.com\/MNcomunicacion\",\"https:\/\/www.linkedin.com\/company\/marie-no-lle-es-comunicaci-n\/\",\"https:\/\/www.youtube.com\/channel\/UCnHVdXKiLf30LsIfV8k0xIQ\"]},{\"@type\":\"Person\",\"@id\":\"https:\/\/www.mncomunicacion.com\/#\/schema\/person\/70225cf35dfcd918c90eb1a00df42de9\",\"name\":\"Marie-No\u00eblle\"}]}<\/script>\n<!-- \/ Yoast SEO plugin. -->","yoast_head_json":{"title":"Marie-No\u00eblle Erize receives Farola award amongst other commendable women | MN Comunicaci\u00f3n","robots":{"index":"index","follow":"follow","max-snippet":"max-snippet:-1","max-image-preview":"max-image-preview:large","max-video-preview":"max-video-preview:-1"},"canonical":"https:\/\/www.mncomunicacion.com\/en\/https-www-mncomunicacion-com-en-gabinete-de-prensa\/marie-noelle-erize-receives-farola-award-amongst-other-commendable-women","og_locale":"en_US","og_type":"article","og_title":"Marie-No\u00eblle Erize receives Farola award amongst other commendable women | MN Comunicaci\u00f3n","og_description":"The Instituto Andaluz de la Mujer honoured Marie-No\u00eblle Erize as a leading businesswoman in Malaga at the Farola Awards The most recent Farola Awards brought together the most outstanding women in the categories of Business, Sport, Culture, Hospitality, Science, Education, Media, Social Justice and Equality Marbella, 11th December_ The Centro Provincial de la Mujer in Malaga of the Instituto Andaluz de la Mujer (IAM) celebrated the fourth edition of the Farola Awards in the Instituto Andaluz del Deporte with the aim of recognising and valuing the career paths of female professionals in Malaga who, with their dedication and effort, develop important projects and initiatives worthy of appraisal. The prize winners were Marie-No\u00eblle Erize, for her professional career in the fields of Communication and Public Relations with her agency MN Comunicaci\u00f3n, the female sailing team \u2018Woman Essentia-Les Roches\u2019 (made up of Mar\u00eda Fiestas, Marina Casado, \u00c1ngela Pumariega and Luc\u00eda Guerrero) in the Sport category, Isabel Conde Mar\u00edn for Culture, Alejandra P\u00e9rez Mu\u00f1oz for Hospitality, Mercedes Siles Molina for Science, Teresa Vera Balanza for Education, Ana Isabel Bernal Trivi\u00f1o for Media, Yolanda Verdugo Delgada for Social Justice and Solidarity and Noem\u00ed Gonz\u00e1lez de la Plata for Promotion of Equality. Among the eight categories, both the winners for Business as well as Sport were from Marbella. This represents a real credit to city, which has once again shown its potential. About the winners from Marbella: Marie-No\u00eblle Erize Tisseau Marie-No\u00eblle Erize Tisseau, from Argentina and born to French parents has lived in four different countries: Spain, Venezuela, Argentina and France, where she has worked applying her skills to the world of public relations, communication, marketing and advertising. With her university level education in Public Relations from the Universidad Argentina de la Empresa (UADE), as well as expertise in Business Protocol, Customer Care, Hotel Quality, Business English, Management of Sales Teams and Managerial Skills, she has been more than capable of leading the different projects in which she has collaborated throughout her 40 years of professional work. Marie-No\u00eblle Erize\u00b4s relationship with the business world in Marbella began in 2001 when she was appointed Founding Partner of Red Tiempo Libre, nursery and children\u00b4s centre, and later occupied the role of Director of Public Relations and Communication at Incosol Hotel Medical Spa for several years. After spending time at various companies, she decided to commence her own project and in 2010 founded Marie-No\u00eblle Comunicaci\u00f3n, a bilingual agency of Public Relations, Communication and Events (www.mncomunicacion.com). In 2009, she became one of the eight founders of REM (Red Emprendedoras de Marbella), a company for which she has been in charge of communication and public relations for many years to follow. She has also been linked to the Asociaci\u00f3n de Mujeres Profesionales y Empresarias de Marbella since 2014 until present. Earlier this year, she was chosen to speak at International Women&#8217;s Day on 8th March in the Marbella Town Hall. Mar\u00eda Fiestas, Marina Casado, \u00c1ngela Pumariega and Luc\u00eda Guerrero of female sailing team \u2018Woman Essentia-Les Roches\u2019 This year has been very important for female sailors and for Marbella. A boat of four women &#8216;Woman Essentia-Les Roches&#8217; represented Malaga in the 38th edition of the Copa del Rey, which features predominantly male participation. With more than 20 applicants for 11 boats and after a hard selection process, Mar\u00eda, Marina, \u00c1ngela and Luc\u00eda were fortunate enough to be chosen to compete. It was the first time that the four of them sailed together, as well as their first time in the competition boat and first time in the female category. In the end, they triumphed in fifth position. Mar\u00eda Fiestas (boat owner), Marina Casado (captain), \u00c1ngela Pumariega (strategy and tactics) y Luc\u00eda Guerrero (timoneer, in charge of the mainsail), are women of different ages and backgrounds who manage to balance their personal lives and work with sailing: a high performance sport taking them to National, International and Olympic competitions. Countless trophies and an Olympic gold medal saw these women presented with an award at the fourth Farola Awards.","og_url":"https:\/\/www.mncomunicacion.com\/en\/https-www-mncomunicacion-com-en-gabinete-de-prensa\/marie-noelle-erize-receives-farola-award-amongst-other-commendable-women","og_site_name":"MN Comunicaci\u00f3n","article_publisher":"https:\/\/www.facebook.com\/marienoelle.escomunicacion\/","article_published_time":"2019-12-13T09:56:48+00:00","article_modified_time":"2019-12-16T11:41:40+00:00","og_image":[{"width":1024,"height":643,"url":"https:\/\/www.mncomunicacion.com\/wp-content\/uploads\/2019\/12\/Foto-de-familia-FAROLA-2019-1024x643.png","type":"image\/png"}],"author":"Marie-No\u00eblle","twitter_card":"summary_large_image","twitter_creator":"@MNcomunicacion","twitter_site":"@MNcomunicacion","twitter_misc":{"Written by":"Marie-No\u00eblle","Est. reading time":"3 minutes"},"schema":{"@context":"https:\/\/schema.org","@graph":[{"@type":"Article","@id":"https:\/\/www.mncomunicacion.com\/en\/https-www-mncomunicacion-com-en-gabinete-de-prensa\/marie-noelle-erize-receives-farola-award-amongst-other-commendable-women#article","isPartOf":{"@id":"https:\/\/www.mncomunicacion.com\/en\/https-www-mncomunicacion-com-en-gabinete-de-prensa\/marie-noelle-erize-receives-farola-award-amongst-other-commendable-women"},"author":{"name":"Marie-No\u00eblle","@id":"https:\/\/www.mncomunicacion.com\/#\/schema\/person\/70225cf35dfcd918c90eb1a00df42de9"},"headline":"Marie-No\u00eblle Erize receives Farola award amongst other commendable women","datePublished":"2019-12-13T09:56:48+00:00","dateModified":"2019-12-16T11:41:40+00:00","mainEntityOfPage":{"@id":"https:\/\/www.mncomunicacion.com\/en\/https-www-mncomunicacion-com-en-gabinete-de-prensa\/marie-noelle-erize-receives-farola-award-amongst-other-commendable-women"},"wordCount":695,"publisher":{"@id":"https:\/\/www.mncomunicacion.com\/#organization"},"image":{"@id":"https:\/\/www.mncomunicacion.com\/en\/https-www-mncomunicacion-com-en-gabinete-de-prensa\/marie-noelle-erize-receives-farola-award-amongst-other-commendable-women#primaryimage"},"thumbnailUrl":"https:\/\/www.mncomunicacion.com\/wp-content\/uploads\/2019\/12\/Foto-de-familia-FAROLA-2019.png","articleSection":["Communication","Gabinete de Prensa","Press"],"inLanguage":"en-US"},{"@type":"WebPage","@id":"https:\/\/www.mncomunicacion.com\/en\/https-www-mncomunicacion-com-en-gabinete-de-prensa\/marie-noelle-erize-receives-farola-award-amongst-other-commendable-women","url":"https:\/\/www.mncomunicacion.com\/en\/https-www-mncomunicacion-com-en-gabinete-de-prensa\/marie-noelle-erize-receives-farola-award-amongst-other-commendable-women","name":"Marie-No\u00eblle Erize receives Farola award amongst other commendable women | MN Comunicaci\u00f3n","isPartOf":{"@id":"https:\/\/www.mncomunicacion.com\/#website"},"primaryImageOfPage":{"@id":"https:\/\/www.mncomunicacion.com\/en\/https-www-mncomunicacion-com-en-gabinete-de-prensa\/marie-noelle-erize-receives-farola-award-amongst-other-commendable-women#primaryimage"},"image":{"@id":"https:\/\/www.mncomunicacion.com\/en\/https-www-mncomunicacion-com-en-gabinete-de-prensa\/marie-noelle-erize-receives-farola-award-amongst-other-commendable-women#primaryimage"},"thumbnailUrl":"https:\/\/www.mncomunicacion.com\/wp-content\/uploads\/2019\/12\/Foto-de-familia-FAROLA-2019.png","datePublished":"2019-12-13T09:56:48+00:00","dateModified":"2019-12-16T11:41:40+00:00","breadcrumb":{"@id":"https:\/\/www.mncomunicacion.com\/en\/https-www-mncomunicacion-com-en-gabinete-de-prensa\/marie-noelle-erize-receives-farola-award-amongst-other-commendable-women#breadcrumb"},"inLanguage":"en-US","potentialAction":[{"@type":"ReadAction","target":["https:\/\/www.mncomunicacion.com\/en\/https-www-mncomunicacion-com-en-gabinete-de-prensa\/marie-noelle-erize-receives-farola-award-amongst-other-commendable-women"]}]},{"@type":"ImageObject","inLanguage":"en-US","@id":"https:\/\/www.mncomunicacion.com\/en\/https-www-mncomunicacion-com-en-gabinete-de-prensa\/marie-noelle-erize-receives-farola-award-amongst-other-commendable-women#primaryimage","url":"https:\/\/www.mncomunicacion.com\/wp-content\/uploads\/2019\/12\/Foto-de-familia-FAROLA-2019.png","contentUrl":"https:\/\/www.mncomunicacion.com\/wp-content\/uploads\/2019\/12\/Foto-de-familia-FAROLA-2019.png","width":3045,"height":1913},{"@type":"BreadcrumbList","@id":"https:\/\/www.mncomunicacion.com\/en\/https-www-mncomunicacion-com-en-gabinete-de-prensa\/marie-noelle-erize-receives-farola-award-amongst-other-commendable-women#breadcrumb","itemListElement":[{"@type":"ListItem","position":1,"name":"Portada","item":"https:\/\/www.mncomunicacion.com\/en"},{"@type":"ListItem","position":2,"name":"Marie-No\u00eblle Erize receives Farola award amongst other commendable women"}]},{"@type":"WebSite","@id":"https:\/\/www.mncomunicacion.com\/#website","url":"https:\/\/www.mncomunicacion.com\/","name":"MN Comunicaci\u00f3n","description":"Agencia de Comunicaci\u00f3n y Organizaci\u00f3n de Eventos en Marbella","publisher":{"@id":"https:\/\/www.mncomunicacion.com\/#organization"},"potentialAction":[{"@type":"SearchAction","target":{"@type":"EntryPoint","urlTemplate":"https:\/\/www.mncomunicacion.com\/?s={search_term_string}"},"query-input":"required name=search_term_string"}],"inLanguage":"en-US"},{"@type":"Organization","@id":"https:\/\/www.mncomunicacion.com\/#organization","name":"MN COMUNICACI\u00d3N","url":"https:\/\/www.mncomunicacion.com\/","logo":{"@type":"ImageObject","inLanguage":"en-US","@id":"https:\/\/www.mncomunicacion.com\/#\/schema\/logo\/image\/","url":"https:\/\/www.mncomunicacion.com\/wp-content\/uploads\/2019\/05\/logo.png","contentUrl":"https:\/\/www.mncomunicacion.com\/wp-content\/uploads\/2019\/05\/logo.png","width":150,"height":150,"caption":"MN COMUNICACI\u00d3N"},"image":{"@id":"https:\/\/www.mncomunicacion.com\/#\/schema\/logo\/image\/"},"sameAs":["https:\/\/www.facebook.com\/marienoelle.escomunicacion\/","https:\/\/x.com\/MNcomunicacion","https:\/\/www.linkedin.com\/company\/marie-no-lle-es-comunicaci-n\/","https:\/\/www.youtube.com\/channel\/UCnHVdXKiLf30LsIfV8k0xIQ"]},{"@type":"Person","@id":"https:\/\/www.mncomunicacion.com\/#\/schema\/person\/70225cf35dfcd918c90eb1a00df42de9","name":"Marie-No\u00eblle"}]}},"_links":{"self":[{"href":"https:\/\/www.mncomunicacion.com\/en\/wp-json\/wp\/v2\/posts\/6785"}],"collection":[{"href":"https:\/\/www.mncomunicacion.com\/en\/wp-json\/wp\/v2\/posts"}],"about":[{"href":"https:\/\/www.mncomunicacion.com\/en\/wp-json\/wp\/v2\/types\/post"}],"author":[{"embeddable":true,"href":"https:\/\/www.mncomunicacion.com\/en\/wp-json\/wp\/v2\/users\/3"}],"replies":[{"embeddable":true,"href":"https:\/\/www.mncomunicacion.com\/en\/wp-json\/wp\/v2\/comments?post=6785"}],"version-history":[{"count":4,"href":"https:\/\/www.mncomunicacion.com\/en\/wp-json\/wp\/v2\/posts\/6785\/revisions"}],"predecessor-version":[{"id":6805,"href":"https:\/\/www.mncomunicacion.com\/en\/wp-json\/wp\/v2\/posts\/6785\/revisions\/6805"}],"wp:featuredmedia":[{"embeddable":true,"href":"https:\/\/www.mncomunicacion.com\/en\/wp-json\/wp\/v2\/media\/6782"}],"wp:attachment":[{"href":"https:\/\/www.mncomunicacion.com\/en\/wp-json\/wp\/v2\/media?parent=6785"}],"wp:term":[{"taxonomy":"category","embeddable":true,"href":"https:\/\/www.mncomunicacion.com\/en\/wp-json\/wp\/v2\/categories?post=6785"},{"taxonomy":"post_tag","embeddable":true,"href":"https:\/\/www.mncomunicacion.com\/en\/wp-json\/wp\/v2\/tags?post=6785"}],"curies":[{"name":"wp","href":"https:\/\/api.w.org\/{rel}","templated":true}]}}