{"id":6623,"date":"2019-10-17T09:24:18","date_gmt":"2019-10-17T09:24:18","guid":{"rendered":"https:\/\/www.mncomunicacion.com\/?p=6623"},"modified":"2019-10-17T09:24:18","modified_gmt":"2019-10-17T09:24:18","slug":"towards-nature-event-in-marbella","status":"publish","type":"post","link":"https:\/\/www.mncomunicacion.com\/en\/eventos-en\/towards-nature-event-in-marbella","title":{"rendered":"TOWARDS NATURE event in Marbella"},"content":{"rendered":"<p><strong>\u00b4TOWARDS NATURE\u00b4 EVENT INSPIRED ENVIRONMENTAL AWARENESS IN MARBELLA<\/strong><\/p>\n<p><em>\u00a0<\/em><em>On the 14th and 15th of October, Marbella\u00b4s Palacio de Congresos united nearly a thousand people to meet Johan Ernst Nilson, one of the World&#8217;s greatest activists<\/em><\/p>\n<p>&nbsp;<\/p>\n<p><strong>Marbella, October 16, 2019.- <\/strong>At a time where the environmental crisis is a reality, it is increasingly important to raise awareness and start taking action in order to protect the environment and conserve biodiversity. Now more than ever, a change of mind-set must be put into effect to improve the situation for future generations. Indeed, the best legacy that can be left to the younger generation is a habitable planet, and this is clear for the organisers of TOWARDS NATURE, the most important environmental event hosted by Marbella so far.<\/p>\n<p>TOWARDS NATURE, which took place on the 14th and 15th of October, managed to unite people; children, teenagers and adults, in a unique encounter with nature of which the protagonist was Johan Ernst Nilson, all the way from Sweden. An excellent way to grasp the reality of the ecological risk, through an exceptional witness who has travelled the world and seen it with his own eyes.<\/p>\n<p>Johan is a major environmental activist and climate change advocate who promotes global environmental education through talks that inspire hundreds of thousands of people. Guided by his adventurous spirit and his unconditional love for life, Johan has travelled to more than 175 countries and 50% of his time and efforts are dedicated to charity. But what stands out most for him is the strength to overcome, which he spreads through words and reaches the hearts of his listeners with a very clear message: <strong><em>\u00b4Everything is possible, the impossible just takes more time\u00b4.<\/em><\/strong><\/p>\n<p>A total of almost a thousand people have witnessed this and have been able to participate actively in giving their views on combating the ecological crisis. For him, nature is the only thing that is really indispensable for man; \u00b4<em>we have created the concept of poverty ourselves, but the reality is that only with what the Earth itself gives us, we would have the needs met \u0301<\/em>. For two days there have been various musical performances as well as presentations by the students who took this reflection on the environment very seriously and were able to start raising awareness about it. As Johan said:<em> \u00b4Everything starts with the little things. We have the way to change the world in our hands but the question is whether we want to do it\u2019.<\/em><\/p>\n<p>Recounting his own experiences, having explored different corners of the planet for more than 25 years of his life, Johan advised young people to pursue their goals and dreams, and to not be discouraged. He also pointed out how climate change can affect their future, and to this effect, has inspired them and their parents to take action, to face the problem and to fight as a family for a better world. He says that today <em>\u00b4children are 25% of the world\u2019s population, and 100% of our future\u00b4<\/em>, and that the key is within them, those who have the wish to change the situation we experience today.<\/p>\n<p>Johan and his larger than life personality wanted to get across the harsh reality that the Earth faces by declaring: <em>\u00b4We have the responsibility to choose good rulers who make the right decisions, but we must also adopt small changes in our day-to-day lives that are not difficult to carry out but are important when they are combined in the pursuit of greater respect for nature and the environment.\u00b4<\/em><\/p>\n<p>The two-day event was also attended by the director of Culture Carmen D\u00edaz and the director of the Environment Victoria Mart\u00edn Lome\u00f1a, along with the organiser of this initiative Alexandra Kondrashova and Javier P\u00e9rez Bened\u00ed de Marbellayuda.<\/p>\n<p>Some of Marbella\u00b4s educational institutions participated in the event with wonderful enthusiasm. The organisers would like to thank the students of LAUDE San Pedro International College, Atalaya Bilingual College, San Jos\u00e9 College, Sotogrande International School, Marbella Montessori School and English International College for their moving performances. In addition, Les Roches, MIUC, Marbella Design Academy and The American College collaborated with the TOWARDS NATURE event.<\/p>\n<p>The event was organised by the environmental charity Goodwill Meridian Fund together with the agencies; Events Couture Marbella and <a href=\"http:\/\/mncomunicacion.com\"><strong>Marie-No\u00eblle Communication<\/strong><\/a>. The Marbella Town Hall has also given its support along with, Garcatri Deluxe Transport, Marbella Club Hotel, Gestoria Bocanegra, HSE School of Art and Design, Calidad Pascual, Doss by Da Bruno, Breathe Marbella, Reprofast and Aguaencajamejor.<\/p>\n<p>All funds raised from the event are being donated to the Foundation MarbellAyuda with its program to renovate the paediatric area in the Costa del Sol Hospital, and to the Leonardo DiCaprio Foundation with its Climate Change scheme.<\/p>\n<div id='gallery-1' class='gallery galleryid-6623 gallery-columns-1 gallery-size-large'><figure class='gallery-item'>\n\t\t\t<div class='gallery-icon landscape'>\n\t\t\t\t<a href='https:\/\/www.mncomunicacion.com\/en\/eventos-en\/towards-nature-event-in-marbella\/attachment\/8j7a9580-2'><img loading=\"lazy\" decoding=\"async\" width=\"640\" height=\"427\" src=\"https:\/\/www.mncomunicacion.com\/wp-content\/uploads\/2019\/10\/8J7A9580-1024x683.jpg\" class=\"attachment-large size-large\" alt=\"\" srcset=\"https:\/\/www.mncomunicacion.com\/wp-content\/uploads\/2019\/10\/8J7A9580-1024x683.jpg 1024w, https:\/\/www.mncomunicacion.com\/wp-content\/uploads\/2019\/10\/8J7A9580-300x200.jpg 300w, https:\/\/www.mncomunicacion.com\/wp-content\/uploads\/2019\/10\/8J7A9580-768x512.jpg 768w\" sizes=\"(max-width: 640px) 100vw, 640px\" \/><\/a>\n\t\t\t<\/div><\/figure><figure class='gallery-item'>\n\t\t\t<div class='gallery-icon landscape'>\n\t\t\t\t<a href='https:\/\/www.mncomunicacion.com\/en\/eventos-en\/towards-nature-event-in-marbella\/attachment\/9469-2'><img loading=\"lazy\" decoding=\"async\" width=\"640\" height=\"463\" src=\"https:\/\/www.mncomunicacion.com\/wp-content\/uploads\/2019\/10\/9469-1024x740.jpg\" class=\"attachment-large size-large\" alt=\"\" srcset=\"https:\/\/www.mncomunicacion.com\/wp-content\/uploads\/2019\/10\/9469-1024x740.jpg 1024w, https:\/\/www.mncomunicacion.com\/wp-content\/uploads\/2019\/10\/9469-300x217.jpg 300w, https:\/\/www.mncomunicacion.com\/wp-content\/uploads\/2019\/10\/9469-768x555.jpg 768w\" sizes=\"(max-width: 640px) 100vw, 640px\" \/><\/a>\n\t\t\t<\/div><\/figure><figure class='gallery-item'>\n\t\t\t<div class='gallery-icon landscape'>\n\t\t\t\t<a href='https:\/\/www.mncomunicacion.com\/en\/eventos-en\/towards-nature-event-in-marbella\/attachment\/rus_9037-2'><img loading=\"lazy\" decoding=\"async\" width=\"640\" height=\"380\" src=\"https:\/\/www.mncomunicacion.com\/wp-content\/uploads\/2019\/10\/RUS_9037-1024x608.jpg\" class=\"attachment-large size-large\" alt=\"\" srcset=\"https:\/\/www.mncomunicacion.com\/wp-content\/uploads\/2019\/10\/RUS_9037-1024x608.jpg 1024w, https:\/\/www.mncomunicacion.com\/wp-content\/uploads\/2019\/10\/RUS_9037-300x178.jpg 300w, https:\/\/www.mncomunicacion.com\/wp-content\/uploads\/2019\/10\/RUS_9037-768x456.jpg 768w, https:\/\/www.mncomunicacion.com\/wp-content\/uploads\/2019\/10\/RUS_9037.jpg 1578w\" sizes=\"(max-width: 640px) 100vw, 640px\" \/><\/a>\n\t\t\t<\/div><\/figure><figure class='gallery-item'>\n\t\t\t<div class='gallery-icon landscape'>\n\t\t\t\t<a href='https:\/\/www.mncomunicacion.com\/en\/eventos-en\/towards-nature-event-in-marbella\/attachment\/equipo-organizador-y-voluntarios-de-towards-nature-2'><img loading=\"lazy\" decoding=\"async\" width=\"640\" height=\"475\" src=\"https:\/\/www.mncomunicacion.com\/wp-content\/uploads\/2019\/10\/equipo-organizador-y-voluntarios-de-TOWARDS-NATURE-1024x760.jpg\" class=\"attachment-large size-large\" alt=\"\" srcset=\"https:\/\/www.mncomunicacion.com\/wp-content\/uploads\/2019\/10\/equipo-organizador-y-voluntarios-de-TOWARDS-NATURE-1024x760.jpg 1024w, https:\/\/www.mncomunicacion.com\/wp-content\/uploads\/2019\/10\/equipo-organizador-y-voluntarios-de-TOWARDS-NATURE-300x223.jpg 300w, https:\/\/www.mncomunicacion.com\/wp-content\/uploads\/2019\/10\/equipo-organizador-y-voluntarios-de-TOWARDS-NATURE-768x570.jpg 768w, https:\/\/www.mncomunicacion.com\/wp-content\/uploads\/2019\/10\/equipo-organizador-y-voluntarios-de-TOWARDS-NATURE.jpg 1620w\" sizes=\"(max-width: 640px) 100vw, 640px\" \/><\/a>\n\t\t\t<\/div><\/figure>\n\t\t<\/div>\n\n","protected":false},"excerpt":{"rendered":"<p>\u00b4TOWARDS NATURE\u00b4 EVENT INSPIRED ENVIRONMENTAL AWARENESS IN MARBELLA \u00a0On the 14th and 15th of October, Marbella\u00b4s Palacio de Congresos united nearly a thousand people to meet Johan Ernst Nilson, one of the World&#8217;s greatest activists &nbsp; Marbella, October 16, 2019.- At a time where the environmental crisis is a reality, it is increasingly important to raise awareness and start taking action in order to protect the environment and conserve biodiversity. Now more than ever, a change of mind-set must be put into effect to improve the situation for future generations. Indeed, the best legacy that can be left to the younger generation is a habitable planet, and this is clear for the organisers of TOWARDS NATURE, the most important environmental event hosted by Marbella so far. TOWARDS NATURE, which took place on the 14th and 15th of October, managed to unite people; children, teenagers and adults, in a unique encounter with nature of which the protagonist was Johan Ernst Nilson, all the way from Sweden. An excellent way to grasp the reality of the ecological risk, through an exceptional witness who has travelled the world and seen it with his own eyes. Johan is a major environmental activist and climate change advocate who promotes global environmental education through talks that inspire hundreds of thousands of people. Guided by his adventurous spirit and his unconditional love for life, Johan has travelled to more than 175 countries and 50% of his time and efforts are dedicated to charity. But what stands out most for him is the strength to overcome, which he spreads through words and reaches the hearts of his listeners with a very clear message: \u00b4Everything is possible, the impossible just takes more time\u00b4. A total of almost a thousand people have witnessed this and have been able to participate actively in giving their views on combating the ecological crisis. For him, nature is the only thing that is really indispensable for man; \u00b4we have created the concept of poverty ourselves, but the reality is that only with what the Earth itself gives us, we would have the needs met \u0301. For two days there have been various musical performances as well as presentations by the students who took this reflection on the environment very seriously and were able to start raising awareness about it. As Johan said: \u00b4Everything starts with the little things. We have the way to change the world in our hands but the question is whether we want to do it\u2019. Recounting his own experiences, having explored different corners of the planet for more than 25 years of his life, Johan advised young people to pursue their goals and dreams, and to not be discouraged. He also pointed out how climate change can affect their future, and to this effect, has inspired them and their parents to take action, to face the problem and to fight as a family for a better world. He says that today \u00b4children are 25% of the world\u2019s population, and 100% of our future\u00b4, and that the key is within them, those who have the wish to change the situation we experience today. Johan and his larger than life personality wanted to get across the harsh reality that the Earth faces by declaring: \u00b4We have the responsibility to choose good rulers who make the right decisions, but we must also adopt small changes in our day-to-day lives that are not difficult to carry out but are important when they are combined in the pursuit of greater respect for nature and the environment.\u00b4 The two-day event was also attended by the director of Culture Carmen D\u00edaz and the director of the Environment Victoria Mart\u00edn Lome\u00f1a, along with the organiser of this initiative Alexandra Kondrashova and Javier P\u00e9rez Bened\u00ed de Marbellayuda. Some of Marbella\u00b4s educational institutions participated in the event with wonderful enthusiasm. The organisers would like to thank the students of LAUDE San Pedro International College, Atalaya Bilingual College, San Jos\u00e9 College, Sotogrande International School, Marbella Montessori School and English International College for their moving performances. In addition, Les Roches, MIUC, Marbella Design Academy and The American College collaborated with the TOWARDS NATURE event. The event was organised by the environmental charity Goodwill Meridian Fund together with the agencies; Events Couture Marbella and Marie-No\u00eblle Communication. The Marbella Town Hall has also given its support along with, Garcatri Deluxe Transport, Marbella Club Hotel, Gestoria Bocanegra, HSE School of Art and Design, Calidad Pascual, Doss by Da Bruno, Breathe Marbella, Reprofast and Aguaencajamejor. All funds raised from the event are being donated to the Foundation MarbellAyuda with its program to renovate the paediatric area in the Costa del Sol Hospital, and to the Leonardo DiCaprio Foundation with its Climate Change scheme.<\/p>\n","protected":false},"author":3,"featured_media":6594,"comment_status":"closed","ping_status":"closed","sticky":false,"template":"","format":"standard","meta":{"_exactmetrics_skip_tracking":false,"_exactmetrics_sitenote_active":false,"_exactmetrics_sitenote_note":"","_exactmetrics_sitenote_category":0,"footnotes":""},"categories":[556,486],"tags":[],"class_list":["post-6623","post","type-post","status-publish","format-standard","has-post-thumbnail","hentry","category-eventos-en","category-events-en"],"yoast_head":"<!-- This site is optimized with the Yoast SEO plugin v23.0 - https:\/\/yoast.com\/wordpress\/plugins\/seo\/ -->\n<title>TOWARDS NATURE event in Marbella | MN Comunicaci\u00f3n<\/title>\n<meta name=\"robots\" content=\"index, follow, max-snippet:-1, max-image-preview:large, max-video-preview:-1\" \/>\n<link rel=\"canonical\" href=\"https:\/\/www.mncomunicacion.com\/en\/eventos-en\/towards-nature-event-in-marbella\" \/>\n<meta property=\"og:locale\" content=\"en_US\" \/>\n<meta property=\"og:type\" content=\"article\" \/>\n<meta property=\"og:title\" content=\"TOWARDS NATURE event in Marbella | MN Comunicaci\u00f3n\" \/>\n<meta property=\"og:description\" content=\"\u00b4TOWARDS NATURE\u00b4 EVENT INSPIRED ENVIRONMENTAL AWARENESS IN MARBELLA \u00a0On the 14th and 15th of October, Marbella\u00b4s Palacio de Congresos united nearly a thousand people to meet Johan Ernst Nilson, one of the World&#8217;s greatest activists &nbsp; Marbella, October 16, 2019.- At a time where the environmental crisis is a reality, it is increasingly important to raise awareness and start taking action in order to protect the environment and conserve biodiversity. Now more than ever, a change of mind-set must be put into effect to improve the situation for future generations. Indeed, the best legacy that can be left to the younger generation is a habitable planet, and this is clear for the organisers of TOWARDS NATURE, the most important environmental event hosted by Marbella so far. TOWARDS NATURE, which took place on the 14th and 15th of October, managed to unite people; children, teenagers and adults, in a unique encounter with nature of which the protagonist was Johan Ernst Nilson, all the way from Sweden. An excellent way to grasp the reality of the ecological risk, through an exceptional witness who has travelled the world and seen it with his own eyes. Johan is a major environmental activist and climate change advocate who promotes global environmental education through talks that inspire hundreds of thousands of people. Guided by his adventurous spirit and his unconditional love for life, Johan has travelled to more than 175 countries and 50% of his time and efforts are dedicated to charity. But what stands out most for him is the strength to overcome, which he spreads through words and reaches the hearts of his listeners with a very clear message: \u00b4Everything is possible, the impossible just takes more time\u00b4. A total of almost a thousand people have witnessed this and have been able to participate actively in giving their views on combating the ecological crisis. For him, nature is the only thing that is really indispensable for man; \u00b4we have created the concept of poverty ourselves, but the reality is that only with what the Earth itself gives us, we would have the needs met \u0301. For two days there have been various musical performances as well as presentations by the students who took this reflection on the environment very seriously and were able to start raising awareness about it. As Johan said: \u00b4Everything starts with the little things. We have the way to change the world in our hands but the question is whether we want to do it\u2019. Recounting his own experiences, having explored different corners of the planet for more than 25 years of his life, Johan advised young people to pursue their goals and dreams, and to not be discouraged. He also pointed out how climate change can affect their future, and to this effect, has inspired them and their parents to take action, to face the problem and to fight as a family for a better world. He says that today \u00b4children are 25% of the world\u2019s population, and 100% of our future\u00b4, and that the key is within them, those who have the wish to change the situation we experience today. Johan and his larger than life personality wanted to get across the harsh reality that the Earth faces by declaring: \u00b4We have the responsibility to choose good rulers who make the right decisions, but we must also adopt small changes in our day-to-day lives that are not difficult to carry out but are important when they are combined in the pursuit of greater respect for nature and the environment.\u00b4 The two-day event was also attended by the director of Culture Carmen D\u00edaz and the director of the Environment Victoria Mart\u00edn Lome\u00f1a, along with the organiser of this initiative Alexandra Kondrashova and Javier P\u00e9rez Bened\u00ed de Marbellayuda. Some of Marbella\u00b4s educational institutions participated in the event with wonderful enthusiasm. The organisers would like to thank the students of LAUDE San Pedro International College, Atalaya Bilingual College, San Jos\u00e9 College, Sotogrande International School, Marbella Montessori School and English International College for their moving performances. In addition, Les Roches, MIUC, Marbella Design Academy and The American College collaborated with the TOWARDS NATURE event. The event was organised by the environmental charity Goodwill Meridian Fund together with the agencies; Events Couture Marbella and Marie-No\u00eblle Communication. The Marbella Town Hall has also given its support along with, Garcatri Deluxe Transport, Marbella Club Hotel, Gestoria Bocanegra, HSE School of Art and Design, Calidad Pascual, Doss by Da Bruno, Breathe Marbella, Reprofast and Aguaencajamejor. All funds raised from the event are being donated to the Foundation MarbellAyuda with its program to renovate the paediatric area in the Costa del Sol Hospital, and to the Leonardo DiCaprio Foundation with its Climate Change scheme.\" \/>\n<meta property=\"og:url\" content=\"https:\/\/www.mncomunicacion.com\/en\/eventos-en\/towards-nature-event-in-marbella\" \/>\n<meta property=\"og:site_name\" content=\"MN Comunicaci\u00f3n\" \/>\n<meta property=\"article:publisher\" content=\"https:\/\/www.facebook.com\/marienoelle.escomunicacion\/\" \/>\n<meta property=\"article:published_time\" content=\"2019-10-17T09:24:18+00:00\" \/>\n<meta property=\"og:image\" content=\"https:\/\/www.mncomunicacion.com\/wp-content\/uploads\/2019\/10\/Johan-E.-Nilson-durante-su-ponencia-e1571304179672-1024x671.jpg\" \/>\n\t<meta property=\"og:image:width\" content=\"1024\" \/>\n\t<meta property=\"og:image:height\" content=\"671\" \/>\n\t<meta property=\"og:image:type\" content=\"image\/jpeg\" \/>\n<meta name=\"author\" content=\"Marie-No\u00eblle\" \/>\n<meta name=\"twitter:card\" content=\"summary_large_image\" \/>\n<meta name=\"twitter:creator\" content=\"@MNcomunicacion\" \/>\n<meta name=\"twitter:site\" content=\"@MNcomunicacion\" \/>\n<meta name=\"twitter:label1\" content=\"Written by\" \/>\n\t<meta name=\"twitter:data1\" content=\"Marie-No\u00eblle\" \/>\n\t<meta name=\"twitter:label2\" content=\"Est. reading time\" \/>\n\t<meta name=\"twitter:data2\" content=\"4 minutes\" \/>\n<script type=\"application\/ld+json\" class=\"yoast-schema-graph\">{\"@context\":\"https:\/\/schema.org\",\"@graph\":[{\"@type\":\"Article\",\"@id\":\"https:\/\/www.mncomunicacion.com\/en\/eventos-en\/towards-nature-event-in-marbella#article\",\"isPartOf\":{\"@id\":\"https:\/\/www.mncomunicacion.com\/en\/eventos-en\/towards-nature-event-in-marbella\"},\"author\":{\"name\":\"Marie-No\u00eblle\",\"@id\":\"https:\/\/www.mncomunicacion.com\/#\/schema\/person\/70225cf35dfcd918c90eb1a00df42de9\"},\"headline\":\"TOWARDS NATURE event in Marbella\",\"datePublished\":\"2019-10-17T09:24:18+00:00\",\"dateModified\":\"2019-10-17T09:24:18+00:00\",\"mainEntityOfPage\":{\"@id\":\"https:\/\/www.mncomunicacion.com\/en\/eventos-en\/towards-nature-event-in-marbella\"},\"wordCount\":798,\"publisher\":{\"@id\":\"https:\/\/www.mncomunicacion.com\/#organization\"},\"image\":{\"@id\":\"https:\/\/www.mncomunicacion.com\/en\/eventos-en\/towards-nature-event-in-marbella#primaryimage\"},\"thumbnailUrl\":\"https:\/\/www.mncomunicacion.com\/wp-content\/uploads\/2019\/10\/Johan-E.-Nilson-durante-su-ponencia-e1571304179672.jpg\",\"articleSection\":[\"Eventos\",\"Events\"],\"inLanguage\":\"en-US\"},{\"@type\":\"WebPage\",\"@id\":\"https:\/\/www.mncomunicacion.com\/en\/eventos-en\/towards-nature-event-in-marbella\",\"url\":\"https:\/\/www.mncomunicacion.com\/en\/eventos-en\/towards-nature-event-in-marbella\",\"name\":\"TOWARDS NATURE event in Marbella | MN Comunicaci\u00f3n\",\"isPartOf\":{\"@id\":\"https:\/\/www.mncomunicacion.com\/#website\"},\"primaryImageOfPage\":{\"@id\":\"https:\/\/www.mncomunicacion.com\/en\/eventos-en\/towards-nature-event-in-marbella#primaryimage\"},\"image\":{\"@id\":\"https:\/\/www.mncomunicacion.com\/en\/eventos-en\/towards-nature-event-in-marbella#primaryimage\"},\"thumbnailUrl\":\"https:\/\/www.mncomunicacion.com\/wp-content\/uploads\/2019\/10\/Johan-E.-Nilson-durante-su-ponencia-e1571304179672.jpg\",\"datePublished\":\"2019-10-17T09:24:18+00:00\",\"dateModified\":\"2019-10-17T09:24:18+00:00\",\"breadcrumb\":{\"@id\":\"https:\/\/www.mncomunicacion.com\/en\/eventos-en\/towards-nature-event-in-marbella#breadcrumb\"},\"inLanguage\":\"en-US\",\"potentialAction\":[{\"@type\":\"ReadAction\",\"target\":[\"https:\/\/www.mncomunicacion.com\/en\/eventos-en\/towards-nature-event-in-marbella\"]}]},{\"@type\":\"ImageObject\",\"inLanguage\":\"en-US\",\"@id\":\"https:\/\/www.mncomunicacion.com\/en\/eventos-en\/towards-nature-event-in-marbella#primaryimage\",\"url\":\"https:\/\/www.mncomunicacion.com\/wp-content\/uploads\/2019\/10\/Johan-E.-Nilson-durante-su-ponencia-e1571304179672.jpg\",\"contentUrl\":\"https:\/\/www.mncomunicacion.com\/wp-content\/uploads\/2019\/10\/Johan-E.-Nilson-durante-su-ponencia-e1571304179672.jpg\",\"width\":4660,\"height\":3052},{\"@type\":\"BreadcrumbList\",\"@id\":\"https:\/\/www.mncomunicacion.com\/en\/eventos-en\/towards-nature-event-in-marbella#breadcrumb\",\"itemListElement\":[{\"@type\":\"ListItem\",\"position\":1,\"name\":\"Portada\",\"item\":\"https:\/\/www.mncomunicacion.com\/en\"},{\"@type\":\"ListItem\",\"position\":2,\"name\":\"TOWARDS NATURE event in Marbella\"}]},{\"@type\":\"WebSite\",\"@id\":\"https:\/\/www.mncomunicacion.com\/#website\",\"url\":\"https:\/\/www.mncomunicacion.com\/\",\"name\":\"MN Comunicaci\u00f3n\",\"description\":\"Agencia de Comunicaci\u00f3n y Organizaci\u00f3n de Eventos en Marbella\",\"publisher\":{\"@id\":\"https:\/\/www.mncomunicacion.com\/#organization\"},\"potentialAction\":[{\"@type\":\"SearchAction\",\"target\":{\"@type\":\"EntryPoint\",\"urlTemplate\":\"https:\/\/www.mncomunicacion.com\/?s={search_term_string}\"},\"query-input\":\"required name=search_term_string\"}],\"inLanguage\":\"en-US\"},{\"@type\":\"Organization\",\"@id\":\"https:\/\/www.mncomunicacion.com\/#organization\",\"name\":\"MN COMUNICACI\u00d3N\",\"url\":\"https:\/\/www.mncomunicacion.com\/\",\"logo\":{\"@type\":\"ImageObject\",\"inLanguage\":\"en-US\",\"@id\":\"https:\/\/www.mncomunicacion.com\/#\/schema\/logo\/image\/\",\"url\":\"https:\/\/www.mncomunicacion.com\/wp-content\/uploads\/2019\/05\/logo.png\",\"contentUrl\":\"https:\/\/www.mncomunicacion.com\/wp-content\/uploads\/2019\/05\/logo.png\",\"width\":150,\"height\":150,\"caption\":\"MN COMUNICACI\u00d3N\"},\"image\":{\"@id\":\"https:\/\/www.mncomunicacion.com\/#\/schema\/logo\/image\/\"},\"sameAs\":[\"https:\/\/www.facebook.com\/marienoelle.escomunicacion\/\",\"https:\/\/x.com\/MNcomunicacion\",\"https:\/\/www.linkedin.com\/company\/marie-no-lle-es-comunicaci-n\/\",\"https:\/\/www.youtube.com\/channel\/UCnHVdXKiLf30LsIfV8k0xIQ\"]},{\"@type\":\"Person\",\"@id\":\"https:\/\/www.mncomunicacion.com\/#\/schema\/person\/70225cf35dfcd918c90eb1a00df42de9\",\"name\":\"Marie-No\u00eblle\"}]}<\/script>\n<!-- \/ Yoast SEO plugin. -->","yoast_head_json":{"title":"TOWARDS NATURE event in Marbella | MN Comunicaci\u00f3n","robots":{"index":"index","follow":"follow","max-snippet":"max-snippet:-1","max-image-preview":"max-image-preview:large","max-video-preview":"max-video-preview:-1"},"canonical":"https:\/\/www.mncomunicacion.com\/en\/eventos-en\/towards-nature-event-in-marbella","og_locale":"en_US","og_type":"article","og_title":"TOWARDS NATURE event in Marbella | MN Comunicaci\u00f3n","og_description":"\u00b4TOWARDS NATURE\u00b4 EVENT INSPIRED ENVIRONMENTAL AWARENESS IN MARBELLA \u00a0On the 14th and 15th of October, Marbella\u00b4s Palacio de Congresos united nearly a thousand people to meet Johan Ernst Nilson, one of the World&#8217;s greatest activists &nbsp; Marbella, October 16, 2019.- At a time where the environmental crisis is a reality, it is increasingly important to raise awareness and start taking action in order to protect the environment and conserve biodiversity. Now more than ever, a change of mind-set must be put into effect to improve the situation for future generations. Indeed, the best legacy that can be left to the younger generation is a habitable planet, and this is clear for the organisers of TOWARDS NATURE, the most important environmental event hosted by Marbella so far. TOWARDS NATURE, which took place on the 14th and 15th of October, managed to unite people; children, teenagers and adults, in a unique encounter with nature of which the protagonist was Johan Ernst Nilson, all the way from Sweden. An excellent way to grasp the reality of the ecological risk, through an exceptional witness who has travelled the world and seen it with his own eyes. Johan is a major environmental activist and climate change advocate who promotes global environmental education through talks that inspire hundreds of thousands of people. Guided by his adventurous spirit and his unconditional love for life, Johan has travelled to more than 175 countries and 50% of his time and efforts are dedicated to charity. But what stands out most for him is the strength to overcome, which he spreads through words and reaches the hearts of his listeners with a very clear message: \u00b4Everything is possible, the impossible just takes more time\u00b4. A total of almost a thousand people have witnessed this and have been able to participate actively in giving their views on combating the ecological crisis. For him, nature is the only thing that is really indispensable for man; \u00b4we have created the concept of poverty ourselves, but the reality is that only with what the Earth itself gives us, we would have the needs met \u0301. For two days there have been various musical performances as well as presentations by the students who took this reflection on the environment very seriously and were able to start raising awareness about it. As Johan said: \u00b4Everything starts with the little things. We have the way to change the world in our hands but the question is whether we want to do it\u2019. Recounting his own experiences, having explored different corners of the planet for more than 25 years of his life, Johan advised young people to pursue their goals and dreams, and to not be discouraged. He also pointed out how climate change can affect their future, and to this effect, has inspired them and their parents to take action, to face the problem and to fight as a family for a better world. He says that today \u00b4children are 25% of the world\u2019s population, and 100% of our future\u00b4, and that the key is within them, those who have the wish to change the situation we experience today. Johan and his larger than life personality wanted to get across the harsh reality that the Earth faces by declaring: \u00b4We have the responsibility to choose good rulers who make the right decisions, but we must also adopt small changes in our day-to-day lives that are not difficult to carry out but are important when they are combined in the pursuit of greater respect for nature and the environment.\u00b4 The two-day event was also attended by the director of Culture Carmen D\u00edaz and the director of the Environment Victoria Mart\u00edn Lome\u00f1a, along with the organiser of this initiative Alexandra Kondrashova and Javier P\u00e9rez Bened\u00ed de Marbellayuda. Some of Marbella\u00b4s educational institutions participated in the event with wonderful enthusiasm. The organisers would like to thank the students of LAUDE San Pedro International College, Atalaya Bilingual College, San Jos\u00e9 College, Sotogrande International School, Marbella Montessori School and English International College for their moving performances. In addition, Les Roches, MIUC, Marbella Design Academy and The American College collaborated with the TOWARDS NATURE event. The event was organised by the environmental charity Goodwill Meridian Fund together with the agencies; Events Couture Marbella and Marie-No\u00eblle Communication. The Marbella Town Hall has also given its support along with, Garcatri Deluxe Transport, Marbella Club Hotel, Gestoria Bocanegra, HSE School of Art and Design, Calidad Pascual, Doss by Da Bruno, Breathe Marbella, Reprofast and Aguaencajamejor. All funds raised from the event are being donated to the Foundation MarbellAyuda with its program to renovate the paediatric area in the Costa del Sol Hospital, and to the Leonardo DiCaprio Foundation with its Climate Change scheme.","og_url":"https:\/\/www.mncomunicacion.com\/en\/eventos-en\/towards-nature-event-in-marbella","og_site_name":"MN Comunicaci\u00f3n","article_publisher":"https:\/\/www.facebook.com\/marienoelle.escomunicacion\/","article_published_time":"2019-10-17T09:24:18+00:00","og_image":[{"width":1024,"height":671,"url":"https:\/\/www.mncomunicacion.com\/wp-content\/uploads\/2019\/10\/Johan-E.-Nilson-durante-su-ponencia-e1571304179672-1024x671.jpg","type":"image\/jpeg"}],"author":"Marie-No\u00eblle","twitter_card":"summary_large_image","twitter_creator":"@MNcomunicacion","twitter_site":"@MNcomunicacion","twitter_misc":{"Written by":"Marie-No\u00eblle","Est. reading time":"4 minutes"},"schema":{"@context":"https:\/\/schema.org","@graph":[{"@type":"Article","@id":"https:\/\/www.mncomunicacion.com\/en\/eventos-en\/towards-nature-event-in-marbella#article","isPartOf":{"@id":"https:\/\/www.mncomunicacion.com\/en\/eventos-en\/towards-nature-event-in-marbella"},"author":{"name":"Marie-No\u00eblle","@id":"https:\/\/www.mncomunicacion.com\/#\/schema\/person\/70225cf35dfcd918c90eb1a00df42de9"},"headline":"TOWARDS NATURE event in Marbella","datePublished":"2019-10-17T09:24:18+00:00","dateModified":"2019-10-17T09:24:18+00:00","mainEntityOfPage":{"@id":"https:\/\/www.mncomunicacion.com\/en\/eventos-en\/towards-nature-event-in-marbella"},"wordCount":798,"publisher":{"@id":"https:\/\/www.mncomunicacion.com\/#organization"},"image":{"@id":"https:\/\/www.mncomunicacion.com\/en\/eventos-en\/towards-nature-event-in-marbella#primaryimage"},"thumbnailUrl":"https:\/\/www.mncomunicacion.com\/wp-content\/uploads\/2019\/10\/Johan-E.-Nilson-durante-su-ponencia-e1571304179672.jpg","articleSection":["Eventos","Events"],"inLanguage":"en-US"},{"@type":"WebPage","@id":"https:\/\/www.mncomunicacion.com\/en\/eventos-en\/towards-nature-event-in-marbella","url":"https:\/\/www.mncomunicacion.com\/en\/eventos-en\/towards-nature-event-in-marbella","name":"TOWARDS NATURE event in Marbella | MN Comunicaci\u00f3n","isPartOf":{"@id":"https:\/\/www.mncomunicacion.com\/#website"},"primaryImageOfPage":{"@id":"https:\/\/www.mncomunicacion.com\/en\/eventos-en\/towards-nature-event-in-marbella#primaryimage"},"image":{"@id":"https:\/\/www.mncomunicacion.com\/en\/eventos-en\/towards-nature-event-in-marbella#primaryimage"},"thumbnailUrl":"https:\/\/www.mncomunicacion.com\/wp-content\/uploads\/2019\/10\/Johan-E.-Nilson-durante-su-ponencia-e1571304179672.jpg","datePublished":"2019-10-17T09:24:18+00:00","dateModified":"2019-10-17T09:24:18+00:00","breadcrumb":{"@id":"https:\/\/www.mncomunicacion.com\/en\/eventos-en\/towards-nature-event-in-marbella#breadcrumb"},"inLanguage":"en-US","potentialAction":[{"@type":"ReadAction","target":["https:\/\/www.mncomunicacion.com\/en\/eventos-en\/towards-nature-event-in-marbella"]}]},{"@type":"ImageObject","inLanguage":"en-US","@id":"https:\/\/www.mncomunicacion.com\/en\/eventos-en\/towards-nature-event-in-marbella#primaryimage","url":"https:\/\/www.mncomunicacion.com\/wp-content\/uploads\/2019\/10\/Johan-E.-Nilson-durante-su-ponencia-e1571304179672.jpg","contentUrl":"https:\/\/www.mncomunicacion.com\/wp-content\/uploads\/2019\/10\/Johan-E.-Nilson-durante-su-ponencia-e1571304179672.jpg","width":4660,"height":3052},{"@type":"BreadcrumbList","@id":"https:\/\/www.mncomunicacion.com\/en\/eventos-en\/towards-nature-event-in-marbella#breadcrumb","itemListElement":[{"@type":"ListItem","position":1,"name":"Portada","item":"https:\/\/www.mncomunicacion.com\/en"},{"@type":"ListItem","position":2,"name":"TOWARDS NATURE event in Marbella"}]},{"@type":"WebSite","@id":"https:\/\/www.mncomunicacion.com\/#website","url":"https:\/\/www.mncomunicacion.com\/","name":"MN Comunicaci\u00f3n","description":"Agencia de Comunicaci\u00f3n y Organizaci\u00f3n de Eventos en Marbella","publisher":{"@id":"https:\/\/www.mncomunicacion.com\/#organization"},"potentialAction":[{"@type":"SearchAction","target":{"@type":"EntryPoint","urlTemplate":"https:\/\/www.mncomunicacion.com\/?s={search_term_string}"},"query-input":"required name=search_term_string"}],"inLanguage":"en-US"},{"@type":"Organization","@id":"https:\/\/www.mncomunicacion.com\/#organization","name":"MN COMUNICACI\u00d3N","url":"https:\/\/www.mncomunicacion.com\/","logo":{"@type":"ImageObject","inLanguage":"en-US","@id":"https:\/\/www.mncomunicacion.com\/#\/schema\/logo\/image\/","url":"https:\/\/www.mncomunicacion.com\/wp-content\/uploads\/2019\/05\/logo.png","contentUrl":"https:\/\/www.mncomunicacion.com\/wp-content\/uploads\/2019\/05\/logo.png","width":150,"height":150,"caption":"MN COMUNICACI\u00d3N"},"image":{"@id":"https:\/\/www.mncomunicacion.com\/#\/schema\/logo\/image\/"},"sameAs":["https:\/\/www.facebook.com\/marienoelle.escomunicacion\/","https:\/\/x.com\/MNcomunicacion","https:\/\/www.linkedin.com\/company\/marie-no-lle-es-comunicaci-n\/","https:\/\/www.youtube.com\/channel\/UCnHVdXKiLf30LsIfV8k0xIQ"]},{"@type":"Person","@id":"https:\/\/www.mncomunicacion.com\/#\/schema\/person\/70225cf35dfcd918c90eb1a00df42de9","name":"Marie-No\u00eblle"}]}},"_links":{"self":[{"href":"https:\/\/www.mncomunicacion.com\/en\/wp-json\/wp\/v2\/posts\/6623"}],"collection":[{"href":"https:\/\/www.mncomunicacion.com\/en\/wp-json\/wp\/v2\/posts"}],"about":[{"href":"https:\/\/www.mncomunicacion.com\/en\/wp-json\/wp\/v2\/types\/post"}],"author":[{"embeddable":true,"href":"https:\/\/www.mncomunicacion.com\/en\/wp-json\/wp\/v2\/users\/3"}],"replies":[{"embeddable":true,"href":"https:\/\/www.mncomunicacion.com\/en\/wp-json\/wp\/v2\/comments?post=6623"}],"version-history":[{"count":2,"href":"https:\/\/www.mncomunicacion.com\/en\/wp-json\/wp\/v2\/posts\/6623\/revisions"}],"predecessor-version":[{"id":6625,"href":"https:\/\/www.mncomunicacion.com\/en\/wp-json\/wp\/v2\/posts\/6623\/revisions\/6625"}],"wp:featuredmedia":[{"embeddable":true,"href":"https:\/\/www.mncomunicacion.com\/en\/wp-json\/wp\/v2\/media\/6594"}],"wp:attachment":[{"href":"https:\/\/www.mncomunicacion.com\/en\/wp-json\/wp\/v2\/media?parent=6623"}],"wp:term":[{"taxonomy":"category","embeddable":true,"href":"https:\/\/www.mncomunicacion.com\/en\/wp-json\/wp\/v2\/categories?post=6623"},{"taxonomy":"post_tag","embeddable":true,"href":"https:\/\/www.mncomunicacion.com\/en\/wp-json\/wp\/v2\/tags?post=6623"}],"curies":[{"name":"wp","href":"https:\/\/api.w.org\/{rel}","templated":true}]}}