{"id":6515,"date":"2019-09-06T11:48:38","date_gmt":"2019-09-06T11:48:38","guid":{"rendered":"https:\/\/www.mncomunicacion.com\/?p=6515"},"modified":"2019-10-10T12:09:20","modified_gmt":"2019-10-10T12:09:20","slug":"press-conference-for-the-fundacion-andres-olivares","status":"publish","type":"post","link":"https:\/\/www.mncomunicacion.com\/en\/prensa-d28-en\/press-conference-for-the-fundacion-andres-olivares","title":{"rendered":"Press Conference for the Fundaci\u00f3n Andr\u00e9s Olivares"},"content":{"rendered":"<p><strong>The Fundaci\u00f3n Andr\u00e9s Olivares celebrates its annual charity dinner in Marbella for the second year running <\/strong><\/p>\n<p><strong>Marbella, September 6, 2019 &#8211;<\/strong> This morning in the Salon Ensenada of the Hotel El Fuerte, a press conference took place announcing a charity dinner on behalf of the Fundaci\u00f3n Andr\u00e9s Olivares. Andr\u00e9s Olivares, the President of the Fundaci\u00f3n Andr\u00e9s Olivares, and Isabel Luque, the Vice President of the Fundaci\u00f3n Fuerte both spoke at the conference.<\/p>\n<p>Andr\u00e9s Olivares commented that this is the second year in which the dinner has been organised in Marbella and also that the foundation is currently aiding 432 families, 42 of which are based in Marbella. He also wanted to highlight the importance of educating the population about these chronic diseases and that they have the foundation in M\u00e1laga, which is there to take care of all of those in need. This year the Fundaci\u00f3n Fuerte, whose representative Isabel Luque, mentioned that they are giving economic and organisational support to the Fundaci\u00f3n Andr\u00e9s Olivares; they are helping with the funding of the cocktail evening and providing a photographer for the dinner among other things. Both Andr\u00e9s and Isabel want to thank those present today and to all those who are helping with the function.<\/p>\n<p>The event will be held on the <strong>27<sup>th<\/sup> of September at 9:00pm<\/strong> in the restaurant Dantonelas Beach Club Guadalmina and will be a cocktail dinner. During which, guests will be treated to a concert by the flamenco group Los Piratas. A ticket to the charity dinner costs \u20ac50 and tickets can be bought by writing to <strong>marbella@fundacionandresolivares.com<\/strong>. For those who are unable to attend but who would like to make a donation, they can do so by making a deposit in La Caixa N\u00ba ES66 2100 2107 5802 0071 6505. All proceeds from the dinner will be donated to \u00b4Estamos a tu Lado\u00b4 (we are at your side), a new project that has just launched, together with the M\u00e1laga Hospital Materno Infantil, to attend to the needs of paediatric patients suffering from complex chronic diseases.<\/p>\n<p>About Fundaci\u00f3n Andr\u00e9s Olivares:27th<\/p>\n<p><strong>Fundaci\u00f3n Andr\u00e9s Olivares<\/strong> works to improve the lives of children and adolescents who are affected by cancer and other chronic illnesses, as well as giving the necessary support to their families through a well-developed assistance program, that is offered by professionals and filled with compassion. A fully integrated support system is extended to families, from emotional support through to any type of social compensation that they may need.<\/p>\n<p><a href=\"https:\/\/www.fundacionandresolivares.org\/\">https:\/\/www.fundacionandresolivares.org\/<\/a><\/p>\n<p>About Fundaci\u00f3n Fuerte:<\/p>\n<p><strong>Fundaci\u00f3n Fuerte<\/strong> is a charity whose base in Marbella aids in directing the charitable activities of the El Fuerte Group. Its primary focus is helping people at risk from social exclusion and organising cultural events and campaigns for environmental awareness. <a href=\"http:\/\/www.fundacionfuerte.org\/\">http:\/\/www.fundacionfuerte.org\/<\/a>\u00a0\u00a0 <a href=\"mailto:adminfundacion@fundacionfuerte.org\">adminfundacion@fundacionfuerte.org<\/a><\/p>\n<p><strong><a href=\"https:\/\/www.mncomunicacion.com\/en\">MNCommunication<\/a> <\/strong>organised the conference and invited the press along.<img loading=\"lazy\" decoding=\"async\" class=\"size-medium wp-image-6508 aligncenter\" style=\"color: #999999; font-style: normal; font-weight: 400;\" src=\"https:\/\/www.mncomunicacion.com\/wp-content\/uploads\/2019\/09\/Fundaci\u00f3n_Andr\u00e9sOlivares-300x225.jpg\" alt=\"\" width=\"300\" height=\"225\" srcset=\"https:\/\/www.mncomunicacion.com\/wp-content\/uploads\/2019\/09\/Fundaci\u00f3n_Andr\u00e9sOlivares-300x225.jpg 300w, https:\/\/www.mncomunicacion.com\/wp-content\/uploads\/2019\/09\/Fundaci\u00f3n_Andr\u00e9sOlivares-768x576.jpg 768w, https:\/\/www.mncomunicacion.com\/wp-content\/uploads\/2019\/09\/Fundaci\u00f3n_Andr\u00e9sOlivares-1024x768.jpg 1024w\" sizes=\"(max-width: 300px) 100vw, 300px\" \/><\/p>\n","protected":false},"excerpt":{"rendered":"<p>The Fundaci\u00f3n Andr\u00e9s Olivares celebrates its annual charity dinner in Marbella for the second year running Marbella, September 6, 2019 &#8211; This morning in the Salon Ensenada of the Hotel El Fuerte, a press conference took place announcing a charity dinner on behalf of the Fundaci\u00f3n Andr\u00e9s Olivares. Andr\u00e9s Olivares, the President of the Fundaci\u00f3n Andr\u00e9s Olivares, and Isabel Luque, the Vice President of the Fundaci\u00f3n Fuerte both spoke at the conference. Andr\u00e9s Olivares commented that this is the second year in which the dinner has been organised in Marbella and also that the foundation is currently aiding 432 families, 42 of which are based in Marbella. He also wanted to highlight the importance of educating the population about these chronic diseases and that they have the foundation in M\u00e1laga, which is there to take care of all of those in need. This year the Fundaci\u00f3n Fuerte, whose representative Isabel Luque, mentioned that they are giving economic and organisational support to the Fundaci\u00f3n Andr\u00e9s Olivares; they are helping with the funding of the cocktail evening and providing a photographer for the dinner among other things. Both Andr\u00e9s and Isabel want to thank those present today and to all those who are helping with the function. The event will be held on the 27th of September at 9:00pm in the restaurant Dantonelas Beach Club Guadalmina and will be a cocktail dinner. During which, guests will be treated to a concert by the flamenco group Los Piratas. A ticket to the charity dinner costs \u20ac50 and tickets can be bought by writing to marbella@fundacionandresolivares.com. For those who are unable to attend but who would like to make a donation, they can do so by making a deposit in La Caixa N\u00ba ES66 2100 2107 5802 0071 6505. All proceeds from the dinner will be donated to \u00b4Estamos a tu Lado\u00b4 (we are at your side), a new project that has just launched, together with the M\u00e1laga Hospital Materno Infantil, to attend to the needs of paediatric patients suffering from complex chronic diseases. About Fundaci\u00f3n Andr\u00e9s Olivares:27th Fundaci\u00f3n Andr\u00e9s Olivares works to improve the lives of children and adolescents who are affected by cancer and other chronic illnesses, as well as giving the necessary support to their families through a well-developed assistance program, that is offered by professionals and filled with compassion. A fully integrated support system is extended to families, from emotional support through to any type of social compensation that they may need. https:\/\/www.fundacionandresolivares.org\/ About Fundaci\u00f3n Fuerte: Fundaci\u00f3n Fuerte is a charity whose base in Marbella aids in directing the charitable activities of the El Fuerte Group. Its primary focus is helping people at risk from social exclusion and organising cultural events and campaigns for environmental awareness. http:\/\/www.fundacionfuerte.org\/\u00a0\u00a0 adminfundacion@fundacionfuerte.org MNCommunication organised the conference and invited the press along.<\/p>\n","protected":false},"author":3,"featured_media":6510,"comment_status":"closed","ping_status":"closed","sticky":false,"template":"","format":"standard","meta":{"_exactmetrics_skip_tracking":false,"_exactmetrics_sitenote_active":false,"_exactmetrics_sitenote_note":"","_exactmetrics_sitenote_category":0,"footnotes":""},"categories":[557,392],"tags":[],"class_list":["post-6515","post","type-post","status-publish","format-standard","has-post-thumbnail","hentry","category-prensa-d28-en","category-press-en-en"],"yoast_head":"<!-- This site is optimized with the Yoast SEO plugin v23.0 - https:\/\/yoast.com\/wordpress\/plugins\/seo\/ -->\n<title>Press Conference for the Fundaci\u00f3n Andr\u00e9s Olivares | MN Comunicaci\u00f3n<\/title>\n<meta name=\"description\" content=\"MNCommunication organised the press conference for the Fundaci\u00f3n Andr\u00e9s Olivares who announced their cocktail dinner which will take place on the 27th of September.\" \/>\n<meta name=\"robots\" content=\"index, follow, max-snippet:-1, max-image-preview:large, max-video-preview:-1\" \/>\n<link rel=\"canonical\" href=\"https:\/\/www.mncomunicacion.com\/en\/prensa-d28-en\/press-conference-for-the-fundacion-andres-olivares\" \/>\n<meta property=\"og:locale\" content=\"en_US\" \/>\n<meta property=\"og:type\" content=\"article\" \/>\n<meta property=\"og:title\" content=\"Press Conference for the Fundaci\u00f3n Andr\u00e9s Olivares | MN Comunicaci\u00f3n\" \/>\n<meta property=\"og:description\" content=\"MNCommunication organised the press conference for the Fundaci\u00f3n Andr\u00e9s Olivares who announced their cocktail dinner which will take place on the 27th of September.\" \/>\n<meta property=\"og:url\" content=\"https:\/\/www.mncomunicacion.com\/en\/prensa-d28-en\/press-conference-for-the-fundacion-andres-olivares\" \/>\n<meta property=\"og:site_name\" content=\"MN Comunicaci\u00f3n\" \/>\n<meta property=\"article:publisher\" content=\"https:\/\/www.facebook.com\/marienoelle.escomunicacion\/\" \/>\n<meta property=\"article:published_time\" content=\"2019-09-06T11:48:38+00:00\" \/>\n<meta property=\"article:modified_time\" content=\"2019-10-10T12:09:20+00:00\" \/>\n<meta property=\"og:image\" content=\"https:\/\/www.mncomunicacion.com\/wp-content\/uploads\/2019\/09\/Fundaci\u00f3n_AndresOlivares2.jpg\" \/>\n\t<meta property=\"og:image:width\" content=\"3264\" \/>\n\t<meta property=\"og:image:height\" content=\"2448\" \/>\n\t<meta property=\"og:image:type\" content=\"image\/jpeg\" \/>\n<meta name=\"author\" content=\"Marie-No\u00eblle\" \/>\n<meta name=\"twitter:card\" content=\"summary_large_image\" \/>\n<meta name=\"twitter:creator\" content=\"@MNcomunicacion\" \/>\n<meta name=\"twitter:site\" content=\"@MNcomunicacion\" \/>\n<meta name=\"twitter:label1\" content=\"Written by\" \/>\n\t<meta name=\"twitter:data1\" content=\"Marie-No\u00eblle\" \/>\n\t<meta name=\"twitter:label2\" content=\"Est. reading time\" \/>\n\t<meta name=\"twitter:data2\" content=\"2 minutes\" \/>\n<script type=\"application\/ld+json\" class=\"yoast-schema-graph\">{\"@context\":\"https:\/\/schema.org\",\"@graph\":[{\"@type\":\"Article\",\"@id\":\"https:\/\/www.mncomunicacion.com\/en\/prensa-d28-en\/press-conference-for-the-fundacion-andres-olivares#article\",\"isPartOf\":{\"@id\":\"https:\/\/www.mncomunicacion.com\/en\/prensa-d28-en\/press-conference-for-the-fundacion-andres-olivares\"},\"author\":{\"name\":\"Marie-No\u00eblle\",\"@id\":\"https:\/\/www.mncomunicacion.com\/#\/schema\/person\/70225cf35dfcd918c90eb1a00df42de9\"},\"headline\":\"Press Conference for the Fundaci\u00f3n Andr\u00e9s Olivares\",\"datePublished\":\"2019-09-06T11:48:38+00:00\",\"dateModified\":\"2019-10-10T12:09:20+00:00\",\"mainEntityOfPage\":{\"@id\":\"https:\/\/www.mncomunicacion.com\/en\/prensa-d28-en\/press-conference-for-the-fundacion-andres-olivares\"},\"wordCount\":498,\"publisher\":{\"@id\":\"https:\/\/www.mncomunicacion.com\/#organization\"},\"image\":{\"@id\":\"https:\/\/www.mncomunicacion.com\/en\/prensa-d28-en\/press-conference-for-the-fundacion-andres-olivares#primaryimage\"},\"thumbnailUrl\":\"https:\/\/www.mncomunicacion.com\/wp-content\/uploads\/2019\/09\/Fundaci\u00f3n_AndresOlivares2.jpg\",\"articleSection\":[\"Gabinete de Prensa\",\"Press\"],\"inLanguage\":\"en-US\"},{\"@type\":\"WebPage\",\"@id\":\"https:\/\/www.mncomunicacion.com\/en\/prensa-d28-en\/press-conference-for-the-fundacion-andres-olivares\",\"url\":\"https:\/\/www.mncomunicacion.com\/en\/prensa-d28-en\/press-conference-for-the-fundacion-andres-olivares\",\"name\":\"Press Conference for the Fundaci\u00f3n Andr\u00e9s Olivares | MN Comunicaci\u00f3n\",\"isPartOf\":{\"@id\":\"https:\/\/www.mncomunicacion.com\/#website\"},\"primaryImageOfPage\":{\"@id\":\"https:\/\/www.mncomunicacion.com\/en\/prensa-d28-en\/press-conference-for-the-fundacion-andres-olivares#primaryimage\"},\"image\":{\"@id\":\"https:\/\/www.mncomunicacion.com\/en\/prensa-d28-en\/press-conference-for-the-fundacion-andres-olivares#primaryimage\"},\"thumbnailUrl\":\"https:\/\/www.mncomunicacion.com\/wp-content\/uploads\/2019\/09\/Fundaci\u00f3n_AndresOlivares2.jpg\",\"datePublished\":\"2019-09-06T11:48:38+00:00\",\"dateModified\":\"2019-10-10T12:09:20+00:00\",\"description\":\"MNCommunication organised the press conference for the Fundaci\u00f3n Andr\u00e9s Olivares who announced their cocktail dinner which will take place on the 27th of September.\",\"breadcrumb\":{\"@id\":\"https:\/\/www.mncomunicacion.com\/en\/prensa-d28-en\/press-conference-for-the-fundacion-andres-olivares#breadcrumb\"},\"inLanguage\":\"en-US\",\"potentialAction\":[{\"@type\":\"ReadAction\",\"target\":[\"https:\/\/www.mncomunicacion.com\/en\/prensa-d28-en\/press-conference-for-the-fundacion-andres-olivares\"]}]},{\"@type\":\"ImageObject\",\"inLanguage\":\"en-US\",\"@id\":\"https:\/\/www.mncomunicacion.com\/en\/prensa-d28-en\/press-conference-for-the-fundacion-andres-olivares#primaryimage\",\"url\":\"https:\/\/www.mncomunicacion.com\/wp-content\/uploads\/2019\/09\/Fundaci\u00f3n_AndresOlivares2.jpg\",\"contentUrl\":\"https:\/\/www.mncomunicacion.com\/wp-content\/uploads\/2019\/09\/Fundaci\u00f3n_AndresOlivares2.jpg\",\"width\":3264,\"height\":2448},{\"@type\":\"BreadcrumbList\",\"@id\":\"https:\/\/www.mncomunicacion.com\/en\/prensa-d28-en\/press-conference-for-the-fundacion-andres-olivares#breadcrumb\",\"itemListElement\":[{\"@type\":\"ListItem\",\"position\":1,\"name\":\"Portada\",\"item\":\"https:\/\/www.mncomunicacion.com\/en\"},{\"@type\":\"ListItem\",\"position\":2,\"name\":\"Press Conference for the Fundaci\u00f3n Andr\u00e9s Olivares\"}]},{\"@type\":\"WebSite\",\"@id\":\"https:\/\/www.mncomunicacion.com\/#website\",\"url\":\"https:\/\/www.mncomunicacion.com\/\",\"name\":\"MN Comunicaci\u00f3n\",\"description\":\"Agencia de Comunicaci\u00f3n y Organizaci\u00f3n de Eventos en Marbella\",\"publisher\":{\"@id\":\"https:\/\/www.mncomunicacion.com\/#organization\"},\"potentialAction\":[{\"@type\":\"SearchAction\",\"target\":{\"@type\":\"EntryPoint\",\"urlTemplate\":\"https:\/\/www.mncomunicacion.com\/?s={search_term_string}\"},\"query-input\":\"required name=search_term_string\"}],\"inLanguage\":\"en-US\"},{\"@type\":\"Organization\",\"@id\":\"https:\/\/www.mncomunicacion.com\/#organization\",\"name\":\"MN COMUNICACI\u00d3N\",\"url\":\"https:\/\/www.mncomunicacion.com\/\",\"logo\":{\"@type\":\"ImageObject\",\"inLanguage\":\"en-US\",\"@id\":\"https:\/\/www.mncomunicacion.com\/#\/schema\/logo\/image\/\",\"url\":\"https:\/\/www.mncomunicacion.com\/wp-content\/uploads\/2019\/05\/logo.png\",\"contentUrl\":\"https:\/\/www.mncomunicacion.com\/wp-content\/uploads\/2019\/05\/logo.png\",\"width\":150,\"height\":150,\"caption\":\"MN COMUNICACI\u00d3N\"},\"image\":{\"@id\":\"https:\/\/www.mncomunicacion.com\/#\/schema\/logo\/image\/\"},\"sameAs\":[\"https:\/\/www.facebook.com\/marienoelle.escomunicacion\/\",\"https:\/\/x.com\/MNcomunicacion\",\"https:\/\/www.linkedin.com\/company\/marie-no-lle-es-comunicaci-n\/\",\"https:\/\/www.youtube.com\/channel\/UCnHVdXKiLf30LsIfV8k0xIQ\"]},{\"@type\":\"Person\",\"@id\":\"https:\/\/www.mncomunicacion.com\/#\/schema\/person\/70225cf35dfcd918c90eb1a00df42de9\",\"name\":\"Marie-No\u00eblle\"}]}<\/script>\n<!-- \/ Yoast SEO plugin. -->","yoast_head_json":{"title":"Press Conference for the Fundaci\u00f3n Andr\u00e9s Olivares | MN Comunicaci\u00f3n","description":"MNCommunication organised the press conference for the Fundaci\u00f3n Andr\u00e9s Olivares who announced their cocktail dinner which will take place on the 27th of September.","robots":{"index":"index","follow":"follow","max-snippet":"max-snippet:-1","max-image-preview":"max-image-preview:large","max-video-preview":"max-video-preview:-1"},"canonical":"https:\/\/www.mncomunicacion.com\/en\/prensa-d28-en\/press-conference-for-the-fundacion-andres-olivares","og_locale":"en_US","og_type":"article","og_title":"Press Conference for the Fundaci\u00f3n Andr\u00e9s Olivares | MN Comunicaci\u00f3n","og_description":"MNCommunication organised the press conference for the Fundaci\u00f3n Andr\u00e9s Olivares who announced their cocktail dinner which will take place on the 27th of September.","og_url":"https:\/\/www.mncomunicacion.com\/en\/prensa-d28-en\/press-conference-for-the-fundacion-andres-olivares","og_site_name":"MN Comunicaci\u00f3n","article_publisher":"https:\/\/www.facebook.com\/marienoelle.escomunicacion\/","article_published_time":"2019-09-06T11:48:38+00:00","article_modified_time":"2019-10-10T12:09:20+00:00","og_image":[{"width":3264,"height":2448,"url":"https:\/\/www.mncomunicacion.com\/wp-content\/uploads\/2019\/09\/Fundaci\u00f3n_AndresOlivares2.jpg","type":"image\/jpeg"}],"author":"Marie-No\u00eblle","twitter_card":"summary_large_image","twitter_creator":"@MNcomunicacion","twitter_site":"@MNcomunicacion","twitter_misc":{"Written by":"Marie-No\u00eblle","Est. reading time":"2 minutes"},"schema":{"@context":"https:\/\/schema.org","@graph":[{"@type":"Article","@id":"https:\/\/www.mncomunicacion.com\/en\/prensa-d28-en\/press-conference-for-the-fundacion-andres-olivares#article","isPartOf":{"@id":"https:\/\/www.mncomunicacion.com\/en\/prensa-d28-en\/press-conference-for-the-fundacion-andres-olivares"},"author":{"name":"Marie-No\u00eblle","@id":"https:\/\/www.mncomunicacion.com\/#\/schema\/person\/70225cf35dfcd918c90eb1a00df42de9"},"headline":"Press Conference for the Fundaci\u00f3n Andr\u00e9s Olivares","datePublished":"2019-09-06T11:48:38+00:00","dateModified":"2019-10-10T12:09:20+00:00","mainEntityOfPage":{"@id":"https:\/\/www.mncomunicacion.com\/en\/prensa-d28-en\/press-conference-for-the-fundacion-andres-olivares"},"wordCount":498,"publisher":{"@id":"https:\/\/www.mncomunicacion.com\/#organization"},"image":{"@id":"https:\/\/www.mncomunicacion.com\/en\/prensa-d28-en\/press-conference-for-the-fundacion-andres-olivares#primaryimage"},"thumbnailUrl":"https:\/\/www.mncomunicacion.com\/wp-content\/uploads\/2019\/09\/Fundaci\u00f3n_AndresOlivares2.jpg","articleSection":["Gabinete de Prensa","Press"],"inLanguage":"en-US"},{"@type":"WebPage","@id":"https:\/\/www.mncomunicacion.com\/en\/prensa-d28-en\/press-conference-for-the-fundacion-andres-olivares","url":"https:\/\/www.mncomunicacion.com\/en\/prensa-d28-en\/press-conference-for-the-fundacion-andres-olivares","name":"Press Conference for the Fundaci\u00f3n Andr\u00e9s Olivares | MN Comunicaci\u00f3n","isPartOf":{"@id":"https:\/\/www.mncomunicacion.com\/#website"},"primaryImageOfPage":{"@id":"https:\/\/www.mncomunicacion.com\/en\/prensa-d28-en\/press-conference-for-the-fundacion-andres-olivares#primaryimage"},"image":{"@id":"https:\/\/www.mncomunicacion.com\/en\/prensa-d28-en\/press-conference-for-the-fundacion-andres-olivares#primaryimage"},"thumbnailUrl":"https:\/\/www.mncomunicacion.com\/wp-content\/uploads\/2019\/09\/Fundaci\u00f3n_AndresOlivares2.jpg","datePublished":"2019-09-06T11:48:38+00:00","dateModified":"2019-10-10T12:09:20+00:00","description":"MNCommunication organised the press conference for the Fundaci\u00f3n Andr\u00e9s Olivares who announced their cocktail dinner which will take place on the 27th of September.","breadcrumb":{"@id":"https:\/\/www.mncomunicacion.com\/en\/prensa-d28-en\/press-conference-for-the-fundacion-andres-olivares#breadcrumb"},"inLanguage":"en-US","potentialAction":[{"@type":"ReadAction","target":["https:\/\/www.mncomunicacion.com\/en\/prensa-d28-en\/press-conference-for-the-fundacion-andres-olivares"]}]},{"@type":"ImageObject","inLanguage":"en-US","@id":"https:\/\/www.mncomunicacion.com\/en\/prensa-d28-en\/press-conference-for-the-fundacion-andres-olivares#primaryimage","url":"https:\/\/www.mncomunicacion.com\/wp-content\/uploads\/2019\/09\/Fundaci\u00f3n_AndresOlivares2.jpg","contentUrl":"https:\/\/www.mncomunicacion.com\/wp-content\/uploads\/2019\/09\/Fundaci\u00f3n_AndresOlivares2.jpg","width":3264,"height":2448},{"@type":"BreadcrumbList","@id":"https:\/\/www.mncomunicacion.com\/en\/prensa-d28-en\/press-conference-for-the-fundacion-andres-olivares#breadcrumb","itemListElement":[{"@type":"ListItem","position":1,"name":"Portada","item":"https:\/\/www.mncomunicacion.com\/en"},{"@type":"ListItem","position":2,"name":"Press Conference for the Fundaci\u00f3n Andr\u00e9s Olivares"}]},{"@type":"WebSite","@id":"https:\/\/www.mncomunicacion.com\/#website","url":"https:\/\/www.mncomunicacion.com\/","name":"MN Comunicaci\u00f3n","description":"Agencia de Comunicaci\u00f3n y Organizaci\u00f3n de Eventos en Marbella","publisher":{"@id":"https:\/\/www.mncomunicacion.com\/#organization"},"potentialAction":[{"@type":"SearchAction","target":{"@type":"EntryPoint","urlTemplate":"https:\/\/www.mncomunicacion.com\/?s={search_term_string}"},"query-input":"required name=search_term_string"}],"inLanguage":"en-US"},{"@type":"Organization","@id":"https:\/\/www.mncomunicacion.com\/#organization","name":"MN COMUNICACI\u00d3N","url":"https:\/\/www.mncomunicacion.com\/","logo":{"@type":"ImageObject","inLanguage":"en-US","@id":"https:\/\/www.mncomunicacion.com\/#\/schema\/logo\/image\/","url":"https:\/\/www.mncomunicacion.com\/wp-content\/uploads\/2019\/05\/logo.png","contentUrl":"https:\/\/www.mncomunicacion.com\/wp-content\/uploads\/2019\/05\/logo.png","width":150,"height":150,"caption":"MN COMUNICACI\u00d3N"},"image":{"@id":"https:\/\/www.mncomunicacion.com\/#\/schema\/logo\/image\/"},"sameAs":["https:\/\/www.facebook.com\/marienoelle.escomunicacion\/","https:\/\/x.com\/MNcomunicacion","https:\/\/www.linkedin.com\/company\/marie-no-lle-es-comunicaci-n\/","https:\/\/www.youtube.com\/channel\/UCnHVdXKiLf30LsIfV8k0xIQ"]},{"@type":"Person","@id":"https:\/\/www.mncomunicacion.com\/#\/schema\/person\/70225cf35dfcd918c90eb1a00df42de9","name":"Marie-No\u00eblle"}]}},"_links":{"self":[{"href":"https:\/\/www.mncomunicacion.com\/en\/wp-json\/wp\/v2\/posts\/6515"}],"collection":[{"href":"https:\/\/www.mncomunicacion.com\/en\/wp-json\/wp\/v2\/posts"}],"about":[{"href":"https:\/\/www.mncomunicacion.com\/en\/wp-json\/wp\/v2\/types\/post"}],"author":[{"embeddable":true,"href":"https:\/\/www.mncomunicacion.com\/en\/wp-json\/wp\/v2\/users\/3"}],"replies":[{"embeddable":true,"href":"https:\/\/www.mncomunicacion.com\/en\/wp-json\/wp\/v2\/comments?post=6515"}],"version-history":[{"count":1,"href":"https:\/\/www.mncomunicacion.com\/en\/wp-json\/wp\/v2\/posts\/6515\/revisions"}],"predecessor-version":[{"id":6516,"href":"https:\/\/www.mncomunicacion.com\/en\/wp-json\/wp\/v2\/posts\/6515\/revisions\/6516"}],"wp:featuredmedia":[{"embeddable":true,"href":"https:\/\/www.mncomunicacion.com\/en\/wp-json\/wp\/v2\/media\/6510"}],"wp:attachment":[{"href":"https:\/\/www.mncomunicacion.com\/en\/wp-json\/wp\/v2\/media?parent=6515"}],"wp:term":[{"taxonomy":"category","embeddable":true,"href":"https:\/\/www.mncomunicacion.com\/en\/wp-json\/wp\/v2\/categories?post=6515"},{"taxonomy":"post_tag","embeddable":true,"href":"https:\/\/www.mncomunicacion.com\/en\/wp-json\/wp\/v2\/tags?post=6515"}],"curies":[{"name":"wp","href":"https:\/\/api.w.org\/{rel}","templated":true}]}}