{"id":5907,"date":"2010-07-05T18:27:16","date_gmt":"2010-07-05T18:27:16","guid":{"rendered":"https:\/\/www.mncomunicacion.com\/marbella-birthplace-of-the-paddle-tennis"},"modified":"2010-07-05T18:27:16","modified_gmt":"2010-07-05T18:27:16","slug":"marbella-birthplace-of-the-paddle-tennis","status":"publish","type":"post","link":"https:\/\/www.mncomunicacion.com\/en\/events-en\/marbella-birthplace-of-the-paddle-tennis","title":{"rendered":"Marbella Birthplace of the Paddle Tennis"},"content":{"rendered":"<p>MARBELLA, BIRTHPLACE OF PADDLE TENNIS.<\/p>\n<p> <\/p>\n<p style=\"text-align: justify;\"><span style=\"font-size: 12pt;\">This event that took place in the <strong>Los Granados Racket Club<\/strong> in Puerto Ban&uacute;s (Marbella) on April 30 2009 was a tribute to the origins of paddle tennis.<\/span><\/p>\n<p style=\"text-align: justify;\"><span style=\"font-size: 12pt;\">Among those who attended the event, there were veteran paddle tennis players, some of them pioneers of this sport in Spain, such as Luis Ortiz, the brothers Luis and Juanjo Nieto, &Oacute;scar Horacio or Manolo Santana, as well as current top-level players, such as Carolina Navarro, Agust&iacute;n G&oacute;mez Silingo, Maxi Gabriel, Gerardo Derito and Cata Tenorio.<\/span><\/p>\n<p style=\"text-align: justify;\"><span style=\"font-size: 12pt;\">The press conference was chaired by Marbella&nbsp; First Deputy Mayor, Mrs. Francisca Caracuel, the Councillors, Jos&eacute; Luis Hern&aacute;ndez and &Aacute;ngel Mora, and the General Manager of the <strong>Los Granados Racket Club<\/strong>, Mr. Juanjo Nieto Alejano.<\/span><\/p>\n<p style=\"text-align: justify;\"><span style=\"font-size: 12pt;\">Following the presentation, several emblems were awarded as a recognition to the famous names, who contributed to making paddle tennis widely popular, among them a special tribute to <strong>Prince Alfonso de Hohenlohe<\/strong>, who invented paddle tennis in the year 1974.<\/span><\/p>\n<div>\n<p style=\"text-align: justify;\"><span style=\"font-size: 12pt;\">In the course of the afternoon, several exhibition games between veteran players took place and later on current professional players had a go.<\/span><\/p>\n<p style=\"text-align: justify;\"><span style=\"font-size: 12pt;\">Several clinics with professionals and the general public alike took place a few days later. Finally, on Saturday, May 2 another exhibition game took place at Los Granados followed by a ceremony as a tribute to the <strong>Marbella Club Hotel<\/strong>, in which gardens a massive stone indicating the location of the first paddle tennis court was unveiled.<\/span><\/p>\n<\/div>\n<p>&nbsp;<\/p>\n","protected":false},"excerpt":{"rendered":"<p>MARBELLA, BIRTHPLACE OF PADDLE TENNIS. This event that took place in the Los Granados Racket Club in Puerto Ban&uacute;s (Marbella) on April 30 2009 was a tribute to the origins of paddle tennis. Among those who attended the event, there were veteran paddle tennis players, some of them pioneers of this sport in Spain, such as Luis Ortiz, the brothers Luis and Juanjo Nieto, &Oacute;scar Horacio or Manolo Santana, as well as current top-level players, such as Carolina Navarro, Agust&iacute;n G&oacute;mez Silingo, Maxi Gabriel, Gerardo Derito and Cata Tenorio. The press conference was chaired by Marbella&nbsp; First Deputy Mayor, Mrs. Francisca Caracuel, the Councillors, Jos&eacute; Luis Hern&aacute;ndez and &Aacute;ngel Mora, and the General Manager of the Los Granados Racket Club, Mr. Juanjo Nieto Alejano. Following the presentation, several emblems were awarded as a recognition to the famous names, who contributed to making paddle tennis widely popular, among them a special tribute to Prince Alfonso de Hohenlohe, who invented paddle tennis in the year 1974. In the course of the afternoon, several exhibition games between veteran players took place and later on current professional players had a go. Several clinics with professionals and the general public alike took place a few days later. Finally, on Saturday, May 2 another exhibition game took place at Los Granados followed by a ceremony as a tribute to the Marbella Club Hotel, in which gardens a massive stone indicating the location of the first paddle tennis court was unveiled. &nbsp;<\/p>\n","protected":false},"author":3,"featured_media":5908,"comment_status":"open","ping_status":"open","sticky":false,"template":"","format":"standard","meta":{"_exactmetrics_skip_tracking":false,"_exactmetrics_sitenote_active":false,"_exactmetrics_sitenote_note":"","_exactmetrics_sitenote_category":0,"footnotes":""},"categories":[486],"tags":[],"class_list":["post-5907","post","type-post","status-publish","format-standard","has-post-thumbnail","hentry","category-events-en"],"yoast_head":"<!-- This site is optimized with the Yoast SEO plugin v23.0 - https:\/\/yoast.com\/wordpress\/plugins\/seo\/ -->\n<title>Marbella Birthplace of the Paddle Tennis | MN Comunicaci\u00f3n<\/title>\n<meta name=\"robots\" content=\"index, follow, max-snippet:-1, max-image-preview:large, max-video-preview:-1\" \/>\n<link rel=\"canonical\" href=\"https:\/\/www.mncomunicacion.com\/en\/events-en\/marbella-birthplace-of-the-paddle-tennis\" \/>\n<meta property=\"og:locale\" content=\"en_US\" \/>\n<meta property=\"og:type\" content=\"article\" \/>\n<meta property=\"og:title\" content=\"Marbella Birthplace of the Paddle Tennis | MN Comunicaci\u00f3n\" \/>\n<meta property=\"og:description\" content=\"MARBELLA, BIRTHPLACE OF PADDLE TENNIS. This event that took place in the Los Granados Racket Club in Puerto Ban&uacute;s (Marbella) on April 30 2009 was a tribute to the origins of paddle tennis. Among those who attended the event, there were veteran paddle tennis players, some of them pioneers of this sport in Spain, such as Luis Ortiz, the brothers Luis and Juanjo Nieto, &Oacute;scar Horacio or Manolo Santana, as well as current top-level players, such as Carolina Navarro, Agust&iacute;n G&oacute;mez Silingo, Maxi Gabriel, Gerardo Derito and Cata Tenorio. The press conference was chaired by Marbella&nbsp; First Deputy Mayor, Mrs. Francisca Caracuel, the Councillors, Jos&eacute; Luis Hern&aacute;ndez and &Aacute;ngel Mora, and the General Manager of the Los Granados Racket Club, Mr. Juanjo Nieto Alejano. Following the presentation, several emblems were awarded as a recognition to the famous names, who contributed to making paddle tennis widely popular, among them a special tribute to Prince Alfonso de Hohenlohe, who invented paddle tennis in the year 1974. In the course of the afternoon, several exhibition games between veteran players took place and later on current professional players had a go. Several clinics with professionals and the general public alike took place a few days later. Finally, on Saturday, May 2 another exhibition game took place at Los Granados followed by a ceremony as a tribute to the Marbella Club Hotel, in which gardens a massive stone indicating the location of the first paddle tennis court was unveiled. &nbsp;\" \/>\n<meta property=\"og:url\" content=\"https:\/\/www.mncomunicacion.com\/en\/events-en\/marbella-birthplace-of-the-paddle-tennis\" \/>\n<meta property=\"og:site_name\" content=\"MN Comunicaci\u00f3n\" \/>\n<meta property=\"article:publisher\" content=\"https:\/\/www.facebook.com\/marienoelle.escomunicacion\/\" \/>\n<meta property=\"article:published_time\" content=\"2010-07-05T18:27:16+00:00\" \/>\n<meta property=\"og:image\" content=\"https:\/\/www.mncomunicacion.com\/wp-content\/uploads\/2019\/05\/img_3370.jpg\" \/>\n\t<meta property=\"og:image:width\" content=\"150\" \/>\n\t<meta property=\"og:image:height\" content=\"150\" \/>\n\t<meta property=\"og:image:type\" content=\"image\/jpeg\" \/>\n<meta name=\"author\" content=\"Marie-No\u00eblle\" \/>\n<meta name=\"twitter:card\" content=\"summary_large_image\" \/>\n<meta name=\"twitter:creator\" content=\"@MNcomunicacion\" \/>\n<meta name=\"twitter:site\" content=\"@MNcomunicacion\" \/>\n<meta name=\"twitter:label1\" content=\"Written by\" \/>\n\t<meta name=\"twitter:data1\" content=\"Marie-No\u00eblle\" \/>\n\t<meta name=\"twitter:label2\" content=\"Est. reading time\" \/>\n\t<meta name=\"twitter:data2\" content=\"1 minute\" \/>\n<script type=\"application\/ld+json\" class=\"yoast-schema-graph\">{\"@context\":\"https:\/\/schema.org\",\"@graph\":[{\"@type\":\"Article\",\"@id\":\"https:\/\/www.mncomunicacion.com\/en\/events-en\/marbella-birthplace-of-the-paddle-tennis#article\",\"isPartOf\":{\"@id\":\"https:\/\/www.mncomunicacion.com\/en\/events-en\/marbella-birthplace-of-the-paddle-tennis\"},\"author\":{\"name\":\"Marie-No\u00eblle\",\"@id\":\"https:\/\/www.mncomunicacion.com\/#\/schema\/person\/70225cf35dfcd918c90eb1a00df42de9\"},\"headline\":\"Marbella Birthplace of the Paddle Tennis\",\"datePublished\":\"2010-07-05T18:27:16+00:00\",\"dateModified\":\"2010-07-05T18:27:16+00:00\",\"mainEntityOfPage\":{\"@id\":\"https:\/\/www.mncomunicacion.com\/en\/events-en\/marbella-birthplace-of-the-paddle-tennis\"},\"wordCount\":259,\"commentCount\":0,\"publisher\":{\"@id\":\"https:\/\/www.mncomunicacion.com\/#organization\"},\"image\":{\"@id\":\"https:\/\/www.mncomunicacion.com\/en\/events-en\/marbella-birthplace-of-the-paddle-tennis#primaryimage\"},\"thumbnailUrl\":\"https:\/\/www.mncomunicacion.com\/wp-content\/uploads\/2019\/05\/img_3370.jpg\",\"articleSection\":[\"Events\"],\"inLanguage\":\"en-US\",\"potentialAction\":[{\"@type\":\"CommentAction\",\"name\":\"Comment\",\"target\":[\"https:\/\/www.mncomunicacion.com\/en\/events-en\/marbella-birthplace-of-the-paddle-tennis#respond\"]}]},{\"@type\":\"WebPage\",\"@id\":\"https:\/\/www.mncomunicacion.com\/en\/events-en\/marbella-birthplace-of-the-paddle-tennis\",\"url\":\"https:\/\/www.mncomunicacion.com\/en\/events-en\/marbella-birthplace-of-the-paddle-tennis\",\"name\":\"Marbella Birthplace of the Paddle Tennis | MN Comunicaci\u00f3n\",\"isPartOf\":{\"@id\":\"https:\/\/www.mncomunicacion.com\/#website\"},\"primaryImageOfPage\":{\"@id\":\"https:\/\/www.mncomunicacion.com\/en\/events-en\/marbella-birthplace-of-the-paddle-tennis#primaryimage\"},\"image\":{\"@id\":\"https:\/\/www.mncomunicacion.com\/en\/events-en\/marbella-birthplace-of-the-paddle-tennis#primaryimage\"},\"thumbnailUrl\":\"https:\/\/www.mncomunicacion.com\/wp-content\/uploads\/2019\/05\/img_3370.jpg\",\"datePublished\":\"2010-07-05T18:27:16+00:00\",\"dateModified\":\"2010-07-05T18:27:16+00:00\",\"breadcrumb\":{\"@id\":\"https:\/\/www.mncomunicacion.com\/en\/events-en\/marbella-birthplace-of-the-paddle-tennis#breadcrumb\"},\"inLanguage\":\"en-US\",\"potentialAction\":[{\"@type\":\"ReadAction\",\"target\":[\"https:\/\/www.mncomunicacion.com\/en\/events-en\/marbella-birthplace-of-the-paddle-tennis\"]}]},{\"@type\":\"ImageObject\",\"inLanguage\":\"en-US\",\"@id\":\"https:\/\/www.mncomunicacion.com\/en\/events-en\/marbella-birthplace-of-the-paddle-tennis#primaryimage\",\"url\":\"https:\/\/www.mncomunicacion.com\/wp-content\/uploads\/2019\/05\/img_3370.jpg\",\"contentUrl\":\"https:\/\/www.mncomunicacion.com\/wp-content\/uploads\/2019\/05\/img_3370.jpg\",\"width\":150,\"height\":150},{\"@type\":\"BreadcrumbList\",\"@id\":\"https:\/\/www.mncomunicacion.com\/en\/events-en\/marbella-birthplace-of-the-paddle-tennis#breadcrumb\",\"itemListElement\":[{\"@type\":\"ListItem\",\"position\":1,\"name\":\"Portada\",\"item\":\"https:\/\/www.mncomunicacion.com\/en\"},{\"@type\":\"ListItem\",\"position\":2,\"name\":\"Marbella Birthplace of the Paddle Tennis\"}]},{\"@type\":\"WebSite\",\"@id\":\"https:\/\/www.mncomunicacion.com\/#website\",\"url\":\"https:\/\/www.mncomunicacion.com\/\",\"name\":\"MN Comunicaci\u00f3n\",\"description\":\"Agencia de Comunicaci\u00f3n y Organizaci\u00f3n de Eventos en Marbella\",\"publisher\":{\"@id\":\"https:\/\/www.mncomunicacion.com\/#organization\"},\"potentialAction\":[{\"@type\":\"SearchAction\",\"target\":{\"@type\":\"EntryPoint\",\"urlTemplate\":\"https:\/\/www.mncomunicacion.com\/?s={search_term_string}\"},\"query-input\":\"required name=search_term_string\"}],\"inLanguage\":\"en-US\"},{\"@type\":\"Organization\",\"@id\":\"https:\/\/www.mncomunicacion.com\/#organization\",\"name\":\"MN COMUNICACI\u00d3N\",\"url\":\"https:\/\/www.mncomunicacion.com\/\",\"logo\":{\"@type\":\"ImageObject\",\"inLanguage\":\"en-US\",\"@id\":\"https:\/\/www.mncomunicacion.com\/#\/schema\/logo\/image\/\",\"url\":\"https:\/\/www.mncomunicacion.com\/wp-content\/uploads\/2019\/05\/logo.png\",\"contentUrl\":\"https:\/\/www.mncomunicacion.com\/wp-content\/uploads\/2019\/05\/logo.png\",\"width\":150,\"height\":150,\"caption\":\"MN COMUNICACI\u00d3N\"},\"image\":{\"@id\":\"https:\/\/www.mncomunicacion.com\/#\/schema\/logo\/image\/\"},\"sameAs\":[\"https:\/\/www.facebook.com\/marienoelle.escomunicacion\/\",\"https:\/\/x.com\/MNcomunicacion\",\"https:\/\/www.linkedin.com\/company\/marie-no-lle-es-comunicaci-n\/\",\"https:\/\/www.youtube.com\/channel\/UCnHVdXKiLf30LsIfV8k0xIQ\"]},{\"@type\":\"Person\",\"@id\":\"https:\/\/www.mncomunicacion.com\/#\/schema\/person\/70225cf35dfcd918c90eb1a00df42de9\",\"name\":\"Marie-No\u00eblle\"}]}<\/script>\n<!-- \/ Yoast SEO plugin. -->","yoast_head_json":{"title":"Marbella Birthplace of the Paddle Tennis | MN Comunicaci\u00f3n","robots":{"index":"index","follow":"follow","max-snippet":"max-snippet:-1","max-image-preview":"max-image-preview:large","max-video-preview":"max-video-preview:-1"},"canonical":"https:\/\/www.mncomunicacion.com\/en\/events-en\/marbella-birthplace-of-the-paddle-tennis","og_locale":"en_US","og_type":"article","og_title":"Marbella Birthplace of the Paddle Tennis | MN Comunicaci\u00f3n","og_description":"MARBELLA, BIRTHPLACE OF PADDLE TENNIS. This event that took place in the Los Granados Racket Club in Puerto Ban&uacute;s (Marbella) on April 30 2009 was a tribute to the origins of paddle tennis. Among those who attended the event, there were veteran paddle tennis players, some of them pioneers of this sport in Spain, such as Luis Ortiz, the brothers Luis and Juanjo Nieto, &Oacute;scar Horacio or Manolo Santana, as well as current top-level players, such as Carolina Navarro, Agust&iacute;n G&oacute;mez Silingo, Maxi Gabriel, Gerardo Derito and Cata Tenorio. The press conference was chaired by Marbella&nbsp; First Deputy Mayor, Mrs. Francisca Caracuel, the Councillors, Jos&eacute; Luis Hern&aacute;ndez and &Aacute;ngel Mora, and the General Manager of the Los Granados Racket Club, Mr. Juanjo Nieto Alejano. Following the presentation, several emblems were awarded as a recognition to the famous names, who contributed to making paddle tennis widely popular, among them a special tribute to Prince Alfonso de Hohenlohe, who invented paddle tennis in the year 1974. In the course of the afternoon, several exhibition games between veteran players took place and later on current professional players had a go. Several clinics with professionals and the general public alike took place a few days later. Finally, on Saturday, May 2 another exhibition game took place at Los Granados followed by a ceremony as a tribute to the Marbella Club Hotel, in which gardens a massive stone indicating the location of the first paddle tennis court was unveiled. &nbsp;","og_url":"https:\/\/www.mncomunicacion.com\/en\/events-en\/marbella-birthplace-of-the-paddle-tennis","og_site_name":"MN Comunicaci\u00f3n","article_publisher":"https:\/\/www.facebook.com\/marienoelle.escomunicacion\/","article_published_time":"2010-07-05T18:27:16+00:00","og_image":[{"width":150,"height":150,"url":"https:\/\/www.mncomunicacion.com\/wp-content\/uploads\/2019\/05\/img_3370.jpg","type":"image\/jpeg"}],"author":"Marie-No\u00eblle","twitter_card":"summary_large_image","twitter_creator":"@MNcomunicacion","twitter_site":"@MNcomunicacion","twitter_misc":{"Written by":"Marie-No\u00eblle","Est. reading time":"1 minute"},"schema":{"@context":"https:\/\/schema.org","@graph":[{"@type":"Article","@id":"https:\/\/www.mncomunicacion.com\/en\/events-en\/marbella-birthplace-of-the-paddle-tennis#article","isPartOf":{"@id":"https:\/\/www.mncomunicacion.com\/en\/events-en\/marbella-birthplace-of-the-paddle-tennis"},"author":{"name":"Marie-No\u00eblle","@id":"https:\/\/www.mncomunicacion.com\/#\/schema\/person\/70225cf35dfcd918c90eb1a00df42de9"},"headline":"Marbella Birthplace of the Paddle Tennis","datePublished":"2010-07-05T18:27:16+00:00","dateModified":"2010-07-05T18:27:16+00:00","mainEntityOfPage":{"@id":"https:\/\/www.mncomunicacion.com\/en\/events-en\/marbella-birthplace-of-the-paddle-tennis"},"wordCount":259,"commentCount":0,"publisher":{"@id":"https:\/\/www.mncomunicacion.com\/#organization"},"image":{"@id":"https:\/\/www.mncomunicacion.com\/en\/events-en\/marbella-birthplace-of-the-paddle-tennis#primaryimage"},"thumbnailUrl":"https:\/\/www.mncomunicacion.com\/wp-content\/uploads\/2019\/05\/img_3370.jpg","articleSection":["Events"],"inLanguage":"en-US","potentialAction":[{"@type":"CommentAction","name":"Comment","target":["https:\/\/www.mncomunicacion.com\/en\/events-en\/marbella-birthplace-of-the-paddle-tennis#respond"]}]},{"@type":"WebPage","@id":"https:\/\/www.mncomunicacion.com\/en\/events-en\/marbella-birthplace-of-the-paddle-tennis","url":"https:\/\/www.mncomunicacion.com\/en\/events-en\/marbella-birthplace-of-the-paddle-tennis","name":"Marbella Birthplace of the Paddle Tennis | MN Comunicaci\u00f3n","isPartOf":{"@id":"https:\/\/www.mncomunicacion.com\/#website"},"primaryImageOfPage":{"@id":"https:\/\/www.mncomunicacion.com\/en\/events-en\/marbella-birthplace-of-the-paddle-tennis#primaryimage"},"image":{"@id":"https:\/\/www.mncomunicacion.com\/en\/events-en\/marbella-birthplace-of-the-paddle-tennis#primaryimage"},"thumbnailUrl":"https:\/\/www.mncomunicacion.com\/wp-content\/uploads\/2019\/05\/img_3370.jpg","datePublished":"2010-07-05T18:27:16+00:00","dateModified":"2010-07-05T18:27:16+00:00","breadcrumb":{"@id":"https:\/\/www.mncomunicacion.com\/en\/events-en\/marbella-birthplace-of-the-paddle-tennis#breadcrumb"},"inLanguage":"en-US","potentialAction":[{"@type":"ReadAction","target":["https:\/\/www.mncomunicacion.com\/en\/events-en\/marbella-birthplace-of-the-paddle-tennis"]}]},{"@type":"ImageObject","inLanguage":"en-US","@id":"https:\/\/www.mncomunicacion.com\/en\/events-en\/marbella-birthplace-of-the-paddle-tennis#primaryimage","url":"https:\/\/www.mncomunicacion.com\/wp-content\/uploads\/2019\/05\/img_3370.jpg","contentUrl":"https:\/\/www.mncomunicacion.com\/wp-content\/uploads\/2019\/05\/img_3370.jpg","width":150,"height":150},{"@type":"BreadcrumbList","@id":"https:\/\/www.mncomunicacion.com\/en\/events-en\/marbella-birthplace-of-the-paddle-tennis#breadcrumb","itemListElement":[{"@type":"ListItem","position":1,"name":"Portada","item":"https:\/\/www.mncomunicacion.com\/en"},{"@type":"ListItem","position":2,"name":"Marbella Birthplace of the Paddle Tennis"}]},{"@type":"WebSite","@id":"https:\/\/www.mncomunicacion.com\/#website","url":"https:\/\/www.mncomunicacion.com\/","name":"MN Comunicaci\u00f3n","description":"Agencia de Comunicaci\u00f3n y Organizaci\u00f3n de Eventos en Marbella","publisher":{"@id":"https:\/\/www.mncomunicacion.com\/#organization"},"potentialAction":[{"@type":"SearchAction","target":{"@type":"EntryPoint","urlTemplate":"https:\/\/www.mncomunicacion.com\/?s={search_term_string}"},"query-input":"required name=search_term_string"}],"inLanguage":"en-US"},{"@type":"Organization","@id":"https:\/\/www.mncomunicacion.com\/#organization","name":"MN COMUNICACI\u00d3N","url":"https:\/\/www.mncomunicacion.com\/","logo":{"@type":"ImageObject","inLanguage":"en-US","@id":"https:\/\/www.mncomunicacion.com\/#\/schema\/logo\/image\/","url":"https:\/\/www.mncomunicacion.com\/wp-content\/uploads\/2019\/05\/logo.png","contentUrl":"https:\/\/www.mncomunicacion.com\/wp-content\/uploads\/2019\/05\/logo.png","width":150,"height":150,"caption":"MN COMUNICACI\u00d3N"},"image":{"@id":"https:\/\/www.mncomunicacion.com\/#\/schema\/logo\/image\/"},"sameAs":["https:\/\/www.facebook.com\/marienoelle.escomunicacion\/","https:\/\/x.com\/MNcomunicacion","https:\/\/www.linkedin.com\/company\/marie-no-lle-es-comunicaci-n\/","https:\/\/www.youtube.com\/channel\/UCnHVdXKiLf30LsIfV8k0xIQ"]},{"@type":"Person","@id":"https:\/\/www.mncomunicacion.com\/#\/schema\/person\/70225cf35dfcd918c90eb1a00df42de9","name":"Marie-No\u00eblle"}]}},"_links":{"self":[{"href":"https:\/\/www.mncomunicacion.com\/en\/wp-json\/wp\/v2\/posts\/5907"}],"collection":[{"href":"https:\/\/www.mncomunicacion.com\/en\/wp-json\/wp\/v2\/posts"}],"about":[{"href":"https:\/\/www.mncomunicacion.com\/en\/wp-json\/wp\/v2\/types\/post"}],"author":[{"embeddable":true,"href":"https:\/\/www.mncomunicacion.com\/en\/wp-json\/wp\/v2\/users\/3"}],"replies":[{"embeddable":true,"href":"https:\/\/www.mncomunicacion.com\/en\/wp-json\/wp\/v2\/comments?post=5907"}],"version-history":[{"count":0,"href":"https:\/\/www.mncomunicacion.com\/en\/wp-json\/wp\/v2\/posts\/5907\/revisions"}],"wp:featuredmedia":[{"embeddable":true,"href":"https:\/\/www.mncomunicacion.com\/en\/wp-json\/wp\/v2\/media\/5908"}],"wp:attachment":[{"href":"https:\/\/www.mncomunicacion.com\/en\/wp-json\/wp\/v2\/media?parent=5907"}],"wp:term":[{"taxonomy":"category","embeddable":true,"href":"https:\/\/www.mncomunicacion.com\/en\/wp-json\/wp\/v2\/categories?post=5907"},{"taxonomy":"post_tag","embeddable":true,"href":"https:\/\/www.mncomunicacion.com\/en\/wp-json\/wp\/v2\/tags?post=5907"}],"curies":[{"name":"wp","href":"https:\/\/api.w.org\/{rel}","templated":true}]}}