{"id":5835,"date":"2011-02-20T12:39:57","date_gmt":"2011-02-20T12:39:57","guid":{"rendered":"https:\/\/www.mncomunicacion.com\/open-lunch-of-the-entrepreneuses-of-marbella-with-business-men"},"modified":"2011-02-20T12:39:57","modified_gmt":"2011-02-20T12:39:57","slug":"open-lunch-of-the-entrepreneuses-of-marbella-with-business-men","status":"publish","type":"post","link":"https:\/\/www.mncomunicacion.com\/en\/events-en\/open-lunch-of-the-entrepreneuses-of-marbella-with-business-men","title":{"rendered":"Open lunch of the Entrepreneuses of Marbella with business men"},"content":{"rendered":"<p><span style=\"font-size: 12pt;\">On Friday 18th February at La Quinta Golf was held the first lunch of the Entrepreneuses Net with different business men of the Costa del Sol. It was the first experience of a networking meeting all together. <\/span><\/p>\n","protected":false},"excerpt":{"rendered":"<p>On Friday 18th February at La Quinta Golf was held the first lunch of the Entrepreneuses Net with different business men of the Costa del Sol. It was the first experience of a networking meeting all together.<\/p>\n","protected":false},"author":3,"featured_media":5836,"comment_status":"open","ping_status":"open","sticky":false,"template":"","format":"standard","meta":{"_exactmetrics_skip_tracking":false,"_exactmetrics_sitenote_active":false,"_exactmetrics_sitenote_note":"","_exactmetrics_sitenote_category":0,"footnotes":""},"categories":[486],"tags":[],"class_list":["post-5835","post","type-post","status-publish","format-standard","has-post-thumbnail","hentry","category-events-en"],"yoast_head":"<!-- This site is optimized with the Yoast SEO plugin v23.0 - https:\/\/yoast.com\/wordpress\/plugins\/seo\/ -->\n<title>Open lunch of the Entrepreneuses of Marbella with business men | MN Comunicaci\u00f3n<\/title>\n<meta name=\"robots\" content=\"index, follow, max-snippet:-1, max-image-preview:large, max-video-preview:-1\" \/>\n<link rel=\"canonical\" href=\"https:\/\/www.mncomunicacion.com\/en\/events-en\/open-lunch-of-the-entrepreneuses-of-marbella-with-business-men\" \/>\n<meta property=\"og:locale\" content=\"en_US\" \/>\n<meta property=\"og:type\" content=\"article\" \/>\n<meta property=\"og:title\" content=\"Open lunch of the Entrepreneuses of Marbella with business men | MN Comunicaci\u00f3n\" \/>\n<meta property=\"og:description\" content=\"On Friday 18th February at La Quinta Golf was held the first lunch of the Entrepreneuses Net with different business men of the Costa del Sol. It was the first experience of a networking meeting all together.\" \/>\n<meta property=\"og:url\" content=\"https:\/\/www.mncomunicacion.com\/en\/events-en\/open-lunch-of-the-entrepreneuses-of-marbella-with-business-men\" \/>\n<meta property=\"og:site_name\" content=\"MN Comunicaci\u00f3n\" \/>\n<meta property=\"article:publisher\" content=\"https:\/\/www.facebook.com\/marienoelle.escomunicacion\/\" \/>\n<meta property=\"article:published_time\" content=\"2011-02-20T12:39:57+00:00\" \/>\n<meta property=\"og:image\" content=\"https:\/\/www.mncomunicacion.com\/wp-content\/uploads\/2019\/05\/cmcl_8977%201.jpg\" \/>\n\t<meta property=\"og:image:width\" content=\"150\" \/>\n\t<meta property=\"og:image:height\" content=\"150\" \/>\n\t<meta property=\"og:image:type\" content=\"image\/jpeg\" \/>\n<meta name=\"author\" content=\"Marie-No\u00eblle\" \/>\n<meta name=\"twitter:card\" content=\"summary_large_image\" \/>\n<meta name=\"twitter:creator\" content=\"@MNcomunicacion\" \/>\n<meta name=\"twitter:site\" content=\"@MNcomunicacion\" \/>\n<meta name=\"twitter:label1\" content=\"Written by\" \/>\n\t<meta name=\"twitter:data1\" content=\"Marie-No\u00eblle\" \/>\n<script type=\"application\/ld+json\" class=\"yoast-schema-graph\">{\"@context\":\"https:\/\/schema.org\",\"@graph\":[{\"@type\":\"Article\",\"@id\":\"https:\/\/www.mncomunicacion.com\/en\/events-en\/open-lunch-of-the-entrepreneuses-of-marbella-with-business-men#article\",\"isPartOf\":{\"@id\":\"https:\/\/www.mncomunicacion.com\/en\/events-en\/open-lunch-of-the-entrepreneuses-of-marbella-with-business-men\"},\"author\":{\"name\":\"Marie-No\u00eblle\",\"@id\":\"https:\/\/www.mncomunicacion.com\/#\/schema\/person\/70225cf35dfcd918c90eb1a00df42de9\"},\"headline\":\"Open lunch of the Entrepreneuses of Marbella with business men\",\"datePublished\":\"2011-02-20T12:39:57+00:00\",\"dateModified\":\"2011-02-20T12:39:57+00:00\",\"mainEntityOfPage\":{\"@id\":\"https:\/\/www.mncomunicacion.com\/en\/events-en\/open-lunch-of-the-entrepreneuses-of-marbella-with-business-men\"},\"wordCount\":47,\"commentCount\":0,\"publisher\":{\"@id\":\"https:\/\/www.mncomunicacion.com\/#organization\"},\"image\":{\"@id\":\"https:\/\/www.mncomunicacion.com\/en\/events-en\/open-lunch-of-the-entrepreneuses-of-marbella-with-business-men#primaryimage\"},\"thumbnailUrl\":\"https:\/\/www.mncomunicacion.com\/wp-content\/uploads\/2019\/05\/cmcl_8977 1.jpg\",\"articleSection\":[\"Events\"],\"inLanguage\":\"en-US\",\"potentialAction\":[{\"@type\":\"CommentAction\",\"name\":\"Comment\",\"target\":[\"https:\/\/www.mncomunicacion.com\/en\/events-en\/open-lunch-of-the-entrepreneuses-of-marbella-with-business-men#respond\"]}]},{\"@type\":\"WebPage\",\"@id\":\"https:\/\/www.mncomunicacion.com\/en\/events-en\/open-lunch-of-the-entrepreneuses-of-marbella-with-business-men\",\"url\":\"https:\/\/www.mncomunicacion.com\/en\/events-en\/open-lunch-of-the-entrepreneuses-of-marbella-with-business-men\",\"name\":\"Open lunch of the Entrepreneuses of Marbella with business men | MN Comunicaci\u00f3n\",\"isPartOf\":{\"@id\":\"https:\/\/www.mncomunicacion.com\/#website\"},\"primaryImageOfPage\":{\"@id\":\"https:\/\/www.mncomunicacion.com\/en\/events-en\/open-lunch-of-the-entrepreneuses-of-marbella-with-business-men#primaryimage\"},\"image\":{\"@id\":\"https:\/\/www.mncomunicacion.com\/en\/events-en\/open-lunch-of-the-entrepreneuses-of-marbella-with-business-men#primaryimage\"},\"thumbnailUrl\":\"https:\/\/www.mncomunicacion.com\/wp-content\/uploads\/2019\/05\/cmcl_8977 1.jpg\",\"datePublished\":\"2011-02-20T12:39:57+00:00\",\"dateModified\":\"2011-02-20T12:39:57+00:00\",\"breadcrumb\":{\"@id\":\"https:\/\/www.mncomunicacion.com\/en\/events-en\/open-lunch-of-the-entrepreneuses-of-marbella-with-business-men#breadcrumb\"},\"inLanguage\":\"en-US\",\"potentialAction\":[{\"@type\":\"ReadAction\",\"target\":[\"https:\/\/www.mncomunicacion.com\/en\/events-en\/open-lunch-of-the-entrepreneuses-of-marbella-with-business-men\"]}]},{\"@type\":\"ImageObject\",\"inLanguage\":\"en-US\",\"@id\":\"https:\/\/www.mncomunicacion.com\/en\/events-en\/open-lunch-of-the-entrepreneuses-of-marbella-with-business-men#primaryimage\",\"url\":\"https:\/\/www.mncomunicacion.com\/wp-content\/uploads\/2019\/05\/cmcl_8977 1.jpg\",\"contentUrl\":\"https:\/\/www.mncomunicacion.com\/wp-content\/uploads\/2019\/05\/cmcl_8977 1.jpg\",\"width\":150,\"height\":150},{\"@type\":\"BreadcrumbList\",\"@id\":\"https:\/\/www.mncomunicacion.com\/en\/events-en\/open-lunch-of-the-entrepreneuses-of-marbella-with-business-men#breadcrumb\",\"itemListElement\":[{\"@type\":\"ListItem\",\"position\":1,\"name\":\"Portada\",\"item\":\"https:\/\/www.mncomunicacion.com\/en\"},{\"@type\":\"ListItem\",\"position\":2,\"name\":\"Open lunch of the Entrepreneuses of Marbella with business men\"}]},{\"@type\":\"WebSite\",\"@id\":\"https:\/\/www.mncomunicacion.com\/#website\",\"url\":\"https:\/\/www.mncomunicacion.com\/\",\"name\":\"MN Comunicaci\u00f3n\",\"description\":\"Agencia de Comunicaci\u00f3n y Organizaci\u00f3n de Eventos en Marbella\",\"publisher\":{\"@id\":\"https:\/\/www.mncomunicacion.com\/#organization\"},\"potentialAction\":[{\"@type\":\"SearchAction\",\"target\":{\"@type\":\"EntryPoint\",\"urlTemplate\":\"https:\/\/www.mncomunicacion.com\/?s={search_term_string}\"},\"query-input\":\"required name=search_term_string\"}],\"inLanguage\":\"en-US\"},{\"@type\":\"Organization\",\"@id\":\"https:\/\/www.mncomunicacion.com\/#organization\",\"name\":\"MN COMUNICACI\u00d3N\",\"url\":\"https:\/\/www.mncomunicacion.com\/\",\"logo\":{\"@type\":\"ImageObject\",\"inLanguage\":\"en-US\",\"@id\":\"https:\/\/www.mncomunicacion.com\/#\/schema\/logo\/image\/\",\"url\":\"https:\/\/www.mncomunicacion.com\/wp-content\/uploads\/2019\/05\/logo.png\",\"contentUrl\":\"https:\/\/www.mncomunicacion.com\/wp-content\/uploads\/2019\/05\/logo.png\",\"width\":150,\"height\":150,\"caption\":\"MN COMUNICACI\u00d3N\"},\"image\":{\"@id\":\"https:\/\/www.mncomunicacion.com\/#\/schema\/logo\/image\/\"},\"sameAs\":[\"https:\/\/www.facebook.com\/marienoelle.escomunicacion\/\",\"https:\/\/x.com\/MNcomunicacion\",\"https:\/\/www.linkedin.com\/company\/marie-no-lle-es-comunicaci-n\/\",\"https:\/\/www.youtube.com\/channel\/UCnHVdXKiLf30LsIfV8k0xIQ\"]},{\"@type\":\"Person\",\"@id\":\"https:\/\/www.mncomunicacion.com\/#\/schema\/person\/70225cf35dfcd918c90eb1a00df42de9\",\"name\":\"Marie-No\u00eblle\"}]}<\/script>\n<!-- \/ Yoast SEO plugin. -->","yoast_head_json":{"title":"Open lunch of the Entrepreneuses of Marbella with business men | MN Comunicaci\u00f3n","robots":{"index":"index","follow":"follow","max-snippet":"max-snippet:-1","max-image-preview":"max-image-preview:large","max-video-preview":"max-video-preview:-1"},"canonical":"https:\/\/www.mncomunicacion.com\/en\/events-en\/open-lunch-of-the-entrepreneuses-of-marbella-with-business-men","og_locale":"en_US","og_type":"article","og_title":"Open lunch of the Entrepreneuses of Marbella with business men | MN Comunicaci\u00f3n","og_description":"On Friday 18th February at La Quinta Golf was held the first lunch of the Entrepreneuses Net with different business men of the Costa del Sol. It was the first experience of a networking meeting all together.","og_url":"https:\/\/www.mncomunicacion.com\/en\/events-en\/open-lunch-of-the-entrepreneuses-of-marbella-with-business-men","og_site_name":"MN Comunicaci\u00f3n","article_publisher":"https:\/\/www.facebook.com\/marienoelle.escomunicacion\/","article_published_time":"2011-02-20T12:39:57+00:00","og_image":[{"width":150,"height":150,"url":"https:\/\/www.mncomunicacion.com\/wp-content\/uploads\/2019\/05\/cmcl_8977 1.jpg","type":"image\/jpeg"}],"author":"Marie-No\u00eblle","twitter_card":"summary_large_image","twitter_creator":"@MNcomunicacion","twitter_site":"@MNcomunicacion","twitter_misc":{"Written by":"Marie-No\u00eblle"},"schema":{"@context":"https:\/\/schema.org","@graph":[{"@type":"Article","@id":"https:\/\/www.mncomunicacion.com\/en\/events-en\/open-lunch-of-the-entrepreneuses-of-marbella-with-business-men#article","isPartOf":{"@id":"https:\/\/www.mncomunicacion.com\/en\/events-en\/open-lunch-of-the-entrepreneuses-of-marbella-with-business-men"},"author":{"name":"Marie-No\u00eblle","@id":"https:\/\/www.mncomunicacion.com\/#\/schema\/person\/70225cf35dfcd918c90eb1a00df42de9"},"headline":"Open lunch of the Entrepreneuses of Marbella with business men","datePublished":"2011-02-20T12:39:57+00:00","dateModified":"2011-02-20T12:39:57+00:00","mainEntityOfPage":{"@id":"https:\/\/www.mncomunicacion.com\/en\/events-en\/open-lunch-of-the-entrepreneuses-of-marbella-with-business-men"},"wordCount":47,"commentCount":0,"publisher":{"@id":"https:\/\/www.mncomunicacion.com\/#organization"},"image":{"@id":"https:\/\/www.mncomunicacion.com\/en\/events-en\/open-lunch-of-the-entrepreneuses-of-marbella-with-business-men#primaryimage"},"thumbnailUrl":"https:\/\/www.mncomunicacion.com\/wp-content\/uploads\/2019\/05\/cmcl_8977 1.jpg","articleSection":["Events"],"inLanguage":"en-US","potentialAction":[{"@type":"CommentAction","name":"Comment","target":["https:\/\/www.mncomunicacion.com\/en\/events-en\/open-lunch-of-the-entrepreneuses-of-marbella-with-business-men#respond"]}]},{"@type":"WebPage","@id":"https:\/\/www.mncomunicacion.com\/en\/events-en\/open-lunch-of-the-entrepreneuses-of-marbella-with-business-men","url":"https:\/\/www.mncomunicacion.com\/en\/events-en\/open-lunch-of-the-entrepreneuses-of-marbella-with-business-men","name":"Open lunch of the Entrepreneuses of Marbella with business men | MN Comunicaci\u00f3n","isPartOf":{"@id":"https:\/\/www.mncomunicacion.com\/#website"},"primaryImageOfPage":{"@id":"https:\/\/www.mncomunicacion.com\/en\/events-en\/open-lunch-of-the-entrepreneuses-of-marbella-with-business-men#primaryimage"},"image":{"@id":"https:\/\/www.mncomunicacion.com\/en\/events-en\/open-lunch-of-the-entrepreneuses-of-marbella-with-business-men#primaryimage"},"thumbnailUrl":"https:\/\/www.mncomunicacion.com\/wp-content\/uploads\/2019\/05\/cmcl_8977 1.jpg","datePublished":"2011-02-20T12:39:57+00:00","dateModified":"2011-02-20T12:39:57+00:00","breadcrumb":{"@id":"https:\/\/www.mncomunicacion.com\/en\/events-en\/open-lunch-of-the-entrepreneuses-of-marbella-with-business-men#breadcrumb"},"inLanguage":"en-US","potentialAction":[{"@type":"ReadAction","target":["https:\/\/www.mncomunicacion.com\/en\/events-en\/open-lunch-of-the-entrepreneuses-of-marbella-with-business-men"]}]},{"@type":"ImageObject","inLanguage":"en-US","@id":"https:\/\/www.mncomunicacion.com\/en\/events-en\/open-lunch-of-the-entrepreneuses-of-marbella-with-business-men#primaryimage","url":"https:\/\/www.mncomunicacion.com\/wp-content\/uploads\/2019\/05\/cmcl_8977 1.jpg","contentUrl":"https:\/\/www.mncomunicacion.com\/wp-content\/uploads\/2019\/05\/cmcl_8977 1.jpg","width":150,"height":150},{"@type":"BreadcrumbList","@id":"https:\/\/www.mncomunicacion.com\/en\/events-en\/open-lunch-of-the-entrepreneuses-of-marbella-with-business-men#breadcrumb","itemListElement":[{"@type":"ListItem","position":1,"name":"Portada","item":"https:\/\/www.mncomunicacion.com\/en"},{"@type":"ListItem","position":2,"name":"Open lunch of the Entrepreneuses of Marbella with business men"}]},{"@type":"WebSite","@id":"https:\/\/www.mncomunicacion.com\/#website","url":"https:\/\/www.mncomunicacion.com\/","name":"MN Comunicaci\u00f3n","description":"Agencia de Comunicaci\u00f3n y Organizaci\u00f3n de Eventos en Marbella","publisher":{"@id":"https:\/\/www.mncomunicacion.com\/#organization"},"potentialAction":[{"@type":"SearchAction","target":{"@type":"EntryPoint","urlTemplate":"https:\/\/www.mncomunicacion.com\/?s={search_term_string}"},"query-input":"required name=search_term_string"}],"inLanguage":"en-US"},{"@type":"Organization","@id":"https:\/\/www.mncomunicacion.com\/#organization","name":"MN COMUNICACI\u00d3N","url":"https:\/\/www.mncomunicacion.com\/","logo":{"@type":"ImageObject","inLanguage":"en-US","@id":"https:\/\/www.mncomunicacion.com\/#\/schema\/logo\/image\/","url":"https:\/\/www.mncomunicacion.com\/wp-content\/uploads\/2019\/05\/logo.png","contentUrl":"https:\/\/www.mncomunicacion.com\/wp-content\/uploads\/2019\/05\/logo.png","width":150,"height":150,"caption":"MN COMUNICACI\u00d3N"},"image":{"@id":"https:\/\/www.mncomunicacion.com\/#\/schema\/logo\/image\/"},"sameAs":["https:\/\/www.facebook.com\/marienoelle.escomunicacion\/","https:\/\/x.com\/MNcomunicacion","https:\/\/www.linkedin.com\/company\/marie-no-lle-es-comunicaci-n\/","https:\/\/www.youtube.com\/channel\/UCnHVdXKiLf30LsIfV8k0xIQ"]},{"@type":"Person","@id":"https:\/\/www.mncomunicacion.com\/#\/schema\/person\/70225cf35dfcd918c90eb1a00df42de9","name":"Marie-No\u00eblle"}]}},"_links":{"self":[{"href":"https:\/\/www.mncomunicacion.com\/en\/wp-json\/wp\/v2\/posts\/5835"}],"collection":[{"href":"https:\/\/www.mncomunicacion.com\/en\/wp-json\/wp\/v2\/posts"}],"about":[{"href":"https:\/\/www.mncomunicacion.com\/en\/wp-json\/wp\/v2\/types\/post"}],"author":[{"embeddable":true,"href":"https:\/\/www.mncomunicacion.com\/en\/wp-json\/wp\/v2\/users\/3"}],"replies":[{"embeddable":true,"href":"https:\/\/www.mncomunicacion.com\/en\/wp-json\/wp\/v2\/comments?post=5835"}],"version-history":[{"count":0,"href":"https:\/\/www.mncomunicacion.com\/en\/wp-json\/wp\/v2\/posts\/5835\/revisions"}],"wp:featuredmedia":[{"embeddable":true,"href":"https:\/\/www.mncomunicacion.com\/en\/wp-json\/wp\/v2\/media\/5836"}],"wp:attachment":[{"href":"https:\/\/www.mncomunicacion.com\/en\/wp-json\/wp\/v2\/media?parent=5835"}],"wp:term":[{"taxonomy":"category","embeddable":true,"href":"https:\/\/www.mncomunicacion.com\/en\/wp-json\/wp\/v2\/categories?post=5835"},{"taxonomy":"post_tag","embeddable":true,"href":"https:\/\/www.mncomunicacion.com\/en\/wp-json\/wp\/v2\/tags?post=5835"}],"curies":[{"name":"wp","href":"https:\/\/api.w.org\/{rel}","templated":true}]}}