{"id":5798,"date":"2011-06-18T14:07:26","date_gmt":"2011-06-18T14:07:26","guid":{"rendered":"https:\/\/www.mncomunicacion.com\/los-portales-half-century-of-history"},"modified":"2011-06-18T14:07:26","modified_gmt":"2011-06-18T14:07:26","slug":"los-portales-half-century-of-history","status":"publish","type":"post","link":"https:\/\/www.mncomunicacion.com\/en\/events-en\/los-portales-half-century-of-history","title":{"rendered":"LOS PORTALES,  HALF CENTURY OF HISTORY"},"content":{"rendered":"<p>LOS PORTALES, HALF A CENTURY OF HISTORY. Gast&oacute;n y Daniela, The Albaida Decoration and estate agent Diana Morales properties present their restauration work on the legendary building.<\/p>\n<p> <\/p>\n<p style=\"text-align: justify;\">Marbella, 16th of June 2011. The firms who specialise in interior design and decoration<strong> Gast&oacute;n y Daniela, The Albaida Decoration y la inmobiliaria Diana Morales Properties<\/strong> yesterday celebrated the presentation of Los Portales after recent renovation and restauration works on the legendary building. With an original layout and decorative furniture creating delicious spaced around the garden, the firms welcomed nearly 300 guests. The emblematic building Los Portales once again became a place for socialising in an int&iacute;mate and relaxed soir&eacute;e in keeping with the iconic buildings past and the history of these well established firms.<\/p>\n<p style=\"text-align: justify;\"><strong>Marbella&#8217;s Mayor, Angeles Mu&ntilde;oz,<\/strong> was delighted to attend the celebration, accompanied by the Councilor for Commerce Jos&eacute; Eduardo D&iacute;az and the Delegate for Town Planning Pablo Moro. The politician congratulated the three companies for there exceptional porfessional histroy and wished them prosperity in the future, saying &ldquo;Their success is Marbellas success&rdquo;. Today the building is key to the comercial sector in Marbella. Gast&oacute;n y Daniela, The Albaida Decoration and Diana Morales Properties are known for their quality. Gast&oacute;n y Daniela forms an integral part of the Spanish Association of Design Companies and is a well known and sucessful business since the opening of their first establishment in 1876. The Albaida Decoration developes interior design projects which have regularly featured in specialist magazines for the past twenty years. Exclusivity defines the management of the well reputed estate agents Diana Morales, only representative on the Costa del Sol of Christie&acute;s International Real Estate. The history of the building Los Portales is closely linked to the history of Marbella, its personality and attraction for society meetings, good taste and love of detail, and its philosophy. Built in 1968, the creation and idea behind the building can be attributed to Maria Larra&ntilde;aga, known as Mary Foxa and wife to the great writer Agust&iacute;n Conde de Foxa, she collaborated with Antonio Sartorius, Marquess of Mari&ntilde;o, on this project. At the time Marbella was a centre for national and international high society, in particular the bar El Colonial, in the east corner of the facade. The building is considered by arquitechts and connoisseurs as symbol of Marbella, encapsulating the Andalucian aesthetic of elegance, interestingly it has lost its orginal name Los Soportales and is known now as Los Portales.<\/p>\n","protected":false},"excerpt":{"rendered":"<p>LOS PORTALES, HALF A CENTURY OF HISTORY. Gast&oacute;n y Daniela, The Albaida Decoration and estate agent Diana Morales properties present their restauration work on the legendary building. Marbella, 16th of June 2011. The firms who specialise in interior design and decoration Gast&oacute;n y Daniela, The Albaida Decoration y la inmobiliaria Diana Morales Properties yesterday celebrated the presentation of Los Portales after recent renovation and restauration works on the legendary building. With an original layout and decorative furniture creating delicious spaced around the garden, the firms welcomed nearly 300 guests. The emblematic building Los Portales once again became a place for socialising in an int&iacute;mate and relaxed soir&eacute;e in keeping with the iconic buildings past and the history of these well established firms. Marbella&#8217;s Mayor, Angeles Mu&ntilde;oz, was delighted to attend the celebration, accompanied by the Councilor for Commerce Jos&eacute; Eduardo D&iacute;az and the Delegate for Town Planning Pablo Moro. The politician congratulated the three companies for there exceptional porfessional histroy and wished them prosperity in the future, saying &ldquo;Their success is Marbellas success&rdquo;. Today the building is key to the comercial sector in Marbella. Gast&oacute;n y Daniela, The Albaida Decoration and Diana Morales Properties are known for their quality. Gast&oacute;n y Daniela forms an integral part of the Spanish Association of Design Companies and is a well known and sucessful business since the opening of their first establishment in 1876. The Albaida Decoration developes interior design projects which have regularly featured in specialist magazines for the past twenty years. Exclusivity defines the management of the well reputed estate agents Diana Morales, only representative on the Costa del Sol of Christie&acute;s International Real Estate. The history of the building Los Portales is closely linked to the history of Marbella, its personality and attraction for society meetings, good taste and love of detail, and its philosophy. Built in 1968, the creation and idea behind the building can be attributed to Maria Larra&ntilde;aga, known as Mary Foxa and wife to the great writer Agust&iacute;n Conde de Foxa, she collaborated with Antonio Sartorius, Marquess of Mari&ntilde;o, on this project. At the time Marbella was a centre for national and international high society, in particular the bar El Colonial, in the east corner of the facade. The building is considered by arquitechts and connoisseurs as symbol of Marbella, encapsulating the Andalucian aesthetic of elegance, interestingly it has lost its orginal name Los Soportales and is known now as Los Portales.<\/p>\n","protected":false},"author":3,"featured_media":5799,"comment_status":"open","ping_status":"open","sticky":false,"template":"","format":"standard","meta":{"_exactmetrics_skip_tracking":false,"_exactmetrics_sitenote_active":false,"_exactmetrics_sitenote_note":"","_exactmetrics_sitenote_category":0,"footnotes":""},"categories":[486],"tags":[],"class_list":["post-5798","post","type-post","status-publish","format-standard","has-post-thumbnail","hentry","category-events-en"],"yoast_head":"<!-- This site is optimized with the Yoast SEO plugin v23.0 - https:\/\/yoast.com\/wordpress\/plugins\/seo\/ -->\n<title>LOS PORTALES, HALF CENTURY OF HISTORY | MN Comunicaci\u00f3n<\/title>\n<meta name=\"robots\" content=\"index, follow, max-snippet:-1, max-image-preview:large, max-video-preview:-1\" \/>\n<link rel=\"canonical\" href=\"https:\/\/www.mncomunicacion.com\/en\/events-en\/los-portales-half-century-of-history\" \/>\n<meta property=\"og:locale\" content=\"en_US\" \/>\n<meta property=\"og:type\" content=\"article\" \/>\n<meta property=\"og:title\" content=\"LOS PORTALES, HALF CENTURY OF HISTORY | MN Comunicaci\u00f3n\" \/>\n<meta property=\"og:description\" content=\"LOS PORTALES, HALF A CENTURY OF HISTORY. Gast&oacute;n y Daniela, The Albaida Decoration and estate agent Diana Morales properties present their restauration work on the legendary building. Marbella, 16th of June 2011. The firms who specialise in interior design and decoration Gast&oacute;n y Daniela, The Albaida Decoration y la inmobiliaria Diana Morales Properties yesterday celebrated the presentation of Los Portales after recent renovation and restauration works on the legendary building. With an original layout and decorative furniture creating delicious spaced around the garden, the firms welcomed nearly 300 guests. The emblematic building Los Portales once again became a place for socialising in an int&iacute;mate and relaxed soir&eacute;e in keeping with the iconic buildings past and the history of these well established firms. Marbella&#8217;s Mayor, Angeles Mu&ntilde;oz, was delighted to attend the celebration, accompanied by the Councilor for Commerce Jos&eacute; Eduardo D&iacute;az and the Delegate for Town Planning Pablo Moro. The politician congratulated the three companies for there exceptional porfessional histroy and wished them prosperity in the future, saying &ldquo;Their success is Marbellas success&rdquo;. Today the building is key to the comercial sector in Marbella. Gast&oacute;n y Daniela, The Albaida Decoration and Diana Morales Properties are known for their quality. Gast&oacute;n y Daniela forms an integral part of the Spanish Association of Design Companies and is a well known and sucessful business since the opening of their first establishment in 1876. The Albaida Decoration developes interior design projects which have regularly featured in specialist magazines for the past twenty years. Exclusivity defines the management of the well reputed estate agents Diana Morales, only representative on the Costa del Sol of Christie&acute;s International Real Estate. The history of the building Los Portales is closely linked to the history of Marbella, its personality and attraction for society meetings, good taste and love of detail, and its philosophy. Built in 1968, the creation and idea behind the building can be attributed to Maria Larra&ntilde;aga, known as Mary Foxa and wife to the great writer Agust&iacute;n Conde de Foxa, she collaborated with Antonio Sartorius, Marquess of Mari&ntilde;o, on this project. At the time Marbella was a centre for national and international high society, in particular the bar El Colonial, in the east corner of the facade. The building is considered by arquitechts and connoisseurs as symbol of Marbella, encapsulating the Andalucian aesthetic of elegance, interestingly it has lost its orginal name Los Soportales and is known now as Los Portales.\" \/>\n<meta property=\"og:url\" content=\"https:\/\/www.mncomunicacion.com\/en\/events-en\/los-portales-half-century-of-history\" \/>\n<meta property=\"og:site_name\" content=\"MN Comunicaci\u00f3n\" \/>\n<meta property=\"article:publisher\" content=\"https:\/\/www.facebook.com\/marienoelle.escomunicacion\/\" \/>\n<meta property=\"article:published_time\" content=\"2011-06-18T14:07:26+00:00\" \/>\n<meta property=\"og:image\" content=\"https:\/\/www.mncomunicacion.com\/wp-content\/uploads\/2019\/05\/edificio%20marbella%201.jpg\" \/>\n\t<meta property=\"og:image:width\" content=\"150\" \/>\n\t<meta property=\"og:image:height\" content=\"150\" \/>\n\t<meta property=\"og:image:type\" content=\"image\/jpeg\" \/>\n<meta name=\"author\" content=\"Marie-No\u00eblle\" \/>\n<meta name=\"twitter:card\" content=\"summary_large_image\" \/>\n<meta name=\"twitter:creator\" content=\"@MNcomunicacion\" \/>\n<meta name=\"twitter:site\" content=\"@MNcomunicacion\" \/>\n<meta name=\"twitter:label1\" content=\"Written by\" \/>\n\t<meta name=\"twitter:data1\" content=\"Marie-No\u00eblle\" \/>\n\t<meta name=\"twitter:label2\" content=\"Est. reading time\" \/>\n\t<meta name=\"twitter:data2\" content=\"2 minutes\" \/>\n<script type=\"application\/ld+json\" class=\"yoast-schema-graph\">{\"@context\":\"https:\/\/schema.org\",\"@graph\":[{\"@type\":\"Article\",\"@id\":\"https:\/\/www.mncomunicacion.com\/en\/events-en\/los-portales-half-century-of-history#article\",\"isPartOf\":{\"@id\":\"https:\/\/www.mncomunicacion.com\/en\/events-en\/los-portales-half-century-of-history\"},\"author\":{\"name\":\"Marie-No\u00eblle\",\"@id\":\"https:\/\/www.mncomunicacion.com\/#\/schema\/person\/70225cf35dfcd918c90eb1a00df42de9\"},\"headline\":\"LOS PORTALES, HALF CENTURY OF HISTORY\",\"datePublished\":\"2011-06-18T14:07:26+00:00\",\"dateModified\":\"2011-06-18T14:07:26+00:00\",\"mainEntityOfPage\":{\"@id\":\"https:\/\/www.mncomunicacion.com\/en\/events-en\/los-portales-half-century-of-history\"},\"wordCount\":434,\"commentCount\":0,\"publisher\":{\"@id\":\"https:\/\/www.mncomunicacion.com\/#organization\"},\"image\":{\"@id\":\"https:\/\/www.mncomunicacion.com\/en\/events-en\/los-portales-half-century-of-history#primaryimage\"},\"thumbnailUrl\":\"https:\/\/www.mncomunicacion.com\/wp-content\/uploads\/2019\/05\/edificio marbella 1.jpg\",\"articleSection\":[\"Events\"],\"inLanguage\":\"en-US\",\"potentialAction\":[{\"@type\":\"CommentAction\",\"name\":\"Comment\",\"target\":[\"https:\/\/www.mncomunicacion.com\/en\/events-en\/los-portales-half-century-of-history#respond\"]}]},{\"@type\":\"WebPage\",\"@id\":\"https:\/\/www.mncomunicacion.com\/en\/events-en\/los-portales-half-century-of-history\",\"url\":\"https:\/\/www.mncomunicacion.com\/en\/events-en\/los-portales-half-century-of-history\",\"name\":\"LOS PORTALES, HALF CENTURY OF HISTORY | MN Comunicaci\u00f3n\",\"isPartOf\":{\"@id\":\"https:\/\/www.mncomunicacion.com\/#website\"},\"primaryImageOfPage\":{\"@id\":\"https:\/\/www.mncomunicacion.com\/en\/events-en\/los-portales-half-century-of-history#primaryimage\"},\"image\":{\"@id\":\"https:\/\/www.mncomunicacion.com\/en\/events-en\/los-portales-half-century-of-history#primaryimage\"},\"thumbnailUrl\":\"https:\/\/www.mncomunicacion.com\/wp-content\/uploads\/2019\/05\/edificio marbella 1.jpg\",\"datePublished\":\"2011-06-18T14:07:26+00:00\",\"dateModified\":\"2011-06-18T14:07:26+00:00\",\"breadcrumb\":{\"@id\":\"https:\/\/www.mncomunicacion.com\/en\/events-en\/los-portales-half-century-of-history#breadcrumb\"},\"inLanguage\":\"en-US\",\"potentialAction\":[{\"@type\":\"ReadAction\",\"target\":[\"https:\/\/www.mncomunicacion.com\/en\/events-en\/los-portales-half-century-of-history\"]}]},{\"@type\":\"ImageObject\",\"inLanguage\":\"en-US\",\"@id\":\"https:\/\/www.mncomunicacion.com\/en\/events-en\/los-portales-half-century-of-history#primaryimage\",\"url\":\"https:\/\/www.mncomunicacion.com\/wp-content\/uploads\/2019\/05\/edificio marbella 1.jpg\",\"contentUrl\":\"https:\/\/www.mncomunicacion.com\/wp-content\/uploads\/2019\/05\/edificio marbella 1.jpg\",\"width\":150,\"height\":150},{\"@type\":\"BreadcrumbList\",\"@id\":\"https:\/\/www.mncomunicacion.com\/en\/events-en\/los-portales-half-century-of-history#breadcrumb\",\"itemListElement\":[{\"@type\":\"ListItem\",\"position\":1,\"name\":\"Portada\",\"item\":\"https:\/\/www.mncomunicacion.com\/en\"},{\"@type\":\"ListItem\",\"position\":2,\"name\":\"LOS PORTALES, HALF CENTURY OF HISTORY\"}]},{\"@type\":\"WebSite\",\"@id\":\"https:\/\/www.mncomunicacion.com\/#website\",\"url\":\"https:\/\/www.mncomunicacion.com\/\",\"name\":\"MN Comunicaci\u00f3n\",\"description\":\"Agencia de Comunicaci\u00f3n y Organizaci\u00f3n de Eventos en Marbella\",\"publisher\":{\"@id\":\"https:\/\/www.mncomunicacion.com\/#organization\"},\"potentialAction\":[{\"@type\":\"SearchAction\",\"target\":{\"@type\":\"EntryPoint\",\"urlTemplate\":\"https:\/\/www.mncomunicacion.com\/?s={search_term_string}\"},\"query-input\":\"required name=search_term_string\"}],\"inLanguage\":\"en-US\"},{\"@type\":\"Organization\",\"@id\":\"https:\/\/www.mncomunicacion.com\/#organization\",\"name\":\"MN COMUNICACI\u00d3N\",\"url\":\"https:\/\/www.mncomunicacion.com\/\",\"logo\":{\"@type\":\"ImageObject\",\"inLanguage\":\"en-US\",\"@id\":\"https:\/\/www.mncomunicacion.com\/#\/schema\/logo\/image\/\",\"url\":\"https:\/\/www.mncomunicacion.com\/wp-content\/uploads\/2019\/05\/logo.png\",\"contentUrl\":\"https:\/\/www.mncomunicacion.com\/wp-content\/uploads\/2019\/05\/logo.png\",\"width\":150,\"height\":150,\"caption\":\"MN COMUNICACI\u00d3N\"},\"image\":{\"@id\":\"https:\/\/www.mncomunicacion.com\/#\/schema\/logo\/image\/\"},\"sameAs\":[\"https:\/\/www.facebook.com\/marienoelle.escomunicacion\/\",\"https:\/\/x.com\/MNcomunicacion\",\"https:\/\/www.linkedin.com\/company\/marie-no-lle-es-comunicaci-n\/\",\"https:\/\/www.youtube.com\/channel\/UCnHVdXKiLf30LsIfV8k0xIQ\"]},{\"@type\":\"Person\",\"@id\":\"https:\/\/www.mncomunicacion.com\/#\/schema\/person\/70225cf35dfcd918c90eb1a00df42de9\",\"name\":\"Marie-No\u00eblle\"}]}<\/script>\n<!-- \/ Yoast SEO plugin. -->","yoast_head_json":{"title":"LOS PORTALES, HALF CENTURY OF HISTORY | MN Comunicaci\u00f3n","robots":{"index":"index","follow":"follow","max-snippet":"max-snippet:-1","max-image-preview":"max-image-preview:large","max-video-preview":"max-video-preview:-1"},"canonical":"https:\/\/www.mncomunicacion.com\/en\/events-en\/los-portales-half-century-of-history","og_locale":"en_US","og_type":"article","og_title":"LOS PORTALES, HALF CENTURY OF HISTORY | MN Comunicaci\u00f3n","og_description":"LOS PORTALES, HALF A CENTURY OF HISTORY. Gast&oacute;n y Daniela, The Albaida Decoration and estate agent Diana Morales properties present their restauration work on the legendary building. Marbella, 16th of June 2011. The firms who specialise in interior design and decoration Gast&oacute;n y Daniela, The Albaida Decoration y la inmobiliaria Diana Morales Properties yesterday celebrated the presentation of Los Portales after recent renovation and restauration works on the legendary building. With an original layout and decorative furniture creating delicious spaced around the garden, the firms welcomed nearly 300 guests. The emblematic building Los Portales once again became a place for socialising in an int&iacute;mate and relaxed soir&eacute;e in keeping with the iconic buildings past and the history of these well established firms. Marbella&#8217;s Mayor, Angeles Mu&ntilde;oz, was delighted to attend the celebration, accompanied by the Councilor for Commerce Jos&eacute; Eduardo D&iacute;az and the Delegate for Town Planning Pablo Moro. The politician congratulated the three companies for there exceptional porfessional histroy and wished them prosperity in the future, saying &ldquo;Their success is Marbellas success&rdquo;. Today the building is key to the comercial sector in Marbella. Gast&oacute;n y Daniela, The Albaida Decoration and Diana Morales Properties are known for their quality. Gast&oacute;n y Daniela forms an integral part of the Spanish Association of Design Companies and is a well known and sucessful business since the opening of their first establishment in 1876. The Albaida Decoration developes interior design projects which have regularly featured in specialist magazines for the past twenty years. Exclusivity defines the management of the well reputed estate agents Diana Morales, only representative on the Costa del Sol of Christie&acute;s International Real Estate. The history of the building Los Portales is closely linked to the history of Marbella, its personality and attraction for society meetings, good taste and love of detail, and its philosophy. Built in 1968, the creation and idea behind the building can be attributed to Maria Larra&ntilde;aga, known as Mary Foxa and wife to the great writer Agust&iacute;n Conde de Foxa, she collaborated with Antonio Sartorius, Marquess of Mari&ntilde;o, on this project. At the time Marbella was a centre for national and international high society, in particular the bar El Colonial, in the east corner of the facade. The building is considered by arquitechts and connoisseurs as symbol of Marbella, encapsulating the Andalucian aesthetic of elegance, interestingly it has lost its orginal name Los Soportales and is known now as Los Portales.","og_url":"https:\/\/www.mncomunicacion.com\/en\/events-en\/los-portales-half-century-of-history","og_site_name":"MN Comunicaci\u00f3n","article_publisher":"https:\/\/www.facebook.com\/marienoelle.escomunicacion\/","article_published_time":"2011-06-18T14:07:26+00:00","og_image":[{"width":150,"height":150,"url":"https:\/\/www.mncomunicacion.com\/wp-content\/uploads\/2019\/05\/edificio marbella 1.jpg","type":"image\/jpeg"}],"author":"Marie-No\u00eblle","twitter_card":"summary_large_image","twitter_creator":"@MNcomunicacion","twitter_site":"@MNcomunicacion","twitter_misc":{"Written by":"Marie-No\u00eblle","Est. reading time":"2 minutes"},"schema":{"@context":"https:\/\/schema.org","@graph":[{"@type":"Article","@id":"https:\/\/www.mncomunicacion.com\/en\/events-en\/los-portales-half-century-of-history#article","isPartOf":{"@id":"https:\/\/www.mncomunicacion.com\/en\/events-en\/los-portales-half-century-of-history"},"author":{"name":"Marie-No\u00eblle","@id":"https:\/\/www.mncomunicacion.com\/#\/schema\/person\/70225cf35dfcd918c90eb1a00df42de9"},"headline":"LOS PORTALES, HALF CENTURY OF HISTORY","datePublished":"2011-06-18T14:07:26+00:00","dateModified":"2011-06-18T14:07:26+00:00","mainEntityOfPage":{"@id":"https:\/\/www.mncomunicacion.com\/en\/events-en\/los-portales-half-century-of-history"},"wordCount":434,"commentCount":0,"publisher":{"@id":"https:\/\/www.mncomunicacion.com\/#organization"},"image":{"@id":"https:\/\/www.mncomunicacion.com\/en\/events-en\/los-portales-half-century-of-history#primaryimage"},"thumbnailUrl":"https:\/\/www.mncomunicacion.com\/wp-content\/uploads\/2019\/05\/edificio marbella 1.jpg","articleSection":["Events"],"inLanguage":"en-US","potentialAction":[{"@type":"CommentAction","name":"Comment","target":["https:\/\/www.mncomunicacion.com\/en\/events-en\/los-portales-half-century-of-history#respond"]}]},{"@type":"WebPage","@id":"https:\/\/www.mncomunicacion.com\/en\/events-en\/los-portales-half-century-of-history","url":"https:\/\/www.mncomunicacion.com\/en\/events-en\/los-portales-half-century-of-history","name":"LOS PORTALES, HALF CENTURY OF HISTORY | MN Comunicaci\u00f3n","isPartOf":{"@id":"https:\/\/www.mncomunicacion.com\/#website"},"primaryImageOfPage":{"@id":"https:\/\/www.mncomunicacion.com\/en\/events-en\/los-portales-half-century-of-history#primaryimage"},"image":{"@id":"https:\/\/www.mncomunicacion.com\/en\/events-en\/los-portales-half-century-of-history#primaryimage"},"thumbnailUrl":"https:\/\/www.mncomunicacion.com\/wp-content\/uploads\/2019\/05\/edificio marbella 1.jpg","datePublished":"2011-06-18T14:07:26+00:00","dateModified":"2011-06-18T14:07:26+00:00","breadcrumb":{"@id":"https:\/\/www.mncomunicacion.com\/en\/events-en\/los-portales-half-century-of-history#breadcrumb"},"inLanguage":"en-US","potentialAction":[{"@type":"ReadAction","target":["https:\/\/www.mncomunicacion.com\/en\/events-en\/los-portales-half-century-of-history"]}]},{"@type":"ImageObject","inLanguage":"en-US","@id":"https:\/\/www.mncomunicacion.com\/en\/events-en\/los-portales-half-century-of-history#primaryimage","url":"https:\/\/www.mncomunicacion.com\/wp-content\/uploads\/2019\/05\/edificio marbella 1.jpg","contentUrl":"https:\/\/www.mncomunicacion.com\/wp-content\/uploads\/2019\/05\/edificio marbella 1.jpg","width":150,"height":150},{"@type":"BreadcrumbList","@id":"https:\/\/www.mncomunicacion.com\/en\/events-en\/los-portales-half-century-of-history#breadcrumb","itemListElement":[{"@type":"ListItem","position":1,"name":"Portada","item":"https:\/\/www.mncomunicacion.com\/en"},{"@type":"ListItem","position":2,"name":"LOS PORTALES, HALF CENTURY OF HISTORY"}]},{"@type":"WebSite","@id":"https:\/\/www.mncomunicacion.com\/#website","url":"https:\/\/www.mncomunicacion.com\/","name":"MN Comunicaci\u00f3n","description":"Agencia de Comunicaci\u00f3n y Organizaci\u00f3n de Eventos en Marbella","publisher":{"@id":"https:\/\/www.mncomunicacion.com\/#organization"},"potentialAction":[{"@type":"SearchAction","target":{"@type":"EntryPoint","urlTemplate":"https:\/\/www.mncomunicacion.com\/?s={search_term_string}"},"query-input":"required name=search_term_string"}],"inLanguage":"en-US"},{"@type":"Organization","@id":"https:\/\/www.mncomunicacion.com\/#organization","name":"MN COMUNICACI\u00d3N","url":"https:\/\/www.mncomunicacion.com\/","logo":{"@type":"ImageObject","inLanguage":"en-US","@id":"https:\/\/www.mncomunicacion.com\/#\/schema\/logo\/image\/","url":"https:\/\/www.mncomunicacion.com\/wp-content\/uploads\/2019\/05\/logo.png","contentUrl":"https:\/\/www.mncomunicacion.com\/wp-content\/uploads\/2019\/05\/logo.png","width":150,"height":150,"caption":"MN COMUNICACI\u00d3N"},"image":{"@id":"https:\/\/www.mncomunicacion.com\/#\/schema\/logo\/image\/"},"sameAs":["https:\/\/www.facebook.com\/marienoelle.escomunicacion\/","https:\/\/x.com\/MNcomunicacion","https:\/\/www.linkedin.com\/company\/marie-no-lle-es-comunicaci-n\/","https:\/\/www.youtube.com\/channel\/UCnHVdXKiLf30LsIfV8k0xIQ"]},{"@type":"Person","@id":"https:\/\/www.mncomunicacion.com\/#\/schema\/person\/70225cf35dfcd918c90eb1a00df42de9","name":"Marie-No\u00eblle"}]}},"_links":{"self":[{"href":"https:\/\/www.mncomunicacion.com\/en\/wp-json\/wp\/v2\/posts\/5798"}],"collection":[{"href":"https:\/\/www.mncomunicacion.com\/en\/wp-json\/wp\/v2\/posts"}],"about":[{"href":"https:\/\/www.mncomunicacion.com\/en\/wp-json\/wp\/v2\/types\/post"}],"author":[{"embeddable":true,"href":"https:\/\/www.mncomunicacion.com\/en\/wp-json\/wp\/v2\/users\/3"}],"replies":[{"embeddable":true,"href":"https:\/\/www.mncomunicacion.com\/en\/wp-json\/wp\/v2\/comments?post=5798"}],"version-history":[{"count":0,"href":"https:\/\/www.mncomunicacion.com\/en\/wp-json\/wp\/v2\/posts\/5798\/revisions"}],"wp:featuredmedia":[{"embeddable":true,"href":"https:\/\/www.mncomunicacion.com\/en\/wp-json\/wp\/v2\/media\/5799"}],"wp:attachment":[{"href":"https:\/\/www.mncomunicacion.com\/en\/wp-json\/wp\/v2\/media?parent=5798"}],"wp:term":[{"taxonomy":"category","embeddable":true,"href":"https:\/\/www.mncomunicacion.com\/en\/wp-json\/wp\/v2\/categories?post=5798"},{"taxonomy":"post_tag","embeddable":true,"href":"https:\/\/www.mncomunicacion.com\/en\/wp-json\/wp\/v2\/tags?post=5798"}],"curies":[{"name":"wp","href":"https:\/\/api.w.org\/{rel}","templated":true}]}}