{"id":5792,"date":"2011-06-27T14:50:41","date_gmt":"2011-06-27T14:50:41","guid":{"rendered":"https:\/\/www.mncomunicacion.com\/3rd-charity-gala-of-cesare-scariolo-trust"},"modified":"2011-06-27T14:50:41","modified_gmt":"2011-06-27T14:50:41","slug":"3rd-charity-gala-of-cesare-scariolo-trust","status":"publish","type":"post","link":"https:\/\/www.mncomunicacion.com\/en\/events-en\/3rd-charity-gala-of-cesare-scariolo-trust","title":{"rendered":"3rd Charity Gala of Cesare Scariolo Trust"},"content":{"rendered":"<p>SONRISAS PARA UNA BUENA CAUSA. Cerca de 200 personas respaldan la labor desarrollada por la Fundaci&oacute;n Cesar&eacute; Scariolo en su gala anual celebrada en Marbella.<\/p>\n<p> <\/p>\n<p><span style=\"font-size: 12pt;\">M&aacute;laga 26 de junio de 2011: La gala de la <strong>Fundaci&oacute;n Cesare Scariolo <\/strong>celebrada la noche de ayer en Marbella puso de relieve la calidad humana de personalidades de la capital de la Costa del Sol y de la provincia.<\/span><\/p>\n<p><span style=\"font-size: 12pt;\">Cerca de doscientas personas acudieron a la llamada a la solidaridad de la entidad creada por el actual t&eacute;cnico de la selecci&oacute;n espa&ntilde;ola de baloncesto, <strong>Sergio Scariolo.<\/strong> La recaudaci&oacute;n de la velada ser&aacute; destinada a los programas de ayuda directa a ni&ntilde;os que se encuentran bajo tratamiento oncol&oacute;gico, y a sus familias as&iacute; como a la asistencia directa a peque&ntilde;os con patolog&iacute;as especiales.<\/span><\/p>\n<p><span style=\"font-size: 12pt;\">La aportaci&oacute;n social es de vital importancia para la consecuci&oacute;n de los proyectos de la FCS. As&iacute; lo puso de manifiesto Scariolo quien acudi&oacute; a la cena acompa&ntilde;ado de su mujer, Blanca Ares. Como presidente de la entidad, agradeci&oacute; a todos los presentes su colaboraci&oacute;n con la entidad.<\/span><\/p>\n<p><span style=\"font-size: 12pt;\">Minutos antes, en el c&oacute;ctel de bienvenida se produc&iacute;an reencuentros, presentaciones y charlas distendidas entre los invitados. Por el photocall desfilaron algunas de las caras m&aacute;s representativas de la noche, <strong>los tres presentadoras de la gala, la actriz Esther Arroyo, la internacional Mar&iacute;a Bravo y el actor Luis Mottola, Miss M&aacute;laga 2010, Belinda Guti&eacute;rrez, el chef Dani Garc&iacute;a o el jugador de baloncesto Carlos Cabezas.<\/strong><\/span><\/p>\n<p><span style=\"font-size: 12pt;\">En el segmento empresarial destac&oacute; la presencia de las responsables de la <strong>joyer&iacute;a G&oacute;mez&amp;Molina,<\/strong> Raquel G&oacute;mez, el <strong>Presidente de Novasoft, Francisco Barrionuevo<\/strong>, el presidente de <strong>Famadesa, Federico Beltr&aacute;n<\/strong> o la responsable de la <strong>Red de Emprendedoras de Marbella, Esther Nistal.<\/strong><\/span><\/p>\n<p><span style=\"font-size: 12pt;\">Paul Maxwell y el conjunto Tres Divos se encargaron de interpretar la banda sonora de la noche junto a la actuaci&oacute;n musical de los alumnos del centro <strong>Laude San Pedro International College.<\/strong><\/span><\/p>\n","protected":false},"excerpt":{"rendered":"<p>SONRISAS PARA UNA BUENA CAUSA. Cerca de 200 personas respaldan la labor desarrollada por la Fundaci&oacute;n Cesar&eacute; Scariolo en su gala anual celebrada en Marbella. M&aacute;laga 26 de junio de 2011: La gala de la Fundaci&oacute;n Cesare Scariolo celebrada la noche de ayer en Marbella puso de relieve la calidad humana de personalidades de la capital de la Costa del Sol y de la provincia. Cerca de doscientas personas acudieron a la llamada a la solidaridad de la entidad creada por el actual t&eacute;cnico de la selecci&oacute;n espa&ntilde;ola de baloncesto, Sergio Scariolo. La recaudaci&oacute;n de la velada ser&aacute; destinada a los programas de ayuda directa a ni&ntilde;os que se encuentran bajo tratamiento oncol&oacute;gico, y a sus familias as&iacute; como a la asistencia directa a peque&ntilde;os con patolog&iacute;as especiales. La aportaci&oacute;n social es de vital importancia para la consecuci&oacute;n de los proyectos de la FCS. As&iacute; lo puso de manifiesto Scariolo quien acudi&oacute; a la cena acompa&ntilde;ado de su mujer, Blanca Ares. Como presidente de la entidad, agradeci&oacute; a todos los presentes su colaboraci&oacute;n con la entidad. Minutos antes, en el c&oacute;ctel de bienvenida se produc&iacute;an reencuentros, presentaciones y charlas distendidas entre los invitados. Por el photocall desfilaron algunas de las caras m&aacute;s representativas de la noche, los tres presentadoras de la gala, la actriz Esther Arroyo, la internacional Mar&iacute;a Bravo y el actor Luis Mottola, Miss M&aacute;laga 2010, Belinda Guti&eacute;rrez, el chef Dani Garc&iacute;a o el jugador de baloncesto Carlos Cabezas. En el segmento empresarial destac&oacute; la presencia de las responsables de la joyer&iacute;a G&oacute;mez&amp;Molina, Raquel G&oacute;mez, el Presidente de Novasoft, Francisco Barrionuevo, el presidente de Famadesa, Federico Beltr&aacute;n o la responsable de la Red de Emprendedoras de Marbella, Esther Nistal. Paul Maxwell y el conjunto Tres Divos se encargaron de interpretar la banda sonora de la noche junto a la actuaci&oacute;n musical de los alumnos del centro Laude San Pedro International College.<\/p>\n","protected":false},"author":3,"featured_media":5793,"comment_status":"open","ping_status":"open","sticky":false,"template":"","format":"standard","meta":{"_exactmetrics_skip_tracking":false,"_exactmetrics_sitenote_active":false,"_exactmetrics_sitenote_note":"","_exactmetrics_sitenote_category":0,"footnotes":""},"categories":[486],"tags":[],"class_list":["post-5792","post","type-post","status-publish","format-standard","has-post-thumbnail","hentry","category-events-en"],"yoast_head":"<!-- This site is optimized with the Yoast SEO plugin v23.0 - https:\/\/yoast.com\/wordpress\/plugins\/seo\/ -->\n<title>3rd Charity Gala of Cesare Scariolo Trust | MN Comunicaci\u00f3n<\/title>\n<meta name=\"robots\" content=\"index, follow, max-snippet:-1, max-image-preview:large, max-video-preview:-1\" \/>\n<link rel=\"canonical\" href=\"https:\/\/www.mncomunicacion.com\/en\/events-en\/3rd-charity-gala-of-cesare-scariolo-trust\" \/>\n<meta property=\"og:locale\" content=\"en_US\" \/>\n<meta property=\"og:type\" content=\"article\" \/>\n<meta property=\"og:title\" content=\"3rd Charity Gala of Cesare Scariolo Trust | MN Comunicaci\u00f3n\" \/>\n<meta property=\"og:description\" content=\"SONRISAS PARA UNA BUENA CAUSA. Cerca de 200 personas respaldan la labor desarrollada por la Fundaci&oacute;n Cesar&eacute; Scariolo en su gala anual celebrada en Marbella. M&aacute;laga 26 de junio de 2011: La gala de la Fundaci&oacute;n Cesare Scariolo celebrada la noche de ayer en Marbella puso de relieve la calidad humana de personalidades de la capital de la Costa del Sol y de la provincia. Cerca de doscientas personas acudieron a la llamada a la solidaridad de la entidad creada por el actual t&eacute;cnico de la selecci&oacute;n espa&ntilde;ola de baloncesto, Sergio Scariolo. La recaudaci&oacute;n de la velada ser&aacute; destinada a los programas de ayuda directa a ni&ntilde;os que se encuentran bajo tratamiento oncol&oacute;gico, y a sus familias as&iacute; como a la asistencia directa a peque&ntilde;os con patolog&iacute;as especiales. La aportaci&oacute;n social es de vital importancia para la consecuci&oacute;n de los proyectos de la FCS. As&iacute; lo puso de manifiesto Scariolo quien acudi&oacute; a la cena acompa&ntilde;ado de su mujer, Blanca Ares. Como presidente de la entidad, agradeci&oacute; a todos los presentes su colaboraci&oacute;n con la entidad. Minutos antes, en el c&oacute;ctel de bienvenida se produc&iacute;an reencuentros, presentaciones y charlas distendidas entre los invitados. Por el photocall desfilaron algunas de las caras m&aacute;s representativas de la noche, los tres presentadoras de la gala, la actriz Esther Arroyo, la internacional Mar&iacute;a Bravo y el actor Luis Mottola, Miss M&aacute;laga 2010, Belinda Guti&eacute;rrez, el chef Dani Garc&iacute;a o el jugador de baloncesto Carlos Cabezas. En el segmento empresarial destac&oacute; la presencia de las responsables de la joyer&iacute;a G&oacute;mez&amp;Molina, Raquel G&oacute;mez, el Presidente de Novasoft, Francisco Barrionuevo, el presidente de Famadesa, Federico Beltr&aacute;n o la responsable de la Red de Emprendedoras de Marbella, Esther Nistal. Paul Maxwell y el conjunto Tres Divos se encargaron de interpretar la banda sonora de la noche junto a la actuaci&oacute;n musical de los alumnos del centro Laude San Pedro International College.\" \/>\n<meta property=\"og:url\" content=\"https:\/\/www.mncomunicacion.com\/en\/events-en\/3rd-charity-gala-of-cesare-scariolo-trust\" \/>\n<meta property=\"og:site_name\" content=\"MN Comunicaci\u00f3n\" \/>\n<meta property=\"article:publisher\" content=\"https:\/\/www.facebook.com\/marienoelle.escomunicacion\/\" \/>\n<meta property=\"article:published_time\" content=\"2011-06-27T14:50:41+00:00\" \/>\n<meta property=\"og:image\" content=\"https:\/\/www.mncomunicacion.com\/wp-content\/uploads\/2019\/05\/david%20galn%20belinda%20gutirrez%20dani%20garca%20esther%20arroyo%20luis%20mottola%20mara%20bravo%20jos%20luis%20uribarri%20blanca%20ares%20sergio%20scariolo%20setareh%20.jpg\" \/>\n\t<meta property=\"og:image:width\" content=\"150\" \/>\n\t<meta property=\"og:image:height\" content=\"150\" \/>\n\t<meta property=\"og:image:type\" content=\"image\/jpeg\" \/>\n<meta name=\"author\" content=\"Marie-No\u00eblle\" \/>\n<meta name=\"twitter:card\" content=\"summary_large_image\" \/>\n<meta name=\"twitter:creator\" content=\"@MNcomunicacion\" \/>\n<meta name=\"twitter:site\" content=\"@MNcomunicacion\" \/>\n<meta name=\"twitter:label1\" content=\"Written by\" \/>\n\t<meta name=\"twitter:data1\" content=\"Marie-No\u00eblle\" \/>\n\t<meta name=\"twitter:label2\" content=\"Est. reading time\" \/>\n\t<meta name=\"twitter:data2\" content=\"2 minutes\" \/>\n<script type=\"application\/ld+json\" class=\"yoast-schema-graph\">{\"@context\":\"https:\/\/schema.org\",\"@graph\":[{\"@type\":\"Article\",\"@id\":\"https:\/\/www.mncomunicacion.com\/en\/events-en\/3rd-charity-gala-of-cesare-scariolo-trust#article\",\"isPartOf\":{\"@id\":\"https:\/\/www.mncomunicacion.com\/en\/events-en\/3rd-charity-gala-of-cesare-scariolo-trust\"},\"author\":{\"name\":\"Marie-No\u00eblle\",\"@id\":\"https:\/\/www.mncomunicacion.com\/#\/schema\/person\/70225cf35dfcd918c90eb1a00df42de9\"},\"headline\":\"3rd Charity Gala of Cesare Scariolo Trust\",\"datePublished\":\"2011-06-27T14:50:41+00:00\",\"dateModified\":\"2011-06-27T14:50:41+00:00\",\"mainEntityOfPage\":{\"@id\":\"https:\/\/www.mncomunicacion.com\/en\/events-en\/3rd-charity-gala-of-cesare-scariolo-trust\"},\"wordCount\":379,\"commentCount\":0,\"publisher\":{\"@id\":\"https:\/\/www.mncomunicacion.com\/#organization\"},\"image\":{\"@id\":\"https:\/\/www.mncomunicacion.com\/en\/events-en\/3rd-charity-gala-of-cesare-scariolo-trust#primaryimage\"},\"thumbnailUrl\":\"https:\/\/www.mncomunicacion.com\/wp-content\/uploads\/2019\/05\/david galn belinda gutirrez dani garca esther arroyo luis mottola mara bravo jos luis uribarri blanca ares sergio scariolo setareh .jpg\",\"articleSection\":[\"Events\"],\"inLanguage\":\"en-US\",\"potentialAction\":[{\"@type\":\"CommentAction\",\"name\":\"Comment\",\"target\":[\"https:\/\/www.mncomunicacion.com\/en\/events-en\/3rd-charity-gala-of-cesare-scariolo-trust#respond\"]}]},{\"@type\":\"WebPage\",\"@id\":\"https:\/\/www.mncomunicacion.com\/en\/events-en\/3rd-charity-gala-of-cesare-scariolo-trust\",\"url\":\"https:\/\/www.mncomunicacion.com\/en\/events-en\/3rd-charity-gala-of-cesare-scariolo-trust\",\"name\":\"3rd Charity Gala of Cesare Scariolo Trust | MN Comunicaci\u00f3n\",\"isPartOf\":{\"@id\":\"https:\/\/www.mncomunicacion.com\/#website\"},\"primaryImageOfPage\":{\"@id\":\"https:\/\/www.mncomunicacion.com\/en\/events-en\/3rd-charity-gala-of-cesare-scariolo-trust#primaryimage\"},\"image\":{\"@id\":\"https:\/\/www.mncomunicacion.com\/en\/events-en\/3rd-charity-gala-of-cesare-scariolo-trust#primaryimage\"},\"thumbnailUrl\":\"https:\/\/www.mncomunicacion.com\/wp-content\/uploads\/2019\/05\/david galn belinda gutirrez dani garca esther arroyo luis mottola mara bravo jos luis uribarri blanca ares sergio scariolo setareh .jpg\",\"datePublished\":\"2011-06-27T14:50:41+00:00\",\"dateModified\":\"2011-06-27T14:50:41+00:00\",\"breadcrumb\":{\"@id\":\"https:\/\/www.mncomunicacion.com\/en\/events-en\/3rd-charity-gala-of-cesare-scariolo-trust#breadcrumb\"},\"inLanguage\":\"en-US\",\"potentialAction\":[{\"@type\":\"ReadAction\",\"target\":[\"https:\/\/www.mncomunicacion.com\/en\/events-en\/3rd-charity-gala-of-cesare-scariolo-trust\"]}]},{\"@type\":\"ImageObject\",\"inLanguage\":\"en-US\",\"@id\":\"https:\/\/www.mncomunicacion.com\/en\/events-en\/3rd-charity-gala-of-cesare-scariolo-trust#primaryimage\",\"url\":\"https:\/\/www.mncomunicacion.com\/wp-content\/uploads\/2019\/05\/david galn belinda gutirrez dani garca esther arroyo luis mottola mara bravo jos luis uribarri blanca ares sergio scariolo setareh .jpg\",\"contentUrl\":\"https:\/\/www.mncomunicacion.com\/wp-content\/uploads\/2019\/05\/david galn belinda gutirrez dani garca esther arroyo luis mottola mara bravo jos luis uribarri blanca ares sergio scariolo setareh .jpg\",\"width\":150,\"height\":150},{\"@type\":\"BreadcrumbList\",\"@id\":\"https:\/\/www.mncomunicacion.com\/en\/events-en\/3rd-charity-gala-of-cesare-scariolo-trust#breadcrumb\",\"itemListElement\":[{\"@type\":\"ListItem\",\"position\":1,\"name\":\"Portada\",\"item\":\"https:\/\/www.mncomunicacion.com\/en\"},{\"@type\":\"ListItem\",\"position\":2,\"name\":\"3rd Charity Gala of Cesare Scariolo Trust\"}]},{\"@type\":\"WebSite\",\"@id\":\"https:\/\/www.mncomunicacion.com\/#website\",\"url\":\"https:\/\/www.mncomunicacion.com\/\",\"name\":\"MN Comunicaci\u00f3n\",\"description\":\"Agencia de Comunicaci\u00f3n y Organizaci\u00f3n de Eventos en Marbella\",\"publisher\":{\"@id\":\"https:\/\/www.mncomunicacion.com\/#organization\"},\"potentialAction\":[{\"@type\":\"SearchAction\",\"target\":{\"@type\":\"EntryPoint\",\"urlTemplate\":\"https:\/\/www.mncomunicacion.com\/?s={search_term_string}\"},\"query-input\":\"required name=search_term_string\"}],\"inLanguage\":\"en-US\"},{\"@type\":\"Organization\",\"@id\":\"https:\/\/www.mncomunicacion.com\/#organization\",\"name\":\"MN COMUNICACI\u00d3N\",\"url\":\"https:\/\/www.mncomunicacion.com\/\",\"logo\":{\"@type\":\"ImageObject\",\"inLanguage\":\"en-US\",\"@id\":\"https:\/\/www.mncomunicacion.com\/#\/schema\/logo\/image\/\",\"url\":\"https:\/\/www.mncomunicacion.com\/wp-content\/uploads\/2019\/05\/logo.png\",\"contentUrl\":\"https:\/\/www.mncomunicacion.com\/wp-content\/uploads\/2019\/05\/logo.png\",\"width\":150,\"height\":150,\"caption\":\"MN COMUNICACI\u00d3N\"},\"image\":{\"@id\":\"https:\/\/www.mncomunicacion.com\/#\/schema\/logo\/image\/\"},\"sameAs\":[\"https:\/\/www.facebook.com\/marienoelle.escomunicacion\/\",\"https:\/\/x.com\/MNcomunicacion\",\"https:\/\/www.linkedin.com\/company\/marie-no-lle-es-comunicaci-n\/\",\"https:\/\/www.youtube.com\/channel\/UCnHVdXKiLf30LsIfV8k0xIQ\"]},{\"@type\":\"Person\",\"@id\":\"https:\/\/www.mncomunicacion.com\/#\/schema\/person\/70225cf35dfcd918c90eb1a00df42de9\",\"name\":\"Marie-No\u00eblle\"}]}<\/script>\n<!-- \/ Yoast SEO plugin. -->","yoast_head_json":{"title":"3rd Charity Gala of Cesare Scariolo Trust | MN Comunicaci\u00f3n","robots":{"index":"index","follow":"follow","max-snippet":"max-snippet:-1","max-image-preview":"max-image-preview:large","max-video-preview":"max-video-preview:-1"},"canonical":"https:\/\/www.mncomunicacion.com\/en\/events-en\/3rd-charity-gala-of-cesare-scariolo-trust","og_locale":"en_US","og_type":"article","og_title":"3rd Charity Gala of Cesare Scariolo Trust | MN Comunicaci\u00f3n","og_description":"SONRISAS PARA UNA BUENA CAUSA. Cerca de 200 personas respaldan la labor desarrollada por la Fundaci&oacute;n Cesar&eacute; Scariolo en su gala anual celebrada en Marbella. M&aacute;laga 26 de junio de 2011: La gala de la Fundaci&oacute;n Cesare Scariolo celebrada la noche de ayer en Marbella puso de relieve la calidad humana de personalidades de la capital de la Costa del Sol y de la provincia. Cerca de doscientas personas acudieron a la llamada a la solidaridad de la entidad creada por el actual t&eacute;cnico de la selecci&oacute;n espa&ntilde;ola de baloncesto, Sergio Scariolo. La recaudaci&oacute;n de la velada ser&aacute; destinada a los programas de ayuda directa a ni&ntilde;os que se encuentran bajo tratamiento oncol&oacute;gico, y a sus familias as&iacute; como a la asistencia directa a peque&ntilde;os con patolog&iacute;as especiales. La aportaci&oacute;n social es de vital importancia para la consecuci&oacute;n de los proyectos de la FCS. As&iacute; lo puso de manifiesto Scariolo quien acudi&oacute; a la cena acompa&ntilde;ado de su mujer, Blanca Ares. Como presidente de la entidad, agradeci&oacute; a todos los presentes su colaboraci&oacute;n con la entidad. Minutos antes, en el c&oacute;ctel de bienvenida se produc&iacute;an reencuentros, presentaciones y charlas distendidas entre los invitados. Por el photocall desfilaron algunas de las caras m&aacute;s representativas de la noche, los tres presentadoras de la gala, la actriz Esther Arroyo, la internacional Mar&iacute;a Bravo y el actor Luis Mottola, Miss M&aacute;laga 2010, Belinda Guti&eacute;rrez, el chef Dani Garc&iacute;a o el jugador de baloncesto Carlos Cabezas. En el segmento empresarial destac&oacute; la presencia de las responsables de la joyer&iacute;a G&oacute;mez&amp;Molina, Raquel G&oacute;mez, el Presidente de Novasoft, Francisco Barrionuevo, el presidente de Famadesa, Federico Beltr&aacute;n o la responsable de la Red de Emprendedoras de Marbella, Esther Nistal. Paul Maxwell y el conjunto Tres Divos se encargaron de interpretar la banda sonora de la noche junto a la actuaci&oacute;n musical de los alumnos del centro Laude San Pedro International College.","og_url":"https:\/\/www.mncomunicacion.com\/en\/events-en\/3rd-charity-gala-of-cesare-scariolo-trust","og_site_name":"MN Comunicaci\u00f3n","article_publisher":"https:\/\/www.facebook.com\/marienoelle.escomunicacion\/","article_published_time":"2011-06-27T14:50:41+00:00","og_image":[{"width":150,"height":150,"url":"https:\/\/www.mncomunicacion.com\/wp-content\/uploads\/2019\/05\/david galn belinda gutirrez dani garca esther arroyo luis mottola mara bravo jos luis uribarri blanca ares sergio scariolo setareh .jpg","type":"image\/jpeg"}],"author":"Marie-No\u00eblle","twitter_card":"summary_large_image","twitter_creator":"@MNcomunicacion","twitter_site":"@MNcomunicacion","twitter_misc":{"Written by":"Marie-No\u00eblle","Est. reading time":"2 minutes"},"schema":{"@context":"https:\/\/schema.org","@graph":[{"@type":"Article","@id":"https:\/\/www.mncomunicacion.com\/en\/events-en\/3rd-charity-gala-of-cesare-scariolo-trust#article","isPartOf":{"@id":"https:\/\/www.mncomunicacion.com\/en\/events-en\/3rd-charity-gala-of-cesare-scariolo-trust"},"author":{"name":"Marie-No\u00eblle","@id":"https:\/\/www.mncomunicacion.com\/#\/schema\/person\/70225cf35dfcd918c90eb1a00df42de9"},"headline":"3rd Charity Gala of Cesare Scariolo Trust","datePublished":"2011-06-27T14:50:41+00:00","dateModified":"2011-06-27T14:50:41+00:00","mainEntityOfPage":{"@id":"https:\/\/www.mncomunicacion.com\/en\/events-en\/3rd-charity-gala-of-cesare-scariolo-trust"},"wordCount":379,"commentCount":0,"publisher":{"@id":"https:\/\/www.mncomunicacion.com\/#organization"},"image":{"@id":"https:\/\/www.mncomunicacion.com\/en\/events-en\/3rd-charity-gala-of-cesare-scariolo-trust#primaryimage"},"thumbnailUrl":"https:\/\/www.mncomunicacion.com\/wp-content\/uploads\/2019\/05\/david galn belinda gutirrez dani garca esther arroyo luis mottola mara bravo jos luis uribarri blanca ares sergio scariolo setareh .jpg","articleSection":["Events"],"inLanguage":"en-US","potentialAction":[{"@type":"CommentAction","name":"Comment","target":["https:\/\/www.mncomunicacion.com\/en\/events-en\/3rd-charity-gala-of-cesare-scariolo-trust#respond"]}]},{"@type":"WebPage","@id":"https:\/\/www.mncomunicacion.com\/en\/events-en\/3rd-charity-gala-of-cesare-scariolo-trust","url":"https:\/\/www.mncomunicacion.com\/en\/events-en\/3rd-charity-gala-of-cesare-scariolo-trust","name":"3rd Charity Gala of Cesare Scariolo Trust | MN Comunicaci\u00f3n","isPartOf":{"@id":"https:\/\/www.mncomunicacion.com\/#website"},"primaryImageOfPage":{"@id":"https:\/\/www.mncomunicacion.com\/en\/events-en\/3rd-charity-gala-of-cesare-scariolo-trust#primaryimage"},"image":{"@id":"https:\/\/www.mncomunicacion.com\/en\/events-en\/3rd-charity-gala-of-cesare-scariolo-trust#primaryimage"},"thumbnailUrl":"https:\/\/www.mncomunicacion.com\/wp-content\/uploads\/2019\/05\/david galn belinda gutirrez dani garca esther arroyo luis mottola mara bravo jos luis uribarri blanca ares sergio scariolo setareh .jpg","datePublished":"2011-06-27T14:50:41+00:00","dateModified":"2011-06-27T14:50:41+00:00","breadcrumb":{"@id":"https:\/\/www.mncomunicacion.com\/en\/events-en\/3rd-charity-gala-of-cesare-scariolo-trust#breadcrumb"},"inLanguage":"en-US","potentialAction":[{"@type":"ReadAction","target":["https:\/\/www.mncomunicacion.com\/en\/events-en\/3rd-charity-gala-of-cesare-scariolo-trust"]}]},{"@type":"ImageObject","inLanguage":"en-US","@id":"https:\/\/www.mncomunicacion.com\/en\/events-en\/3rd-charity-gala-of-cesare-scariolo-trust#primaryimage","url":"https:\/\/www.mncomunicacion.com\/wp-content\/uploads\/2019\/05\/david galn belinda gutirrez dani garca esther arroyo luis mottola mara bravo jos luis uribarri blanca ares sergio scariolo setareh .jpg","contentUrl":"https:\/\/www.mncomunicacion.com\/wp-content\/uploads\/2019\/05\/david galn belinda gutirrez dani garca esther arroyo luis mottola mara bravo jos luis uribarri blanca ares sergio scariolo setareh .jpg","width":150,"height":150},{"@type":"BreadcrumbList","@id":"https:\/\/www.mncomunicacion.com\/en\/events-en\/3rd-charity-gala-of-cesare-scariolo-trust#breadcrumb","itemListElement":[{"@type":"ListItem","position":1,"name":"Portada","item":"https:\/\/www.mncomunicacion.com\/en"},{"@type":"ListItem","position":2,"name":"3rd Charity Gala of Cesare Scariolo Trust"}]},{"@type":"WebSite","@id":"https:\/\/www.mncomunicacion.com\/#website","url":"https:\/\/www.mncomunicacion.com\/","name":"MN Comunicaci\u00f3n","description":"Agencia de Comunicaci\u00f3n y Organizaci\u00f3n de Eventos en Marbella","publisher":{"@id":"https:\/\/www.mncomunicacion.com\/#organization"},"potentialAction":[{"@type":"SearchAction","target":{"@type":"EntryPoint","urlTemplate":"https:\/\/www.mncomunicacion.com\/?s={search_term_string}"},"query-input":"required name=search_term_string"}],"inLanguage":"en-US"},{"@type":"Organization","@id":"https:\/\/www.mncomunicacion.com\/#organization","name":"MN COMUNICACI\u00d3N","url":"https:\/\/www.mncomunicacion.com\/","logo":{"@type":"ImageObject","inLanguage":"en-US","@id":"https:\/\/www.mncomunicacion.com\/#\/schema\/logo\/image\/","url":"https:\/\/www.mncomunicacion.com\/wp-content\/uploads\/2019\/05\/logo.png","contentUrl":"https:\/\/www.mncomunicacion.com\/wp-content\/uploads\/2019\/05\/logo.png","width":150,"height":150,"caption":"MN COMUNICACI\u00d3N"},"image":{"@id":"https:\/\/www.mncomunicacion.com\/#\/schema\/logo\/image\/"},"sameAs":["https:\/\/www.facebook.com\/marienoelle.escomunicacion\/","https:\/\/x.com\/MNcomunicacion","https:\/\/www.linkedin.com\/company\/marie-no-lle-es-comunicaci-n\/","https:\/\/www.youtube.com\/channel\/UCnHVdXKiLf30LsIfV8k0xIQ"]},{"@type":"Person","@id":"https:\/\/www.mncomunicacion.com\/#\/schema\/person\/70225cf35dfcd918c90eb1a00df42de9","name":"Marie-No\u00eblle"}]}},"_links":{"self":[{"href":"https:\/\/www.mncomunicacion.com\/en\/wp-json\/wp\/v2\/posts\/5792"}],"collection":[{"href":"https:\/\/www.mncomunicacion.com\/en\/wp-json\/wp\/v2\/posts"}],"about":[{"href":"https:\/\/www.mncomunicacion.com\/en\/wp-json\/wp\/v2\/types\/post"}],"author":[{"embeddable":true,"href":"https:\/\/www.mncomunicacion.com\/en\/wp-json\/wp\/v2\/users\/3"}],"replies":[{"embeddable":true,"href":"https:\/\/www.mncomunicacion.com\/en\/wp-json\/wp\/v2\/comments?post=5792"}],"version-history":[{"count":0,"href":"https:\/\/www.mncomunicacion.com\/en\/wp-json\/wp\/v2\/posts\/5792\/revisions"}],"wp:featuredmedia":[{"embeddable":true,"href":"https:\/\/www.mncomunicacion.com\/en\/wp-json\/wp\/v2\/media\/5793"}],"wp:attachment":[{"href":"https:\/\/www.mncomunicacion.com\/en\/wp-json\/wp\/v2\/media?parent=5792"}],"wp:term":[{"taxonomy":"category","embeddable":true,"href":"https:\/\/www.mncomunicacion.com\/en\/wp-json\/wp\/v2\/categories?post=5792"},{"taxonomy":"post_tag","embeddable":true,"href":"https:\/\/www.mncomunicacion.com\/en\/wp-json\/wp\/v2\/tags?post=5792"}],"curies":[{"name":"wp","href":"https:\/\/api.w.org\/{rel}","templated":true}]}}