{"id":5788,"date":"2011-07-31T12:43:29","date_gmt":"2011-07-31T12:43:29","guid":{"rendered":"https:\/\/www.mncomunicacion.com\/opturator-pictures-for-cesare-scariolo-trust-in-gomez-molina-puerto-banus-marbella"},"modified":"2011-07-31T12:43:29","modified_gmt":"2011-07-31T12:43:29","slug":"opturator-pictures-for-cesare-scariolo-trust-in-gomez-molina-puerto-banus-marbella","status":"publish","type":"post","link":"https:\/\/www.mncomunicacion.com\/en\/events-en\/opturator-pictures-for-cesare-scariolo-trust-in-gomez-molina-puerto-banus-marbella","title":{"rendered":"OPTURATOR pictures for Cesare Scariolo Trust in G\u00d3MEZ&#038;MOLINA, Puerto Ban\u00fas (Marbella)"},"content":{"rendered":"<p style=\"text-align: justify;\">The results of the work by professional photographer <strong>Eduardo Soria <\/strong>on the project <strong>Opturator<\/strong> are incredible. Soria applies to these portraits an unique technique, perfected over years of work and research. Part of the profits raised through this project will go to teh <strong>Cesare Scariolo Trust <\/strong>which helps children suffering from cancer and their families.<\/p>\n<p> <\/p>\n<p style=\"text-align: justify;\">You can be part of this unique campaign, come to the jewlers <strong>G&oacute;mez&amp;Molina in Puerto Ban&uacute;s (Marbella), <\/strong>a firm whose generous collaboration is vital to this initiative of solidarity. All the of the photographs taken in the campaign will form part of a an exhibition which will open at the end of this summer. Furthermore, all of pieces in the collection will be included in a book sold exc<\/p>\n<p>All you have to bring is your best smile! You will have an artistic beautiful portrait as well as helping a good cause&#8230; Call Eduardo Soria on 609529121 or Marie-No&euml;lle on 647536005<\/p>\n<p style=\"text-align: justify;\">Normal Price: 500 Euros<\/p>\n<p style=\"text-align: justify;\">Price for collaborators with Fundaci&oacute;n Cesare Scariolo: 150 Euros (Through Marie-No&euml;lle)<\/p>\n<p style=\"text-align: justify;\">THANK YOU SO MUCH FOR YOUR HELP!!!<\/p>\n<p style=\"text-align: justify;\">&nbsp;This weekend too you can see the photos and talk to Eduardo in the P&aacute;del Club Nueva Alc&aacute;ntara during the International P&aacute;del tournament.<\/p>\n<p>&nbsp;<\/p>\n","protected":false},"excerpt":{"rendered":"<p>The results of the work by professional photographer Eduardo Soria on the project Opturator are incredible. Soria applies to these portraits an unique technique, perfected over years of work and research. Part of the profits raised through this project will go to teh Cesare Scariolo Trust which helps children suffering from cancer and their families. You can be part of this unique campaign, come to the jewlers G&oacute;mez&amp;Molina in Puerto Ban&uacute;s (Marbella), a firm whose generous collaboration is vital to this initiative of solidarity. All the of the photographs taken in the campaign will form part of a an exhibition which will open at the end of this summer. Furthermore, all of pieces in the collection will be included in a book sold exc All you have to bring is your best smile! You will have an artistic beautiful portrait as well as helping a good cause&#8230; Call Eduardo Soria on 609529121 or Marie-No&euml;lle on 647536005 Normal Price: 500 Euros Price for collaborators with Fundaci&oacute;n Cesare Scariolo: 150 Euros (Through Marie-No&euml;lle) THANK YOU SO MUCH FOR YOUR HELP!!! &nbsp;This weekend too you can see the photos and talk to Eduardo in the P&aacute;del Club Nueva Alc&aacute;ntara during the International P&aacute;del tournament. &nbsp;<\/p>\n","protected":false},"author":3,"featured_media":5789,"comment_status":"open","ping_status":"open","sticky":false,"template":"","format":"standard","meta":{"_exactmetrics_skip_tracking":false,"_exactmetrics_sitenote_active":false,"_exactmetrics_sitenote_note":"","_exactmetrics_sitenote_category":0,"footnotes":""},"categories":[486],"tags":[],"class_list":["post-5788","post","type-post","status-publish","format-standard","has-post-thumbnail","hentry","category-events-en"],"yoast_head":"<!-- This site is optimized with the Yoast SEO plugin v23.0 - https:\/\/yoast.com\/wordpress\/plugins\/seo\/ -->\n<title>OPTURATOR pictures for Cesare Scariolo Trust in G\u00d3MEZ&amp;MOLINA, Puerto Ban\u00fas (Marbella) | MN Comunicaci\u00f3n<\/title>\n<meta name=\"robots\" content=\"index, follow, max-snippet:-1, max-image-preview:large, max-video-preview:-1\" \/>\n<link rel=\"canonical\" href=\"https:\/\/www.mncomunicacion.com\/en\/events-en\/opturator-pictures-for-cesare-scariolo-trust-in-gomez-molina-puerto-banus-marbella\" \/>\n<meta property=\"og:locale\" content=\"en_US\" \/>\n<meta property=\"og:type\" content=\"article\" \/>\n<meta property=\"og:title\" content=\"OPTURATOR pictures for Cesare Scariolo Trust in G\u00d3MEZ&amp;MOLINA, Puerto Ban\u00fas (Marbella) | MN Comunicaci\u00f3n\" \/>\n<meta property=\"og:description\" content=\"The results of the work by professional photographer Eduardo Soria on the project Opturator are incredible. Soria applies to these portraits an unique technique, perfected over years of work and research. Part of the profits raised through this project will go to teh Cesare Scariolo Trust which helps children suffering from cancer and their families. You can be part of this unique campaign, come to the jewlers G&oacute;mez&amp;Molina in Puerto Ban&uacute;s (Marbella), a firm whose generous collaboration is vital to this initiative of solidarity. All the of the photographs taken in the campaign will form part of a an exhibition which will open at the end of this summer. Furthermore, all of pieces in the collection will be included in a book sold exc All you have to bring is your best smile! You will have an artistic beautiful portrait as well as helping a good cause&#8230; Call Eduardo Soria on 609529121 or Marie-No&euml;lle on 647536005 Normal Price: 500 Euros Price for collaborators with Fundaci&oacute;n Cesare Scariolo: 150 Euros (Through Marie-No&euml;lle) THANK YOU SO MUCH FOR YOUR HELP!!! &nbsp;This weekend too you can see the photos and talk to Eduardo in the P&aacute;del Club Nueva Alc&aacute;ntara during the International P&aacute;del tournament. &nbsp;\" \/>\n<meta property=\"og:url\" content=\"https:\/\/www.mncomunicacion.com\/en\/events-en\/opturator-pictures-for-cesare-scariolo-trust-in-gomez-molina-puerto-banus-marbella\" \/>\n<meta property=\"og:site_name\" content=\"MN Comunicaci\u00f3n\" \/>\n<meta property=\"article:publisher\" content=\"https:\/\/www.facebook.com\/marienoelle.escomunicacion\/\" \/>\n<meta property=\"article:published_time\" content=\"2011-07-31T12:43:29+00:00\" \/>\n<meta property=\"og:image\" content=\"https:\/\/www.mncomunicacion.com\/wp-content\/uploads\/2019\/05\/cid_image004_jpg01cc4dee.jpg\" \/>\n\t<meta property=\"og:image:width\" content=\"150\" \/>\n\t<meta property=\"og:image:height\" content=\"150\" \/>\n\t<meta property=\"og:image:type\" content=\"image\/jpeg\" \/>\n<meta name=\"author\" content=\"Marie-No\u00eblle\" \/>\n<meta name=\"twitter:card\" content=\"summary_large_image\" \/>\n<meta name=\"twitter:creator\" content=\"@MNcomunicacion\" \/>\n<meta name=\"twitter:site\" content=\"@MNcomunicacion\" \/>\n<meta name=\"twitter:label1\" content=\"Written by\" \/>\n\t<meta name=\"twitter:data1\" content=\"Marie-No\u00eblle\" \/>\n\t<meta name=\"twitter:label2\" content=\"Est. reading time\" \/>\n\t<meta name=\"twitter:data2\" content=\"1 minute\" \/>\n<script type=\"application\/ld+json\" class=\"yoast-schema-graph\">{\"@context\":\"https:\/\/schema.org\",\"@graph\":[{\"@type\":\"Article\",\"@id\":\"https:\/\/www.mncomunicacion.com\/en\/events-en\/opturator-pictures-for-cesare-scariolo-trust-in-gomez-molina-puerto-banus-marbella#article\",\"isPartOf\":{\"@id\":\"https:\/\/www.mncomunicacion.com\/en\/events-en\/opturator-pictures-for-cesare-scariolo-trust-in-gomez-molina-puerto-banus-marbella\"},\"author\":{\"name\":\"Marie-No\u00eblle\",\"@id\":\"https:\/\/www.mncomunicacion.com\/#\/schema\/person\/70225cf35dfcd918c90eb1a00df42de9\"},\"headline\":\"OPTURATOR pictures for Cesare Scariolo Trust in G\u00d3MEZ&#038;MOLINA, Puerto Ban\u00fas (Marbella)\",\"datePublished\":\"2011-07-31T12:43:29+00:00\",\"dateModified\":\"2011-07-31T12:43:29+00:00\",\"mainEntityOfPage\":{\"@id\":\"https:\/\/www.mncomunicacion.com\/en\/events-en\/opturator-pictures-for-cesare-scariolo-trust-in-gomez-molina-puerto-banus-marbella\"},\"wordCount\":231,\"commentCount\":0,\"publisher\":{\"@id\":\"https:\/\/www.mncomunicacion.com\/#organization\"},\"image\":{\"@id\":\"https:\/\/www.mncomunicacion.com\/en\/events-en\/opturator-pictures-for-cesare-scariolo-trust-in-gomez-molina-puerto-banus-marbella#primaryimage\"},\"thumbnailUrl\":\"https:\/\/www.mncomunicacion.com\/wp-content\/uploads\/2019\/05\/cid_image004_jpg01cc4dee.jpg\",\"articleSection\":[\"Events\"],\"inLanguage\":\"en-US\",\"potentialAction\":[{\"@type\":\"CommentAction\",\"name\":\"Comment\",\"target\":[\"https:\/\/www.mncomunicacion.com\/en\/events-en\/opturator-pictures-for-cesare-scariolo-trust-in-gomez-molina-puerto-banus-marbella#respond\"]}]},{\"@type\":\"WebPage\",\"@id\":\"https:\/\/www.mncomunicacion.com\/en\/events-en\/opturator-pictures-for-cesare-scariolo-trust-in-gomez-molina-puerto-banus-marbella\",\"url\":\"https:\/\/www.mncomunicacion.com\/en\/events-en\/opturator-pictures-for-cesare-scariolo-trust-in-gomez-molina-puerto-banus-marbella\",\"name\":\"OPTURATOR pictures for Cesare Scariolo Trust in G\u00d3MEZ&MOLINA, Puerto Ban\u00fas (Marbella) | MN Comunicaci\u00f3n\",\"isPartOf\":{\"@id\":\"https:\/\/www.mncomunicacion.com\/#website\"},\"primaryImageOfPage\":{\"@id\":\"https:\/\/www.mncomunicacion.com\/en\/events-en\/opturator-pictures-for-cesare-scariolo-trust-in-gomez-molina-puerto-banus-marbella#primaryimage\"},\"image\":{\"@id\":\"https:\/\/www.mncomunicacion.com\/en\/events-en\/opturator-pictures-for-cesare-scariolo-trust-in-gomez-molina-puerto-banus-marbella#primaryimage\"},\"thumbnailUrl\":\"https:\/\/www.mncomunicacion.com\/wp-content\/uploads\/2019\/05\/cid_image004_jpg01cc4dee.jpg\",\"datePublished\":\"2011-07-31T12:43:29+00:00\",\"dateModified\":\"2011-07-31T12:43:29+00:00\",\"breadcrumb\":{\"@id\":\"https:\/\/www.mncomunicacion.com\/en\/events-en\/opturator-pictures-for-cesare-scariolo-trust-in-gomez-molina-puerto-banus-marbella#breadcrumb\"},\"inLanguage\":\"en-US\",\"potentialAction\":[{\"@type\":\"ReadAction\",\"target\":[\"https:\/\/www.mncomunicacion.com\/en\/events-en\/opturator-pictures-for-cesare-scariolo-trust-in-gomez-molina-puerto-banus-marbella\"]}]},{\"@type\":\"ImageObject\",\"inLanguage\":\"en-US\",\"@id\":\"https:\/\/www.mncomunicacion.com\/en\/events-en\/opturator-pictures-for-cesare-scariolo-trust-in-gomez-molina-puerto-banus-marbella#primaryimage\",\"url\":\"https:\/\/www.mncomunicacion.com\/wp-content\/uploads\/2019\/05\/cid_image004_jpg01cc4dee.jpg\",\"contentUrl\":\"https:\/\/www.mncomunicacion.com\/wp-content\/uploads\/2019\/05\/cid_image004_jpg01cc4dee.jpg\",\"width\":150,\"height\":150},{\"@type\":\"BreadcrumbList\",\"@id\":\"https:\/\/www.mncomunicacion.com\/en\/events-en\/opturator-pictures-for-cesare-scariolo-trust-in-gomez-molina-puerto-banus-marbella#breadcrumb\",\"itemListElement\":[{\"@type\":\"ListItem\",\"position\":1,\"name\":\"Portada\",\"item\":\"https:\/\/www.mncomunicacion.com\/en\"},{\"@type\":\"ListItem\",\"position\":2,\"name\":\"OPTURATOR pictures for Cesare Scariolo Trust in G\u00d3MEZ&#038;MOLINA, Puerto Ban\u00fas (Marbella)\"}]},{\"@type\":\"WebSite\",\"@id\":\"https:\/\/www.mncomunicacion.com\/#website\",\"url\":\"https:\/\/www.mncomunicacion.com\/\",\"name\":\"MN Comunicaci\u00f3n\",\"description\":\"Agencia de Comunicaci\u00f3n y Organizaci\u00f3n de Eventos en Marbella\",\"publisher\":{\"@id\":\"https:\/\/www.mncomunicacion.com\/#organization\"},\"potentialAction\":[{\"@type\":\"SearchAction\",\"target\":{\"@type\":\"EntryPoint\",\"urlTemplate\":\"https:\/\/www.mncomunicacion.com\/?s={search_term_string}\"},\"query-input\":\"required name=search_term_string\"}],\"inLanguage\":\"en-US\"},{\"@type\":\"Organization\",\"@id\":\"https:\/\/www.mncomunicacion.com\/#organization\",\"name\":\"MN COMUNICACI\u00d3N\",\"url\":\"https:\/\/www.mncomunicacion.com\/\",\"logo\":{\"@type\":\"ImageObject\",\"inLanguage\":\"en-US\",\"@id\":\"https:\/\/www.mncomunicacion.com\/#\/schema\/logo\/image\/\",\"url\":\"https:\/\/www.mncomunicacion.com\/wp-content\/uploads\/2019\/05\/logo.png\",\"contentUrl\":\"https:\/\/www.mncomunicacion.com\/wp-content\/uploads\/2019\/05\/logo.png\",\"width\":150,\"height\":150,\"caption\":\"MN COMUNICACI\u00d3N\"},\"image\":{\"@id\":\"https:\/\/www.mncomunicacion.com\/#\/schema\/logo\/image\/\"},\"sameAs\":[\"https:\/\/www.facebook.com\/marienoelle.escomunicacion\/\",\"https:\/\/x.com\/MNcomunicacion\",\"https:\/\/www.linkedin.com\/company\/marie-no-lle-es-comunicaci-n\/\",\"https:\/\/www.youtube.com\/channel\/UCnHVdXKiLf30LsIfV8k0xIQ\"]},{\"@type\":\"Person\",\"@id\":\"https:\/\/www.mncomunicacion.com\/#\/schema\/person\/70225cf35dfcd918c90eb1a00df42de9\",\"name\":\"Marie-No\u00eblle\"}]}<\/script>\n<!-- \/ Yoast SEO plugin. -->","yoast_head_json":{"title":"OPTURATOR pictures for Cesare Scariolo Trust in G\u00d3MEZ&MOLINA, Puerto Ban\u00fas (Marbella) | MN Comunicaci\u00f3n","robots":{"index":"index","follow":"follow","max-snippet":"max-snippet:-1","max-image-preview":"max-image-preview:large","max-video-preview":"max-video-preview:-1"},"canonical":"https:\/\/www.mncomunicacion.com\/en\/events-en\/opturator-pictures-for-cesare-scariolo-trust-in-gomez-molina-puerto-banus-marbella","og_locale":"en_US","og_type":"article","og_title":"OPTURATOR pictures for Cesare Scariolo Trust in G\u00d3MEZ&MOLINA, Puerto Ban\u00fas (Marbella) | MN Comunicaci\u00f3n","og_description":"The results of the work by professional photographer Eduardo Soria on the project Opturator are incredible. Soria applies to these portraits an unique technique, perfected over years of work and research. Part of the profits raised through this project will go to teh Cesare Scariolo Trust which helps children suffering from cancer and their families. You can be part of this unique campaign, come to the jewlers G&oacute;mez&amp;Molina in Puerto Ban&uacute;s (Marbella), a firm whose generous collaboration is vital to this initiative of solidarity. All the of the photographs taken in the campaign will form part of a an exhibition which will open at the end of this summer. Furthermore, all of pieces in the collection will be included in a book sold exc All you have to bring is your best smile! You will have an artistic beautiful portrait as well as helping a good cause&#8230; Call Eduardo Soria on 609529121 or Marie-No&euml;lle on 647536005 Normal Price: 500 Euros Price for collaborators with Fundaci&oacute;n Cesare Scariolo: 150 Euros (Through Marie-No&euml;lle) THANK YOU SO MUCH FOR YOUR HELP!!! &nbsp;This weekend too you can see the photos and talk to Eduardo in the P&aacute;del Club Nueva Alc&aacute;ntara during the International P&aacute;del tournament. &nbsp;","og_url":"https:\/\/www.mncomunicacion.com\/en\/events-en\/opturator-pictures-for-cesare-scariolo-trust-in-gomez-molina-puerto-banus-marbella","og_site_name":"MN Comunicaci\u00f3n","article_publisher":"https:\/\/www.facebook.com\/marienoelle.escomunicacion\/","article_published_time":"2011-07-31T12:43:29+00:00","og_image":[{"width":150,"height":150,"url":"https:\/\/www.mncomunicacion.com\/wp-content\/uploads\/2019\/05\/cid_image004_jpg01cc4dee.jpg","type":"image\/jpeg"}],"author":"Marie-No\u00eblle","twitter_card":"summary_large_image","twitter_creator":"@MNcomunicacion","twitter_site":"@MNcomunicacion","twitter_misc":{"Written by":"Marie-No\u00eblle","Est. reading time":"1 minute"},"schema":{"@context":"https:\/\/schema.org","@graph":[{"@type":"Article","@id":"https:\/\/www.mncomunicacion.com\/en\/events-en\/opturator-pictures-for-cesare-scariolo-trust-in-gomez-molina-puerto-banus-marbella#article","isPartOf":{"@id":"https:\/\/www.mncomunicacion.com\/en\/events-en\/opturator-pictures-for-cesare-scariolo-trust-in-gomez-molina-puerto-banus-marbella"},"author":{"name":"Marie-No\u00eblle","@id":"https:\/\/www.mncomunicacion.com\/#\/schema\/person\/70225cf35dfcd918c90eb1a00df42de9"},"headline":"OPTURATOR pictures for Cesare Scariolo Trust in G\u00d3MEZ&#038;MOLINA, Puerto Ban\u00fas (Marbella)","datePublished":"2011-07-31T12:43:29+00:00","dateModified":"2011-07-31T12:43:29+00:00","mainEntityOfPage":{"@id":"https:\/\/www.mncomunicacion.com\/en\/events-en\/opturator-pictures-for-cesare-scariolo-trust-in-gomez-molina-puerto-banus-marbella"},"wordCount":231,"commentCount":0,"publisher":{"@id":"https:\/\/www.mncomunicacion.com\/#organization"},"image":{"@id":"https:\/\/www.mncomunicacion.com\/en\/events-en\/opturator-pictures-for-cesare-scariolo-trust-in-gomez-molina-puerto-banus-marbella#primaryimage"},"thumbnailUrl":"https:\/\/www.mncomunicacion.com\/wp-content\/uploads\/2019\/05\/cid_image004_jpg01cc4dee.jpg","articleSection":["Events"],"inLanguage":"en-US","potentialAction":[{"@type":"CommentAction","name":"Comment","target":["https:\/\/www.mncomunicacion.com\/en\/events-en\/opturator-pictures-for-cesare-scariolo-trust-in-gomez-molina-puerto-banus-marbella#respond"]}]},{"@type":"WebPage","@id":"https:\/\/www.mncomunicacion.com\/en\/events-en\/opturator-pictures-for-cesare-scariolo-trust-in-gomez-molina-puerto-banus-marbella","url":"https:\/\/www.mncomunicacion.com\/en\/events-en\/opturator-pictures-for-cesare-scariolo-trust-in-gomez-molina-puerto-banus-marbella","name":"OPTURATOR pictures for Cesare Scariolo Trust in G\u00d3MEZ&MOLINA, Puerto Ban\u00fas (Marbella) | MN Comunicaci\u00f3n","isPartOf":{"@id":"https:\/\/www.mncomunicacion.com\/#website"},"primaryImageOfPage":{"@id":"https:\/\/www.mncomunicacion.com\/en\/events-en\/opturator-pictures-for-cesare-scariolo-trust-in-gomez-molina-puerto-banus-marbella#primaryimage"},"image":{"@id":"https:\/\/www.mncomunicacion.com\/en\/events-en\/opturator-pictures-for-cesare-scariolo-trust-in-gomez-molina-puerto-banus-marbella#primaryimage"},"thumbnailUrl":"https:\/\/www.mncomunicacion.com\/wp-content\/uploads\/2019\/05\/cid_image004_jpg01cc4dee.jpg","datePublished":"2011-07-31T12:43:29+00:00","dateModified":"2011-07-31T12:43:29+00:00","breadcrumb":{"@id":"https:\/\/www.mncomunicacion.com\/en\/events-en\/opturator-pictures-for-cesare-scariolo-trust-in-gomez-molina-puerto-banus-marbella#breadcrumb"},"inLanguage":"en-US","potentialAction":[{"@type":"ReadAction","target":["https:\/\/www.mncomunicacion.com\/en\/events-en\/opturator-pictures-for-cesare-scariolo-trust-in-gomez-molina-puerto-banus-marbella"]}]},{"@type":"ImageObject","inLanguage":"en-US","@id":"https:\/\/www.mncomunicacion.com\/en\/events-en\/opturator-pictures-for-cesare-scariolo-trust-in-gomez-molina-puerto-banus-marbella#primaryimage","url":"https:\/\/www.mncomunicacion.com\/wp-content\/uploads\/2019\/05\/cid_image004_jpg01cc4dee.jpg","contentUrl":"https:\/\/www.mncomunicacion.com\/wp-content\/uploads\/2019\/05\/cid_image004_jpg01cc4dee.jpg","width":150,"height":150},{"@type":"BreadcrumbList","@id":"https:\/\/www.mncomunicacion.com\/en\/events-en\/opturator-pictures-for-cesare-scariolo-trust-in-gomez-molina-puerto-banus-marbella#breadcrumb","itemListElement":[{"@type":"ListItem","position":1,"name":"Portada","item":"https:\/\/www.mncomunicacion.com\/en"},{"@type":"ListItem","position":2,"name":"OPTURATOR pictures for Cesare Scariolo Trust in G\u00d3MEZ&#038;MOLINA, Puerto Ban\u00fas (Marbella)"}]},{"@type":"WebSite","@id":"https:\/\/www.mncomunicacion.com\/#website","url":"https:\/\/www.mncomunicacion.com\/","name":"MN Comunicaci\u00f3n","description":"Agencia de Comunicaci\u00f3n y Organizaci\u00f3n de Eventos en Marbella","publisher":{"@id":"https:\/\/www.mncomunicacion.com\/#organization"},"potentialAction":[{"@type":"SearchAction","target":{"@type":"EntryPoint","urlTemplate":"https:\/\/www.mncomunicacion.com\/?s={search_term_string}"},"query-input":"required name=search_term_string"}],"inLanguage":"en-US"},{"@type":"Organization","@id":"https:\/\/www.mncomunicacion.com\/#organization","name":"MN COMUNICACI\u00d3N","url":"https:\/\/www.mncomunicacion.com\/","logo":{"@type":"ImageObject","inLanguage":"en-US","@id":"https:\/\/www.mncomunicacion.com\/#\/schema\/logo\/image\/","url":"https:\/\/www.mncomunicacion.com\/wp-content\/uploads\/2019\/05\/logo.png","contentUrl":"https:\/\/www.mncomunicacion.com\/wp-content\/uploads\/2019\/05\/logo.png","width":150,"height":150,"caption":"MN COMUNICACI\u00d3N"},"image":{"@id":"https:\/\/www.mncomunicacion.com\/#\/schema\/logo\/image\/"},"sameAs":["https:\/\/www.facebook.com\/marienoelle.escomunicacion\/","https:\/\/x.com\/MNcomunicacion","https:\/\/www.linkedin.com\/company\/marie-no-lle-es-comunicaci-n\/","https:\/\/www.youtube.com\/channel\/UCnHVdXKiLf30LsIfV8k0xIQ"]},{"@type":"Person","@id":"https:\/\/www.mncomunicacion.com\/#\/schema\/person\/70225cf35dfcd918c90eb1a00df42de9","name":"Marie-No\u00eblle"}]}},"_links":{"self":[{"href":"https:\/\/www.mncomunicacion.com\/en\/wp-json\/wp\/v2\/posts\/5788"}],"collection":[{"href":"https:\/\/www.mncomunicacion.com\/en\/wp-json\/wp\/v2\/posts"}],"about":[{"href":"https:\/\/www.mncomunicacion.com\/en\/wp-json\/wp\/v2\/types\/post"}],"author":[{"embeddable":true,"href":"https:\/\/www.mncomunicacion.com\/en\/wp-json\/wp\/v2\/users\/3"}],"replies":[{"embeddable":true,"href":"https:\/\/www.mncomunicacion.com\/en\/wp-json\/wp\/v2\/comments?post=5788"}],"version-history":[{"count":0,"href":"https:\/\/www.mncomunicacion.com\/en\/wp-json\/wp\/v2\/posts\/5788\/revisions"}],"wp:featuredmedia":[{"embeddable":true,"href":"https:\/\/www.mncomunicacion.com\/en\/wp-json\/wp\/v2\/media\/5789"}],"wp:attachment":[{"href":"https:\/\/www.mncomunicacion.com\/en\/wp-json\/wp\/v2\/media?parent=5788"}],"wp:term":[{"taxonomy":"category","embeddable":true,"href":"https:\/\/www.mncomunicacion.com\/en\/wp-json\/wp\/v2\/categories?post=5788"},{"taxonomy":"post_tag","embeddable":true,"href":"https:\/\/www.mncomunicacion.com\/en\/wp-json\/wp\/v2\/tags?post=5788"}],"curies":[{"name":"wp","href":"https:\/\/api.w.org\/{rel}","templated":true}]}}