{"id":5705,"date":"2012-10-16T12:22:50","date_gmt":"2012-10-16T12:22:50","guid":{"rendered":"https:\/\/www.mncomunicacion.com\/candidate-presentation-by-salvador-ruiz-menacho-in-marbella"},"modified":"2012-10-16T12:22:50","modified_gmt":"2012-10-16T12:22:50","slug":"candidate-presentation-by-salvador-ruiz-menacho-in-marbella","status":"publish","type":"post","link":"https:\/\/www.mncomunicacion.com\/en\/events-en\/candidate-presentation-by-salvador-ruiz-menacho-in-marbella","title":{"rendered":"Candidate presentation by Salvador Ruiz Menacho in Marbella"},"content":{"rendered":"<p>One hundred lawyers attended Ruiz&#8217;s presentation. Menacho for Dean of Lawyers candidate. Ignacio Gordillo called for greater involvement with the professional body.<\/p>\n<p> <\/p>\n<div style=\"text-align: justify;\">\n<p style=\"margin-bottom: 0.0001pt; text-align: justify;\"><span style=\"font-size: 10.5pt; font-family: Arial,sans-serif;\">Marbella, September 27th 2012: Today,<\/span><span style=\"font-size: 10.5pt; font-family: Arial,sans-serif;\">&nbsp;<strong>Salvador Ruiz Menacho<\/strong>&nbsp;<\/span><span style=\"font-size: 10.5pt; font-family: Arial,sans-serif;\">presented his candidacy to the<\/span><span style=\"font-size: 10.5pt; font-family: Arial,sans-serif;\">&nbsp;<strong>Dean of Malaga Law School<\/strong><\/span><span style=\"font-size: 10.5pt; font-family: Arial,sans-serif;\">. Nearly one hundred lawyers gathered in the city near the Marbella Casino on the Alameda Principal to attend the first official event.<\/span><\/p>\n<p style=\"margin-bottom: 0.0001pt; text-align: justify;\"><span style=\"font-size: 10.5pt; font-family: Arial,sans-serif;\">Ignacio Gordillo, a former prosecutor of the National Court and master of ceremonies, took the opportunity to request greater involvement and commitment from lawyers with regards to the Law School and measures and actions it partakes in.<\/span><\/p>\n<p style=\"margin-bottom: 0.0001pt; text-align: left;\"><span style=\"font-size: 10.5pt; font-family: Arial,sans-serif;\">Ruiz Menacho, besides presenting his new website (<\/span><a href=\"http:\/\/www.candidaturasalvadorruizmenacho\/\"><span style=\"font-size: 10.5pt; font-family: Arial,sans-serif;\">www.candidaturasalvadorruizmenacho<\/span><\/a><span style=\"font-size: 10.5pt; font-family: Arial,sans-serif;\">) his team offered attendees an overview of the basic pillars of his program for the nomination to deanery.<\/span><\/p>\n<p style=\"margin-bottom: 0.0001pt; text-align: justify;\"><span style=\"font-size: 10.5pt; font-family: Arial,sans-serif;\">Among its many objectives included the need to ensure and maintain compliance with the basic principles of the Code of Ethics, and manage training courses that provide specific content and access to the profession.<\/span><\/p>\n<p style=\"margin-bottom: 0.0001pt; text-align: justify;\"><span style=\"font-size: 10.5pt; font-family: Arial,sans-serif;\">Menacho wants to return the legal profession to its previous prestigious standing and restore respect for all lawyers, with particular emphasis on the repositioning of professionals working for Legal Aid. <\/span><\/p>\n<p style=\"margin-bottom: 0.0001pt; text-align: justify;\"><span style=\"font-size: 10.5pt; font-family: Arial,sans-serif;\">His intention, as a candidate for Dean, is to assist the families of previously mentioned lawyers without income, those whose families are in precarious situations, help female lawyers for 40 days after childbirth, and senior lawyers, encouraging their participation in college activities.<\/span><\/p>\n<p style=\"margin-bottom: 0.0001pt; text-align: justify;\"><span style=\"font-size: 10.5pt; font-family: Arial,sans-serif;\">He also insisted on the study and rethinking of college fees, mentioning, if necessary, a reduction.<\/span><\/p>\n<p style=\"margin-bottom: 0.0001pt; text-align: justify;\"><span style=\"font-size: 10.5pt; font-family: Arial,sans-serif;\">These and other topics of professional interest were discussed during this presentation.<\/span><\/p>\n<p style=\"margin-bottom: 0.0001pt; text-align: justify;\"><span style=\"font-size: 10.5pt; font-family: Arial,sans-serif;\">The team that makes up the candidacy of Salvador Ruiz Menacho is as follows:<\/span><\/p>\n<ul>\n<li style=\"margin-bottom: 0.0001pt; text-align: justify;\">Marisa Moreno Castillo<\/li>\n<li style=\"margin-bottom: 0.0001pt; text-align: justify;\">Rafael Palacio Pel&aacute;ez<\/li>\n<li style=\"margin-bottom: 0.0001pt; text-align: justify;\">Juan Ferrero Mu&ntilde;oz<\/li>\n<li style=\"margin-bottom: 0.0001pt; text-align: justify;\">Lourdes Hijano Utrera<\/li>\n<li style=\"margin-bottom: 0.0001pt; text-align: justify;\">Mar&iacute;a Soledad Ben&iacute;tez Piaja<\/li>\n<li style=\"margin-bottom: 0.0001pt; text-align: justify;\">Daniel Garc&iacute;a Prieto<\/li>\n<li style=\"margin-bottom: 0.0001pt; text-align: justify;\">Raquel Alarc&oacute;n Fanjul<\/li>\n<li style=\"margin-bottom: 0.0001pt; text-align: justify;\">Angel &Aacute;balos Nuevo<\/li>\n<li style=\"margin-bottom: 0.0001pt; text-align: justify;\">Jes&uacute;s Ure&ntilde;a Revuelta<\/li>\n<li style=\"margin-bottom: 0.0001pt; text-align: justify;\">Julia Crisol Garc&iacute;a<\/li>\n<li style=\"margin-bottom: 0.0001pt; text-align: justify;\">Antonio Trillo L&oacute;pez<\/li>\n<li style=\"margin-bottom: 0.0001pt; text-align: justify;\">Mar&iacute;a Jos&eacute; Sillero Cano<\/li>\n<li style=\"margin-bottom: 0.0001pt; text-align: justify;\">Jos&eacute; Mar&iacute;a Su&aacute;rez Dom&iacute;nguez<\/li>\n<li style=\"margin-bottom: 0.0001pt; text-align: justify;\">Dolores Casares Tejada<\/li>\n<\/ul>\n<\/div>\n","protected":false},"excerpt":{"rendered":"<p>One hundred lawyers attended Ruiz&#8217;s presentation. Menacho for Dean of Lawyers candidate. Ignacio Gordillo called for greater involvement with the professional body. Marbella, September 27th 2012: Today,&nbsp;Salvador Ruiz Menacho&nbsp;presented his candidacy to the&nbsp;Dean of Malaga Law School. Nearly one hundred lawyers gathered in the city near the Marbella Casino on the Alameda Principal to attend the first official event. Ignacio Gordillo, a former prosecutor of the National Court and master of ceremonies, took the opportunity to request greater involvement and commitment from lawyers with regards to the Law School and measures and actions it partakes in. Ruiz Menacho, besides presenting his new website (www.candidaturasalvadorruizmenacho) his team offered attendees an overview of the basic pillars of his program for the nomination to deanery. Among its many objectives included the need to ensure and maintain compliance with the basic principles of the Code of Ethics, and manage training courses that provide specific content and access to the profession. Menacho wants to return the legal profession to its previous prestigious standing and restore respect for all lawyers, with particular emphasis on the repositioning of professionals working for Legal Aid. His intention, as a candidate for Dean, is to assist the families of previously mentioned lawyers without income, those whose families are in precarious situations, help female lawyers for 40 days after childbirth, and senior lawyers, encouraging their participation in college activities. He also insisted on the study and rethinking of college fees, mentioning, if necessary, a reduction. These and other topics of professional interest were discussed during this presentation. The team that makes up the candidacy of Salvador Ruiz Menacho is as follows: Marisa Moreno Castillo Rafael Palacio Pel&aacute;ez Juan Ferrero Mu&ntilde;oz Lourdes Hijano Utrera Mar&iacute;a Soledad Ben&iacute;tez Piaja Daniel Garc&iacute;a Prieto Raquel Alarc&oacute;n Fanjul Angel &Aacute;balos Nuevo Jes&uacute;s Ure&ntilde;a Revuelta Julia Crisol Garc&iacute;a Antonio Trillo L&oacute;pez Mar&iacute;a Jos&eacute; Sillero Cano Jos&eacute; Mar&iacute;a Su&aacute;rez Dom&iacute;nguez Dolores Casares Tejada<\/p>\n","protected":false},"author":3,"featured_media":5706,"comment_status":"open","ping_status":"open","sticky":false,"template":"","format":"standard","meta":{"_exactmetrics_skip_tracking":false,"_exactmetrics_sitenote_active":false,"_exactmetrics_sitenote_note":"","_exactmetrics_sitenote_category":0,"footnotes":""},"categories":[486],"tags":[],"class_list":["post-5705","post","type-post","status-publish","format-standard","has-post-thumbnail","hentry","category-events-en"],"yoast_head":"<!-- This site is optimized with the Yoast SEO plugin v23.0 - https:\/\/yoast.com\/wordpress\/plugins\/seo\/ -->\n<title>Candidate presentation by Salvador Ruiz Menacho in Marbella | MN Comunicaci\u00f3n<\/title>\n<meta name=\"robots\" content=\"index, follow, max-snippet:-1, max-image-preview:large, max-video-preview:-1\" \/>\n<link rel=\"canonical\" href=\"https:\/\/www.mncomunicacion.com\/en\/events-en\/candidate-presentation-by-salvador-ruiz-menacho-in-marbella\" \/>\n<meta property=\"og:locale\" content=\"en_US\" \/>\n<meta property=\"og:type\" content=\"article\" \/>\n<meta property=\"og:title\" content=\"Candidate presentation by Salvador Ruiz Menacho in Marbella | MN Comunicaci\u00f3n\" \/>\n<meta property=\"og:description\" content=\"One hundred lawyers attended Ruiz&#8217;s presentation. Menacho for Dean of Lawyers candidate. Ignacio Gordillo called for greater involvement with the professional body. Marbella, September 27th 2012: Today,&nbsp;Salvador Ruiz Menacho&nbsp;presented his candidacy to the&nbsp;Dean of Malaga Law School. Nearly one hundred lawyers gathered in the city near the Marbella Casino on the Alameda Principal to attend the first official event. Ignacio Gordillo, a former prosecutor of the National Court and master of ceremonies, took the opportunity to request greater involvement and commitment from lawyers with regards to the Law School and measures and actions it partakes in. Ruiz Menacho, besides presenting his new website (www.candidaturasalvadorruizmenacho) his team offered attendees an overview of the basic pillars of his program for the nomination to deanery. Among its many objectives included the need to ensure and maintain compliance with the basic principles of the Code of Ethics, and manage training courses that provide specific content and access to the profession. Menacho wants to return the legal profession to its previous prestigious standing and restore respect for all lawyers, with particular emphasis on the repositioning of professionals working for Legal Aid. His intention, as a candidate for Dean, is to assist the families of previously mentioned lawyers without income, those whose families are in precarious situations, help female lawyers for 40 days after childbirth, and senior lawyers, encouraging their participation in college activities. He also insisted on the study and rethinking of college fees, mentioning, if necessary, a reduction. These and other topics of professional interest were discussed during this presentation. The team that makes up the candidacy of Salvador Ruiz Menacho is as follows: Marisa Moreno Castillo Rafael Palacio Pel&aacute;ez Juan Ferrero Mu&ntilde;oz Lourdes Hijano Utrera Mar&iacute;a Soledad Ben&iacute;tez Piaja Daniel Garc&iacute;a Prieto Raquel Alarc&oacute;n Fanjul Angel &Aacute;balos Nuevo Jes&uacute;s Ure&ntilde;a Revuelta Julia Crisol Garc&iacute;a Antonio Trillo L&oacute;pez Mar&iacute;a Jos&eacute; Sillero Cano Jos&eacute; Mar&iacute;a Su&aacute;rez Dom&iacute;nguez Dolores Casares Tejada\" \/>\n<meta property=\"og:url\" content=\"https:\/\/www.mncomunicacion.com\/en\/events-en\/candidate-presentation-by-salvador-ruiz-menacho-in-marbella\" \/>\n<meta property=\"og:site_name\" content=\"MN Comunicaci\u00f3n\" \/>\n<meta property=\"article:publisher\" content=\"https:\/\/www.facebook.com\/marienoelle.escomunicacion\/\" \/>\n<meta property=\"article:published_time\" content=\"2012-10-16T12:22:50+00:00\" \/>\n<meta property=\"og:image\" content=\"https:\/\/www.mncomunicacion.com\/wp-content\/uploads\/2019\/05\/p1060806.jpg\" \/>\n\t<meta property=\"og:image:width\" content=\"150\" \/>\n\t<meta property=\"og:image:height\" content=\"150\" \/>\n\t<meta property=\"og:image:type\" content=\"image\/jpeg\" \/>\n<meta name=\"author\" content=\"Marie-No\u00eblle\" \/>\n<meta name=\"twitter:card\" content=\"summary_large_image\" \/>\n<meta name=\"twitter:creator\" content=\"@MNcomunicacion\" \/>\n<meta name=\"twitter:site\" content=\"@MNcomunicacion\" \/>\n<meta name=\"twitter:label1\" content=\"Written by\" \/>\n\t<meta name=\"twitter:data1\" content=\"Marie-No\u00eblle\" \/>\n\t<meta name=\"twitter:label2\" content=\"Est. reading time\" \/>\n\t<meta name=\"twitter:data2\" content=\"2 minutes\" \/>\n<script type=\"application\/ld+json\" class=\"yoast-schema-graph\">{\"@context\":\"https:\/\/schema.org\",\"@graph\":[{\"@type\":\"Article\",\"@id\":\"https:\/\/www.mncomunicacion.com\/en\/events-en\/candidate-presentation-by-salvador-ruiz-menacho-in-marbella#article\",\"isPartOf\":{\"@id\":\"https:\/\/www.mncomunicacion.com\/en\/events-en\/candidate-presentation-by-salvador-ruiz-menacho-in-marbella\"},\"author\":{\"name\":\"Marie-No\u00eblle\",\"@id\":\"https:\/\/www.mncomunicacion.com\/#\/schema\/person\/70225cf35dfcd918c90eb1a00df42de9\"},\"headline\":\"Candidate presentation by Salvador Ruiz Menacho in Marbella\",\"datePublished\":\"2012-10-16T12:22:50+00:00\",\"dateModified\":\"2012-10-16T12:22:50+00:00\",\"mainEntityOfPage\":{\"@id\":\"https:\/\/www.mncomunicacion.com\/en\/events-en\/candidate-presentation-by-salvador-ruiz-menacho-in-marbella\"},\"wordCount\":359,\"commentCount\":0,\"publisher\":{\"@id\":\"https:\/\/www.mncomunicacion.com\/#organization\"},\"image\":{\"@id\":\"https:\/\/www.mncomunicacion.com\/en\/events-en\/candidate-presentation-by-salvador-ruiz-menacho-in-marbella#primaryimage\"},\"thumbnailUrl\":\"https:\/\/www.mncomunicacion.com\/wp-content\/uploads\/2019\/05\/p1060806.jpg\",\"articleSection\":[\"Events\"],\"inLanguage\":\"en-US\",\"potentialAction\":[{\"@type\":\"CommentAction\",\"name\":\"Comment\",\"target\":[\"https:\/\/www.mncomunicacion.com\/en\/events-en\/candidate-presentation-by-salvador-ruiz-menacho-in-marbella#respond\"]}]},{\"@type\":\"WebPage\",\"@id\":\"https:\/\/www.mncomunicacion.com\/en\/events-en\/candidate-presentation-by-salvador-ruiz-menacho-in-marbella\",\"url\":\"https:\/\/www.mncomunicacion.com\/en\/events-en\/candidate-presentation-by-salvador-ruiz-menacho-in-marbella\",\"name\":\"Candidate presentation by Salvador Ruiz Menacho in Marbella | MN Comunicaci\u00f3n\",\"isPartOf\":{\"@id\":\"https:\/\/www.mncomunicacion.com\/#website\"},\"primaryImageOfPage\":{\"@id\":\"https:\/\/www.mncomunicacion.com\/en\/events-en\/candidate-presentation-by-salvador-ruiz-menacho-in-marbella#primaryimage\"},\"image\":{\"@id\":\"https:\/\/www.mncomunicacion.com\/en\/events-en\/candidate-presentation-by-salvador-ruiz-menacho-in-marbella#primaryimage\"},\"thumbnailUrl\":\"https:\/\/www.mncomunicacion.com\/wp-content\/uploads\/2019\/05\/p1060806.jpg\",\"datePublished\":\"2012-10-16T12:22:50+00:00\",\"dateModified\":\"2012-10-16T12:22:50+00:00\",\"breadcrumb\":{\"@id\":\"https:\/\/www.mncomunicacion.com\/en\/events-en\/candidate-presentation-by-salvador-ruiz-menacho-in-marbella#breadcrumb\"},\"inLanguage\":\"en-US\",\"potentialAction\":[{\"@type\":\"ReadAction\",\"target\":[\"https:\/\/www.mncomunicacion.com\/en\/events-en\/candidate-presentation-by-salvador-ruiz-menacho-in-marbella\"]}]},{\"@type\":\"ImageObject\",\"inLanguage\":\"en-US\",\"@id\":\"https:\/\/www.mncomunicacion.com\/en\/events-en\/candidate-presentation-by-salvador-ruiz-menacho-in-marbella#primaryimage\",\"url\":\"https:\/\/www.mncomunicacion.com\/wp-content\/uploads\/2019\/05\/p1060806.jpg\",\"contentUrl\":\"https:\/\/www.mncomunicacion.com\/wp-content\/uploads\/2019\/05\/p1060806.jpg\",\"width\":150,\"height\":150},{\"@type\":\"BreadcrumbList\",\"@id\":\"https:\/\/www.mncomunicacion.com\/en\/events-en\/candidate-presentation-by-salvador-ruiz-menacho-in-marbella#breadcrumb\",\"itemListElement\":[{\"@type\":\"ListItem\",\"position\":1,\"name\":\"Portada\",\"item\":\"https:\/\/www.mncomunicacion.com\/en\"},{\"@type\":\"ListItem\",\"position\":2,\"name\":\"Candidate presentation by Salvador Ruiz Menacho in Marbella\"}]},{\"@type\":\"WebSite\",\"@id\":\"https:\/\/www.mncomunicacion.com\/#website\",\"url\":\"https:\/\/www.mncomunicacion.com\/\",\"name\":\"MN Comunicaci\u00f3n\",\"description\":\"Agencia de Comunicaci\u00f3n y Organizaci\u00f3n de Eventos en Marbella\",\"publisher\":{\"@id\":\"https:\/\/www.mncomunicacion.com\/#organization\"},\"potentialAction\":[{\"@type\":\"SearchAction\",\"target\":{\"@type\":\"EntryPoint\",\"urlTemplate\":\"https:\/\/www.mncomunicacion.com\/?s={search_term_string}\"},\"query-input\":\"required name=search_term_string\"}],\"inLanguage\":\"en-US\"},{\"@type\":\"Organization\",\"@id\":\"https:\/\/www.mncomunicacion.com\/#organization\",\"name\":\"MN COMUNICACI\u00d3N\",\"url\":\"https:\/\/www.mncomunicacion.com\/\",\"logo\":{\"@type\":\"ImageObject\",\"inLanguage\":\"en-US\",\"@id\":\"https:\/\/www.mncomunicacion.com\/#\/schema\/logo\/image\/\",\"url\":\"https:\/\/www.mncomunicacion.com\/wp-content\/uploads\/2019\/05\/logo.png\",\"contentUrl\":\"https:\/\/www.mncomunicacion.com\/wp-content\/uploads\/2019\/05\/logo.png\",\"width\":150,\"height\":150,\"caption\":\"MN COMUNICACI\u00d3N\"},\"image\":{\"@id\":\"https:\/\/www.mncomunicacion.com\/#\/schema\/logo\/image\/\"},\"sameAs\":[\"https:\/\/www.facebook.com\/marienoelle.escomunicacion\/\",\"https:\/\/x.com\/MNcomunicacion\",\"https:\/\/www.linkedin.com\/company\/marie-no-lle-es-comunicaci-n\/\",\"https:\/\/www.youtube.com\/channel\/UCnHVdXKiLf30LsIfV8k0xIQ\"]},{\"@type\":\"Person\",\"@id\":\"https:\/\/www.mncomunicacion.com\/#\/schema\/person\/70225cf35dfcd918c90eb1a00df42de9\",\"name\":\"Marie-No\u00eblle\"}]}<\/script>\n<!-- \/ Yoast SEO plugin. -->","yoast_head_json":{"title":"Candidate presentation by Salvador Ruiz Menacho in Marbella | MN Comunicaci\u00f3n","robots":{"index":"index","follow":"follow","max-snippet":"max-snippet:-1","max-image-preview":"max-image-preview:large","max-video-preview":"max-video-preview:-1"},"canonical":"https:\/\/www.mncomunicacion.com\/en\/events-en\/candidate-presentation-by-salvador-ruiz-menacho-in-marbella","og_locale":"en_US","og_type":"article","og_title":"Candidate presentation by Salvador Ruiz Menacho in Marbella | MN Comunicaci\u00f3n","og_description":"One hundred lawyers attended Ruiz&#8217;s presentation. Menacho for Dean of Lawyers candidate. Ignacio Gordillo called for greater involvement with the professional body. Marbella, September 27th 2012: Today,&nbsp;Salvador Ruiz Menacho&nbsp;presented his candidacy to the&nbsp;Dean of Malaga Law School. Nearly one hundred lawyers gathered in the city near the Marbella Casino on the Alameda Principal to attend the first official event. Ignacio Gordillo, a former prosecutor of the National Court and master of ceremonies, took the opportunity to request greater involvement and commitment from lawyers with regards to the Law School and measures and actions it partakes in. Ruiz Menacho, besides presenting his new website (www.candidaturasalvadorruizmenacho) his team offered attendees an overview of the basic pillars of his program for the nomination to deanery. Among its many objectives included the need to ensure and maintain compliance with the basic principles of the Code of Ethics, and manage training courses that provide specific content and access to the profession. Menacho wants to return the legal profession to its previous prestigious standing and restore respect for all lawyers, with particular emphasis on the repositioning of professionals working for Legal Aid. His intention, as a candidate for Dean, is to assist the families of previously mentioned lawyers without income, those whose families are in precarious situations, help female lawyers for 40 days after childbirth, and senior lawyers, encouraging their participation in college activities. He also insisted on the study and rethinking of college fees, mentioning, if necessary, a reduction. These and other topics of professional interest were discussed during this presentation. The team that makes up the candidacy of Salvador Ruiz Menacho is as follows: Marisa Moreno Castillo Rafael Palacio Pel&aacute;ez Juan Ferrero Mu&ntilde;oz Lourdes Hijano Utrera Mar&iacute;a Soledad Ben&iacute;tez Piaja Daniel Garc&iacute;a Prieto Raquel Alarc&oacute;n Fanjul Angel &Aacute;balos Nuevo Jes&uacute;s Ure&ntilde;a Revuelta Julia Crisol Garc&iacute;a Antonio Trillo L&oacute;pez Mar&iacute;a Jos&eacute; Sillero Cano Jos&eacute; Mar&iacute;a Su&aacute;rez Dom&iacute;nguez Dolores Casares Tejada","og_url":"https:\/\/www.mncomunicacion.com\/en\/events-en\/candidate-presentation-by-salvador-ruiz-menacho-in-marbella","og_site_name":"MN Comunicaci\u00f3n","article_publisher":"https:\/\/www.facebook.com\/marienoelle.escomunicacion\/","article_published_time":"2012-10-16T12:22:50+00:00","og_image":[{"width":150,"height":150,"url":"https:\/\/www.mncomunicacion.com\/wp-content\/uploads\/2019\/05\/p1060806.jpg","type":"image\/jpeg"}],"author":"Marie-No\u00eblle","twitter_card":"summary_large_image","twitter_creator":"@MNcomunicacion","twitter_site":"@MNcomunicacion","twitter_misc":{"Written by":"Marie-No\u00eblle","Est. reading time":"2 minutes"},"schema":{"@context":"https:\/\/schema.org","@graph":[{"@type":"Article","@id":"https:\/\/www.mncomunicacion.com\/en\/events-en\/candidate-presentation-by-salvador-ruiz-menacho-in-marbella#article","isPartOf":{"@id":"https:\/\/www.mncomunicacion.com\/en\/events-en\/candidate-presentation-by-salvador-ruiz-menacho-in-marbella"},"author":{"name":"Marie-No\u00eblle","@id":"https:\/\/www.mncomunicacion.com\/#\/schema\/person\/70225cf35dfcd918c90eb1a00df42de9"},"headline":"Candidate presentation by Salvador Ruiz Menacho in Marbella","datePublished":"2012-10-16T12:22:50+00:00","dateModified":"2012-10-16T12:22:50+00:00","mainEntityOfPage":{"@id":"https:\/\/www.mncomunicacion.com\/en\/events-en\/candidate-presentation-by-salvador-ruiz-menacho-in-marbella"},"wordCount":359,"commentCount":0,"publisher":{"@id":"https:\/\/www.mncomunicacion.com\/#organization"},"image":{"@id":"https:\/\/www.mncomunicacion.com\/en\/events-en\/candidate-presentation-by-salvador-ruiz-menacho-in-marbella#primaryimage"},"thumbnailUrl":"https:\/\/www.mncomunicacion.com\/wp-content\/uploads\/2019\/05\/p1060806.jpg","articleSection":["Events"],"inLanguage":"en-US","potentialAction":[{"@type":"CommentAction","name":"Comment","target":["https:\/\/www.mncomunicacion.com\/en\/events-en\/candidate-presentation-by-salvador-ruiz-menacho-in-marbella#respond"]}]},{"@type":"WebPage","@id":"https:\/\/www.mncomunicacion.com\/en\/events-en\/candidate-presentation-by-salvador-ruiz-menacho-in-marbella","url":"https:\/\/www.mncomunicacion.com\/en\/events-en\/candidate-presentation-by-salvador-ruiz-menacho-in-marbella","name":"Candidate presentation by Salvador Ruiz Menacho in Marbella | MN Comunicaci\u00f3n","isPartOf":{"@id":"https:\/\/www.mncomunicacion.com\/#website"},"primaryImageOfPage":{"@id":"https:\/\/www.mncomunicacion.com\/en\/events-en\/candidate-presentation-by-salvador-ruiz-menacho-in-marbella#primaryimage"},"image":{"@id":"https:\/\/www.mncomunicacion.com\/en\/events-en\/candidate-presentation-by-salvador-ruiz-menacho-in-marbella#primaryimage"},"thumbnailUrl":"https:\/\/www.mncomunicacion.com\/wp-content\/uploads\/2019\/05\/p1060806.jpg","datePublished":"2012-10-16T12:22:50+00:00","dateModified":"2012-10-16T12:22:50+00:00","breadcrumb":{"@id":"https:\/\/www.mncomunicacion.com\/en\/events-en\/candidate-presentation-by-salvador-ruiz-menacho-in-marbella#breadcrumb"},"inLanguage":"en-US","potentialAction":[{"@type":"ReadAction","target":["https:\/\/www.mncomunicacion.com\/en\/events-en\/candidate-presentation-by-salvador-ruiz-menacho-in-marbella"]}]},{"@type":"ImageObject","inLanguage":"en-US","@id":"https:\/\/www.mncomunicacion.com\/en\/events-en\/candidate-presentation-by-salvador-ruiz-menacho-in-marbella#primaryimage","url":"https:\/\/www.mncomunicacion.com\/wp-content\/uploads\/2019\/05\/p1060806.jpg","contentUrl":"https:\/\/www.mncomunicacion.com\/wp-content\/uploads\/2019\/05\/p1060806.jpg","width":150,"height":150},{"@type":"BreadcrumbList","@id":"https:\/\/www.mncomunicacion.com\/en\/events-en\/candidate-presentation-by-salvador-ruiz-menacho-in-marbella#breadcrumb","itemListElement":[{"@type":"ListItem","position":1,"name":"Portada","item":"https:\/\/www.mncomunicacion.com\/en"},{"@type":"ListItem","position":2,"name":"Candidate presentation by Salvador Ruiz Menacho in Marbella"}]},{"@type":"WebSite","@id":"https:\/\/www.mncomunicacion.com\/#website","url":"https:\/\/www.mncomunicacion.com\/","name":"MN Comunicaci\u00f3n","description":"Agencia de Comunicaci\u00f3n y Organizaci\u00f3n de Eventos en Marbella","publisher":{"@id":"https:\/\/www.mncomunicacion.com\/#organization"},"potentialAction":[{"@type":"SearchAction","target":{"@type":"EntryPoint","urlTemplate":"https:\/\/www.mncomunicacion.com\/?s={search_term_string}"},"query-input":"required name=search_term_string"}],"inLanguage":"en-US"},{"@type":"Organization","@id":"https:\/\/www.mncomunicacion.com\/#organization","name":"MN COMUNICACI\u00d3N","url":"https:\/\/www.mncomunicacion.com\/","logo":{"@type":"ImageObject","inLanguage":"en-US","@id":"https:\/\/www.mncomunicacion.com\/#\/schema\/logo\/image\/","url":"https:\/\/www.mncomunicacion.com\/wp-content\/uploads\/2019\/05\/logo.png","contentUrl":"https:\/\/www.mncomunicacion.com\/wp-content\/uploads\/2019\/05\/logo.png","width":150,"height":150,"caption":"MN COMUNICACI\u00d3N"},"image":{"@id":"https:\/\/www.mncomunicacion.com\/#\/schema\/logo\/image\/"},"sameAs":["https:\/\/www.facebook.com\/marienoelle.escomunicacion\/","https:\/\/x.com\/MNcomunicacion","https:\/\/www.linkedin.com\/company\/marie-no-lle-es-comunicaci-n\/","https:\/\/www.youtube.com\/channel\/UCnHVdXKiLf30LsIfV8k0xIQ"]},{"@type":"Person","@id":"https:\/\/www.mncomunicacion.com\/#\/schema\/person\/70225cf35dfcd918c90eb1a00df42de9","name":"Marie-No\u00eblle"}]}},"_links":{"self":[{"href":"https:\/\/www.mncomunicacion.com\/en\/wp-json\/wp\/v2\/posts\/5705"}],"collection":[{"href":"https:\/\/www.mncomunicacion.com\/en\/wp-json\/wp\/v2\/posts"}],"about":[{"href":"https:\/\/www.mncomunicacion.com\/en\/wp-json\/wp\/v2\/types\/post"}],"author":[{"embeddable":true,"href":"https:\/\/www.mncomunicacion.com\/en\/wp-json\/wp\/v2\/users\/3"}],"replies":[{"embeddable":true,"href":"https:\/\/www.mncomunicacion.com\/en\/wp-json\/wp\/v2\/comments?post=5705"}],"version-history":[{"count":0,"href":"https:\/\/www.mncomunicacion.com\/en\/wp-json\/wp\/v2\/posts\/5705\/revisions"}],"wp:featuredmedia":[{"embeddable":true,"href":"https:\/\/www.mncomunicacion.com\/en\/wp-json\/wp\/v2\/media\/5706"}],"wp:attachment":[{"href":"https:\/\/www.mncomunicacion.com\/en\/wp-json\/wp\/v2\/media?parent=5705"}],"wp:term":[{"taxonomy":"category","embeddable":true,"href":"https:\/\/www.mncomunicacion.com\/en\/wp-json\/wp\/v2\/categories?post=5705"},{"taxonomy":"post_tag","embeddable":true,"href":"https:\/\/www.mncomunicacion.com\/en\/wp-json\/wp\/v2\/tags?post=5705"}],"curies":[{"name":"wp","href":"https:\/\/api.w.org\/{rel}","templated":true}]}}