{"id":5670,"date":"2013-05-31T11:10:42","date_gmt":"2013-05-31T11:10:42","guid":{"rendered":"https:\/\/www.mncomunicacion.com\/marbella-luxury-weekend-opening-2013"},"modified":"2013-05-31T11:10:42","modified_gmt":"2013-05-31T11:10:42","slug":"marbella-luxury-weekend-opening-2013","status":"publish","type":"post","link":"https:\/\/www.mncomunicacion.com\/en\/events-en\/marbella-luxury-weekend-opening-2013","title":{"rendered":"Marbella Luxury Weekend Opening 2013"},"content":{"rendered":"<p>Five hundred people attended the opening of Marbella Luxury Weekend. The evening was held in a festive and sophisticated atmosphere.<\/p>\n<p> <\/p>\n<p style=\"margin-top: 0cm; margin-right: 0cm; margin-bottom: 13.6pt; text-align: justify; line-height: 17pt;\"><strong><span style=\"font-size: 11pt; font-family: Arial,sans-serif;\">Marbella, 30<sup>th<\/sup>May 2013:<\/span><\/strong><span style=\"font-size: 11pt; font-family: Arial,sans-serif;\">Today the third edition of Marbella Luxury Weekend officially opened with over 550 guests.<\/span><\/p>\n<p style=\"margin-top: 0cm; margin-right: 0cm; margin-bottom: 13.6pt; text-align: justify; line-height: 17pt;\"><span style=\"font-size: 11pt; font-family: Arial,sans-serif;\">Puerto Ban&uacute;s has opened its doors to the first big event of the summer season. Glamour and sophistication met at the VIP Tower Tent. Many celebrities walked down the red carpet at the first big night of the Luxury Weekend. This included the presence of Gunilla Von Bismarck and Luis Ortiz; Lamia Khashoggi and Debra Mace, Vice President and President of the organisation The Children for Peace; entrepreneurs Olivia Valere and Kristina Szekely; Evangelina Anderson and Martin Demichelis, player at M&aacute;laga Football Club; Juan Jos&eacute; Gonz&aacute;lez, President of CIT Marbella, and many more.<\/span><\/p>\n<p style=\"margin-top: 0cm; margin-right: 0cm; margin-bottom: 13.6pt; text-align: justify; line-height: 17pt;\"><span style=\"font-size: 11pt; font-family: Arial,sans-serif;\">During the event, the Spanish Association of Luxury awarded the Mayoress of Marbella, &Aacute;ngeles Mu&ntilde;oz, the Diamond of Honour, presented by the Association&rsquo;s President, HRH Beatriz de Orleans, who is also the honourary chair of Marbella Luxury Weekend. &ldquo;Puerto Ban&uacute;s is a gateway that attracts the best of fashion, motor vehicles, boats, art, glamour and from the Town Council we want to offer our support and our efforts to all firms who have contributed to this great event, that is certainly a commitment to excellence,&rdquo; said Mu&ntilde;oz.<\/span><\/p>\n<p style=\"margin-top: 0cm; margin-right: 0cm; margin-bottom: 13.6pt; text-align: justify; line-height: 17pt;\"><span style=\"font-family: Arial,sans-serif; font-size: 11pt; line-height: 17pt;\">Beatriz de Orleans pointed out that &ldquo;this recognition of the Mayoress and the Town Council is an award for positioning the name of Marbella as an image of luxury worldwide&rdquo;.<\/span><\/p>\n<p style=\"margin-top: 0cm; margin-right: 0cm; margin-bottom: 13.6pt; text-align: justify; line-height: 17pt;\"><span style=\"font-size: 11pt; font-family: Arial,sans-serif;\">Jos&eacute; Luis Hern&aacute;ndez from the Department of Tourism used the occasion to thank the participating firms for their support during Marbella Luxury Weekend and recalled that &ldquo;the objective is to maintain and ensure the tourism that the town deserves, both luxury and quality tourism&rdquo;.<\/span><\/p>\n<p style=\"margin-top: 0cm; margin-right: 0cm; margin-bottom: 13.6pt; text-align: justify; line-height: 17pt;\"><span style=\"font-size: 11pt; font-family: Arial,sans-serif;\">Attendees enjoyed divine catering produced by renowned two Michelin-starred chef, Dani Garc&iacute;a, who has worked selflessly in all activities surrounding this complex event. The magnificent performance of the young dancer Aitana Mu&ntilde;oz drew applause and cheers from the audience with her impressive flamenco show.<\/span><\/p>\n<p style=\"margin-top: 0cm; margin-right: 0cm; margin-bottom: 13.6pt; text-align: justify; line-height: 17pt;\"><span style=\"font-size: 11pt; font-family: Arial,sans-serif;\">The opening also included different and unique musical and dance performances that enlivened the evening and highly entertained guests.<br \/><\/span><span style=\"font-family: Arial,sans-serif; font-size: 11pt; line-height: 17pt;\">Prior to the opening, &Aacute;ngeles Mu&ntilde;oz, proceeded to open the art exhibition, organised by Faim Art, which for four days will be located in the Tower of Puerto Ban&uacute;s.<\/span><\/p>\n<p style=\"margin-top: 0cm; margin-right: 0cm; margin-bottom: 13.6pt; text-align: justify; line-height: 17pt;\"><span style=\"font-family: Arial,sans-serif; font-size: 11pt; line-height: 17pt;\">This third edition has brought together more than fifty national and international firms which have all worked hard to convert Puerto Ban&uacute;s into the ideal enclave for this social and cultural gathering.<\/span><\/p>\n<p style=\"margin-top: 0cm; margin-right: 0cm; margin-bottom: 13.6pt; text-align: justify; line-height: 17pt;\"><span style=\"font-size: 11pt; font-family: Arial,sans-serif;\">You can download the programme for the four days at www.marbellaluxuryweekend.com<\/span><\/p>\n<p>&nbsp;<\/p>\n","protected":false},"excerpt":{"rendered":"<p>Five hundred people attended the opening of Marbella Luxury Weekend. The evening was held in a festive and sophisticated atmosphere. Marbella, 30thMay 2013:Today the third edition of Marbella Luxury Weekend officially opened with over 550 guests. Puerto Ban&uacute;s has opened its doors to the first big event of the summer season. Glamour and sophistication met at the VIP Tower Tent. Many celebrities walked down the red carpet at the first big night of the Luxury Weekend. This included the presence of Gunilla Von Bismarck and Luis Ortiz; Lamia Khashoggi and Debra Mace, Vice President and President of the organisation The Children for Peace; entrepreneurs Olivia Valere and Kristina Szekely; Evangelina Anderson and Martin Demichelis, player at M&aacute;laga Football Club; Juan Jos&eacute; Gonz&aacute;lez, President of CIT Marbella, and many more. During the event, the Spanish Association of Luxury awarded the Mayoress of Marbella, &Aacute;ngeles Mu&ntilde;oz, the Diamond of Honour, presented by the Association&rsquo;s President, HRH Beatriz de Orleans, who is also the honourary chair of Marbella Luxury Weekend. &ldquo;Puerto Ban&uacute;s is a gateway that attracts the best of fashion, motor vehicles, boats, art, glamour and from the Town Council we want to offer our support and our efforts to all firms who have contributed to this great event, that is certainly a commitment to excellence,&rdquo; said Mu&ntilde;oz. Beatriz de Orleans pointed out that &ldquo;this recognition of the Mayoress and the Town Council is an award for positioning the name of Marbella as an image of luxury worldwide&rdquo;. Jos&eacute; Luis Hern&aacute;ndez from the Department of Tourism used the occasion to thank the participating firms for their support during Marbella Luxury Weekend and recalled that &ldquo;the objective is to maintain and ensure the tourism that the town deserves, both luxury and quality tourism&rdquo;. Attendees enjoyed divine catering produced by renowned two Michelin-starred chef, Dani Garc&iacute;a, who has worked selflessly in all activities surrounding this complex event. The magnificent performance of the young dancer Aitana Mu&ntilde;oz drew applause and cheers from the audience with her impressive flamenco show. The opening also included different and unique musical and dance performances that enlivened the evening and highly entertained guests.Prior to the opening, &Aacute;ngeles Mu&ntilde;oz, proceeded to open the art exhibition, organised by Faim Art, which for four days will be located in the Tower of Puerto Ban&uacute;s. This third edition has brought together more than fifty national and international firms which have all worked hard to convert Puerto Ban&uacute;s into the ideal enclave for this social and cultural gathering. You can download the programme for the four days at www.marbellaluxuryweekend.com &nbsp;<\/p>\n","protected":false},"author":3,"featured_media":5671,"comment_status":"open","ping_status":"open","sticky":false,"template":"","format":"standard","meta":{"_exactmetrics_skip_tracking":false,"_exactmetrics_sitenote_active":false,"_exactmetrics_sitenote_note":"","_exactmetrics_sitenote_category":0,"footnotes":""},"categories":[486],"tags":[],"class_list":["post-5670","post","type-post","status-publish","format-standard","has-post-thumbnail","hentry","category-events-en"],"yoast_head":"<!-- This site is optimized with the Yoast SEO plugin v23.0 - https:\/\/yoast.com\/wordpress\/plugins\/seo\/ -->\n<title>Marbella Luxury Weekend Opening 2013 | MN Comunicaci\u00f3n<\/title>\n<meta name=\"robots\" content=\"index, follow, max-snippet:-1, max-image-preview:large, max-video-preview:-1\" \/>\n<link rel=\"canonical\" href=\"https:\/\/www.mncomunicacion.com\/en\/events-en\/marbella-luxury-weekend-opening-2013\" \/>\n<meta property=\"og:locale\" content=\"en_US\" \/>\n<meta property=\"og:type\" content=\"article\" \/>\n<meta property=\"og:title\" content=\"Marbella Luxury Weekend Opening 2013 | MN Comunicaci\u00f3n\" \/>\n<meta property=\"og:description\" content=\"Five hundred people attended the opening of Marbella Luxury Weekend. The evening was held in a festive and sophisticated atmosphere. Marbella, 30thMay 2013:Today the third edition of Marbella Luxury Weekend officially opened with over 550 guests. Puerto Ban&uacute;s has opened its doors to the first big event of the summer season. Glamour and sophistication met at the VIP Tower Tent. Many celebrities walked down the red carpet at the first big night of the Luxury Weekend. This included the presence of Gunilla Von Bismarck and Luis Ortiz; Lamia Khashoggi and Debra Mace, Vice President and President of the organisation The Children for Peace; entrepreneurs Olivia Valere and Kristina Szekely; Evangelina Anderson and Martin Demichelis, player at M&aacute;laga Football Club; Juan Jos&eacute; Gonz&aacute;lez, President of CIT Marbella, and many more. During the event, the Spanish Association of Luxury awarded the Mayoress of Marbella, &Aacute;ngeles Mu&ntilde;oz, the Diamond of Honour, presented by the Association&rsquo;s President, HRH Beatriz de Orleans, who is also the honourary chair of Marbella Luxury Weekend. &ldquo;Puerto Ban&uacute;s is a gateway that attracts the best of fashion, motor vehicles, boats, art, glamour and from the Town Council we want to offer our support and our efforts to all firms who have contributed to this great event, that is certainly a commitment to excellence,&rdquo; said Mu&ntilde;oz. Beatriz de Orleans pointed out that &ldquo;this recognition of the Mayoress and the Town Council is an award for positioning the name of Marbella as an image of luxury worldwide&rdquo;. Jos&eacute; Luis Hern&aacute;ndez from the Department of Tourism used the occasion to thank the participating firms for their support during Marbella Luxury Weekend and recalled that &ldquo;the objective is to maintain and ensure the tourism that the town deserves, both luxury and quality tourism&rdquo;. Attendees enjoyed divine catering produced by renowned two Michelin-starred chef, Dani Garc&iacute;a, who has worked selflessly in all activities surrounding this complex event. The magnificent performance of the young dancer Aitana Mu&ntilde;oz drew applause and cheers from the audience with her impressive flamenco show. The opening also included different and unique musical and dance performances that enlivened the evening and highly entertained guests.Prior to the opening, &Aacute;ngeles Mu&ntilde;oz, proceeded to open the art exhibition, organised by Faim Art, which for four days will be located in the Tower of Puerto Ban&uacute;s. This third edition has brought together more than fifty national and international firms which have all worked hard to convert Puerto Ban&uacute;s into the ideal enclave for this social and cultural gathering. You can download the programme for the four days at www.marbellaluxuryweekend.com &nbsp;\" \/>\n<meta property=\"og:url\" content=\"https:\/\/www.mncomunicacion.com\/en\/events-en\/marbella-luxury-weekend-opening-2013\" \/>\n<meta property=\"og:site_name\" content=\"MN Comunicaci\u00f3n\" \/>\n<meta property=\"article:publisher\" content=\"https:\/\/www.facebook.com\/marienoelle.escomunicacion\/\" \/>\n<meta property=\"article:published_time\" content=\"2013-05-31T11:10:42+00:00\" \/>\n<meta property=\"og:image\" content=\"https:\/\/www.mncomunicacion.com\/wp-content\/uploads\/2019\/05\/Entrega_Diamante_647x800.jpg\" \/>\n\t<meta property=\"og:image:width\" content=\"150\" \/>\n\t<meta property=\"og:image:height\" content=\"150\" \/>\n\t<meta property=\"og:image:type\" content=\"image\/jpeg\" \/>\n<meta name=\"author\" content=\"Marie-No\u00eblle\" \/>\n<meta name=\"twitter:card\" content=\"summary_large_image\" \/>\n<meta name=\"twitter:creator\" content=\"@MNcomunicacion\" \/>\n<meta name=\"twitter:site\" content=\"@MNcomunicacion\" \/>\n<meta name=\"twitter:label1\" content=\"Written by\" \/>\n\t<meta name=\"twitter:data1\" content=\"Marie-No\u00eblle\" \/>\n\t<meta name=\"twitter:label2\" content=\"Est. reading time\" \/>\n\t<meta name=\"twitter:data2\" content=\"2 minutes\" \/>\n<script type=\"application\/ld+json\" class=\"yoast-schema-graph\">{\"@context\":\"https:\/\/schema.org\",\"@graph\":[{\"@type\":\"Article\",\"@id\":\"https:\/\/www.mncomunicacion.com\/en\/events-en\/marbella-luxury-weekend-opening-2013#article\",\"isPartOf\":{\"@id\":\"https:\/\/www.mncomunicacion.com\/en\/events-en\/marbella-luxury-weekend-opening-2013\"},\"author\":{\"name\":\"Marie-No\u00eblle\",\"@id\":\"https:\/\/www.mncomunicacion.com\/#\/schema\/person\/70225cf35dfcd918c90eb1a00df42de9\"},\"headline\":\"Marbella Luxury Weekend Opening 2013\",\"datePublished\":\"2013-05-31T11:10:42+00:00\",\"dateModified\":\"2013-05-31T11:10:42+00:00\",\"mainEntityOfPage\":{\"@id\":\"https:\/\/www.mncomunicacion.com\/en\/events-en\/marbella-luxury-weekend-opening-2013\"},\"wordCount\":467,\"commentCount\":0,\"publisher\":{\"@id\":\"https:\/\/www.mncomunicacion.com\/#organization\"},\"image\":{\"@id\":\"https:\/\/www.mncomunicacion.com\/en\/events-en\/marbella-luxury-weekend-opening-2013#primaryimage\"},\"thumbnailUrl\":\"https:\/\/www.mncomunicacion.com\/wp-content\/uploads\/2019\/05\/Entrega_Diamante_647x800.jpg\",\"articleSection\":[\"Events\"],\"inLanguage\":\"en-US\",\"potentialAction\":[{\"@type\":\"CommentAction\",\"name\":\"Comment\",\"target\":[\"https:\/\/www.mncomunicacion.com\/en\/events-en\/marbella-luxury-weekend-opening-2013#respond\"]}]},{\"@type\":\"WebPage\",\"@id\":\"https:\/\/www.mncomunicacion.com\/en\/events-en\/marbella-luxury-weekend-opening-2013\",\"url\":\"https:\/\/www.mncomunicacion.com\/en\/events-en\/marbella-luxury-weekend-opening-2013\",\"name\":\"Marbella Luxury Weekend Opening 2013 | MN Comunicaci\u00f3n\",\"isPartOf\":{\"@id\":\"https:\/\/www.mncomunicacion.com\/#website\"},\"primaryImageOfPage\":{\"@id\":\"https:\/\/www.mncomunicacion.com\/en\/events-en\/marbella-luxury-weekend-opening-2013#primaryimage\"},\"image\":{\"@id\":\"https:\/\/www.mncomunicacion.com\/en\/events-en\/marbella-luxury-weekend-opening-2013#primaryimage\"},\"thumbnailUrl\":\"https:\/\/www.mncomunicacion.com\/wp-content\/uploads\/2019\/05\/Entrega_Diamante_647x800.jpg\",\"datePublished\":\"2013-05-31T11:10:42+00:00\",\"dateModified\":\"2013-05-31T11:10:42+00:00\",\"breadcrumb\":{\"@id\":\"https:\/\/www.mncomunicacion.com\/en\/events-en\/marbella-luxury-weekend-opening-2013#breadcrumb\"},\"inLanguage\":\"en-US\",\"potentialAction\":[{\"@type\":\"ReadAction\",\"target\":[\"https:\/\/www.mncomunicacion.com\/en\/events-en\/marbella-luxury-weekend-opening-2013\"]}]},{\"@type\":\"ImageObject\",\"inLanguage\":\"en-US\",\"@id\":\"https:\/\/www.mncomunicacion.com\/en\/events-en\/marbella-luxury-weekend-opening-2013#primaryimage\",\"url\":\"https:\/\/www.mncomunicacion.com\/wp-content\/uploads\/2019\/05\/Entrega_Diamante_647x800.jpg\",\"contentUrl\":\"https:\/\/www.mncomunicacion.com\/wp-content\/uploads\/2019\/05\/Entrega_Diamante_647x800.jpg\",\"width\":150,\"height\":150},{\"@type\":\"BreadcrumbList\",\"@id\":\"https:\/\/www.mncomunicacion.com\/en\/events-en\/marbella-luxury-weekend-opening-2013#breadcrumb\",\"itemListElement\":[{\"@type\":\"ListItem\",\"position\":1,\"name\":\"Portada\",\"item\":\"https:\/\/www.mncomunicacion.com\/en\"},{\"@type\":\"ListItem\",\"position\":2,\"name\":\"Marbella Luxury Weekend Opening 2013\"}]},{\"@type\":\"WebSite\",\"@id\":\"https:\/\/www.mncomunicacion.com\/#website\",\"url\":\"https:\/\/www.mncomunicacion.com\/\",\"name\":\"MN Comunicaci\u00f3n\",\"description\":\"Agencia de Comunicaci\u00f3n y Organizaci\u00f3n de Eventos en Marbella\",\"publisher\":{\"@id\":\"https:\/\/www.mncomunicacion.com\/#organization\"},\"potentialAction\":[{\"@type\":\"SearchAction\",\"target\":{\"@type\":\"EntryPoint\",\"urlTemplate\":\"https:\/\/www.mncomunicacion.com\/?s={search_term_string}\"},\"query-input\":\"required name=search_term_string\"}],\"inLanguage\":\"en-US\"},{\"@type\":\"Organization\",\"@id\":\"https:\/\/www.mncomunicacion.com\/#organization\",\"name\":\"MN COMUNICACI\u00d3N\",\"url\":\"https:\/\/www.mncomunicacion.com\/\",\"logo\":{\"@type\":\"ImageObject\",\"inLanguage\":\"en-US\",\"@id\":\"https:\/\/www.mncomunicacion.com\/#\/schema\/logo\/image\/\",\"url\":\"https:\/\/www.mncomunicacion.com\/wp-content\/uploads\/2019\/05\/logo.png\",\"contentUrl\":\"https:\/\/www.mncomunicacion.com\/wp-content\/uploads\/2019\/05\/logo.png\",\"width\":150,\"height\":150,\"caption\":\"MN COMUNICACI\u00d3N\"},\"image\":{\"@id\":\"https:\/\/www.mncomunicacion.com\/#\/schema\/logo\/image\/\"},\"sameAs\":[\"https:\/\/www.facebook.com\/marienoelle.escomunicacion\/\",\"https:\/\/x.com\/MNcomunicacion\",\"https:\/\/www.linkedin.com\/company\/marie-no-lle-es-comunicaci-n\/\",\"https:\/\/www.youtube.com\/channel\/UCnHVdXKiLf30LsIfV8k0xIQ\"]},{\"@type\":\"Person\",\"@id\":\"https:\/\/www.mncomunicacion.com\/#\/schema\/person\/70225cf35dfcd918c90eb1a00df42de9\",\"name\":\"Marie-No\u00eblle\"}]}<\/script>\n<!-- \/ Yoast SEO plugin. -->","yoast_head_json":{"title":"Marbella Luxury Weekend Opening 2013 | MN Comunicaci\u00f3n","robots":{"index":"index","follow":"follow","max-snippet":"max-snippet:-1","max-image-preview":"max-image-preview:large","max-video-preview":"max-video-preview:-1"},"canonical":"https:\/\/www.mncomunicacion.com\/en\/events-en\/marbella-luxury-weekend-opening-2013","og_locale":"en_US","og_type":"article","og_title":"Marbella Luxury Weekend Opening 2013 | MN Comunicaci\u00f3n","og_description":"Five hundred people attended the opening of Marbella Luxury Weekend. The evening was held in a festive and sophisticated atmosphere. Marbella, 30thMay 2013:Today the third edition of Marbella Luxury Weekend officially opened with over 550 guests. Puerto Ban&uacute;s has opened its doors to the first big event of the summer season. Glamour and sophistication met at the VIP Tower Tent. Many celebrities walked down the red carpet at the first big night of the Luxury Weekend. This included the presence of Gunilla Von Bismarck and Luis Ortiz; Lamia Khashoggi and Debra Mace, Vice President and President of the organisation The Children for Peace; entrepreneurs Olivia Valere and Kristina Szekely; Evangelina Anderson and Martin Demichelis, player at M&aacute;laga Football Club; Juan Jos&eacute; Gonz&aacute;lez, President of CIT Marbella, and many more. During the event, the Spanish Association of Luxury awarded the Mayoress of Marbella, &Aacute;ngeles Mu&ntilde;oz, the Diamond of Honour, presented by the Association&rsquo;s President, HRH Beatriz de Orleans, who is also the honourary chair of Marbella Luxury Weekend. &ldquo;Puerto Ban&uacute;s is a gateway that attracts the best of fashion, motor vehicles, boats, art, glamour and from the Town Council we want to offer our support and our efforts to all firms who have contributed to this great event, that is certainly a commitment to excellence,&rdquo; said Mu&ntilde;oz. Beatriz de Orleans pointed out that &ldquo;this recognition of the Mayoress and the Town Council is an award for positioning the name of Marbella as an image of luxury worldwide&rdquo;. Jos&eacute; Luis Hern&aacute;ndez from the Department of Tourism used the occasion to thank the participating firms for their support during Marbella Luxury Weekend and recalled that &ldquo;the objective is to maintain and ensure the tourism that the town deserves, both luxury and quality tourism&rdquo;. Attendees enjoyed divine catering produced by renowned two Michelin-starred chef, Dani Garc&iacute;a, who has worked selflessly in all activities surrounding this complex event. The magnificent performance of the young dancer Aitana Mu&ntilde;oz drew applause and cheers from the audience with her impressive flamenco show. The opening also included different and unique musical and dance performances that enlivened the evening and highly entertained guests.Prior to the opening, &Aacute;ngeles Mu&ntilde;oz, proceeded to open the art exhibition, organised by Faim Art, which for four days will be located in the Tower of Puerto Ban&uacute;s. This third edition has brought together more than fifty national and international firms which have all worked hard to convert Puerto Ban&uacute;s into the ideal enclave for this social and cultural gathering. You can download the programme for the four days at www.marbellaluxuryweekend.com &nbsp;","og_url":"https:\/\/www.mncomunicacion.com\/en\/events-en\/marbella-luxury-weekend-opening-2013","og_site_name":"MN Comunicaci\u00f3n","article_publisher":"https:\/\/www.facebook.com\/marienoelle.escomunicacion\/","article_published_time":"2013-05-31T11:10:42+00:00","og_image":[{"width":150,"height":150,"url":"https:\/\/www.mncomunicacion.com\/wp-content\/uploads\/2019\/05\/Entrega_Diamante_647x800.jpg","type":"image\/jpeg"}],"author":"Marie-No\u00eblle","twitter_card":"summary_large_image","twitter_creator":"@MNcomunicacion","twitter_site":"@MNcomunicacion","twitter_misc":{"Written by":"Marie-No\u00eblle","Est. reading time":"2 minutes"},"schema":{"@context":"https:\/\/schema.org","@graph":[{"@type":"Article","@id":"https:\/\/www.mncomunicacion.com\/en\/events-en\/marbella-luxury-weekend-opening-2013#article","isPartOf":{"@id":"https:\/\/www.mncomunicacion.com\/en\/events-en\/marbella-luxury-weekend-opening-2013"},"author":{"name":"Marie-No\u00eblle","@id":"https:\/\/www.mncomunicacion.com\/#\/schema\/person\/70225cf35dfcd918c90eb1a00df42de9"},"headline":"Marbella Luxury Weekend Opening 2013","datePublished":"2013-05-31T11:10:42+00:00","dateModified":"2013-05-31T11:10:42+00:00","mainEntityOfPage":{"@id":"https:\/\/www.mncomunicacion.com\/en\/events-en\/marbella-luxury-weekend-opening-2013"},"wordCount":467,"commentCount":0,"publisher":{"@id":"https:\/\/www.mncomunicacion.com\/#organization"},"image":{"@id":"https:\/\/www.mncomunicacion.com\/en\/events-en\/marbella-luxury-weekend-opening-2013#primaryimage"},"thumbnailUrl":"https:\/\/www.mncomunicacion.com\/wp-content\/uploads\/2019\/05\/Entrega_Diamante_647x800.jpg","articleSection":["Events"],"inLanguage":"en-US","potentialAction":[{"@type":"CommentAction","name":"Comment","target":["https:\/\/www.mncomunicacion.com\/en\/events-en\/marbella-luxury-weekend-opening-2013#respond"]}]},{"@type":"WebPage","@id":"https:\/\/www.mncomunicacion.com\/en\/events-en\/marbella-luxury-weekend-opening-2013","url":"https:\/\/www.mncomunicacion.com\/en\/events-en\/marbella-luxury-weekend-opening-2013","name":"Marbella Luxury Weekend Opening 2013 | MN Comunicaci\u00f3n","isPartOf":{"@id":"https:\/\/www.mncomunicacion.com\/#website"},"primaryImageOfPage":{"@id":"https:\/\/www.mncomunicacion.com\/en\/events-en\/marbella-luxury-weekend-opening-2013#primaryimage"},"image":{"@id":"https:\/\/www.mncomunicacion.com\/en\/events-en\/marbella-luxury-weekend-opening-2013#primaryimage"},"thumbnailUrl":"https:\/\/www.mncomunicacion.com\/wp-content\/uploads\/2019\/05\/Entrega_Diamante_647x800.jpg","datePublished":"2013-05-31T11:10:42+00:00","dateModified":"2013-05-31T11:10:42+00:00","breadcrumb":{"@id":"https:\/\/www.mncomunicacion.com\/en\/events-en\/marbella-luxury-weekend-opening-2013#breadcrumb"},"inLanguage":"en-US","potentialAction":[{"@type":"ReadAction","target":["https:\/\/www.mncomunicacion.com\/en\/events-en\/marbella-luxury-weekend-opening-2013"]}]},{"@type":"ImageObject","inLanguage":"en-US","@id":"https:\/\/www.mncomunicacion.com\/en\/events-en\/marbella-luxury-weekend-opening-2013#primaryimage","url":"https:\/\/www.mncomunicacion.com\/wp-content\/uploads\/2019\/05\/Entrega_Diamante_647x800.jpg","contentUrl":"https:\/\/www.mncomunicacion.com\/wp-content\/uploads\/2019\/05\/Entrega_Diamante_647x800.jpg","width":150,"height":150},{"@type":"BreadcrumbList","@id":"https:\/\/www.mncomunicacion.com\/en\/events-en\/marbella-luxury-weekend-opening-2013#breadcrumb","itemListElement":[{"@type":"ListItem","position":1,"name":"Portada","item":"https:\/\/www.mncomunicacion.com\/en"},{"@type":"ListItem","position":2,"name":"Marbella Luxury Weekend Opening 2013"}]},{"@type":"WebSite","@id":"https:\/\/www.mncomunicacion.com\/#website","url":"https:\/\/www.mncomunicacion.com\/","name":"MN Comunicaci\u00f3n","description":"Agencia de Comunicaci\u00f3n y Organizaci\u00f3n de Eventos en Marbella","publisher":{"@id":"https:\/\/www.mncomunicacion.com\/#organization"},"potentialAction":[{"@type":"SearchAction","target":{"@type":"EntryPoint","urlTemplate":"https:\/\/www.mncomunicacion.com\/?s={search_term_string}"},"query-input":"required name=search_term_string"}],"inLanguage":"en-US"},{"@type":"Organization","@id":"https:\/\/www.mncomunicacion.com\/#organization","name":"MN COMUNICACI\u00d3N","url":"https:\/\/www.mncomunicacion.com\/","logo":{"@type":"ImageObject","inLanguage":"en-US","@id":"https:\/\/www.mncomunicacion.com\/#\/schema\/logo\/image\/","url":"https:\/\/www.mncomunicacion.com\/wp-content\/uploads\/2019\/05\/logo.png","contentUrl":"https:\/\/www.mncomunicacion.com\/wp-content\/uploads\/2019\/05\/logo.png","width":150,"height":150,"caption":"MN COMUNICACI\u00d3N"},"image":{"@id":"https:\/\/www.mncomunicacion.com\/#\/schema\/logo\/image\/"},"sameAs":["https:\/\/www.facebook.com\/marienoelle.escomunicacion\/","https:\/\/x.com\/MNcomunicacion","https:\/\/www.linkedin.com\/company\/marie-no-lle-es-comunicaci-n\/","https:\/\/www.youtube.com\/channel\/UCnHVdXKiLf30LsIfV8k0xIQ"]},{"@type":"Person","@id":"https:\/\/www.mncomunicacion.com\/#\/schema\/person\/70225cf35dfcd918c90eb1a00df42de9","name":"Marie-No\u00eblle"}]}},"_links":{"self":[{"href":"https:\/\/www.mncomunicacion.com\/en\/wp-json\/wp\/v2\/posts\/5670"}],"collection":[{"href":"https:\/\/www.mncomunicacion.com\/en\/wp-json\/wp\/v2\/posts"}],"about":[{"href":"https:\/\/www.mncomunicacion.com\/en\/wp-json\/wp\/v2\/types\/post"}],"author":[{"embeddable":true,"href":"https:\/\/www.mncomunicacion.com\/en\/wp-json\/wp\/v2\/users\/3"}],"replies":[{"embeddable":true,"href":"https:\/\/www.mncomunicacion.com\/en\/wp-json\/wp\/v2\/comments?post=5670"}],"version-history":[{"count":0,"href":"https:\/\/www.mncomunicacion.com\/en\/wp-json\/wp\/v2\/posts\/5670\/revisions"}],"wp:featuredmedia":[{"embeddable":true,"href":"https:\/\/www.mncomunicacion.com\/en\/wp-json\/wp\/v2\/media\/5671"}],"wp:attachment":[{"href":"https:\/\/www.mncomunicacion.com\/en\/wp-json\/wp\/v2\/media?parent=5670"}],"wp:term":[{"taxonomy":"category","embeddable":true,"href":"https:\/\/www.mncomunicacion.com\/en\/wp-json\/wp\/v2\/categories?post=5670"},{"taxonomy":"post_tag","embeddable":true,"href":"https:\/\/www.mncomunicacion.com\/en\/wp-json\/wp\/v2\/tags?post=5670"}],"curies":[{"name":"wp","href":"https:\/\/api.w.org\/{rel}","templated":true}]}}