{"id":5652,"date":"2013-10-22T12:17:51","date_gmt":"2013-10-22T12:17:51","guid":{"rendered":"https:\/\/www.mncomunicacion.com\/around-150-companies-now-belong-to-luks-marbella-vip-club"},"modified":"2013-10-22T12:17:51","modified_gmt":"2013-10-22T12:17:51","slug":"around-150-companies-now-belong-to-luks-marbella-vip-club","status":"publish","type":"post","link":"https:\/\/www.mncomunicacion.com\/en\/events-en\/around-150-companies-now-belong-to-luks-marbella-vip-club","title":{"rendered":"Around 150 companies now belong to Luks Marbella VIP Club"},"content":{"rendered":"<p>Many of the most emblematic businesses of the Costa del Sol are already part of this platform.<\/p>\n<p> <\/p>\n<p style=\"margin-top: 0cm; margin-right: 0cm; margin-bottom: 0.0001pt; text-align: justify;\"><span style=\"font-family: helvetica;\"><span style=\"color: #000000;\"><strong>Marbella, October 18<sup>th<\/sup> 2013:&nbsp;<\/strong><\/span>Yesterday, the restaurant La MeridianadelAlabardero hosted the first gathering of Luks Marbella VIP Club members, a club that unites nearly 150 companies.&nbsp;<\/span><\/p>\n<p style=\"margin-top: 0cm; margin-right: 0cm; margin-bottom: 0.0001pt; text-align: justify;\"><span style=\"font-family: helvetica;\">The attendees, 130 owners and managers of some of the most iconic businesses of the Costa del Sol, have recently joined this group whose main objective is to develop Russian customer loyalty by providing a quality product and service as well as a more personalised treatment.&nbsp;<\/span><\/p>\n<p style=\"margin-top: 0cm; margin-right: 0cm; margin-bottom: 0.0001pt; text-align: justify;\"><span style=\"font-family: helvetica;\">Among the guests were representatives from various sectors including Hospitality, Fashion, Beauty, Lawyers, Marketing, Schools, Clinics, Real Estate and many more.<\/span><\/p>\n<p style=\"margin-top: 0cm; margin-right: 0cm; margin-bottom: 0.0001pt; text-align: justify;\"><span style=\"font-family: helvetica;\">The event was a great success with many new collaborations, projects and businesses starting to come together.<\/span><\/p>\n<p style=\"margin-top: 0cm; margin-right: 0cm; margin-bottom: 0.0001pt; text-align: justify;\"><span style=\"font-family: helvetica;\">The official presentation of Luks Marbella VIP Club will take place on November 12th.&nbsp;<\/span><\/p>\n<p><span style=\"font-family: helvetica;\">For more information on this club, please visit the website <a href=\"http:\/\/www.luksmarbella.com\/\">www.luksmarbella.com<\/a><\/span><\/p>\n","protected":false},"excerpt":{"rendered":"<p>Many of the most emblematic businesses of the Costa del Sol are already part of this platform. Marbella, October 18th 2013:&nbsp;Yesterday, the restaurant La MeridianadelAlabardero hosted the first gathering of Luks Marbella VIP Club members, a club that unites nearly 150 companies.&nbsp; The attendees, 130 owners and managers of some of the most iconic businesses of the Costa del Sol, have recently joined this group whose main objective is to develop Russian customer loyalty by providing a quality product and service as well as a more personalised treatment.&nbsp; Among the guests were representatives from various sectors including Hospitality, Fashion, Beauty, Lawyers, Marketing, Schools, Clinics, Real Estate and many more. The event was a great success with many new collaborations, projects and businesses starting to come together. The official presentation of Luks Marbella VIP Club will take place on November 12th.&nbsp; For more information on this club, please visit the website www.luksmarbella.com<\/p>\n","protected":false},"author":3,"featured_media":5653,"comment_status":"open","ping_status":"open","sticky":false,"template":"","format":"standard","meta":{"_exactmetrics_skip_tracking":false,"_exactmetrics_sitenote_active":false,"_exactmetrics_sitenote_note":"","_exactmetrics_sitenote_category":0,"footnotes":""},"categories":[486],"tags":[],"class_list":["post-5652","post","type-post","status-publish","format-standard","has-post-thumbnail","hentry","category-events-en"],"yoast_head":"<!-- This site is optimized with the Yoast SEO plugin v23.0 - https:\/\/yoast.com\/wordpress\/plugins\/seo\/ -->\n<title>Around 150 companies now belong to Luks Marbella VIP Club | MN Comunicaci\u00f3n<\/title>\n<meta name=\"robots\" content=\"index, follow, max-snippet:-1, max-image-preview:large, max-video-preview:-1\" \/>\n<link rel=\"canonical\" href=\"https:\/\/www.mncomunicacion.com\/en\/events-en\/around-150-companies-now-belong-to-luks-marbella-vip-club\" \/>\n<meta property=\"og:locale\" content=\"en_US\" \/>\n<meta property=\"og:type\" content=\"article\" \/>\n<meta property=\"og:title\" content=\"Around 150 companies now belong to Luks Marbella VIP Club | MN Comunicaci\u00f3n\" \/>\n<meta property=\"og:description\" content=\"Many of the most emblematic businesses of the Costa del Sol are already part of this platform. Marbella, October 18th 2013:&nbsp;Yesterday, the restaurant La MeridianadelAlabardero hosted the first gathering of Luks Marbella VIP Club members, a club that unites nearly 150 companies.&nbsp; The attendees, 130 owners and managers of some of the most iconic businesses of the Costa del Sol, have recently joined this group whose main objective is to develop Russian customer loyalty by providing a quality product and service as well as a more personalised treatment.&nbsp; Among the guests were representatives from various sectors including Hospitality, Fashion, Beauty, Lawyers, Marketing, Schools, Clinics, Real Estate and many more. The event was a great success with many new collaborations, projects and businesses starting to come together. The official presentation of Luks Marbella VIP Club will take place on November 12th.&nbsp; For more information on this club, please visit the website www.luksmarbella.com\" \/>\n<meta property=\"og:url\" content=\"https:\/\/www.mncomunicacion.com\/en\/events-en\/around-150-companies-now-belong-to-luks-marbella-vip-club\" \/>\n<meta property=\"og:site_name\" content=\"MN Comunicaci\u00f3n\" \/>\n<meta property=\"article:publisher\" content=\"https:\/\/www.facebook.com\/marienoelle.escomunicacion\/\" \/>\n<meta property=\"article:published_time\" content=\"2013-10-22T12:17:51+00:00\" \/>\n<meta property=\"og:image\" content=\"https:\/\/www.mncomunicacion.com\/wp-content\/uploads\/2019\/05\/foto%20grupo%20de%20asistentes%20baja2.jpg\" \/>\n\t<meta property=\"og:image:width\" content=\"150\" \/>\n\t<meta property=\"og:image:height\" content=\"150\" \/>\n\t<meta property=\"og:image:type\" content=\"image\/jpeg\" \/>\n<meta name=\"author\" content=\"Marie-No\u00eblle\" \/>\n<meta name=\"twitter:card\" content=\"summary_large_image\" \/>\n<meta name=\"twitter:creator\" content=\"@MNcomunicacion\" \/>\n<meta name=\"twitter:site\" content=\"@MNcomunicacion\" \/>\n<meta name=\"twitter:label1\" content=\"Written by\" \/>\n\t<meta name=\"twitter:data1\" content=\"Marie-No\u00eblle\" \/>\n\t<meta name=\"twitter:label2\" content=\"Est. reading time\" \/>\n\t<meta name=\"twitter:data2\" content=\"1 minute\" \/>\n<script type=\"application\/ld+json\" class=\"yoast-schema-graph\">{\"@context\":\"https:\/\/schema.org\",\"@graph\":[{\"@type\":\"Article\",\"@id\":\"https:\/\/www.mncomunicacion.com\/en\/events-en\/around-150-companies-now-belong-to-luks-marbella-vip-club#article\",\"isPartOf\":{\"@id\":\"https:\/\/www.mncomunicacion.com\/en\/events-en\/around-150-companies-now-belong-to-luks-marbella-vip-club\"},\"author\":{\"name\":\"Marie-No\u00eblle\",\"@id\":\"https:\/\/www.mncomunicacion.com\/#\/schema\/person\/70225cf35dfcd918c90eb1a00df42de9\"},\"headline\":\"Around 150 companies now belong to Luks Marbella VIP Club\",\"datePublished\":\"2013-10-22T12:17:51+00:00\",\"dateModified\":\"2013-10-22T12:17:51+00:00\",\"mainEntityOfPage\":{\"@id\":\"https:\/\/www.mncomunicacion.com\/en\/events-en\/around-150-companies-now-belong-to-luks-marbella-vip-club\"},\"wordCount\":164,\"commentCount\":0,\"publisher\":{\"@id\":\"https:\/\/www.mncomunicacion.com\/#organization\"},\"image\":{\"@id\":\"https:\/\/www.mncomunicacion.com\/en\/events-en\/around-150-companies-now-belong-to-luks-marbella-vip-club#primaryimage\"},\"thumbnailUrl\":\"https:\/\/www.mncomunicacion.com\/wp-content\/uploads\/2019\/05\/foto grupo de asistentes baja2.jpg\",\"articleSection\":[\"Events\"],\"inLanguage\":\"en-US\",\"potentialAction\":[{\"@type\":\"CommentAction\",\"name\":\"Comment\",\"target\":[\"https:\/\/www.mncomunicacion.com\/en\/events-en\/around-150-companies-now-belong-to-luks-marbella-vip-club#respond\"]}]},{\"@type\":\"WebPage\",\"@id\":\"https:\/\/www.mncomunicacion.com\/en\/events-en\/around-150-companies-now-belong-to-luks-marbella-vip-club\",\"url\":\"https:\/\/www.mncomunicacion.com\/en\/events-en\/around-150-companies-now-belong-to-luks-marbella-vip-club\",\"name\":\"Around 150 companies now belong to Luks Marbella VIP Club | MN Comunicaci\u00f3n\",\"isPartOf\":{\"@id\":\"https:\/\/www.mncomunicacion.com\/#website\"},\"primaryImageOfPage\":{\"@id\":\"https:\/\/www.mncomunicacion.com\/en\/events-en\/around-150-companies-now-belong-to-luks-marbella-vip-club#primaryimage\"},\"image\":{\"@id\":\"https:\/\/www.mncomunicacion.com\/en\/events-en\/around-150-companies-now-belong-to-luks-marbella-vip-club#primaryimage\"},\"thumbnailUrl\":\"https:\/\/www.mncomunicacion.com\/wp-content\/uploads\/2019\/05\/foto grupo de asistentes baja2.jpg\",\"datePublished\":\"2013-10-22T12:17:51+00:00\",\"dateModified\":\"2013-10-22T12:17:51+00:00\",\"breadcrumb\":{\"@id\":\"https:\/\/www.mncomunicacion.com\/en\/events-en\/around-150-companies-now-belong-to-luks-marbella-vip-club#breadcrumb\"},\"inLanguage\":\"en-US\",\"potentialAction\":[{\"@type\":\"ReadAction\",\"target\":[\"https:\/\/www.mncomunicacion.com\/en\/events-en\/around-150-companies-now-belong-to-luks-marbella-vip-club\"]}]},{\"@type\":\"ImageObject\",\"inLanguage\":\"en-US\",\"@id\":\"https:\/\/www.mncomunicacion.com\/en\/events-en\/around-150-companies-now-belong-to-luks-marbella-vip-club#primaryimage\",\"url\":\"https:\/\/www.mncomunicacion.com\/wp-content\/uploads\/2019\/05\/foto grupo de asistentes baja2.jpg\",\"contentUrl\":\"https:\/\/www.mncomunicacion.com\/wp-content\/uploads\/2019\/05\/foto grupo de asistentes baja2.jpg\",\"width\":150,\"height\":150},{\"@type\":\"BreadcrumbList\",\"@id\":\"https:\/\/www.mncomunicacion.com\/en\/events-en\/around-150-companies-now-belong-to-luks-marbella-vip-club#breadcrumb\",\"itemListElement\":[{\"@type\":\"ListItem\",\"position\":1,\"name\":\"Portada\",\"item\":\"https:\/\/www.mncomunicacion.com\/en\"},{\"@type\":\"ListItem\",\"position\":2,\"name\":\"Around 150 companies now belong to Luks Marbella VIP Club\"}]},{\"@type\":\"WebSite\",\"@id\":\"https:\/\/www.mncomunicacion.com\/#website\",\"url\":\"https:\/\/www.mncomunicacion.com\/\",\"name\":\"MN Comunicaci\u00f3n\",\"description\":\"Agencia de Comunicaci\u00f3n y Organizaci\u00f3n de Eventos en Marbella\",\"publisher\":{\"@id\":\"https:\/\/www.mncomunicacion.com\/#organization\"},\"potentialAction\":[{\"@type\":\"SearchAction\",\"target\":{\"@type\":\"EntryPoint\",\"urlTemplate\":\"https:\/\/www.mncomunicacion.com\/?s={search_term_string}\"},\"query-input\":\"required name=search_term_string\"}],\"inLanguage\":\"en-US\"},{\"@type\":\"Organization\",\"@id\":\"https:\/\/www.mncomunicacion.com\/#organization\",\"name\":\"MN COMUNICACI\u00d3N\",\"url\":\"https:\/\/www.mncomunicacion.com\/\",\"logo\":{\"@type\":\"ImageObject\",\"inLanguage\":\"en-US\",\"@id\":\"https:\/\/www.mncomunicacion.com\/#\/schema\/logo\/image\/\",\"url\":\"https:\/\/www.mncomunicacion.com\/wp-content\/uploads\/2019\/05\/logo.png\",\"contentUrl\":\"https:\/\/www.mncomunicacion.com\/wp-content\/uploads\/2019\/05\/logo.png\",\"width\":150,\"height\":150,\"caption\":\"MN COMUNICACI\u00d3N\"},\"image\":{\"@id\":\"https:\/\/www.mncomunicacion.com\/#\/schema\/logo\/image\/\"},\"sameAs\":[\"https:\/\/www.facebook.com\/marienoelle.escomunicacion\/\",\"https:\/\/x.com\/MNcomunicacion\",\"https:\/\/www.linkedin.com\/company\/marie-no-lle-es-comunicaci-n\/\",\"https:\/\/www.youtube.com\/channel\/UCnHVdXKiLf30LsIfV8k0xIQ\"]},{\"@type\":\"Person\",\"@id\":\"https:\/\/www.mncomunicacion.com\/#\/schema\/person\/70225cf35dfcd918c90eb1a00df42de9\",\"name\":\"Marie-No\u00eblle\"}]}<\/script>\n<!-- \/ Yoast SEO plugin. -->","yoast_head_json":{"title":"Around 150 companies now belong to Luks Marbella VIP Club | MN Comunicaci\u00f3n","robots":{"index":"index","follow":"follow","max-snippet":"max-snippet:-1","max-image-preview":"max-image-preview:large","max-video-preview":"max-video-preview:-1"},"canonical":"https:\/\/www.mncomunicacion.com\/en\/events-en\/around-150-companies-now-belong-to-luks-marbella-vip-club","og_locale":"en_US","og_type":"article","og_title":"Around 150 companies now belong to Luks Marbella VIP Club | MN Comunicaci\u00f3n","og_description":"Many of the most emblematic businesses of the Costa del Sol are already part of this platform. Marbella, October 18th 2013:&nbsp;Yesterday, the restaurant La MeridianadelAlabardero hosted the first gathering of Luks Marbella VIP Club members, a club that unites nearly 150 companies.&nbsp; The attendees, 130 owners and managers of some of the most iconic businesses of the Costa del Sol, have recently joined this group whose main objective is to develop Russian customer loyalty by providing a quality product and service as well as a more personalised treatment.&nbsp; Among the guests were representatives from various sectors including Hospitality, Fashion, Beauty, Lawyers, Marketing, Schools, Clinics, Real Estate and many more. The event was a great success with many new collaborations, projects and businesses starting to come together. The official presentation of Luks Marbella VIP Club will take place on November 12th.&nbsp; For more information on this club, please visit the website www.luksmarbella.com","og_url":"https:\/\/www.mncomunicacion.com\/en\/events-en\/around-150-companies-now-belong-to-luks-marbella-vip-club","og_site_name":"MN Comunicaci\u00f3n","article_publisher":"https:\/\/www.facebook.com\/marienoelle.escomunicacion\/","article_published_time":"2013-10-22T12:17:51+00:00","og_image":[{"width":150,"height":150,"url":"https:\/\/www.mncomunicacion.com\/wp-content\/uploads\/2019\/05\/foto grupo de asistentes baja2.jpg","type":"image\/jpeg"}],"author":"Marie-No\u00eblle","twitter_card":"summary_large_image","twitter_creator":"@MNcomunicacion","twitter_site":"@MNcomunicacion","twitter_misc":{"Written by":"Marie-No\u00eblle","Est. reading time":"1 minute"},"schema":{"@context":"https:\/\/schema.org","@graph":[{"@type":"Article","@id":"https:\/\/www.mncomunicacion.com\/en\/events-en\/around-150-companies-now-belong-to-luks-marbella-vip-club#article","isPartOf":{"@id":"https:\/\/www.mncomunicacion.com\/en\/events-en\/around-150-companies-now-belong-to-luks-marbella-vip-club"},"author":{"name":"Marie-No\u00eblle","@id":"https:\/\/www.mncomunicacion.com\/#\/schema\/person\/70225cf35dfcd918c90eb1a00df42de9"},"headline":"Around 150 companies now belong to Luks Marbella VIP Club","datePublished":"2013-10-22T12:17:51+00:00","dateModified":"2013-10-22T12:17:51+00:00","mainEntityOfPage":{"@id":"https:\/\/www.mncomunicacion.com\/en\/events-en\/around-150-companies-now-belong-to-luks-marbella-vip-club"},"wordCount":164,"commentCount":0,"publisher":{"@id":"https:\/\/www.mncomunicacion.com\/#organization"},"image":{"@id":"https:\/\/www.mncomunicacion.com\/en\/events-en\/around-150-companies-now-belong-to-luks-marbella-vip-club#primaryimage"},"thumbnailUrl":"https:\/\/www.mncomunicacion.com\/wp-content\/uploads\/2019\/05\/foto grupo de asistentes baja2.jpg","articleSection":["Events"],"inLanguage":"en-US","potentialAction":[{"@type":"CommentAction","name":"Comment","target":["https:\/\/www.mncomunicacion.com\/en\/events-en\/around-150-companies-now-belong-to-luks-marbella-vip-club#respond"]}]},{"@type":"WebPage","@id":"https:\/\/www.mncomunicacion.com\/en\/events-en\/around-150-companies-now-belong-to-luks-marbella-vip-club","url":"https:\/\/www.mncomunicacion.com\/en\/events-en\/around-150-companies-now-belong-to-luks-marbella-vip-club","name":"Around 150 companies now belong to Luks Marbella VIP Club | MN Comunicaci\u00f3n","isPartOf":{"@id":"https:\/\/www.mncomunicacion.com\/#website"},"primaryImageOfPage":{"@id":"https:\/\/www.mncomunicacion.com\/en\/events-en\/around-150-companies-now-belong-to-luks-marbella-vip-club#primaryimage"},"image":{"@id":"https:\/\/www.mncomunicacion.com\/en\/events-en\/around-150-companies-now-belong-to-luks-marbella-vip-club#primaryimage"},"thumbnailUrl":"https:\/\/www.mncomunicacion.com\/wp-content\/uploads\/2019\/05\/foto grupo de asistentes baja2.jpg","datePublished":"2013-10-22T12:17:51+00:00","dateModified":"2013-10-22T12:17:51+00:00","breadcrumb":{"@id":"https:\/\/www.mncomunicacion.com\/en\/events-en\/around-150-companies-now-belong-to-luks-marbella-vip-club#breadcrumb"},"inLanguage":"en-US","potentialAction":[{"@type":"ReadAction","target":["https:\/\/www.mncomunicacion.com\/en\/events-en\/around-150-companies-now-belong-to-luks-marbella-vip-club"]}]},{"@type":"ImageObject","inLanguage":"en-US","@id":"https:\/\/www.mncomunicacion.com\/en\/events-en\/around-150-companies-now-belong-to-luks-marbella-vip-club#primaryimage","url":"https:\/\/www.mncomunicacion.com\/wp-content\/uploads\/2019\/05\/foto grupo de asistentes baja2.jpg","contentUrl":"https:\/\/www.mncomunicacion.com\/wp-content\/uploads\/2019\/05\/foto grupo de asistentes baja2.jpg","width":150,"height":150},{"@type":"BreadcrumbList","@id":"https:\/\/www.mncomunicacion.com\/en\/events-en\/around-150-companies-now-belong-to-luks-marbella-vip-club#breadcrumb","itemListElement":[{"@type":"ListItem","position":1,"name":"Portada","item":"https:\/\/www.mncomunicacion.com\/en"},{"@type":"ListItem","position":2,"name":"Around 150 companies now belong to Luks Marbella VIP Club"}]},{"@type":"WebSite","@id":"https:\/\/www.mncomunicacion.com\/#website","url":"https:\/\/www.mncomunicacion.com\/","name":"MN Comunicaci\u00f3n","description":"Agencia de Comunicaci\u00f3n y Organizaci\u00f3n de Eventos en Marbella","publisher":{"@id":"https:\/\/www.mncomunicacion.com\/#organization"},"potentialAction":[{"@type":"SearchAction","target":{"@type":"EntryPoint","urlTemplate":"https:\/\/www.mncomunicacion.com\/?s={search_term_string}"},"query-input":"required name=search_term_string"}],"inLanguage":"en-US"},{"@type":"Organization","@id":"https:\/\/www.mncomunicacion.com\/#organization","name":"MN COMUNICACI\u00d3N","url":"https:\/\/www.mncomunicacion.com\/","logo":{"@type":"ImageObject","inLanguage":"en-US","@id":"https:\/\/www.mncomunicacion.com\/#\/schema\/logo\/image\/","url":"https:\/\/www.mncomunicacion.com\/wp-content\/uploads\/2019\/05\/logo.png","contentUrl":"https:\/\/www.mncomunicacion.com\/wp-content\/uploads\/2019\/05\/logo.png","width":150,"height":150,"caption":"MN COMUNICACI\u00d3N"},"image":{"@id":"https:\/\/www.mncomunicacion.com\/#\/schema\/logo\/image\/"},"sameAs":["https:\/\/www.facebook.com\/marienoelle.escomunicacion\/","https:\/\/x.com\/MNcomunicacion","https:\/\/www.linkedin.com\/company\/marie-no-lle-es-comunicaci-n\/","https:\/\/www.youtube.com\/channel\/UCnHVdXKiLf30LsIfV8k0xIQ"]},{"@type":"Person","@id":"https:\/\/www.mncomunicacion.com\/#\/schema\/person\/70225cf35dfcd918c90eb1a00df42de9","name":"Marie-No\u00eblle"}]}},"_links":{"self":[{"href":"https:\/\/www.mncomunicacion.com\/en\/wp-json\/wp\/v2\/posts\/5652"}],"collection":[{"href":"https:\/\/www.mncomunicacion.com\/en\/wp-json\/wp\/v2\/posts"}],"about":[{"href":"https:\/\/www.mncomunicacion.com\/en\/wp-json\/wp\/v2\/types\/post"}],"author":[{"embeddable":true,"href":"https:\/\/www.mncomunicacion.com\/en\/wp-json\/wp\/v2\/users\/3"}],"replies":[{"embeddable":true,"href":"https:\/\/www.mncomunicacion.com\/en\/wp-json\/wp\/v2\/comments?post=5652"}],"version-history":[{"count":0,"href":"https:\/\/www.mncomunicacion.com\/en\/wp-json\/wp\/v2\/posts\/5652\/revisions"}],"wp:featuredmedia":[{"embeddable":true,"href":"https:\/\/www.mncomunicacion.com\/en\/wp-json\/wp\/v2\/media\/5653"}],"wp:attachment":[{"href":"https:\/\/www.mncomunicacion.com\/en\/wp-json\/wp\/v2\/media?parent=5652"}],"wp:term":[{"taxonomy":"category","embeddable":true,"href":"https:\/\/www.mncomunicacion.com\/en\/wp-json\/wp\/v2\/categories?post=5652"},{"taxonomy":"post_tag","embeddable":true,"href":"https:\/\/www.mncomunicacion.com\/en\/wp-json\/wp\/v2\/tags?post=5652"}],"curies":[{"name":"wp","href":"https:\/\/api.w.org\/{rel}","templated":true}]}}