{"id":5634,"date":"2014-01-23T09:45:12","date_gmt":"2014-01-23T09:45:12","guid":{"rendered":"https:\/\/www.mncomunicacion.com\/angeles-munoz-presented-the-fourth-edition-of-marbella-luxury-weekend-at-fitur"},"modified":"2014-01-23T09:45:12","modified_gmt":"2014-01-23T09:45:12","slug":"angeles-munoz-presented-the-fourth-edition-of-marbella-luxury-weekend-at-fitur","status":"publish","type":"post","link":"https:\/\/www.mncomunicacion.com\/en\/events-en\/angeles-munoz-presented-the-fourth-edition-of-marbella-luxury-weekend-at-fitur","title":{"rendered":"\u00c1ngeles Mu\u00f1oz presented the fourth edition of Marbella Luxury Weekend at FITUR"},"content":{"rendered":"<p>Marbella Luxury Weekend celebrates its fourth edition. The Puerto Deportivo Jos&eacute; Ban&uacute;s will host this event from the 5th to the 8th of June.<\/p>\n<p> <\/p>\n<p style=\"text-align: justify;\"><span style=\"font-family: arial,helvetica,sans-serif; font-size: 12pt; color: #000000;\">Marbella, January 22nd 2014: The fourth edition of <strong>Marbella Luxury Weekend<\/strong> will take place this year on the <strong>5th till the 8th of June<\/strong>, it is presented as a luxurious showcase and a premier destination for tourists.<\/span><\/p>\n<p style=\"text-align: justify;\"><span style=\"font-family: arial,helvetica,sans-serif; font-size: 12pt; color: #000000;\">This was announced this afternoon at <strong>FITUR<\/strong> (International Tourism Fair) by &Aacute;ngeles Mu&ntilde;oz, the Mayor of Marbella, who also said that &#8220;Marbella&#8217;s motto is to go forward,&#8221; the <strong>Zagaleta<\/strong> Forum shows the &#8220;high quality it has achieved expectant of Marbella. &#8220;<\/span><\/p>\n<p style=\"text-align: justify;\"><span style=\"font-family: arial,helvetica,sans-serif; font-size: 12pt; color: #000000;\">For four days <strong>Puerto Banus<\/strong> will once again become the world leader in luxury tourism and exclusivity. During the first weekend in June there will be hundreds of events in the port area portraying international brands. The design, fashion and fine jewellery go hand in hand in with the other sectors such as catering, gastronomy, motors and sport.<\/span><\/p>\n<p style=\"text-align: justify;\"><span style=\"font-family: arial,helvetica,sans-serif; font-size: 12pt; color: #000000;\">Meanwhile, the Councillor for Tourism, Jos&eacute; Luis Hern&aacute;ndez, said that &#8220;MLW links the image of Marbella to a high quality and first class destination, as a novelty we proudly present a floating fashion catwalk. It will be the first catwalk to take place at sea, and not only be striking in its novelty but also because of the local and foreign premier designers &#8220;. All information about the participants, sponsors and program can be found on www.marbellaluxuryweekend.com .<\/span><\/p>\n<p style=\"text-align: justify;\"><span style=\"font-family: arial,helvetica,sans-serif; font-size: 12pt; color: #000000;\">Moreover, within Marbella Luxury Weekend, the Group Zagaleta also presented its third annual forum &#8220;Brands and Trends&#8221;, an initiative that brings together leading executives from major global sectors, who will analyse, through presentations and panel discussions, innovation, art, luxury, technology, social responsibility, and the rise of new markets.<\/span><\/p>\n<p style=\"text-align: justify;\"><span style=\"color: #000000;\"><span style=\"font-family: arial,helvetica,sans-serif; font-size: 12pt;\">Ignacio Perez, Director of Business Development at The Zagaleta, said that the Forum will take place on Friday the 6th of June and this time it will be opened by the new company president, Oswald Grubel. He also explained that &#8220;the theme of the third edition of The Forum will be Zagaleta &#8220;The mark on the twenty-first century.&#8221; Analysing innovation, art, luxury, technology, social responsibility and, of course, the new markets.&nbsp;<\/span><span style=\"font-family: arial,helvetica,sans-serif; font-size: 12pt;\">Our purpose is to learn to achieve excellence, share knowledge, and all the attendees will benefit from an enriching multi vision.&#8221;<\/span><\/span><\/p>\n<p style=\"text-align: justify;\"><span style=\"font-family: arial,helvetica,sans-serif; font-size: 12pt; color: #000000;\">In previous years, the Forum brought together fifty speakers, including the Vice President of Inditex and the presidents of Freixenet, Renfe and Coca-Cola, as well as senior executives from KPMG, UBS, Meli&aacute;, L&#8217;oreal, Tiffany &amp; Co. and Google, among others, which has turned it into a successful event as a professional platform to exchange ideas and strategies.<\/span><\/p>\n<p style=\"text-align: justify;\"><span style=\"color: #000000;\"><em><strong><span style=\"font-family: arial,helvetica,sans-serif; font-size: 12pt;\">About Marbella Luxury Weekend<\/span><\/strong><\/em><\/span><\/p>\n<p style=\"text-align: justify;\"><span style=\"font-family: arial,helvetica,sans-serif; font-size: 12pt; color: #000000;\">Marbella Luxury Weekend is an unprecedented event in Spain that is generated through an initiative, has been sponsored by the City of Marbella since 2011, and whose coordination and organization is carried out by the Tourist Board.<\/span><br \/><span style=\"font-family: arial,helvetica,sans-serif; font-size: 12pt; color: #000000;\">As already shown in the previous three editions, this is a large project that aims to promote worldwide, the various elite firms that comprise the basis of the principles of quality and excellence. Marbella and Puerto Ban&uacute;s are trademarks internationally renowned, most of which are located in this iconic place.<\/span><br \/><span style=\"font-family: arial,helvetica,sans-serif; font-size: 12pt; color: #000000;\">The Puerto Deportivo Jos&eacute; Ban&uacute;s is the perfect setting to host a multitude of actions to enhance the participating brands, partners and sponsors. Marbella Luxury Weekend has become a must in sectors such as luxury, fashion, design, engine, gastronomy and hospitality.<\/span><\/p>\n<p style=\"text-align: justify;\"><span style=\"color: #000000;\"><em><strong><span style=\"font-family: arial,helvetica,sans-serif; font-size: 12pt;\">About The Zagaleta<\/span><\/strong><\/em><\/span><\/p>\n<p style=\"text-align: justify;\"><span style=\"font-family: arial,helvetica,sans-serif; font-size: 12pt; color: #000000;\">The Zagaleta company owns the eponymous urbanisation in Benahav&iacute;s, M&aacute;laga. Founded in 1991, it is the most luxurious and prestigious development in Europe, with 900 acres and over 200 homes valued between 10 and 25 million euros.<\/span><\/p>\n<p><span style=\"color: #000000;\"><\/span><\/p>\n","protected":false},"excerpt":{"rendered":"<p>Marbella Luxury Weekend celebrates its fourth edition. The Puerto Deportivo Jos&eacute; Ban&uacute;s will host this event from the 5th to the 8th of June. Marbella, January 22nd 2014: The fourth edition of Marbella Luxury Weekend will take place this year on the 5th till the 8th of June, it is presented as a luxurious showcase and a premier destination for tourists. This was announced this afternoon at FITUR (International Tourism Fair) by &Aacute;ngeles Mu&ntilde;oz, the Mayor of Marbella, who also said that &#8220;Marbella&#8217;s motto is to go forward,&#8221; the Zagaleta Forum shows the &#8220;high quality it has achieved expectant of Marbella. &#8220; For four days Puerto Banus will once again become the world leader in luxury tourism and exclusivity. During the first weekend in June there will be hundreds of events in the port area portraying international brands. The design, fashion and fine jewellery go hand in hand in with the other sectors such as catering, gastronomy, motors and sport. Meanwhile, the Councillor for Tourism, Jos&eacute; Luis Hern&aacute;ndez, said that &#8220;MLW links the image of Marbella to a high quality and first class destination, as a novelty we proudly present a floating fashion catwalk. It will be the first catwalk to take place at sea, and not only be striking in its novelty but also because of the local and foreign premier designers &#8220;. All information about the participants, sponsors and program can be found on www.marbellaluxuryweekend.com . Moreover, within Marbella Luxury Weekend, the Group Zagaleta also presented its third annual forum &#8220;Brands and Trends&#8221;, an initiative that brings together leading executives from major global sectors, who will analyse, through presentations and panel discussions, innovation, art, luxury, technology, social responsibility, and the rise of new markets. Ignacio Perez, Director of Business Development at The Zagaleta, said that the Forum will take place on Friday the 6th of June and this time it will be opened by the new company president, Oswald Grubel. He also explained that &#8220;the theme of the third edition of The Forum will be Zagaleta &#8220;The mark on the twenty-first century.&#8221; Analysing innovation, art, luxury, technology, social responsibility and, of course, the new markets.&nbsp;Our purpose is to learn to achieve excellence, share knowledge, and all the attendees will benefit from an enriching multi vision.&#8221; In previous years, the Forum brought together fifty speakers, including the Vice President of Inditex and the presidents of Freixenet, Renfe and Coca-Cola, as well as senior executives from KPMG, UBS, Meli&aacute;, L&#8217;oreal, Tiffany &amp; Co. and Google, among others, which has turned it into a successful event as a professional platform to exchange ideas and strategies. About Marbella Luxury Weekend Marbella Luxury Weekend is an unprecedented event in Spain that is generated through an initiative, has been sponsored by the City of Marbella since 2011, and whose coordination and organization is carried out by the Tourist Board.As already shown in the previous three editions, this is a large project that aims to promote worldwide, the various elite firms that comprise the basis of the principles of quality and excellence. Marbella and Puerto Ban&uacute;s are trademarks internationally renowned, most of which are located in this iconic place.The Puerto Deportivo Jos&eacute; Ban&uacute;s is the perfect setting to host a multitude of actions to enhance the participating brands, partners and sponsors. Marbella Luxury Weekend has become a must in sectors such as luxury, fashion, design, engine, gastronomy and hospitality. About The Zagaleta The Zagaleta company owns the eponymous urbanisation in Benahav&iacute;s, M&aacute;laga. Founded in 1991, it is the most luxurious and prestigious development in Europe, with 900 acres and over 200 homes valued between 10 and 25 million euros.<\/p>\n","protected":false},"author":3,"featured_media":5635,"comment_status":"open","ping_status":"open","sticky":false,"template":"","format":"standard","meta":{"_exactmetrics_skip_tracking":false,"_exactmetrics_sitenote_active":false,"_exactmetrics_sitenote_note":"","_exactmetrics_sitenote_category":0,"footnotes":""},"categories":[486],"tags":[],"class_list":["post-5634","post","type-post","status-publish","format-standard","has-post-thumbnail","hentry","category-events-en"],"yoast_head":"<!-- This site is optimized with the Yoast SEO plugin v23.0 - https:\/\/yoast.com\/wordpress\/plugins\/seo\/ -->\n<title>\u00c1ngeles Mu\u00f1oz presented the fourth edition of Marbella Luxury Weekend at FITUR | MN Comunicaci\u00f3n<\/title>\n<meta name=\"robots\" content=\"index, follow, max-snippet:-1, max-image-preview:large, max-video-preview:-1\" \/>\n<link rel=\"canonical\" href=\"https:\/\/www.mncomunicacion.com\/en\/events-en\/angeles-munoz-presented-the-fourth-edition-of-marbella-luxury-weekend-at-fitur\" \/>\n<meta property=\"og:locale\" content=\"en_US\" \/>\n<meta property=\"og:type\" content=\"article\" \/>\n<meta property=\"og:title\" content=\"\u00c1ngeles Mu\u00f1oz presented the fourth edition of Marbella Luxury Weekend at FITUR | MN Comunicaci\u00f3n\" \/>\n<meta property=\"og:description\" content=\"Marbella Luxury Weekend celebrates its fourth edition. The Puerto Deportivo Jos&eacute; Ban&uacute;s will host this event from the 5th to the 8th of June. Marbella, January 22nd 2014: The fourth edition of Marbella Luxury Weekend will take place this year on the 5th till the 8th of June, it is presented as a luxurious showcase and a premier destination for tourists. This was announced this afternoon at FITUR (International Tourism Fair) by &Aacute;ngeles Mu&ntilde;oz, the Mayor of Marbella, who also said that &#8220;Marbella&#8217;s motto is to go forward,&#8221; the Zagaleta Forum shows the &#8220;high quality it has achieved expectant of Marbella. &#8220; For four days Puerto Banus will once again become the world leader in luxury tourism and exclusivity. During the first weekend in June there will be hundreds of events in the port area portraying international brands. The design, fashion and fine jewellery go hand in hand in with the other sectors such as catering, gastronomy, motors and sport. Meanwhile, the Councillor for Tourism, Jos&eacute; Luis Hern&aacute;ndez, said that &#8220;MLW links the image of Marbella to a high quality and first class destination, as a novelty we proudly present a floating fashion catwalk. It will be the first catwalk to take place at sea, and not only be striking in its novelty but also because of the local and foreign premier designers &#8220;. All information about the participants, sponsors and program can be found on www.marbellaluxuryweekend.com . Moreover, within Marbella Luxury Weekend, the Group Zagaleta also presented its third annual forum &#8220;Brands and Trends&#8221;, an initiative that brings together leading executives from major global sectors, who will analyse, through presentations and panel discussions, innovation, art, luxury, technology, social responsibility, and the rise of new markets. Ignacio Perez, Director of Business Development at The Zagaleta, said that the Forum will take place on Friday the 6th of June and this time it will be opened by the new company president, Oswald Grubel. He also explained that &#8220;the theme of the third edition of The Forum will be Zagaleta &#8220;The mark on the twenty-first century.&#8221; Analysing innovation, art, luxury, technology, social responsibility and, of course, the new markets.&nbsp;Our purpose is to learn to achieve excellence, share knowledge, and all the attendees will benefit from an enriching multi vision.&#8221; In previous years, the Forum brought together fifty speakers, including the Vice President of Inditex and the presidents of Freixenet, Renfe and Coca-Cola, as well as senior executives from KPMG, UBS, Meli&aacute;, L&#8217;oreal, Tiffany &amp; Co. and Google, among others, which has turned it into a successful event as a professional platform to exchange ideas and strategies. About Marbella Luxury Weekend Marbella Luxury Weekend is an unprecedented event in Spain that is generated through an initiative, has been sponsored by the City of Marbella since 2011, and whose coordination and organization is carried out by the Tourist Board.As already shown in the previous three editions, this is a large project that aims to promote worldwide, the various elite firms that comprise the basis of the principles of quality and excellence. Marbella and Puerto Ban&uacute;s are trademarks internationally renowned, most of which are located in this iconic place.The Puerto Deportivo Jos&eacute; Ban&uacute;s is the perfect setting to host a multitude of actions to enhance the participating brands, partners and sponsors. Marbella Luxury Weekend has become a must in sectors such as luxury, fashion, design, engine, gastronomy and hospitality. About The Zagaleta The Zagaleta company owns the eponymous urbanisation in Benahav&iacute;s, M&aacute;laga. Founded in 1991, it is the most luxurious and prestigious development in Europe, with 900 acres and over 200 homes valued between 10 and 25 million euros.\" \/>\n<meta property=\"og:url\" content=\"https:\/\/www.mncomunicacion.com\/en\/events-en\/angeles-munoz-presented-the-fourth-edition-of-marbella-luxury-weekend-at-fitur\" \/>\n<meta property=\"og:site_name\" content=\"MN Comunicaci\u00f3n\" \/>\n<meta property=\"article:publisher\" content=\"https:\/\/www.facebook.com\/marienoelle.escomunicacion\/\" \/>\n<meta property=\"article:published_time\" content=\"2014-01-23T09:45:12+00:00\" \/>\n<meta property=\"og:image\" content=\"https:\/\/www.mncomunicacion.com\/wp-content\/uploads\/2019\/05\/jos%20luis%20hernndez%20mara%20ngeles%20muoz%20ignacio%20prez.jpg\" \/>\n\t<meta property=\"og:image:width\" content=\"150\" \/>\n\t<meta property=\"og:image:height\" content=\"150\" \/>\n\t<meta property=\"og:image:type\" content=\"image\/jpeg\" \/>\n<meta name=\"author\" content=\"Marie-No\u00eblle\" \/>\n<meta name=\"twitter:card\" content=\"summary_large_image\" \/>\n<meta name=\"twitter:creator\" content=\"@MNcomunicacion\" \/>\n<meta name=\"twitter:site\" content=\"@MNcomunicacion\" \/>\n<meta name=\"twitter:label1\" content=\"Written by\" \/>\n\t<meta name=\"twitter:data1\" content=\"Marie-No\u00eblle\" \/>\n\t<meta name=\"twitter:label2\" content=\"Est. reading time\" \/>\n\t<meta name=\"twitter:data2\" content=\"3 minutes\" \/>\n<script type=\"application\/ld+json\" class=\"yoast-schema-graph\">{\"@context\":\"https:\/\/schema.org\",\"@graph\":[{\"@type\":\"Article\",\"@id\":\"https:\/\/www.mncomunicacion.com\/en\/events-en\/angeles-munoz-presented-the-fourth-edition-of-marbella-luxury-weekend-at-fitur#article\",\"isPartOf\":{\"@id\":\"https:\/\/www.mncomunicacion.com\/en\/events-en\/angeles-munoz-presented-the-fourth-edition-of-marbella-luxury-weekend-at-fitur\"},\"author\":{\"name\":\"Marie-No\u00eblle\",\"@id\":\"https:\/\/www.mncomunicacion.com\/#\/schema\/person\/70225cf35dfcd918c90eb1a00df42de9\"},\"headline\":\"\u00c1ngeles Mu\u00f1oz presented the fourth edition of Marbella Luxury Weekend at FITUR\",\"datePublished\":\"2014-01-23T09:45:12+00:00\",\"dateModified\":\"2014-01-23T09:45:12+00:00\",\"mainEntityOfPage\":{\"@id\":\"https:\/\/www.mncomunicacion.com\/en\/events-en\/angeles-munoz-presented-the-fourth-edition-of-marbella-luxury-weekend-at-fitur\"},\"wordCount\":632,\"commentCount\":0,\"publisher\":{\"@id\":\"https:\/\/www.mncomunicacion.com\/#organization\"},\"image\":{\"@id\":\"https:\/\/www.mncomunicacion.com\/en\/events-en\/angeles-munoz-presented-the-fourth-edition-of-marbella-luxury-weekend-at-fitur#primaryimage\"},\"thumbnailUrl\":\"https:\/\/www.mncomunicacion.com\/wp-content\/uploads\/2019\/05\/jos%20luis%20hernndez%20mara%20ngeles%20muoz%20ignacio%20prez.jpg\",\"articleSection\":[\"Events\"],\"inLanguage\":\"en-US\",\"potentialAction\":[{\"@type\":\"CommentAction\",\"name\":\"Comment\",\"target\":[\"https:\/\/www.mncomunicacion.com\/en\/events-en\/angeles-munoz-presented-the-fourth-edition-of-marbella-luxury-weekend-at-fitur#respond\"]}]},{\"@type\":\"WebPage\",\"@id\":\"https:\/\/www.mncomunicacion.com\/en\/events-en\/angeles-munoz-presented-the-fourth-edition-of-marbella-luxury-weekend-at-fitur\",\"url\":\"https:\/\/www.mncomunicacion.com\/en\/events-en\/angeles-munoz-presented-the-fourth-edition-of-marbella-luxury-weekend-at-fitur\",\"name\":\"\u00c1ngeles Mu\u00f1oz presented the fourth edition of Marbella Luxury Weekend at FITUR | MN Comunicaci\u00f3n\",\"isPartOf\":{\"@id\":\"https:\/\/www.mncomunicacion.com\/#website\"},\"primaryImageOfPage\":{\"@id\":\"https:\/\/www.mncomunicacion.com\/en\/events-en\/angeles-munoz-presented-the-fourth-edition-of-marbella-luxury-weekend-at-fitur#primaryimage\"},\"image\":{\"@id\":\"https:\/\/www.mncomunicacion.com\/en\/events-en\/angeles-munoz-presented-the-fourth-edition-of-marbella-luxury-weekend-at-fitur#primaryimage\"},\"thumbnailUrl\":\"https:\/\/www.mncomunicacion.com\/wp-content\/uploads\/2019\/05\/jos%20luis%20hernndez%20mara%20ngeles%20muoz%20ignacio%20prez.jpg\",\"datePublished\":\"2014-01-23T09:45:12+00:00\",\"dateModified\":\"2014-01-23T09:45:12+00:00\",\"breadcrumb\":{\"@id\":\"https:\/\/www.mncomunicacion.com\/en\/events-en\/angeles-munoz-presented-the-fourth-edition-of-marbella-luxury-weekend-at-fitur#breadcrumb\"},\"inLanguage\":\"en-US\",\"potentialAction\":[{\"@type\":\"ReadAction\",\"target\":[\"https:\/\/www.mncomunicacion.com\/en\/events-en\/angeles-munoz-presented-the-fourth-edition-of-marbella-luxury-weekend-at-fitur\"]}]},{\"@type\":\"ImageObject\",\"inLanguage\":\"en-US\",\"@id\":\"https:\/\/www.mncomunicacion.com\/en\/events-en\/angeles-munoz-presented-the-fourth-edition-of-marbella-luxury-weekend-at-fitur#primaryimage\",\"url\":\"https:\/\/www.mncomunicacion.com\/wp-content\/uploads\/2019\/05\/jos%20luis%20hernndez%20mara%20ngeles%20muoz%20ignacio%20prez.jpg\",\"contentUrl\":\"https:\/\/www.mncomunicacion.com\/wp-content\/uploads\/2019\/05\/jos%20luis%20hernndez%20mara%20ngeles%20muoz%20ignacio%20prez.jpg\",\"width\":150,\"height\":150},{\"@type\":\"BreadcrumbList\",\"@id\":\"https:\/\/www.mncomunicacion.com\/en\/events-en\/angeles-munoz-presented-the-fourth-edition-of-marbella-luxury-weekend-at-fitur#breadcrumb\",\"itemListElement\":[{\"@type\":\"ListItem\",\"position\":1,\"name\":\"Portada\",\"item\":\"https:\/\/www.mncomunicacion.com\/en\"},{\"@type\":\"ListItem\",\"position\":2,\"name\":\"\u00c1ngeles Mu\u00f1oz presented the fourth edition of Marbella Luxury Weekend at FITUR\"}]},{\"@type\":\"WebSite\",\"@id\":\"https:\/\/www.mncomunicacion.com\/#website\",\"url\":\"https:\/\/www.mncomunicacion.com\/\",\"name\":\"MN Comunicaci\u00f3n\",\"description\":\"Agencia de Comunicaci\u00f3n y Organizaci\u00f3n de Eventos en Marbella\",\"publisher\":{\"@id\":\"https:\/\/www.mncomunicacion.com\/#organization\"},\"potentialAction\":[{\"@type\":\"SearchAction\",\"target\":{\"@type\":\"EntryPoint\",\"urlTemplate\":\"https:\/\/www.mncomunicacion.com\/?s={search_term_string}\"},\"query-input\":\"required name=search_term_string\"}],\"inLanguage\":\"en-US\"},{\"@type\":\"Organization\",\"@id\":\"https:\/\/www.mncomunicacion.com\/#organization\",\"name\":\"MN COMUNICACI\u00d3N\",\"url\":\"https:\/\/www.mncomunicacion.com\/\",\"logo\":{\"@type\":\"ImageObject\",\"inLanguage\":\"en-US\",\"@id\":\"https:\/\/www.mncomunicacion.com\/#\/schema\/logo\/image\/\",\"url\":\"https:\/\/www.mncomunicacion.com\/wp-content\/uploads\/2019\/05\/logo.png\",\"contentUrl\":\"https:\/\/www.mncomunicacion.com\/wp-content\/uploads\/2019\/05\/logo.png\",\"width\":150,\"height\":150,\"caption\":\"MN COMUNICACI\u00d3N\"},\"image\":{\"@id\":\"https:\/\/www.mncomunicacion.com\/#\/schema\/logo\/image\/\"},\"sameAs\":[\"https:\/\/www.facebook.com\/marienoelle.escomunicacion\/\",\"https:\/\/x.com\/MNcomunicacion\",\"https:\/\/www.linkedin.com\/company\/marie-no-lle-es-comunicaci-n\/\",\"https:\/\/www.youtube.com\/channel\/UCnHVdXKiLf30LsIfV8k0xIQ\"]},{\"@type\":\"Person\",\"@id\":\"https:\/\/www.mncomunicacion.com\/#\/schema\/person\/70225cf35dfcd918c90eb1a00df42de9\",\"name\":\"Marie-No\u00eblle\"}]}<\/script>\n<!-- \/ Yoast SEO plugin. -->","yoast_head_json":{"title":"\u00c1ngeles Mu\u00f1oz presented the fourth edition of Marbella Luxury Weekend at FITUR | MN Comunicaci\u00f3n","robots":{"index":"index","follow":"follow","max-snippet":"max-snippet:-1","max-image-preview":"max-image-preview:large","max-video-preview":"max-video-preview:-1"},"canonical":"https:\/\/www.mncomunicacion.com\/en\/events-en\/angeles-munoz-presented-the-fourth-edition-of-marbella-luxury-weekend-at-fitur","og_locale":"en_US","og_type":"article","og_title":"\u00c1ngeles Mu\u00f1oz presented the fourth edition of Marbella Luxury Weekend at FITUR | MN Comunicaci\u00f3n","og_description":"Marbella Luxury Weekend celebrates its fourth edition. The Puerto Deportivo Jos&eacute; Ban&uacute;s will host this event from the 5th to the 8th of June. Marbella, January 22nd 2014: The fourth edition of Marbella Luxury Weekend will take place this year on the 5th till the 8th of June, it is presented as a luxurious showcase and a premier destination for tourists. This was announced this afternoon at FITUR (International Tourism Fair) by &Aacute;ngeles Mu&ntilde;oz, the Mayor of Marbella, who also said that &#8220;Marbella&#8217;s motto is to go forward,&#8221; the Zagaleta Forum shows the &#8220;high quality it has achieved expectant of Marbella. &#8220; For four days Puerto Banus will once again become the world leader in luxury tourism and exclusivity. During the first weekend in June there will be hundreds of events in the port area portraying international brands. The design, fashion and fine jewellery go hand in hand in with the other sectors such as catering, gastronomy, motors and sport. Meanwhile, the Councillor for Tourism, Jos&eacute; Luis Hern&aacute;ndez, said that &#8220;MLW links the image of Marbella to a high quality and first class destination, as a novelty we proudly present a floating fashion catwalk. It will be the first catwalk to take place at sea, and not only be striking in its novelty but also because of the local and foreign premier designers &#8220;. All information about the participants, sponsors and program can be found on www.marbellaluxuryweekend.com . Moreover, within Marbella Luxury Weekend, the Group Zagaleta also presented its third annual forum &#8220;Brands and Trends&#8221;, an initiative that brings together leading executives from major global sectors, who will analyse, through presentations and panel discussions, innovation, art, luxury, technology, social responsibility, and the rise of new markets. Ignacio Perez, Director of Business Development at The Zagaleta, said that the Forum will take place on Friday the 6th of June and this time it will be opened by the new company president, Oswald Grubel. He also explained that &#8220;the theme of the third edition of The Forum will be Zagaleta &#8220;The mark on the twenty-first century.&#8221; Analysing innovation, art, luxury, technology, social responsibility and, of course, the new markets.&nbsp;Our purpose is to learn to achieve excellence, share knowledge, and all the attendees will benefit from an enriching multi vision.&#8221; In previous years, the Forum brought together fifty speakers, including the Vice President of Inditex and the presidents of Freixenet, Renfe and Coca-Cola, as well as senior executives from KPMG, UBS, Meli&aacute;, L&#8217;oreal, Tiffany &amp; Co. and Google, among others, which has turned it into a successful event as a professional platform to exchange ideas and strategies. About Marbella Luxury Weekend Marbella Luxury Weekend is an unprecedented event in Spain that is generated through an initiative, has been sponsored by the City of Marbella since 2011, and whose coordination and organization is carried out by the Tourist Board.As already shown in the previous three editions, this is a large project that aims to promote worldwide, the various elite firms that comprise the basis of the principles of quality and excellence. Marbella and Puerto Ban&uacute;s are trademarks internationally renowned, most of which are located in this iconic place.The Puerto Deportivo Jos&eacute; Ban&uacute;s is the perfect setting to host a multitude of actions to enhance the participating brands, partners and sponsors. Marbella Luxury Weekend has become a must in sectors such as luxury, fashion, design, engine, gastronomy and hospitality. About The Zagaleta The Zagaleta company owns the eponymous urbanisation in Benahav&iacute;s, M&aacute;laga. Founded in 1991, it is the most luxurious and prestigious development in Europe, with 900 acres and over 200 homes valued between 10 and 25 million euros.","og_url":"https:\/\/www.mncomunicacion.com\/en\/events-en\/angeles-munoz-presented-the-fourth-edition-of-marbella-luxury-weekend-at-fitur","og_site_name":"MN Comunicaci\u00f3n","article_publisher":"https:\/\/www.facebook.com\/marienoelle.escomunicacion\/","article_published_time":"2014-01-23T09:45:12+00:00","og_image":[{"width":150,"height":150,"url":"https:\/\/www.mncomunicacion.com\/wp-content\/uploads\/2019\/05\/jos%20luis%20hernndez%20mara%20ngeles%20muoz%20ignacio%20prez.jpg","type":"image\/jpeg"}],"author":"Marie-No\u00eblle","twitter_card":"summary_large_image","twitter_creator":"@MNcomunicacion","twitter_site":"@MNcomunicacion","twitter_misc":{"Written by":"Marie-No\u00eblle","Est. reading time":"3 minutes"},"schema":{"@context":"https:\/\/schema.org","@graph":[{"@type":"Article","@id":"https:\/\/www.mncomunicacion.com\/en\/events-en\/angeles-munoz-presented-the-fourth-edition-of-marbella-luxury-weekend-at-fitur#article","isPartOf":{"@id":"https:\/\/www.mncomunicacion.com\/en\/events-en\/angeles-munoz-presented-the-fourth-edition-of-marbella-luxury-weekend-at-fitur"},"author":{"name":"Marie-No\u00eblle","@id":"https:\/\/www.mncomunicacion.com\/#\/schema\/person\/70225cf35dfcd918c90eb1a00df42de9"},"headline":"\u00c1ngeles Mu\u00f1oz presented the fourth edition of Marbella Luxury Weekend at FITUR","datePublished":"2014-01-23T09:45:12+00:00","dateModified":"2014-01-23T09:45:12+00:00","mainEntityOfPage":{"@id":"https:\/\/www.mncomunicacion.com\/en\/events-en\/angeles-munoz-presented-the-fourth-edition-of-marbella-luxury-weekend-at-fitur"},"wordCount":632,"commentCount":0,"publisher":{"@id":"https:\/\/www.mncomunicacion.com\/#organization"},"image":{"@id":"https:\/\/www.mncomunicacion.com\/en\/events-en\/angeles-munoz-presented-the-fourth-edition-of-marbella-luxury-weekend-at-fitur#primaryimage"},"thumbnailUrl":"https:\/\/www.mncomunicacion.com\/wp-content\/uploads\/2019\/05\/jos%20luis%20hernndez%20mara%20ngeles%20muoz%20ignacio%20prez.jpg","articleSection":["Events"],"inLanguage":"en-US","potentialAction":[{"@type":"CommentAction","name":"Comment","target":["https:\/\/www.mncomunicacion.com\/en\/events-en\/angeles-munoz-presented-the-fourth-edition-of-marbella-luxury-weekend-at-fitur#respond"]}]},{"@type":"WebPage","@id":"https:\/\/www.mncomunicacion.com\/en\/events-en\/angeles-munoz-presented-the-fourth-edition-of-marbella-luxury-weekend-at-fitur","url":"https:\/\/www.mncomunicacion.com\/en\/events-en\/angeles-munoz-presented-the-fourth-edition-of-marbella-luxury-weekend-at-fitur","name":"\u00c1ngeles Mu\u00f1oz presented the fourth edition of Marbella Luxury Weekend at FITUR | MN Comunicaci\u00f3n","isPartOf":{"@id":"https:\/\/www.mncomunicacion.com\/#website"},"primaryImageOfPage":{"@id":"https:\/\/www.mncomunicacion.com\/en\/events-en\/angeles-munoz-presented-the-fourth-edition-of-marbella-luxury-weekend-at-fitur#primaryimage"},"image":{"@id":"https:\/\/www.mncomunicacion.com\/en\/events-en\/angeles-munoz-presented-the-fourth-edition-of-marbella-luxury-weekend-at-fitur#primaryimage"},"thumbnailUrl":"https:\/\/www.mncomunicacion.com\/wp-content\/uploads\/2019\/05\/jos%20luis%20hernndez%20mara%20ngeles%20muoz%20ignacio%20prez.jpg","datePublished":"2014-01-23T09:45:12+00:00","dateModified":"2014-01-23T09:45:12+00:00","breadcrumb":{"@id":"https:\/\/www.mncomunicacion.com\/en\/events-en\/angeles-munoz-presented-the-fourth-edition-of-marbella-luxury-weekend-at-fitur#breadcrumb"},"inLanguage":"en-US","potentialAction":[{"@type":"ReadAction","target":["https:\/\/www.mncomunicacion.com\/en\/events-en\/angeles-munoz-presented-the-fourth-edition-of-marbella-luxury-weekend-at-fitur"]}]},{"@type":"ImageObject","inLanguage":"en-US","@id":"https:\/\/www.mncomunicacion.com\/en\/events-en\/angeles-munoz-presented-the-fourth-edition-of-marbella-luxury-weekend-at-fitur#primaryimage","url":"https:\/\/www.mncomunicacion.com\/wp-content\/uploads\/2019\/05\/jos%20luis%20hernndez%20mara%20ngeles%20muoz%20ignacio%20prez.jpg","contentUrl":"https:\/\/www.mncomunicacion.com\/wp-content\/uploads\/2019\/05\/jos%20luis%20hernndez%20mara%20ngeles%20muoz%20ignacio%20prez.jpg","width":150,"height":150},{"@type":"BreadcrumbList","@id":"https:\/\/www.mncomunicacion.com\/en\/events-en\/angeles-munoz-presented-the-fourth-edition-of-marbella-luxury-weekend-at-fitur#breadcrumb","itemListElement":[{"@type":"ListItem","position":1,"name":"Portada","item":"https:\/\/www.mncomunicacion.com\/en"},{"@type":"ListItem","position":2,"name":"\u00c1ngeles Mu\u00f1oz presented the fourth edition of Marbella Luxury Weekend at FITUR"}]},{"@type":"WebSite","@id":"https:\/\/www.mncomunicacion.com\/#website","url":"https:\/\/www.mncomunicacion.com\/","name":"MN Comunicaci\u00f3n","description":"Agencia de Comunicaci\u00f3n y Organizaci\u00f3n de Eventos en Marbella","publisher":{"@id":"https:\/\/www.mncomunicacion.com\/#organization"},"potentialAction":[{"@type":"SearchAction","target":{"@type":"EntryPoint","urlTemplate":"https:\/\/www.mncomunicacion.com\/?s={search_term_string}"},"query-input":"required name=search_term_string"}],"inLanguage":"en-US"},{"@type":"Organization","@id":"https:\/\/www.mncomunicacion.com\/#organization","name":"MN COMUNICACI\u00d3N","url":"https:\/\/www.mncomunicacion.com\/","logo":{"@type":"ImageObject","inLanguage":"en-US","@id":"https:\/\/www.mncomunicacion.com\/#\/schema\/logo\/image\/","url":"https:\/\/www.mncomunicacion.com\/wp-content\/uploads\/2019\/05\/logo.png","contentUrl":"https:\/\/www.mncomunicacion.com\/wp-content\/uploads\/2019\/05\/logo.png","width":150,"height":150,"caption":"MN COMUNICACI\u00d3N"},"image":{"@id":"https:\/\/www.mncomunicacion.com\/#\/schema\/logo\/image\/"},"sameAs":["https:\/\/www.facebook.com\/marienoelle.escomunicacion\/","https:\/\/x.com\/MNcomunicacion","https:\/\/www.linkedin.com\/company\/marie-no-lle-es-comunicaci-n\/","https:\/\/www.youtube.com\/channel\/UCnHVdXKiLf30LsIfV8k0xIQ"]},{"@type":"Person","@id":"https:\/\/www.mncomunicacion.com\/#\/schema\/person\/70225cf35dfcd918c90eb1a00df42de9","name":"Marie-No\u00eblle"}]}},"_links":{"self":[{"href":"https:\/\/www.mncomunicacion.com\/en\/wp-json\/wp\/v2\/posts\/5634"}],"collection":[{"href":"https:\/\/www.mncomunicacion.com\/en\/wp-json\/wp\/v2\/posts"}],"about":[{"href":"https:\/\/www.mncomunicacion.com\/en\/wp-json\/wp\/v2\/types\/post"}],"author":[{"embeddable":true,"href":"https:\/\/www.mncomunicacion.com\/en\/wp-json\/wp\/v2\/users\/3"}],"replies":[{"embeddable":true,"href":"https:\/\/www.mncomunicacion.com\/en\/wp-json\/wp\/v2\/comments?post=5634"}],"version-history":[{"count":0,"href":"https:\/\/www.mncomunicacion.com\/en\/wp-json\/wp\/v2\/posts\/5634\/revisions"}],"wp:featuredmedia":[{"embeddable":true,"href":"https:\/\/www.mncomunicacion.com\/en\/wp-json\/wp\/v2\/media\/5635"}],"wp:attachment":[{"href":"https:\/\/www.mncomunicacion.com\/en\/wp-json\/wp\/v2\/media?parent=5634"}],"wp:term":[{"taxonomy":"category","embeddable":true,"href":"https:\/\/www.mncomunicacion.com\/en\/wp-json\/wp\/v2\/categories?post=5634"},{"taxonomy":"post_tag","embeddable":true,"href":"https:\/\/www.mncomunicacion.com\/en\/wp-json\/wp\/v2\/tags?post=5634"}],"curies":[{"name":"wp","href":"https:\/\/api.w.org\/{rel}","templated":true}]}}