{"id":5608,"date":"2014-05-21T08:07:37","date_gmt":"2014-05-21T08:07:37","guid":{"rendered":"https:\/\/www.mncomunicacion.com\/official-presention-of-marbella-luxury-weekend"},"modified":"2014-05-21T08:07:37","modified_gmt":"2014-05-21T08:07:37","slug":"official-presention-of-marbella-luxury-weekend","status":"publish","type":"post","link":"https:\/\/www.mncomunicacion.com\/en\/events-en\/official-presention-of-marbella-luxury-weekend","title":{"rendered":"Official Presention of Marbella Luxury Weekend"},"content":{"rendered":"<p>Marbella Luxury Weekend, further international projection. The program includes more than 90 events from participating companies over 4 days.<\/p>\n<p> <\/p>\n<p style=\"text-align: justify;\"><span style=\"color: #993366;\"><strong>Marbella, 20th May 2014:<\/strong><\/span> Today was the official presentation of the <strong>fourth edition of Marbella Luxury Weekend<\/strong>. During the ceremony, which was attended by <strong>&Aacute;ngeles Mu&ntilde;oz<\/strong>, Mayor of Marbella, and <strong>Jos&eacute; Luis Hernandez<\/strong>, Councellor of Tourism, both as municipal representatives and promoters of this initiative, stressed the continuity and success of this event, and its consolidation year after year thanks to the focus on core values such as <strong>fashion, jewellery, motor vehicles <\/strong>and<strong> gastronomy<\/strong>, but mostly, &#8220;thanks to the commitment of brands that support the event year on year and to the international impact of this event on luxury tourism&#8221; said Jos&eacute; Luis Hernandez.<\/p>\n<p style=\"text-align: justify;\">Others that participated in the press conference included <strong>Jacobo Cestino<\/strong>, General Director of La Zagaleta; <strong>Cristina Mu&ntilde;oz<\/strong>, President of the SOS Foundation; <strong>Juan Jos&eacute; Gonz&aacute;lez<\/strong>, President of the CIT, and <strong>Jos&eacute; Figueroa<\/strong>, vice -president of Puerto Ban&uacute;s.<br \/>During the presentation of the new program and participating firms, <strong>&Aacute;ngeles Mu&ntilde;oz<\/strong>, Mayor of Marbella, reminded us that it is an event &#8220;organized and run by the City Council, and in particular by the Tourist Board initiative, but that it is supported by the private initiative of more than 70 companies that have joined as participants, sponsors and partners, trusting in its prestige to position the city as a location for luxury tourism&#8221;. The Mayor highlighted the data offered by the Spanish Luxury Association that places Marbella as the second biggest city in Spain in terms of volume and movement of luxury shopping, just behind Barcelona. &#8220;This is a huge flow of tourists as well as an increase in employment in this sector, and all tourism related activities.&#8221;<\/p>\n<p style=\"text-align: justify;\">The program of activities of all the firms amounts to a total of 93 performances, from around seventy brands, which will take place in <strong>Puerto Ban&uacute;s between the 5th and 8th June.<\/strong> &#8220;A record number of participants, sponsors and partners that promise the continuity of MLW&#8221;, Mu&ntilde;oz said.<\/p>\n<p style=\"text-align: justify;\">Jos&eacute; Luis Hernandez , Councellor of Tourism Marbella Town Hall stressed the commitment of the participants and partner brands to the city and mentioned some of the most significant developments such as the floating &ldquo;<strong>Marbella Luxury Catwalk<\/strong>&rdquo;, where collections by <strong>Custo Barcelona, Andr&eacute;s Sard&aacute;, Bikkembergs, Wolford, Swarovski La Oca Hats and Sena Design<\/strong> will be exhibited. Other important parts of the event will&nbsp;be presentations from impressive car models such as Porsche and Pagani, the presenters of <strong>La Zagaleta Forum<\/strong>, and this year, the collaboration with the <strong>SOS Foundation<\/strong>.<\/p>\n<p style=\"text-align: justify;\">In this sense, he also wanted to point out the reuse of the Levante tent as a VIP area, &#8220;which will generate much more movement between the 21 stands along the harbor, each dedicated to a participating brand&rdquo;.&nbsp;<\/p>\n<p style=\"text-align: justify;\">The city councilman emphasized the selfless hard work of two star Michelin chef, <strong>Dani Garc&iacute;a<\/strong>, &#8220;who will be in charge of the catering for the launch party in the Torre VIP area and whose commitment and relationship with this city which is evident and we are all very grateful for.&#8221; To that effect he also highlighted the significant contributions of other firms such as <strong>Puerto Ban&uacute;s, Guarnieri, Lifestyle and Salduna Catering<\/strong>.<\/p>\n<p style=\"text-align: justify;\">Meanwhile, Jacobo Cestino recalled that Friday 6th June, under the umbrella of Marbella Luxury Weekend, La Zagaleta will launch the third edition of the Brands and Trends Forum, an initiative that brings together leading global executives in various sectors: food, service, leisure, luxury, transportation and technology.<\/p>\n<p style=\"text-align: justify;\">Cestino emphasized the high business profile guest speakers, including executives from <strong>Cortefiel, Renfe, Telef&oacute;nica, Grupo Osborne, Chanel, Amazon <\/strong>and the<strong> High Commissioner of the Government<\/strong> for the <strong>Brand Spain<\/strong>, Carlos Espinosa de los Monteros. &#8220;In this third edition of the Forum we will discuss in detail what it means to be a brand in the XXI century, customer loyalty, developments in the digital age and the recovery of the Spanish market, as well as a special section which will be dedicated to the brand and philanthropy&#8221;.<\/p>\n<p style=\"text-align: justify;\">The president of the <strong>SOS Foundation<\/strong>, Cristina Mu&ntilde;oz, expressed her pleasure in participating in the fourth edition of MLW and highlighted the high commitment and generosity of Marbella City Council for offering the opportunity to help with one of the campaigns which they are running: &#8220;Solidarity Treasures &#8220;. The aims are to &#8220;raise funds for children &#8211; and to offer fresh products such as meat, fish and vegetables , through a raffle (where tickets will cost 20 &euro;) and an auction which will take place during the closing party, on Sunday 8th June and will include products from leading luxury firms.&#8221; Maria Le&oacute;n, as a Godmother of the campaign, will be the main image of the SOS Foundation during MLW, as well as Ana Antic, who will hold the raffle and participate in the Masterclass and bloggers debate.<\/p>\n<p style=\"text-align: justify;\">Mu&ntilde;oz announced that 30 % of the proceeds from the raffle will go to families in Marbella, dividing the rest among families in need throughout Spain.<\/p>\n<p>Finally, both Jos&eacute; Luis Gonz&aacute;lez and Jos&eacute; Figueroa were very pleased to be able to participate in this initiative and what is represents for Marbella, for business owners, businesses, tourism and brands Marbella and Puerto Ban&uacute;s.<\/p>\n<p>&nbsp;<\/p>\n","protected":false},"excerpt":{"rendered":"<p>Marbella Luxury Weekend, further international projection. The program includes more than 90 events from participating companies over 4 days. Marbella, 20th May 2014: Today was the official presentation of the fourth edition of Marbella Luxury Weekend. During the ceremony, which was attended by &Aacute;ngeles Mu&ntilde;oz, Mayor of Marbella, and Jos&eacute; Luis Hernandez, Councellor of Tourism, both as municipal representatives and promoters of this initiative, stressed the continuity and success of this event, and its consolidation year after year thanks to the focus on core values such as fashion, jewellery, motor vehicles and gastronomy, but mostly, &#8220;thanks to the commitment of brands that support the event year on year and to the international impact of this event on luxury tourism&#8221; said Jos&eacute; Luis Hernandez. Others that participated in the press conference included Jacobo Cestino, General Director of La Zagaleta; Cristina Mu&ntilde;oz, President of the SOS Foundation; Juan Jos&eacute; Gonz&aacute;lez, President of the CIT, and Jos&eacute; Figueroa, vice -president of Puerto Ban&uacute;s.During the presentation of the new program and participating firms, &Aacute;ngeles Mu&ntilde;oz, Mayor of Marbella, reminded us that it is an event &#8220;organized and run by the City Council, and in particular by the Tourist Board initiative, but that it is supported by the private initiative of more than 70 companies that have joined as participants, sponsors and partners, trusting in its prestige to position the city as a location for luxury tourism&#8221;. The Mayor highlighted the data offered by the Spanish Luxury Association that places Marbella as the second biggest city in Spain in terms of volume and movement of luxury shopping, just behind Barcelona. &#8220;This is a huge flow of tourists as well as an increase in employment in this sector, and all tourism related activities.&#8221; The program of activities of all the firms amounts to a total of 93 performances, from around seventy brands, which will take place in Puerto Ban&uacute;s between the 5th and 8th June. &#8220;A record number of participants, sponsors and partners that promise the continuity of MLW&#8221;, Mu&ntilde;oz said. Jos&eacute; Luis Hernandez , Councellor of Tourism Marbella Town Hall stressed the commitment of the participants and partner brands to the city and mentioned some of the most significant developments such as the floating &ldquo;Marbella Luxury Catwalk&rdquo;, where collections by Custo Barcelona, Andr&eacute;s Sard&aacute;, Bikkembergs, Wolford, Swarovski La Oca Hats and Sena Design will be exhibited. Other important parts of the event will&nbsp;be presentations from impressive car models such as Porsche and Pagani, the presenters of La Zagaleta Forum, and this year, the collaboration with the SOS Foundation. In this sense, he also wanted to point out the reuse of the Levante tent as a VIP area, &#8220;which will generate much more movement between the 21 stands along the harbor, each dedicated to a participating brand&rdquo;.&nbsp; The city councilman emphasized the selfless hard work of two star Michelin chef, Dani Garc&iacute;a, &#8220;who will be in charge of the catering for the launch party in the Torre VIP area and whose commitment and relationship with this city which is evident and we are all very grateful for.&#8221; To that effect he also highlighted the significant contributions of other firms such as Puerto Ban&uacute;s, Guarnieri, Lifestyle and Salduna Catering. Meanwhile, Jacobo Cestino recalled that Friday 6th June, under the umbrella of Marbella Luxury Weekend, La Zagaleta will launch the third edition of the Brands and Trends Forum, an initiative that brings together leading global executives in various sectors: food, service, leisure, luxury, transportation and technology. Cestino emphasized the high business profile guest speakers, including executives from Cortefiel, Renfe, Telef&oacute;nica, Grupo Osborne, Chanel, Amazon and the High Commissioner of the Government for the Brand Spain, Carlos Espinosa de los Monteros. &#8220;In this third edition of the Forum we will discuss in detail what it means to be a brand in the XXI century, customer loyalty, developments in the digital age and the recovery of the Spanish market, as well as a special section which will be dedicated to the brand and philanthropy&#8221;. The president of the SOS Foundation, Cristina Mu&ntilde;oz, expressed her pleasure in participating in the fourth edition of MLW and highlighted the high commitment and generosity of Marbella City Council for offering the opportunity to help with one of the campaigns which they are running: &#8220;Solidarity Treasures &#8220;. The aims are to &#8220;raise funds for children &#8211; and to offer fresh products such as meat, fish and vegetables , through a raffle (where tickets will cost 20 &euro;) and an auction which will take place during the closing party, on Sunday 8th June and will include products from leading luxury firms.&#8221; Maria Le&oacute;n, as a Godmother of the campaign, will be the main image of the SOS Foundation during MLW, as well as Ana Antic, who will hold the raffle and participate in the Masterclass and bloggers debate. Mu&ntilde;oz announced that 30 % of the proceeds from the raffle will go to families in Marbella, dividing the rest among families in need throughout Spain. Finally, both Jos&eacute; Luis Gonz&aacute;lez and Jos&eacute; Figueroa were very pleased to be able to participate in this initiative and what is represents for Marbella, for business owners, businesses, tourism and brands Marbella and Puerto Ban&uacute;s. &nbsp;<\/p>\n","protected":false},"author":3,"featured_media":5609,"comment_status":"open","ping_status":"open","sticky":false,"template":"","format":"standard","meta":{"_exactmetrics_skip_tracking":false,"_exactmetrics_sitenote_active":false,"_exactmetrics_sitenote_note":"","_exactmetrics_sitenote_category":0,"footnotes":""},"categories":[486],"tags":[],"class_list":["post-5608","post","type-post","status-publish","format-standard","has-post-thumbnail","hentry","category-events-en"],"yoast_head":"<!-- This site is optimized with the Yoast SEO plugin v23.0 - https:\/\/yoast.com\/wordpress\/plugins\/seo\/ -->\n<title>Official Presention of Marbella Luxury Weekend | MN Comunicaci\u00f3n<\/title>\n<meta name=\"robots\" content=\"index, follow, max-snippet:-1, max-image-preview:large, max-video-preview:-1\" \/>\n<link rel=\"canonical\" href=\"https:\/\/www.mncomunicacion.com\/en\/events-en\/official-presention-of-marbella-luxury-weekend\" \/>\n<meta property=\"og:locale\" content=\"en_US\" \/>\n<meta property=\"og:type\" content=\"article\" \/>\n<meta property=\"og:title\" content=\"Official Presention of Marbella Luxury Weekend | MN Comunicaci\u00f3n\" \/>\n<meta property=\"og:description\" content=\"Marbella Luxury Weekend, further international projection. The program includes more than 90 events from participating companies over 4 days. Marbella, 20th May 2014: Today was the official presentation of the fourth edition of Marbella Luxury Weekend. During the ceremony, which was attended by &Aacute;ngeles Mu&ntilde;oz, Mayor of Marbella, and Jos&eacute; Luis Hernandez, Councellor of Tourism, both as municipal representatives and promoters of this initiative, stressed the continuity and success of this event, and its consolidation year after year thanks to the focus on core values such as fashion, jewellery, motor vehicles and gastronomy, but mostly, &#8220;thanks to the commitment of brands that support the event year on year and to the international impact of this event on luxury tourism&#8221; said Jos&eacute; Luis Hernandez. Others that participated in the press conference included Jacobo Cestino, General Director of La Zagaleta; Cristina Mu&ntilde;oz, President of the SOS Foundation; Juan Jos&eacute; Gonz&aacute;lez, President of the CIT, and Jos&eacute; Figueroa, vice -president of Puerto Ban&uacute;s.During the presentation of the new program and participating firms, &Aacute;ngeles Mu&ntilde;oz, Mayor of Marbella, reminded us that it is an event &#8220;organized and run by the City Council, and in particular by the Tourist Board initiative, but that it is supported by the private initiative of more than 70 companies that have joined as participants, sponsors and partners, trusting in its prestige to position the city as a location for luxury tourism&#8221;. The Mayor highlighted the data offered by the Spanish Luxury Association that places Marbella as the second biggest city in Spain in terms of volume and movement of luxury shopping, just behind Barcelona. &#8220;This is a huge flow of tourists as well as an increase in employment in this sector, and all tourism related activities.&#8221; The program of activities of all the firms amounts to a total of 93 performances, from around seventy brands, which will take place in Puerto Ban&uacute;s between the 5th and 8th June. &#8220;A record number of participants, sponsors and partners that promise the continuity of MLW&#8221;, Mu&ntilde;oz said. Jos&eacute; Luis Hernandez , Councellor of Tourism Marbella Town Hall stressed the commitment of the participants and partner brands to the city and mentioned some of the most significant developments such as the floating &ldquo;Marbella Luxury Catwalk&rdquo;, where collections by Custo Barcelona, Andr&eacute;s Sard&aacute;, Bikkembergs, Wolford, Swarovski La Oca Hats and Sena Design will be exhibited. Other important parts of the event will&nbsp;be presentations from impressive car models such as Porsche and Pagani, the presenters of La Zagaleta Forum, and this year, the collaboration with the SOS Foundation. In this sense, he also wanted to point out the reuse of the Levante tent as a VIP area, &#8220;which will generate much more movement between the 21 stands along the harbor, each dedicated to a participating brand&rdquo;.&nbsp; The city councilman emphasized the selfless hard work of two star Michelin chef, Dani Garc&iacute;a, &#8220;who will be in charge of the catering for the launch party in the Torre VIP area and whose commitment and relationship with this city which is evident and we are all very grateful for.&#8221; To that effect he also highlighted the significant contributions of other firms such as Puerto Ban&uacute;s, Guarnieri, Lifestyle and Salduna Catering. Meanwhile, Jacobo Cestino recalled that Friday 6th June, under the umbrella of Marbella Luxury Weekend, La Zagaleta will launch the third edition of the Brands and Trends Forum, an initiative that brings together leading global executives in various sectors: food, service, leisure, luxury, transportation and technology. Cestino emphasized the high business profile guest speakers, including executives from Cortefiel, Renfe, Telef&oacute;nica, Grupo Osborne, Chanel, Amazon and the High Commissioner of the Government for the Brand Spain, Carlos Espinosa de los Monteros. &#8220;In this third edition of the Forum we will discuss in detail what it means to be a brand in the XXI century, customer loyalty, developments in the digital age and the recovery of the Spanish market, as well as a special section which will be dedicated to the brand and philanthropy&#8221;. The president of the SOS Foundation, Cristina Mu&ntilde;oz, expressed her pleasure in participating in the fourth edition of MLW and highlighted the high commitment and generosity of Marbella City Council for offering the opportunity to help with one of the campaigns which they are running: &#8220;Solidarity Treasures &#8220;. The aims are to &#8220;raise funds for children &#8211; and to offer fresh products such as meat, fish and vegetables , through a raffle (where tickets will cost 20 &euro;) and an auction which will take place during the closing party, on Sunday 8th June and will include products from leading luxury firms.&#8221; Maria Le&oacute;n, as a Godmother of the campaign, will be the main image of the SOS Foundation during MLW, as well as Ana Antic, who will hold the raffle and participate in the Masterclass and bloggers debate. Mu&ntilde;oz announced that 30 % of the proceeds from the raffle will go to families in Marbella, dividing the rest among families in need throughout Spain. Finally, both Jos&eacute; Luis Gonz&aacute;lez and Jos&eacute; Figueroa were very pleased to be able to participate in this initiative and what is represents for Marbella, for business owners, businesses, tourism and brands Marbella and Puerto Ban&uacute;s. &nbsp;\" \/>\n<meta property=\"og:url\" content=\"https:\/\/www.mncomunicacion.com\/en\/events-en\/official-presention-of-marbella-luxury-weekend\" \/>\n<meta property=\"og:site_name\" content=\"MN Comunicaci\u00f3n\" \/>\n<meta property=\"article:publisher\" content=\"https:\/\/www.facebook.com\/marienoelle.escomunicacion\/\" \/>\n<meta property=\"article:published_time\" content=\"2014-05-21T08:07:37+00:00\" \/>\n<meta property=\"og:image\" content=\"https:\/\/www.mncomunicacion.com\/wp-content\/uploads\/2019\/05\/foto%20familia%20antes%20rueda%20de%20prensab.jpg\" \/>\n\t<meta property=\"og:image:width\" content=\"150\" \/>\n\t<meta property=\"og:image:height\" content=\"150\" \/>\n\t<meta property=\"og:image:type\" content=\"image\/jpeg\" \/>\n<meta name=\"author\" content=\"Marie-No\u00eblle\" \/>\n<meta name=\"twitter:card\" content=\"summary_large_image\" \/>\n<meta name=\"twitter:creator\" content=\"@MNcomunicacion\" \/>\n<meta name=\"twitter:site\" content=\"@MNcomunicacion\" \/>\n<meta name=\"twitter:label1\" content=\"Written by\" \/>\n\t<meta name=\"twitter:data1\" content=\"Marie-No\u00eblle\" \/>\n\t<meta name=\"twitter:label2\" content=\"Est. reading time\" \/>\n\t<meta name=\"twitter:data2\" content=\"5 minutes\" \/>\n<script type=\"application\/ld+json\" class=\"yoast-schema-graph\">{\"@context\":\"https:\/\/schema.org\",\"@graph\":[{\"@type\":\"Article\",\"@id\":\"https:\/\/www.mncomunicacion.com\/en\/events-en\/official-presention-of-marbella-luxury-weekend#article\",\"isPartOf\":{\"@id\":\"https:\/\/www.mncomunicacion.com\/en\/events-en\/official-presention-of-marbella-luxury-weekend\"},\"author\":{\"name\":\"Marie-No\u00eblle\",\"@id\":\"https:\/\/www.mncomunicacion.com\/#\/schema\/person\/70225cf35dfcd918c90eb1a00df42de9\"},\"headline\":\"Official Presention of Marbella Luxury Weekend\",\"datePublished\":\"2014-05-21T08:07:37+00:00\",\"dateModified\":\"2014-05-21T08:07:37+00:00\",\"mainEntityOfPage\":{\"@id\":\"https:\/\/www.mncomunicacion.com\/en\/events-en\/official-presention-of-marbella-luxury-weekend\"},\"wordCount\":908,\"commentCount\":0,\"publisher\":{\"@id\":\"https:\/\/www.mncomunicacion.com\/#organization\"},\"image\":{\"@id\":\"https:\/\/www.mncomunicacion.com\/en\/events-en\/official-presention-of-marbella-luxury-weekend#primaryimage\"},\"thumbnailUrl\":\"https:\/\/www.mncomunicacion.com\/wp-content\/uploads\/2019\/05\/foto familia antes rueda de prensab.jpg\",\"articleSection\":[\"Events\"],\"inLanguage\":\"en-US\",\"potentialAction\":[{\"@type\":\"CommentAction\",\"name\":\"Comment\",\"target\":[\"https:\/\/www.mncomunicacion.com\/en\/events-en\/official-presention-of-marbella-luxury-weekend#respond\"]}]},{\"@type\":\"WebPage\",\"@id\":\"https:\/\/www.mncomunicacion.com\/en\/events-en\/official-presention-of-marbella-luxury-weekend\",\"url\":\"https:\/\/www.mncomunicacion.com\/en\/events-en\/official-presention-of-marbella-luxury-weekend\",\"name\":\"Official Presention of Marbella Luxury Weekend | MN Comunicaci\u00f3n\",\"isPartOf\":{\"@id\":\"https:\/\/www.mncomunicacion.com\/#website\"},\"primaryImageOfPage\":{\"@id\":\"https:\/\/www.mncomunicacion.com\/en\/events-en\/official-presention-of-marbella-luxury-weekend#primaryimage\"},\"image\":{\"@id\":\"https:\/\/www.mncomunicacion.com\/en\/events-en\/official-presention-of-marbella-luxury-weekend#primaryimage\"},\"thumbnailUrl\":\"https:\/\/www.mncomunicacion.com\/wp-content\/uploads\/2019\/05\/foto familia antes rueda de prensab.jpg\",\"datePublished\":\"2014-05-21T08:07:37+00:00\",\"dateModified\":\"2014-05-21T08:07:37+00:00\",\"breadcrumb\":{\"@id\":\"https:\/\/www.mncomunicacion.com\/en\/events-en\/official-presention-of-marbella-luxury-weekend#breadcrumb\"},\"inLanguage\":\"en-US\",\"potentialAction\":[{\"@type\":\"ReadAction\",\"target\":[\"https:\/\/www.mncomunicacion.com\/en\/events-en\/official-presention-of-marbella-luxury-weekend\"]}]},{\"@type\":\"ImageObject\",\"inLanguage\":\"en-US\",\"@id\":\"https:\/\/www.mncomunicacion.com\/en\/events-en\/official-presention-of-marbella-luxury-weekend#primaryimage\",\"url\":\"https:\/\/www.mncomunicacion.com\/wp-content\/uploads\/2019\/05\/foto familia antes rueda de prensab.jpg\",\"contentUrl\":\"https:\/\/www.mncomunicacion.com\/wp-content\/uploads\/2019\/05\/foto familia antes rueda de prensab.jpg\",\"width\":150,\"height\":150},{\"@type\":\"BreadcrumbList\",\"@id\":\"https:\/\/www.mncomunicacion.com\/en\/events-en\/official-presention-of-marbella-luxury-weekend#breadcrumb\",\"itemListElement\":[{\"@type\":\"ListItem\",\"position\":1,\"name\":\"Portada\",\"item\":\"https:\/\/www.mncomunicacion.com\/en\"},{\"@type\":\"ListItem\",\"position\":2,\"name\":\"Official Presention of Marbella Luxury Weekend\"}]},{\"@type\":\"WebSite\",\"@id\":\"https:\/\/www.mncomunicacion.com\/#website\",\"url\":\"https:\/\/www.mncomunicacion.com\/\",\"name\":\"MN Comunicaci\u00f3n\",\"description\":\"Agencia de Comunicaci\u00f3n y Organizaci\u00f3n de Eventos en Marbella\",\"publisher\":{\"@id\":\"https:\/\/www.mncomunicacion.com\/#organization\"},\"potentialAction\":[{\"@type\":\"SearchAction\",\"target\":{\"@type\":\"EntryPoint\",\"urlTemplate\":\"https:\/\/www.mncomunicacion.com\/?s={search_term_string}\"},\"query-input\":\"required name=search_term_string\"}],\"inLanguage\":\"en-US\"},{\"@type\":\"Organization\",\"@id\":\"https:\/\/www.mncomunicacion.com\/#organization\",\"name\":\"MN COMUNICACI\u00d3N\",\"url\":\"https:\/\/www.mncomunicacion.com\/\",\"logo\":{\"@type\":\"ImageObject\",\"inLanguage\":\"en-US\",\"@id\":\"https:\/\/www.mncomunicacion.com\/#\/schema\/logo\/image\/\",\"url\":\"https:\/\/www.mncomunicacion.com\/wp-content\/uploads\/2019\/05\/logo.png\",\"contentUrl\":\"https:\/\/www.mncomunicacion.com\/wp-content\/uploads\/2019\/05\/logo.png\",\"width\":150,\"height\":150,\"caption\":\"MN COMUNICACI\u00d3N\"},\"image\":{\"@id\":\"https:\/\/www.mncomunicacion.com\/#\/schema\/logo\/image\/\"},\"sameAs\":[\"https:\/\/www.facebook.com\/marienoelle.escomunicacion\/\",\"https:\/\/x.com\/MNcomunicacion\",\"https:\/\/www.linkedin.com\/company\/marie-no-lle-es-comunicaci-n\/\",\"https:\/\/www.youtube.com\/channel\/UCnHVdXKiLf30LsIfV8k0xIQ\"]},{\"@type\":\"Person\",\"@id\":\"https:\/\/www.mncomunicacion.com\/#\/schema\/person\/70225cf35dfcd918c90eb1a00df42de9\",\"name\":\"Marie-No\u00eblle\"}]}<\/script>\n<!-- \/ Yoast SEO plugin. -->","yoast_head_json":{"title":"Official Presention of Marbella Luxury Weekend | MN Comunicaci\u00f3n","robots":{"index":"index","follow":"follow","max-snippet":"max-snippet:-1","max-image-preview":"max-image-preview:large","max-video-preview":"max-video-preview:-1"},"canonical":"https:\/\/www.mncomunicacion.com\/en\/events-en\/official-presention-of-marbella-luxury-weekend","og_locale":"en_US","og_type":"article","og_title":"Official Presention of Marbella Luxury Weekend | MN Comunicaci\u00f3n","og_description":"Marbella Luxury Weekend, further international projection. The program includes more than 90 events from participating companies over 4 days. Marbella, 20th May 2014: Today was the official presentation of the fourth edition of Marbella Luxury Weekend. During the ceremony, which was attended by &Aacute;ngeles Mu&ntilde;oz, Mayor of Marbella, and Jos&eacute; Luis Hernandez, Councellor of Tourism, both as municipal representatives and promoters of this initiative, stressed the continuity and success of this event, and its consolidation year after year thanks to the focus on core values such as fashion, jewellery, motor vehicles and gastronomy, but mostly, &#8220;thanks to the commitment of brands that support the event year on year and to the international impact of this event on luxury tourism&#8221; said Jos&eacute; Luis Hernandez. Others that participated in the press conference included Jacobo Cestino, General Director of La Zagaleta; Cristina Mu&ntilde;oz, President of the SOS Foundation; Juan Jos&eacute; Gonz&aacute;lez, President of the CIT, and Jos&eacute; Figueroa, vice -president of Puerto Ban&uacute;s.During the presentation of the new program and participating firms, &Aacute;ngeles Mu&ntilde;oz, Mayor of Marbella, reminded us that it is an event &#8220;organized and run by the City Council, and in particular by the Tourist Board initiative, but that it is supported by the private initiative of more than 70 companies that have joined as participants, sponsors and partners, trusting in its prestige to position the city as a location for luxury tourism&#8221;. The Mayor highlighted the data offered by the Spanish Luxury Association that places Marbella as the second biggest city in Spain in terms of volume and movement of luxury shopping, just behind Barcelona. &#8220;This is a huge flow of tourists as well as an increase in employment in this sector, and all tourism related activities.&#8221; The program of activities of all the firms amounts to a total of 93 performances, from around seventy brands, which will take place in Puerto Ban&uacute;s between the 5th and 8th June. &#8220;A record number of participants, sponsors and partners that promise the continuity of MLW&#8221;, Mu&ntilde;oz said. Jos&eacute; Luis Hernandez , Councellor of Tourism Marbella Town Hall stressed the commitment of the participants and partner brands to the city and mentioned some of the most significant developments such as the floating &ldquo;Marbella Luxury Catwalk&rdquo;, where collections by Custo Barcelona, Andr&eacute;s Sard&aacute;, Bikkembergs, Wolford, Swarovski La Oca Hats and Sena Design will be exhibited. Other important parts of the event will&nbsp;be presentations from impressive car models such as Porsche and Pagani, the presenters of La Zagaleta Forum, and this year, the collaboration with the SOS Foundation. In this sense, he also wanted to point out the reuse of the Levante tent as a VIP area, &#8220;which will generate much more movement between the 21 stands along the harbor, each dedicated to a participating brand&rdquo;.&nbsp; The city councilman emphasized the selfless hard work of two star Michelin chef, Dani Garc&iacute;a, &#8220;who will be in charge of the catering for the launch party in the Torre VIP area and whose commitment and relationship with this city which is evident and we are all very grateful for.&#8221; To that effect he also highlighted the significant contributions of other firms such as Puerto Ban&uacute;s, Guarnieri, Lifestyle and Salduna Catering. Meanwhile, Jacobo Cestino recalled that Friday 6th June, under the umbrella of Marbella Luxury Weekend, La Zagaleta will launch the third edition of the Brands and Trends Forum, an initiative that brings together leading global executives in various sectors: food, service, leisure, luxury, transportation and technology. Cestino emphasized the high business profile guest speakers, including executives from Cortefiel, Renfe, Telef&oacute;nica, Grupo Osborne, Chanel, Amazon and the High Commissioner of the Government for the Brand Spain, Carlos Espinosa de los Monteros. &#8220;In this third edition of the Forum we will discuss in detail what it means to be a brand in the XXI century, customer loyalty, developments in the digital age and the recovery of the Spanish market, as well as a special section which will be dedicated to the brand and philanthropy&#8221;. The president of the SOS Foundation, Cristina Mu&ntilde;oz, expressed her pleasure in participating in the fourth edition of MLW and highlighted the high commitment and generosity of Marbella City Council for offering the opportunity to help with one of the campaigns which they are running: &#8220;Solidarity Treasures &#8220;. The aims are to &#8220;raise funds for children &#8211; and to offer fresh products such as meat, fish and vegetables , through a raffle (where tickets will cost 20 &euro;) and an auction which will take place during the closing party, on Sunday 8th June and will include products from leading luxury firms.&#8221; Maria Le&oacute;n, as a Godmother of the campaign, will be the main image of the SOS Foundation during MLW, as well as Ana Antic, who will hold the raffle and participate in the Masterclass and bloggers debate. Mu&ntilde;oz announced that 30 % of the proceeds from the raffle will go to families in Marbella, dividing the rest among families in need throughout Spain. Finally, both Jos&eacute; Luis Gonz&aacute;lez and Jos&eacute; Figueroa were very pleased to be able to participate in this initiative and what is represents for Marbella, for business owners, businesses, tourism and brands Marbella and Puerto Ban&uacute;s. &nbsp;","og_url":"https:\/\/www.mncomunicacion.com\/en\/events-en\/official-presention-of-marbella-luxury-weekend","og_site_name":"MN Comunicaci\u00f3n","article_publisher":"https:\/\/www.facebook.com\/marienoelle.escomunicacion\/","article_published_time":"2014-05-21T08:07:37+00:00","og_image":[{"width":150,"height":150,"url":"https:\/\/www.mncomunicacion.com\/wp-content\/uploads\/2019\/05\/foto familia antes rueda de prensab.jpg","type":"image\/jpeg"}],"author":"Marie-No\u00eblle","twitter_card":"summary_large_image","twitter_creator":"@MNcomunicacion","twitter_site":"@MNcomunicacion","twitter_misc":{"Written by":"Marie-No\u00eblle","Est. reading time":"5 minutes"},"schema":{"@context":"https:\/\/schema.org","@graph":[{"@type":"Article","@id":"https:\/\/www.mncomunicacion.com\/en\/events-en\/official-presention-of-marbella-luxury-weekend#article","isPartOf":{"@id":"https:\/\/www.mncomunicacion.com\/en\/events-en\/official-presention-of-marbella-luxury-weekend"},"author":{"name":"Marie-No\u00eblle","@id":"https:\/\/www.mncomunicacion.com\/#\/schema\/person\/70225cf35dfcd918c90eb1a00df42de9"},"headline":"Official Presention of Marbella Luxury Weekend","datePublished":"2014-05-21T08:07:37+00:00","dateModified":"2014-05-21T08:07:37+00:00","mainEntityOfPage":{"@id":"https:\/\/www.mncomunicacion.com\/en\/events-en\/official-presention-of-marbella-luxury-weekend"},"wordCount":908,"commentCount":0,"publisher":{"@id":"https:\/\/www.mncomunicacion.com\/#organization"},"image":{"@id":"https:\/\/www.mncomunicacion.com\/en\/events-en\/official-presention-of-marbella-luxury-weekend#primaryimage"},"thumbnailUrl":"https:\/\/www.mncomunicacion.com\/wp-content\/uploads\/2019\/05\/foto familia antes rueda de prensab.jpg","articleSection":["Events"],"inLanguage":"en-US","potentialAction":[{"@type":"CommentAction","name":"Comment","target":["https:\/\/www.mncomunicacion.com\/en\/events-en\/official-presention-of-marbella-luxury-weekend#respond"]}]},{"@type":"WebPage","@id":"https:\/\/www.mncomunicacion.com\/en\/events-en\/official-presention-of-marbella-luxury-weekend","url":"https:\/\/www.mncomunicacion.com\/en\/events-en\/official-presention-of-marbella-luxury-weekend","name":"Official Presention of Marbella Luxury Weekend | MN Comunicaci\u00f3n","isPartOf":{"@id":"https:\/\/www.mncomunicacion.com\/#website"},"primaryImageOfPage":{"@id":"https:\/\/www.mncomunicacion.com\/en\/events-en\/official-presention-of-marbella-luxury-weekend#primaryimage"},"image":{"@id":"https:\/\/www.mncomunicacion.com\/en\/events-en\/official-presention-of-marbella-luxury-weekend#primaryimage"},"thumbnailUrl":"https:\/\/www.mncomunicacion.com\/wp-content\/uploads\/2019\/05\/foto familia antes rueda de prensab.jpg","datePublished":"2014-05-21T08:07:37+00:00","dateModified":"2014-05-21T08:07:37+00:00","breadcrumb":{"@id":"https:\/\/www.mncomunicacion.com\/en\/events-en\/official-presention-of-marbella-luxury-weekend#breadcrumb"},"inLanguage":"en-US","potentialAction":[{"@type":"ReadAction","target":["https:\/\/www.mncomunicacion.com\/en\/events-en\/official-presention-of-marbella-luxury-weekend"]}]},{"@type":"ImageObject","inLanguage":"en-US","@id":"https:\/\/www.mncomunicacion.com\/en\/events-en\/official-presention-of-marbella-luxury-weekend#primaryimage","url":"https:\/\/www.mncomunicacion.com\/wp-content\/uploads\/2019\/05\/foto familia antes rueda de prensab.jpg","contentUrl":"https:\/\/www.mncomunicacion.com\/wp-content\/uploads\/2019\/05\/foto familia antes rueda de prensab.jpg","width":150,"height":150},{"@type":"BreadcrumbList","@id":"https:\/\/www.mncomunicacion.com\/en\/events-en\/official-presention-of-marbella-luxury-weekend#breadcrumb","itemListElement":[{"@type":"ListItem","position":1,"name":"Portada","item":"https:\/\/www.mncomunicacion.com\/en"},{"@type":"ListItem","position":2,"name":"Official Presention of Marbella Luxury Weekend"}]},{"@type":"WebSite","@id":"https:\/\/www.mncomunicacion.com\/#website","url":"https:\/\/www.mncomunicacion.com\/","name":"MN Comunicaci\u00f3n","description":"Agencia de Comunicaci\u00f3n y Organizaci\u00f3n de Eventos en Marbella","publisher":{"@id":"https:\/\/www.mncomunicacion.com\/#organization"},"potentialAction":[{"@type":"SearchAction","target":{"@type":"EntryPoint","urlTemplate":"https:\/\/www.mncomunicacion.com\/?s={search_term_string}"},"query-input":"required name=search_term_string"}],"inLanguage":"en-US"},{"@type":"Organization","@id":"https:\/\/www.mncomunicacion.com\/#organization","name":"MN COMUNICACI\u00d3N","url":"https:\/\/www.mncomunicacion.com\/","logo":{"@type":"ImageObject","inLanguage":"en-US","@id":"https:\/\/www.mncomunicacion.com\/#\/schema\/logo\/image\/","url":"https:\/\/www.mncomunicacion.com\/wp-content\/uploads\/2019\/05\/logo.png","contentUrl":"https:\/\/www.mncomunicacion.com\/wp-content\/uploads\/2019\/05\/logo.png","width":150,"height":150,"caption":"MN COMUNICACI\u00d3N"},"image":{"@id":"https:\/\/www.mncomunicacion.com\/#\/schema\/logo\/image\/"},"sameAs":["https:\/\/www.facebook.com\/marienoelle.escomunicacion\/","https:\/\/x.com\/MNcomunicacion","https:\/\/www.linkedin.com\/company\/marie-no-lle-es-comunicaci-n\/","https:\/\/www.youtube.com\/channel\/UCnHVdXKiLf30LsIfV8k0xIQ"]},{"@type":"Person","@id":"https:\/\/www.mncomunicacion.com\/#\/schema\/person\/70225cf35dfcd918c90eb1a00df42de9","name":"Marie-No\u00eblle"}]}},"_links":{"self":[{"href":"https:\/\/www.mncomunicacion.com\/en\/wp-json\/wp\/v2\/posts\/5608"}],"collection":[{"href":"https:\/\/www.mncomunicacion.com\/en\/wp-json\/wp\/v2\/posts"}],"about":[{"href":"https:\/\/www.mncomunicacion.com\/en\/wp-json\/wp\/v2\/types\/post"}],"author":[{"embeddable":true,"href":"https:\/\/www.mncomunicacion.com\/en\/wp-json\/wp\/v2\/users\/3"}],"replies":[{"embeddable":true,"href":"https:\/\/www.mncomunicacion.com\/en\/wp-json\/wp\/v2\/comments?post=5608"}],"version-history":[{"count":0,"href":"https:\/\/www.mncomunicacion.com\/en\/wp-json\/wp\/v2\/posts\/5608\/revisions"}],"wp:featuredmedia":[{"embeddable":true,"href":"https:\/\/www.mncomunicacion.com\/en\/wp-json\/wp\/v2\/media\/5609"}],"wp:attachment":[{"href":"https:\/\/www.mncomunicacion.com\/en\/wp-json\/wp\/v2\/media?parent=5608"}],"wp:term":[{"taxonomy":"category","embeddable":true,"href":"https:\/\/www.mncomunicacion.com\/en\/wp-json\/wp\/v2\/categories?post=5608"},{"taxonomy":"post_tag","embeddable":true,"href":"https:\/\/www.mncomunicacion.com\/en\/wp-json\/wp\/v2\/tags?post=5608"}],"curies":[{"name":"wp","href":"https:\/\/api.w.org\/{rel}","templated":true}]}}