{"id":5457,"date":"2016-12-07T08:58:24","date_gmt":"2016-12-07T08:58:24","guid":{"rendered":"https:\/\/www.mncomunicacion.com\/the-2nd-centro-plaza-solidarity-race-in-aid-of-the-red-cross-will-take-place-next-sunday-december-11th"},"modified":"2019-08-08T10:37:33","modified_gmt":"2019-08-08T10:37:33","slug":"the-2nd-centro-plaza-solidarity-race-in-aid-of-the-red-cross-will-take-place-next-sunday-december-11th","status":"publish","type":"post","link":"https:\/\/www.mncomunicacion.com\/en\/events-en\/the-2nd-centro-plaza-solidarity-race-in-aid-of-the-red-cross-will-take-place-next-sunday-december-11th","title":{"rendered":"The 2nd Centro Plaza Solidarity Race in aid of the Red Cross will take place next Sunday December 11th"},"content":{"rendered":"<p style=\"margin-bottom: 7.5pt; text-align: center; background-image: initial; background-position: initial; background-repeat: initial; background-attachment: initial; vertical-align: baseline;\"><span style=\"color: #000000;\"><strong><span style=\"font-size: 11pt; font-family: Calibri, sans-serif;\">A total of around 500 participants from all ages will take part in the run scheduled from 10.00am until 2.00pm<\/span><\/strong><\/span><\/p>\n<p><span style=\"color: #000000;\"><strong><span style=\"font-size: 11.5pt; font-family: Calibri, sans-serif;\">Marbella, December 1<sup>st<\/sup> 2016: <\/span><\/strong><span style=\"font-size: 11.5pt; font-family: Calibri, sans-serif;\">Next Sunday December 11<sup>th<\/sup> will mark the 2<sup>nd<\/sup> Centro Plaza Solidarity Race, starting at 10am from Hotel Pyr and finishing at 1 Avenida Manolete. \u00a0Following the race last year, the shopping centre will organise this charity run in partnership with Marbella Town Hall and a wide range of public and private entities. All the proceeds will go towards the Red Cross.<\/span><\/span><\/p>\n<p>&nbsp;<\/p>\n<p><span style=\"color: #000000;\"><span style=\"font-size: 11.5pt; font-family: Calibri, sans-serif;\">A press conference\u00a0 organised by<a href=\"https:\/\/www.mncomunicacion.com\/en\"><strong> MN Comunicaci\u00f3n<\/strong><\/a> took place in the shopping centre this morning to present the event, which was attended by Blanca Fern\u00e1ndez, the town councillor for sport, Juli\u00e1n Garc\u00eda Aguilar, the president of Red Cross in Marbella, and Carlos Garc\u00eda, the manager of Centro Plaza.<strong> Fern\u00e1ndez and Garc\u00eda<\/strong> praised Centro Plaza\u2019s initiative on behalf of Marbella Town Hall, predicting a great success for the run. This success is something that \u201chas been demonstrated on other occasions by the people of Marbella, thanks to their charitable spirit\u201d. <strong>Garc\u00eda Aguilar<\/strong> described the run as a family competition which combines charity and sport, and made mention of what most of the proceeds of the run will go towards: food and toys for underprivileged families. He went on to encourage the whole city to join in the event. The manager of Centro Plaza gave his own words of thanks to the participants, who include Urbemar, PYR Hotel and MIP Mibro International Properties, whose involvement he commended thanks to the charitable nature of the competition.<\/span><\/span><\/p>\n<p><span style=\"color: #000000;\"><span style=\"font-size: 11.5pt; font-family: Calibri, sans-serif;\">A total of 500 participants of nearly all ages will be taking part in the race. The running course, which is of a medium difficulty level, will cover flat ground, uphill and down-hill slopes from Nueva Andaluc\u00eda to Puerto Ban\u00fas. There will be 4 different distances to cover, depending on the participant categories. The 400m, 800m and 1600m distances are for the younger age-groups, with the 8km distance for the older participants.<\/span><\/span><\/p>\n<p><span style=\"color: #000000;\"><span style=\"font-size: 11.5pt; font-family: Calibri, sans-serif;\">The categories will be prebenjam\u00edn (under 7\u2019s), benjam\u00edn (under 10\u2019s), alev\u00edn (under 12\u2019s), infantil (under 14\u2019s), cadete (under 16\u2019s), juvenil (under 18\u2019s), junior (under 20\u2019s), promesa (under-23\u2019s), senior (23-35\u2019s) and veteran (35+). The competitor numbers will be given out on Thursday and Friday December 8<sup>th<\/sup> and 9<sup>th<\/sup> to the Urbemar offices, Av. Manolete, 1, in Marbella between 8am and 3pm. It will also be possible to collect them on the day of the race between 8-9.30am at the starting line (Hotel Pyr Puerto Ban\u00fas).<\/span><\/span><\/p>\n<p><span style=\"color: #000000;\"><span style=\"font-size: 11.5pt; font-family: Calibri, sans-serif;\">The general route, which is around 8km long, begins from Hotel Pyr Puerto Ban\u00fas, Avenida Rotary Internacional, and continues through Calle Ram\u00f3n Areces, Calle Francisco Villalon, Avenida Julio Iglesias, Alberto Vidiella Tudores promenade, Avenida Julio Iglesias, Espig\u00f3n Puerto Ban\u00fas\/ Avenida Julio Iglesias, Avenida Jos\u00e9 Ban\u00fas, Calle Juan Belmonte, Avenida Pilar Calvo up to the entrance of Centro Plaza. The mini-run, at 800m long, will take place in the outdoor parking of Centro Plaza and Avenida Manolete. It is worth taking note that the competition courses could be subject to change, if deemed necessary for safety by the public authorities in charge.<\/span><\/span><\/p>\n<p>&nbsp;<\/p>\n<p><span style=\"font-size: 11.5pt; font-family: Calibri, sans-serif; color: #000000;\">It will be possible to sign up from October 15<sup>th<\/sup> until December 8<sup>th<\/sup> at midday, and the cost of participation will be either 3 or 8 euros, according to the age-group. All proceeds will go directly to the Red Cross. ?<\/span><\/p>\n<p><span style=\"color: #000000;\"><span style=\"font-size: 11.5pt; font-family: Calibri, sans-serif;\">It is possible to sign up either through Centro Plaza\u2019s website, at the centre in person, or even on the day of the race between 8.00 and 9.30am in the tent set up at the starting line (Hotel Pyr Puerto Ban\u00fas).<\/span><\/span><\/p>\n<p>&nbsp;<\/p>\n<p><span style=\"color: #000000;\"><span style=\"font-size: 11.5pt; font-family: Calibri, sans-serif;\">With regard to the prizes, there will be trophies for the overall male and female winners, as well as gold, silver and bronze medals for first, second and third place respectively for each gender and category. In the youth categories, those from under 18\u2019s to under 23\u2019s will receive a running vest and those from prebenjam\u00edn (under 7\u2019s) to cadete (under16\u2019s) will receive a bag or rucksack.<\/span><\/span><\/p>\n<p><span style=\"color: #000000;\"><span style=\"font-size: 11.5pt; font-family: Calibri, sans-serif;\">The main refuelling point will be installed at the finish line, with a water station along the middle of the general course. There will also be a place for drinks <\/span><span style=\"font-size: 11.5pt; font-family: Calibri, sans-serif;\">past the finish line, with health services and ambulances located at the finish line itself. \u00a0\u00a0<\/span><\/span><\/p>\n<p>&nbsp;<\/p>\n<p>&nbsp;<\/p>\n<p style=\"text-align: center;\">\n","protected":false},"excerpt":{"rendered":"<p>A total of around 500 participants from all ages will take part in the run scheduled from 10.00am until 2.00pm Marbella, December 1st 2016: Next Sunday December 11th will mark the 2nd Centro Plaza Solidarity Race, starting at 10am from Hotel Pyr and finishing at 1 Avenida Manolete. \u00a0Following the race last year, the shopping centre will organise this charity run in partnership with Marbella Town Hall and a wide range of public and private entities. All the proceeds will go towards the Red Cross. &nbsp; A press conference\u00a0 organised by MN Comunicaci\u00f3n took place in the shopping centre this morning to present the event, which was attended by Blanca Fern\u00e1ndez, the town councillor for sport, Juli\u00e1n Garc\u00eda Aguilar, the president of Red Cross in Marbella, and Carlos Garc\u00eda, the manager of Centro Plaza. Fern\u00e1ndez and Garc\u00eda praised Centro Plaza\u2019s initiative on behalf of Marbella Town Hall, predicting a great success for the run. This success is something that \u201chas been demonstrated on other occasions by the people of Marbella, thanks to their charitable spirit\u201d. Garc\u00eda Aguilar described the run as a family competition which combines charity and sport, and made mention of what most of the proceeds of the run will go towards: food and toys for underprivileged families. He went on to encourage the whole city to join in the event. The manager of Centro Plaza gave his own words of thanks to the participants, who include Urbemar, PYR Hotel and MIP Mibro International Properties, whose involvement he commended thanks to the charitable nature of the competition. A total of 500 participants of nearly all ages will be taking part in the race. The running course, which is of a medium difficulty level, will cover flat ground, uphill and down-hill slopes from Nueva Andaluc\u00eda to Puerto Ban\u00fas. There will be 4 different distances to cover, depending on the participant categories. The 400m, 800m and 1600m distances are for the younger age-groups, with the 8km distance for the older participants. The categories will be prebenjam\u00edn (under 7\u2019s), benjam\u00edn (under 10\u2019s), alev\u00edn (under 12\u2019s), infantil (under 14\u2019s), cadete (under 16\u2019s), juvenil (under 18\u2019s), junior (under 20\u2019s), promesa (under-23\u2019s), senior (23-35\u2019s) and veteran (35+). The competitor numbers will be given out on Thursday and Friday December 8th and 9th to the Urbemar offices, Av. Manolete, 1, in Marbella between 8am and 3pm. It will also be possible to collect them on the day of the race between 8-9.30am at the starting line (Hotel Pyr Puerto Ban\u00fas). The general route, which is around 8km long, begins from Hotel Pyr Puerto Ban\u00fas, Avenida Rotary Internacional, and continues through Calle Ram\u00f3n Areces, Calle Francisco Villalon, Avenida Julio Iglesias, Alberto Vidiella Tudores promenade, Avenida Julio Iglesias, Espig\u00f3n Puerto Ban\u00fas\/ Avenida Julio Iglesias, Avenida Jos\u00e9 Ban\u00fas, Calle Juan Belmonte, Avenida Pilar Calvo up to the entrance of Centro Plaza. The mini-run, at 800m long, will take place in the outdoor parking of Centro Plaza and Avenida Manolete. It is worth taking note that the competition courses could be subject to change, if deemed necessary for safety by the public authorities in charge. &nbsp; It will be possible to sign up from October 15th until December 8th at midday, and the cost of participation will be either 3 or 8 euros, according to the age-group. All proceeds will go directly to the Red Cross. ? It is possible to sign up either through Centro Plaza\u2019s website, at the centre in person, or even on the day of the race between 8.00 and 9.30am in the tent set up at the starting line (Hotel Pyr Puerto Ban\u00fas). &nbsp; With regard to the prizes, there will be trophies for the overall male and female winners, as well as gold, silver and bronze medals for first, second and third place respectively for each gender and category. In the youth categories, those from under 18\u2019s to under 23\u2019s will receive a running vest and those from prebenjam\u00edn (under 7\u2019s) to cadete (under16\u2019s) will receive a bag or rucksack. The main refuelling point will be installed at the finish line, with a water station along the middle of the general course. There will also be a place for drinks past the finish line, with health services and ambulances located at the finish line itself. \u00a0\u00a0 &nbsp; &nbsp;<\/p>\n","protected":false},"author":3,"featured_media":5458,"comment_status":"open","ping_status":"open","sticky":false,"template":"","format":"standard","meta":{"_exactmetrics_skip_tracking":false,"_exactmetrics_sitenote_active":false,"_exactmetrics_sitenote_note":"","_exactmetrics_sitenote_category":0,"footnotes":""},"categories":[486],"tags":[449,450,399,452,453],"class_list":["post-5457","post","type-post","status-publish","format-standard","has-post-thumbnail","hentry","category-events-en","tag-centro-plaza-en","tag-charity-race-en","tag-marbella-en","tag-red-cross-spain-en","tag-solidarity-race-en"],"yoast_head":"<!-- This site is optimized with the Yoast SEO plugin v23.0 - https:\/\/yoast.com\/wordpress\/plugins\/seo\/ -->\n<title>The 2nd Centro Plaza Solidarity Race in aid of the Red Cross will take place next Sunday December 11th | MN Comunicaci\u00f3n<\/title>\n<meta name=\"robots\" content=\"index, follow, max-snippet:-1, max-image-preview:large, max-video-preview:-1\" \/>\n<link rel=\"canonical\" href=\"https:\/\/www.mncomunicacion.com\/en\/events-en\/the-2nd-centro-plaza-solidarity-race-in-aid-of-the-red-cross-will-take-place-next-sunday-december-11th\" \/>\n<meta property=\"og:locale\" content=\"en_US\" \/>\n<meta property=\"og:type\" content=\"article\" \/>\n<meta property=\"og:title\" content=\"The 2nd Centro Plaza Solidarity Race in aid of the Red Cross will take place next Sunday December 11th | MN Comunicaci\u00f3n\" \/>\n<meta property=\"og:description\" content=\"A total of around 500 participants from all ages will take part in the run scheduled from 10.00am until 2.00pm Marbella, December 1st 2016: Next Sunday December 11th will mark the 2nd Centro Plaza Solidarity Race, starting at 10am from Hotel Pyr and finishing at 1 Avenida Manolete. \u00a0Following the race last year, the shopping centre will organise this charity run in partnership with Marbella Town Hall and a wide range of public and private entities. All the proceeds will go towards the Red Cross. &nbsp; A press conference\u00a0 organised by MN Comunicaci\u00f3n took place in the shopping centre this morning to present the event, which was attended by Blanca Fern\u00e1ndez, the town councillor for sport, Juli\u00e1n Garc\u00eda Aguilar, the president of Red Cross in Marbella, and Carlos Garc\u00eda, the manager of Centro Plaza. Fern\u00e1ndez and Garc\u00eda praised Centro Plaza\u2019s initiative on behalf of Marbella Town Hall, predicting a great success for the run. This success is something that \u201chas been demonstrated on other occasions by the people of Marbella, thanks to their charitable spirit\u201d. Garc\u00eda Aguilar described the run as a family competition which combines charity and sport, and made mention of what most of the proceeds of the run will go towards: food and toys for underprivileged families. He went on to encourage the whole city to join in the event. The manager of Centro Plaza gave his own words of thanks to the participants, who include Urbemar, PYR Hotel and MIP Mibro International Properties, whose involvement he commended thanks to the charitable nature of the competition. A total of 500 participants of nearly all ages will be taking part in the race. The running course, which is of a medium difficulty level, will cover flat ground, uphill and down-hill slopes from Nueva Andaluc\u00eda to Puerto Ban\u00fas. There will be 4 different distances to cover, depending on the participant categories. The 400m, 800m and 1600m distances are for the younger age-groups, with the 8km distance for the older participants. The categories will be prebenjam\u00edn (under 7\u2019s), benjam\u00edn (under 10\u2019s), alev\u00edn (under 12\u2019s), infantil (under 14\u2019s), cadete (under 16\u2019s), juvenil (under 18\u2019s), junior (under 20\u2019s), promesa (under-23\u2019s), senior (23-35\u2019s) and veteran (35+). The competitor numbers will be given out on Thursday and Friday December 8th and 9th to the Urbemar offices, Av. Manolete, 1, in Marbella between 8am and 3pm. It will also be possible to collect them on the day of the race between 8-9.30am at the starting line (Hotel Pyr Puerto Ban\u00fas). The general route, which is around 8km long, begins from Hotel Pyr Puerto Ban\u00fas, Avenida Rotary Internacional, and continues through Calle Ram\u00f3n Areces, Calle Francisco Villalon, Avenida Julio Iglesias, Alberto Vidiella Tudores promenade, Avenida Julio Iglesias, Espig\u00f3n Puerto Ban\u00fas\/ Avenida Julio Iglesias, Avenida Jos\u00e9 Ban\u00fas, Calle Juan Belmonte, Avenida Pilar Calvo up to the entrance of Centro Plaza. The mini-run, at 800m long, will take place in the outdoor parking of Centro Plaza and Avenida Manolete. It is worth taking note that the competition courses could be subject to change, if deemed necessary for safety by the public authorities in charge. &nbsp; It will be possible to sign up from October 15th until December 8th at midday, and the cost of participation will be either 3 or 8 euros, according to the age-group. All proceeds will go directly to the Red Cross. ? It is possible to sign up either through Centro Plaza\u2019s website, at the centre in person, or even on the day of the race between 8.00 and 9.30am in the tent set up at the starting line (Hotel Pyr Puerto Ban\u00fas). &nbsp; With regard to the prizes, there will be trophies for the overall male and female winners, as well as gold, silver and bronze medals for first, second and third place respectively for each gender and category. In the youth categories, those from under 18\u2019s to under 23\u2019s will receive a running vest and those from prebenjam\u00edn (under 7\u2019s) to cadete (under16\u2019s) will receive a bag or rucksack. The main refuelling point will be installed at the finish line, with a water station along the middle of the general course. There will also be a place for drinks past the finish line, with health services and ambulances located at the finish line itself. \u00a0\u00a0 &nbsp; &nbsp;\" \/>\n<meta property=\"og:url\" content=\"https:\/\/www.mncomunicacion.com\/en\/events-en\/the-2nd-centro-plaza-solidarity-race-in-aid-of-the-red-cross-will-take-place-next-sunday-december-11th\" \/>\n<meta property=\"og:site_name\" content=\"MN Comunicaci\u00f3n\" \/>\n<meta property=\"article:publisher\" content=\"https:\/\/www.facebook.com\/marienoelle.escomunicacion\/\" \/>\n<meta property=\"article:published_time\" content=\"2016-12-07T08:58:24+00:00\" \/>\n<meta property=\"article:modified_time\" content=\"2019-08-08T10:37:33+00:00\" \/>\n<meta property=\"og:image\" content=\"https:\/\/www.mncomunicacion.com\/wp-content\/uploads\/2019\/05\/carrera_solidaria_foto.jpg\" \/>\n\t<meta property=\"og:image:width\" content=\"150\" \/>\n\t<meta property=\"og:image:height\" content=\"150\" \/>\n\t<meta property=\"og:image:type\" content=\"image\/jpeg\" \/>\n<meta name=\"author\" content=\"Marie-No\u00eblle\" \/>\n<meta name=\"twitter:card\" content=\"summary_large_image\" \/>\n<meta name=\"twitter:creator\" content=\"@MNcomunicacion\" \/>\n<meta name=\"twitter:site\" content=\"@MNcomunicacion\" \/>\n<meta name=\"twitter:label1\" content=\"Written by\" \/>\n\t<meta name=\"twitter:data1\" content=\"Marie-No\u00eblle\" \/>\n\t<meta name=\"twitter:label2\" content=\"Est. reading time\" \/>\n\t<meta name=\"twitter:data2\" content=\"4 minutes\" \/>\n<script type=\"application\/ld+json\" class=\"yoast-schema-graph\">{\"@context\":\"https:\/\/schema.org\",\"@graph\":[{\"@type\":\"Article\",\"@id\":\"https:\/\/www.mncomunicacion.com\/en\/events-en\/the-2nd-centro-plaza-solidarity-race-in-aid-of-the-red-cross-will-take-place-next-sunday-december-11th#article\",\"isPartOf\":{\"@id\":\"https:\/\/www.mncomunicacion.com\/en\/events-en\/the-2nd-centro-plaza-solidarity-race-in-aid-of-the-red-cross-will-take-place-next-sunday-december-11th\"},\"author\":{\"name\":\"Marie-No\u00eblle\",\"@id\":\"https:\/\/www.mncomunicacion.com\/#\/schema\/person\/70225cf35dfcd918c90eb1a00df42de9\"},\"headline\":\"The 2nd Centro Plaza Solidarity Race in aid of the Red Cross will take place next Sunday December 11th\",\"datePublished\":\"2016-12-07T08:58:24+00:00\",\"dateModified\":\"2019-08-08T10:37:33+00:00\",\"mainEntityOfPage\":{\"@id\":\"https:\/\/www.mncomunicacion.com\/en\/events-en\/the-2nd-centro-plaza-solidarity-race-in-aid-of-the-red-cross-will-take-place-next-sunday-december-11th\"},\"wordCount\":749,\"commentCount\":0,\"publisher\":{\"@id\":\"https:\/\/www.mncomunicacion.com\/#organization\"},\"image\":{\"@id\":\"https:\/\/www.mncomunicacion.com\/en\/events-en\/the-2nd-centro-plaza-solidarity-race-in-aid-of-the-red-cross-will-take-place-next-sunday-december-11th#primaryimage\"},\"thumbnailUrl\":\"https:\/\/www.mncomunicacion.com\/wp-content\/uploads\/2019\/05\/carrera_solidaria_foto.jpg\",\"keywords\":[\"centro plaza\",\"charity race\",\"marbella,\",\"red cross spain\",\"solidarity race\"],\"articleSection\":[\"Events\"],\"inLanguage\":\"en-US\",\"potentialAction\":[{\"@type\":\"CommentAction\",\"name\":\"Comment\",\"target\":[\"https:\/\/www.mncomunicacion.com\/en\/events-en\/the-2nd-centro-plaza-solidarity-race-in-aid-of-the-red-cross-will-take-place-next-sunday-december-11th#respond\"]}]},{\"@type\":\"WebPage\",\"@id\":\"https:\/\/www.mncomunicacion.com\/en\/events-en\/the-2nd-centro-plaza-solidarity-race-in-aid-of-the-red-cross-will-take-place-next-sunday-december-11th\",\"url\":\"https:\/\/www.mncomunicacion.com\/en\/events-en\/the-2nd-centro-plaza-solidarity-race-in-aid-of-the-red-cross-will-take-place-next-sunday-december-11th\",\"name\":\"The 2nd Centro Plaza Solidarity Race in aid of the Red Cross will take place next Sunday December 11th | MN Comunicaci\u00f3n\",\"isPartOf\":{\"@id\":\"https:\/\/www.mncomunicacion.com\/#website\"},\"primaryImageOfPage\":{\"@id\":\"https:\/\/www.mncomunicacion.com\/en\/events-en\/the-2nd-centro-plaza-solidarity-race-in-aid-of-the-red-cross-will-take-place-next-sunday-december-11th#primaryimage\"},\"image\":{\"@id\":\"https:\/\/www.mncomunicacion.com\/en\/events-en\/the-2nd-centro-plaza-solidarity-race-in-aid-of-the-red-cross-will-take-place-next-sunday-december-11th#primaryimage\"},\"thumbnailUrl\":\"https:\/\/www.mncomunicacion.com\/wp-content\/uploads\/2019\/05\/carrera_solidaria_foto.jpg\",\"datePublished\":\"2016-12-07T08:58:24+00:00\",\"dateModified\":\"2019-08-08T10:37:33+00:00\",\"breadcrumb\":{\"@id\":\"https:\/\/www.mncomunicacion.com\/en\/events-en\/the-2nd-centro-plaza-solidarity-race-in-aid-of-the-red-cross-will-take-place-next-sunday-december-11th#breadcrumb\"},\"inLanguage\":\"en-US\",\"potentialAction\":[{\"@type\":\"ReadAction\",\"target\":[\"https:\/\/www.mncomunicacion.com\/en\/events-en\/the-2nd-centro-plaza-solidarity-race-in-aid-of-the-red-cross-will-take-place-next-sunday-december-11th\"]}]},{\"@type\":\"ImageObject\",\"inLanguage\":\"en-US\",\"@id\":\"https:\/\/www.mncomunicacion.com\/en\/events-en\/the-2nd-centro-plaza-solidarity-race-in-aid-of-the-red-cross-will-take-place-next-sunday-december-11th#primaryimage\",\"url\":\"https:\/\/www.mncomunicacion.com\/wp-content\/uploads\/2019\/05\/carrera_solidaria_foto.jpg\",\"contentUrl\":\"https:\/\/www.mncomunicacion.com\/wp-content\/uploads\/2019\/05\/carrera_solidaria_foto.jpg\",\"width\":150,\"height\":150},{\"@type\":\"BreadcrumbList\",\"@id\":\"https:\/\/www.mncomunicacion.com\/en\/events-en\/the-2nd-centro-plaza-solidarity-race-in-aid-of-the-red-cross-will-take-place-next-sunday-december-11th#breadcrumb\",\"itemListElement\":[{\"@type\":\"ListItem\",\"position\":1,\"name\":\"Portada\",\"item\":\"https:\/\/www.mncomunicacion.com\/en\"},{\"@type\":\"ListItem\",\"position\":2,\"name\":\"The 2nd Centro Plaza Solidarity Race in aid of the Red Cross will take place next Sunday December 11th\"}]},{\"@type\":\"WebSite\",\"@id\":\"https:\/\/www.mncomunicacion.com\/#website\",\"url\":\"https:\/\/www.mncomunicacion.com\/\",\"name\":\"MN Comunicaci\u00f3n\",\"description\":\"Agencia de Comunicaci\u00f3n y Organizaci\u00f3n de Eventos en Marbella\",\"publisher\":{\"@id\":\"https:\/\/www.mncomunicacion.com\/#organization\"},\"potentialAction\":[{\"@type\":\"SearchAction\",\"target\":{\"@type\":\"EntryPoint\",\"urlTemplate\":\"https:\/\/www.mncomunicacion.com\/?s={search_term_string}\"},\"query-input\":\"required name=search_term_string\"}],\"inLanguage\":\"en-US\"},{\"@type\":\"Organization\",\"@id\":\"https:\/\/www.mncomunicacion.com\/#organization\",\"name\":\"MN COMUNICACI\u00d3N\",\"url\":\"https:\/\/www.mncomunicacion.com\/\",\"logo\":{\"@type\":\"ImageObject\",\"inLanguage\":\"en-US\",\"@id\":\"https:\/\/www.mncomunicacion.com\/#\/schema\/logo\/image\/\",\"url\":\"https:\/\/www.mncomunicacion.com\/wp-content\/uploads\/2019\/05\/logo.png\",\"contentUrl\":\"https:\/\/www.mncomunicacion.com\/wp-content\/uploads\/2019\/05\/logo.png\",\"width\":150,\"height\":150,\"caption\":\"MN COMUNICACI\u00d3N\"},\"image\":{\"@id\":\"https:\/\/www.mncomunicacion.com\/#\/schema\/logo\/image\/\"},\"sameAs\":[\"https:\/\/www.facebook.com\/marienoelle.escomunicacion\/\",\"https:\/\/x.com\/MNcomunicacion\",\"https:\/\/www.linkedin.com\/company\/marie-no-lle-es-comunicaci-n\/\",\"https:\/\/www.youtube.com\/channel\/UCnHVdXKiLf30LsIfV8k0xIQ\"]},{\"@type\":\"Person\",\"@id\":\"https:\/\/www.mncomunicacion.com\/#\/schema\/person\/70225cf35dfcd918c90eb1a00df42de9\",\"name\":\"Marie-No\u00eblle\"}]}<\/script>\n<!-- \/ Yoast SEO plugin. -->","yoast_head_json":{"title":"The 2nd Centro Plaza Solidarity Race in aid of the Red Cross will take place next Sunday December 11th | MN Comunicaci\u00f3n","robots":{"index":"index","follow":"follow","max-snippet":"max-snippet:-1","max-image-preview":"max-image-preview:large","max-video-preview":"max-video-preview:-1"},"canonical":"https:\/\/www.mncomunicacion.com\/en\/events-en\/the-2nd-centro-plaza-solidarity-race-in-aid-of-the-red-cross-will-take-place-next-sunday-december-11th","og_locale":"en_US","og_type":"article","og_title":"The 2nd Centro Plaza Solidarity Race in aid of the Red Cross will take place next Sunday December 11th | MN Comunicaci\u00f3n","og_description":"A total of around 500 participants from all ages will take part in the run scheduled from 10.00am until 2.00pm Marbella, December 1st 2016: Next Sunday December 11th will mark the 2nd Centro Plaza Solidarity Race, starting at 10am from Hotel Pyr and finishing at 1 Avenida Manolete. \u00a0Following the race last year, the shopping centre will organise this charity run in partnership with Marbella Town Hall and a wide range of public and private entities. All the proceeds will go towards the Red Cross. &nbsp; A press conference\u00a0 organised by MN Comunicaci\u00f3n took place in the shopping centre this morning to present the event, which was attended by Blanca Fern\u00e1ndez, the town councillor for sport, Juli\u00e1n Garc\u00eda Aguilar, the president of Red Cross in Marbella, and Carlos Garc\u00eda, the manager of Centro Plaza. Fern\u00e1ndez and Garc\u00eda praised Centro Plaza\u2019s initiative on behalf of Marbella Town Hall, predicting a great success for the run. This success is something that \u201chas been demonstrated on other occasions by the people of Marbella, thanks to their charitable spirit\u201d. Garc\u00eda Aguilar described the run as a family competition which combines charity and sport, and made mention of what most of the proceeds of the run will go towards: food and toys for underprivileged families. He went on to encourage the whole city to join in the event. The manager of Centro Plaza gave his own words of thanks to the participants, who include Urbemar, PYR Hotel and MIP Mibro International Properties, whose involvement he commended thanks to the charitable nature of the competition. A total of 500 participants of nearly all ages will be taking part in the race. The running course, which is of a medium difficulty level, will cover flat ground, uphill and down-hill slopes from Nueva Andaluc\u00eda to Puerto Ban\u00fas. There will be 4 different distances to cover, depending on the participant categories. The 400m, 800m and 1600m distances are for the younger age-groups, with the 8km distance for the older participants. The categories will be prebenjam\u00edn (under 7\u2019s), benjam\u00edn (under 10\u2019s), alev\u00edn (under 12\u2019s), infantil (under 14\u2019s), cadete (under 16\u2019s), juvenil (under 18\u2019s), junior (under 20\u2019s), promesa (under-23\u2019s), senior (23-35\u2019s) and veteran (35+). The competitor numbers will be given out on Thursday and Friday December 8th and 9th to the Urbemar offices, Av. Manolete, 1, in Marbella between 8am and 3pm. It will also be possible to collect them on the day of the race between 8-9.30am at the starting line (Hotel Pyr Puerto Ban\u00fas). The general route, which is around 8km long, begins from Hotel Pyr Puerto Ban\u00fas, Avenida Rotary Internacional, and continues through Calle Ram\u00f3n Areces, Calle Francisco Villalon, Avenida Julio Iglesias, Alberto Vidiella Tudores promenade, Avenida Julio Iglesias, Espig\u00f3n Puerto Ban\u00fas\/ Avenida Julio Iglesias, Avenida Jos\u00e9 Ban\u00fas, Calle Juan Belmonte, Avenida Pilar Calvo up to the entrance of Centro Plaza. The mini-run, at 800m long, will take place in the outdoor parking of Centro Plaza and Avenida Manolete. It is worth taking note that the competition courses could be subject to change, if deemed necessary for safety by the public authorities in charge. &nbsp; It will be possible to sign up from October 15th until December 8th at midday, and the cost of participation will be either 3 or 8 euros, according to the age-group. All proceeds will go directly to the Red Cross. ? It is possible to sign up either through Centro Plaza\u2019s website, at the centre in person, or even on the day of the race between 8.00 and 9.30am in the tent set up at the starting line (Hotel Pyr Puerto Ban\u00fas). &nbsp; With regard to the prizes, there will be trophies for the overall male and female winners, as well as gold, silver and bronze medals for first, second and third place respectively for each gender and category. In the youth categories, those from under 18\u2019s to under 23\u2019s will receive a running vest and those from prebenjam\u00edn (under 7\u2019s) to cadete (under16\u2019s) will receive a bag or rucksack. The main refuelling point will be installed at the finish line, with a water station along the middle of the general course. There will also be a place for drinks past the finish line, with health services and ambulances located at the finish line itself. \u00a0\u00a0 &nbsp; &nbsp;","og_url":"https:\/\/www.mncomunicacion.com\/en\/events-en\/the-2nd-centro-plaza-solidarity-race-in-aid-of-the-red-cross-will-take-place-next-sunday-december-11th","og_site_name":"MN Comunicaci\u00f3n","article_publisher":"https:\/\/www.facebook.com\/marienoelle.escomunicacion\/","article_published_time":"2016-12-07T08:58:24+00:00","article_modified_time":"2019-08-08T10:37:33+00:00","og_image":[{"width":150,"height":150,"url":"https:\/\/www.mncomunicacion.com\/wp-content\/uploads\/2019\/05\/carrera_solidaria_foto.jpg","type":"image\/jpeg"}],"author":"Marie-No\u00eblle","twitter_card":"summary_large_image","twitter_creator":"@MNcomunicacion","twitter_site":"@MNcomunicacion","twitter_misc":{"Written by":"Marie-No\u00eblle","Est. reading time":"4 minutes"},"schema":{"@context":"https:\/\/schema.org","@graph":[{"@type":"Article","@id":"https:\/\/www.mncomunicacion.com\/en\/events-en\/the-2nd-centro-plaza-solidarity-race-in-aid-of-the-red-cross-will-take-place-next-sunday-december-11th#article","isPartOf":{"@id":"https:\/\/www.mncomunicacion.com\/en\/events-en\/the-2nd-centro-plaza-solidarity-race-in-aid-of-the-red-cross-will-take-place-next-sunday-december-11th"},"author":{"name":"Marie-No\u00eblle","@id":"https:\/\/www.mncomunicacion.com\/#\/schema\/person\/70225cf35dfcd918c90eb1a00df42de9"},"headline":"The 2nd Centro Plaza Solidarity Race in aid of the Red Cross will take place next Sunday December 11th","datePublished":"2016-12-07T08:58:24+00:00","dateModified":"2019-08-08T10:37:33+00:00","mainEntityOfPage":{"@id":"https:\/\/www.mncomunicacion.com\/en\/events-en\/the-2nd-centro-plaza-solidarity-race-in-aid-of-the-red-cross-will-take-place-next-sunday-december-11th"},"wordCount":749,"commentCount":0,"publisher":{"@id":"https:\/\/www.mncomunicacion.com\/#organization"},"image":{"@id":"https:\/\/www.mncomunicacion.com\/en\/events-en\/the-2nd-centro-plaza-solidarity-race-in-aid-of-the-red-cross-will-take-place-next-sunday-december-11th#primaryimage"},"thumbnailUrl":"https:\/\/www.mncomunicacion.com\/wp-content\/uploads\/2019\/05\/carrera_solidaria_foto.jpg","keywords":["centro plaza","charity race","marbella,","red cross spain","solidarity race"],"articleSection":["Events"],"inLanguage":"en-US","potentialAction":[{"@type":"CommentAction","name":"Comment","target":["https:\/\/www.mncomunicacion.com\/en\/events-en\/the-2nd-centro-plaza-solidarity-race-in-aid-of-the-red-cross-will-take-place-next-sunday-december-11th#respond"]}]},{"@type":"WebPage","@id":"https:\/\/www.mncomunicacion.com\/en\/events-en\/the-2nd-centro-plaza-solidarity-race-in-aid-of-the-red-cross-will-take-place-next-sunday-december-11th","url":"https:\/\/www.mncomunicacion.com\/en\/events-en\/the-2nd-centro-plaza-solidarity-race-in-aid-of-the-red-cross-will-take-place-next-sunday-december-11th","name":"The 2nd Centro Plaza Solidarity Race in aid of the Red Cross will take place next Sunday December 11th | MN Comunicaci\u00f3n","isPartOf":{"@id":"https:\/\/www.mncomunicacion.com\/#website"},"primaryImageOfPage":{"@id":"https:\/\/www.mncomunicacion.com\/en\/events-en\/the-2nd-centro-plaza-solidarity-race-in-aid-of-the-red-cross-will-take-place-next-sunday-december-11th#primaryimage"},"image":{"@id":"https:\/\/www.mncomunicacion.com\/en\/events-en\/the-2nd-centro-plaza-solidarity-race-in-aid-of-the-red-cross-will-take-place-next-sunday-december-11th#primaryimage"},"thumbnailUrl":"https:\/\/www.mncomunicacion.com\/wp-content\/uploads\/2019\/05\/carrera_solidaria_foto.jpg","datePublished":"2016-12-07T08:58:24+00:00","dateModified":"2019-08-08T10:37:33+00:00","breadcrumb":{"@id":"https:\/\/www.mncomunicacion.com\/en\/events-en\/the-2nd-centro-plaza-solidarity-race-in-aid-of-the-red-cross-will-take-place-next-sunday-december-11th#breadcrumb"},"inLanguage":"en-US","potentialAction":[{"@type":"ReadAction","target":["https:\/\/www.mncomunicacion.com\/en\/events-en\/the-2nd-centro-plaza-solidarity-race-in-aid-of-the-red-cross-will-take-place-next-sunday-december-11th"]}]},{"@type":"ImageObject","inLanguage":"en-US","@id":"https:\/\/www.mncomunicacion.com\/en\/events-en\/the-2nd-centro-plaza-solidarity-race-in-aid-of-the-red-cross-will-take-place-next-sunday-december-11th#primaryimage","url":"https:\/\/www.mncomunicacion.com\/wp-content\/uploads\/2019\/05\/carrera_solidaria_foto.jpg","contentUrl":"https:\/\/www.mncomunicacion.com\/wp-content\/uploads\/2019\/05\/carrera_solidaria_foto.jpg","width":150,"height":150},{"@type":"BreadcrumbList","@id":"https:\/\/www.mncomunicacion.com\/en\/events-en\/the-2nd-centro-plaza-solidarity-race-in-aid-of-the-red-cross-will-take-place-next-sunday-december-11th#breadcrumb","itemListElement":[{"@type":"ListItem","position":1,"name":"Portada","item":"https:\/\/www.mncomunicacion.com\/en"},{"@type":"ListItem","position":2,"name":"The 2nd Centro Plaza Solidarity Race in aid of the Red Cross will take place next Sunday December 11th"}]},{"@type":"WebSite","@id":"https:\/\/www.mncomunicacion.com\/#website","url":"https:\/\/www.mncomunicacion.com\/","name":"MN Comunicaci\u00f3n","description":"Agencia de Comunicaci\u00f3n y Organizaci\u00f3n de Eventos en Marbella","publisher":{"@id":"https:\/\/www.mncomunicacion.com\/#organization"},"potentialAction":[{"@type":"SearchAction","target":{"@type":"EntryPoint","urlTemplate":"https:\/\/www.mncomunicacion.com\/?s={search_term_string}"},"query-input":"required name=search_term_string"}],"inLanguage":"en-US"},{"@type":"Organization","@id":"https:\/\/www.mncomunicacion.com\/#organization","name":"MN COMUNICACI\u00d3N","url":"https:\/\/www.mncomunicacion.com\/","logo":{"@type":"ImageObject","inLanguage":"en-US","@id":"https:\/\/www.mncomunicacion.com\/#\/schema\/logo\/image\/","url":"https:\/\/www.mncomunicacion.com\/wp-content\/uploads\/2019\/05\/logo.png","contentUrl":"https:\/\/www.mncomunicacion.com\/wp-content\/uploads\/2019\/05\/logo.png","width":150,"height":150,"caption":"MN COMUNICACI\u00d3N"},"image":{"@id":"https:\/\/www.mncomunicacion.com\/#\/schema\/logo\/image\/"},"sameAs":["https:\/\/www.facebook.com\/marienoelle.escomunicacion\/","https:\/\/x.com\/MNcomunicacion","https:\/\/www.linkedin.com\/company\/marie-no-lle-es-comunicaci-n\/","https:\/\/www.youtube.com\/channel\/UCnHVdXKiLf30LsIfV8k0xIQ"]},{"@type":"Person","@id":"https:\/\/www.mncomunicacion.com\/#\/schema\/person\/70225cf35dfcd918c90eb1a00df42de9","name":"Marie-No\u00eblle"}]}},"_links":{"self":[{"href":"https:\/\/www.mncomunicacion.com\/en\/wp-json\/wp\/v2\/posts\/5457"}],"collection":[{"href":"https:\/\/www.mncomunicacion.com\/en\/wp-json\/wp\/v2\/posts"}],"about":[{"href":"https:\/\/www.mncomunicacion.com\/en\/wp-json\/wp\/v2\/types\/post"}],"author":[{"embeddable":true,"href":"https:\/\/www.mncomunicacion.com\/en\/wp-json\/wp\/v2\/users\/3"}],"replies":[{"embeddable":true,"href":"https:\/\/www.mncomunicacion.com\/en\/wp-json\/wp\/v2\/comments?post=5457"}],"version-history":[{"count":2,"href":"https:\/\/www.mncomunicacion.com\/en\/wp-json\/wp\/v2\/posts\/5457\/revisions"}],"predecessor-version":[{"id":6405,"href":"https:\/\/www.mncomunicacion.com\/en\/wp-json\/wp\/v2\/posts\/5457\/revisions\/6405"}],"wp:featuredmedia":[{"embeddable":true,"href":"https:\/\/www.mncomunicacion.com\/en\/wp-json\/wp\/v2\/media\/5458"}],"wp:attachment":[{"href":"https:\/\/www.mncomunicacion.com\/en\/wp-json\/wp\/v2\/media?parent=5457"}],"wp:term":[{"taxonomy":"category","embeddable":true,"href":"https:\/\/www.mncomunicacion.com\/en\/wp-json\/wp\/v2\/categories?post=5457"},{"taxonomy":"post_tag","embeddable":true,"href":"https:\/\/www.mncomunicacion.com\/en\/wp-json\/wp\/v2\/tags?post=5457"}],"curies":[{"name":"wp","href":"https:\/\/api.w.org\/{rel}","templated":true}]}}