{"id":5328,"date":"2015-06-29T11:46:44","date_gmt":"2015-06-29T11:46:44","guid":{"rendered":"https:\/\/www.mncomunicacion.com\/tel-aviv-university-s-second-official-visit-to-the-costa-del-sol"},"modified":"2015-06-29T11:46:44","modified_gmt":"2015-06-29T11:46:44","slug":"tel-aviv-university-s-second-official-visit-to-the-costa-del-sol","status":"publish","type":"post","link":"https:\/\/www.mncomunicacion.com\/en\/press-en-en\/tel-aviv-university-s-second-official-visit-to-the-costa-del-sol","title":{"rendered":"Tel Aviv University\u00b4s Second Official Visit to the Costa del Sol"},"content":{"rendered":"<p>Amongst the programme of events there will be: scientific meetings, governmental appointments with city councils in the province and meetings with TAU&acute;s Friends Associations in Spain.<\/p>\n<p> <\/p>\n<p style=\"text-align: justify;\"><span style=\"color: #000000;\"><strong>Marbella, Friday 26<sup>th<\/sup> June 2015.-<\/strong> From Sunday 28<sup>th<\/sup> June to 2<sup>nd<\/sup> July, a delegation from Tel Aviv University will be on an official visit to the Costa del Sol, following a successful visit in summer 2014. The team will be made up of <strong>Amos Elad,<\/strong> TAU&acute;s vice-president<strong>, Herman Richter<\/strong>, representative for Latin America and Spain, scientists and doctors <strong>Orna Elroy-Stein<\/strong> and <strong>Miguel Weil, <\/strong>and PhD student <strong>Melissa Herrero<\/strong>.They will be travelling to the province of Malaga specifically to fulfil a busy itinerary.<\/span><\/p>\n<p style=\"text-align: justify;\"><span style=\"color: #000000;\">Their tour will include some revealing scientific activities, particularly regarding medical advances that TAU has achieved in the field commonly known as &#8220;orphan or rare diseases.&#8221; They will also be attending various institutional appointments to increase the University&acute;s diplomatic relations and strengthen links with the only presence it has in Spain. Tel Aviv University&acute;s Friends Association in Spain.<\/span><\/p>\n<p style=\"text-align: justify;\"><span style=\"color: #000000;\"><strong>The calendar of events for TAU&acute;s 2<sup>nd<\/sup> official visit is as follows: <\/strong><\/span><\/p>\n<p style=\"text-align: justify;\"><span style=\"color: #000000;\"><strong>*<span style=\"text-decoration: underline;\">Sunday 28<sup>th<\/sup> June:<\/span><\/strong> Private meeting between expert doctor <strong><span style=\"background-image: initial; background-attachment: initial; background-position: initial; background-repeat: initial;\">Orna Elroy-Stein<\/span><\/strong><span style=\"background-image: initial; background-attachment: initial; background-position: initial; background-repeat: initial;\"> and a group of Spanish families linked to rare genetic illnesses (brought together by <\/span><a href=\"http:\/\/www.elaespana.es\/\"><span style=\"color: #000000; background-image: initial; background-attachment: initial; background-position: initial; background-repeat: initial;\">http:\/\/www.elaespana.es\/<\/span><\/a><span style=\"background-image: initial; background-attachment: initial; background-position: initial; background-repeat: initial;\">). &nbsp;<\/span><\/span><\/p>\n<p style=\"text-align: justify;\"><span style=\"color: #000000;\"><strong><span style=\"background-image: initial; background-attachment: initial; background-position: initial; background-repeat: initial;\">*<span style=\"text-decoration: underline;\">Monday 29<sup>th<\/sup> June<\/span><\/span><\/strong><span style=\"text-decoration: underline;\"><span style=\"background-image: initial; background-attachment: initial; background-position: initial; background-repeat: initial;\">:<\/span><\/span><span style=\"background-image: initial; background-attachment: initial; background-position: initial; background-repeat: initial;\"> Itinerary organized by <\/span><span style=\"background-image: initial; background-attachment: initial; background-position: initial; background-repeat: initial;\">Malaga University (with whom TAU signed a &ldquo;Memorandum of Understanding&rdquo; (MoU) last year; as well as a visit to Andalusia Technology Park, where doctors Weil and Elroy-Stein will be giving two seminars to offer a sharing of knowledge between scientists from BIONAND &ndash; Andalusian Centre for Nanomedicine &amp; Biotechnology. On the same day, they will be received by the mayors of Malaga (<strong>Francisco de la Torre)<\/strong> and Torremolinos (<strong>Jos&eacute; Ortiz)<\/strong>. <\/span><\/span><\/p>\n<p style=\"text-align: justify;\"><span style=\"background-image: initial; background-attachment: initial; background-position: initial; background-repeat: initial;\"><span style=\"text-decoration: underline;\"><strong>*30th June:<\/strong> <\/span>The renowned professor Miguel Weil will give a conference at Marbella High Care on personalized drug recovery for the aforementioned diseases. It will begin at 12.00 noon and will be open to the public (until it reaches its capacity).&nbsp;<\/span><\/p>\n<p style=\"text-align: justify;\"><span style=\"color: #000000;\"><strong><span style=\"background-image: initial; background-attachment: initial; background-position: initial; background-repeat: initial;\">*<span style=\"text-decoration: underline;\">1st July<\/span><\/span><\/strong><span style=\"text-decoration: underline;\"><span style=\"background-image: initial; background-attachment: initial; background-position: initial; background-repeat: initial;\">:<\/span><\/span><span style=\"background-image: initial; background-attachment: initial; background-position: initial; background-repeat: initial;\"> The mayor of Marbella, <strong>Jos&eacute; Bernal<\/strong>, will receive TAU&acute;s delegation in his office. This will be followed by various meetings with entrepreneurs in the area. The party will be received and accompanied at all times by Patricia Nahmad, recently elected president of the Tel Aviv University&acute;s Friends Association in Spain (AAUTAE); a group that was established this 2015 and is based in Marbella. The University has about 30 assocations of this kind across the globe, in approximately 20 countries.&nbsp;<\/span><\/span><\/p>\n<p style=\"text-align: justify; line-height: 15pt; vertical-align: baseline; background-image: initial; background-attachment: initial; background-position: initial; background-repeat: initial;\"><span style=\"color: #000000;\"><strong>Event: <\/strong><strong>TAU&acute;s 2<sup>nd<\/sup> official visit to the Costa del Sol. Several events planned.<\/strong><\/span><\/p>\n<p style=\"text-align: justify; line-height: 15pt; vertical-align: baseline; background-image: initial; background-attachment: initial; background-position: initial; background-repeat: initial;\"><span style=\"color: #000000;\"><strong>Place:<\/strong><strong> Costa del Sol. Various cities in the area: Malaga, Marbella and Torremolinos.<\/strong><\/span><\/p>\n<p style=\"text-align: justify; line-height: 15pt; vertical-align: baseline; background-image: initial; background-attachment: initial; background-position: initial; background-repeat: initial;\"><span style=\"color: #000000;\"><strong><span style=\"background-image: initial; background-attachment: initial; background-position: initial; background-repeat: initial;\">Date: <\/span><\/strong><strong><span style=\"background-image: initial; background-attachment: initial; background-position: initial; background-repeat: initial;\">28<sup>th<\/sup> June &ndash; 2<sup>nd<\/sup> July.<\/span><\/strong><\/span><\/p>\n<p style=\"text-align: justify; line-height: 15pt; vertical-align: baseline; background-image: initial; background-attachment: initial; background-position: initial; background-repeat: initial;\"><strong>Time: <\/strong><strong>&nbsp;Depends on the event. <br \/><\/strong><\/p>\n<p style=\"text-align: justify;\"><span>&nbsp;<\/span><\/p>\n","protected":false},"excerpt":{"rendered":"<p>Amongst the programme of events there will be: scientific meetings, governmental appointments with city councils in the province and meetings with TAU&acute;s Friends Associations in Spain. Marbella, Friday 26th June 2015.- From Sunday 28th June to 2nd July, a delegation from Tel Aviv University will be on an official visit to the Costa del Sol, following a successful visit in summer 2014. The team will be made up of Amos Elad, TAU&acute;s vice-president, Herman Richter, representative for Latin America and Spain, scientists and doctors Orna Elroy-Stein and Miguel Weil, and PhD student Melissa Herrero.They will be travelling to the province of Malaga specifically to fulfil a busy itinerary. Their tour will include some revealing scientific activities, particularly regarding medical advances that TAU has achieved in the field commonly known as &#8220;orphan or rare diseases.&#8221; They will also be attending various institutional appointments to increase the University&acute;s diplomatic relations and strengthen links with the only presence it has in Spain. Tel Aviv University&acute;s Friends Association in Spain. The calendar of events for TAU&acute;s 2nd official visit is as follows: *Sunday 28th June: Private meeting between expert doctor Orna Elroy-Stein and a group of Spanish families linked to rare genetic illnesses (brought together by http:\/\/www.elaespana.es\/). &nbsp; *Monday 29th June: Itinerary organized by Malaga University (with whom TAU signed a &ldquo;Memorandum of Understanding&rdquo; (MoU) last year; as well as a visit to Andalusia Technology Park, where doctors Weil and Elroy-Stein will be giving two seminars to offer a sharing of knowledge between scientists from BIONAND &ndash; Andalusian Centre for Nanomedicine &amp; Biotechnology. On the same day, they will be received by the mayors of Malaga (Francisco de la Torre) and Torremolinos (Jos&eacute; Ortiz). *30th June: The renowned professor Miguel Weil will give a conference at Marbella High Care on personalized drug recovery for the aforementioned diseases. It will begin at 12.00 noon and will be open to the public (until it reaches its capacity).&nbsp; *1st July: The mayor of Marbella, Jos&eacute; Bernal, will receive TAU&acute;s delegation in his office. This will be followed by various meetings with entrepreneurs in the area. The party will be received and accompanied at all times by Patricia Nahmad, recently elected president of the Tel Aviv University&acute;s Friends Association in Spain (AAUTAE); a group that was established this 2015 and is based in Marbella. The University has about 30 assocations of this kind across the globe, in approximately 20 countries.&nbsp; Event: TAU&acute;s 2nd official visit to the Costa del Sol. Several events planned. Place: Costa del Sol. Various cities in the area: Malaga, Marbella and Torremolinos. Date: 28th June &ndash; 2nd July. Time: &nbsp;Depends on the event. &nbsp;<\/p>\n","protected":false},"author":3,"featured_media":5329,"comment_status":"open","ping_status":"open","sticky":false,"template":"","format":"standard","meta":{"_exactmetrics_skip_tracking":false,"_exactmetrics_sitenote_active":false,"_exactmetrics_sitenote_note":"","_exactmetrics_sitenote_category":0,"footnotes":""},"categories":[392],"tags":[],"class_list":["post-5328","post","type-post","status-publish","format-standard","has-post-thumbnail","hentry","category-press-en-en"],"yoast_head":"<!-- This site is optimized with the Yoast SEO plugin v23.0 - https:\/\/yoast.com\/wordpress\/plugins\/seo\/ -->\n<title>Tel Aviv University\u00b4s Second Official Visit to the Costa del Sol | MN Comunicaci\u00f3n<\/title>\n<meta name=\"robots\" content=\"index, follow, max-snippet:-1, max-image-preview:large, max-video-preview:-1\" \/>\n<link rel=\"canonical\" href=\"https:\/\/www.mncomunicacion.com\/en\/press-en-en\/tel-aviv-university-s-second-official-visit-to-the-costa-del-sol\" \/>\n<meta property=\"og:locale\" content=\"en_US\" \/>\n<meta property=\"og:type\" content=\"article\" \/>\n<meta property=\"og:title\" content=\"Tel Aviv University\u00b4s Second Official Visit to the Costa del Sol | MN Comunicaci\u00f3n\" \/>\n<meta property=\"og:description\" content=\"Amongst the programme of events there will be: scientific meetings, governmental appointments with city councils in the province and meetings with TAU&acute;s Friends Associations in Spain. Marbella, Friday 26th June 2015.- From Sunday 28th June to 2nd July, a delegation from Tel Aviv University will be on an official visit to the Costa del Sol, following a successful visit in summer 2014. The team will be made up of Amos Elad, TAU&acute;s vice-president, Herman Richter, representative for Latin America and Spain, scientists and doctors Orna Elroy-Stein and Miguel Weil, and PhD student Melissa Herrero.They will be travelling to the province of Malaga specifically to fulfil a busy itinerary. Their tour will include some revealing scientific activities, particularly regarding medical advances that TAU has achieved in the field commonly known as &#8220;orphan or rare diseases.&#8221; They will also be attending various institutional appointments to increase the University&acute;s diplomatic relations and strengthen links with the only presence it has in Spain. Tel Aviv University&acute;s Friends Association in Spain. The calendar of events for TAU&acute;s 2nd official visit is as follows: *Sunday 28th June: Private meeting between expert doctor Orna Elroy-Stein and a group of Spanish families linked to rare genetic illnesses (brought together by http:\/\/www.elaespana.es\/). &nbsp; *Monday 29th June: Itinerary organized by Malaga University (with whom TAU signed a &ldquo;Memorandum of Understanding&rdquo; (MoU) last year; as well as a visit to Andalusia Technology Park, where doctors Weil and Elroy-Stein will be giving two seminars to offer a sharing of knowledge between scientists from BIONAND &ndash; Andalusian Centre for Nanomedicine &amp; Biotechnology. On the same day, they will be received by the mayors of Malaga (Francisco de la Torre) and Torremolinos (Jos&eacute; Ortiz). *30th June: The renowned professor Miguel Weil will give a conference at Marbella High Care on personalized drug recovery for the aforementioned diseases. It will begin at 12.00 noon and will be open to the public (until it reaches its capacity).&nbsp; *1st July: The mayor of Marbella, Jos&eacute; Bernal, will receive TAU&acute;s delegation in his office. This will be followed by various meetings with entrepreneurs in the area. The party will be received and accompanied at all times by Patricia Nahmad, recently elected president of the Tel Aviv University&acute;s Friends Association in Spain (AAUTAE); a group that was established this 2015 and is based in Marbella. The University has about 30 assocations of this kind across the globe, in approximately 20 countries.&nbsp; Event: TAU&acute;s 2nd official visit to the Costa del Sol. Several events planned. Place: Costa del Sol. Various cities in the area: Malaga, Marbella and Torremolinos. Date: 28th June &ndash; 2nd July. Time: &nbsp;Depends on the event. &nbsp;\" \/>\n<meta property=\"og:url\" content=\"https:\/\/www.mncomunicacion.com\/en\/press-en-en\/tel-aviv-university-s-second-official-visit-to-the-costa-del-sol\" \/>\n<meta property=\"og:site_name\" content=\"MN Comunicaci\u00f3n\" \/>\n<meta property=\"article:publisher\" content=\"https:\/\/www.facebook.com\/marienoelle.escomunicacion\/\" \/>\n<meta property=\"article:published_time\" content=\"2015-06-29T11:46:44+00:00\" \/>\n<meta property=\"og:image\" content=\"https:\/\/www.mncomunicacion.com\/wp-content\/uploads\/2019\/05\/01010101.jpg\" \/>\n\t<meta property=\"og:image:width\" content=\"150\" \/>\n\t<meta property=\"og:image:height\" content=\"150\" \/>\n\t<meta property=\"og:image:type\" content=\"image\/jpeg\" \/>\n<meta name=\"author\" content=\"Marie-No\u00eblle\" \/>\n<meta name=\"twitter:card\" content=\"summary_large_image\" \/>\n<meta name=\"twitter:creator\" content=\"@MNcomunicacion\" \/>\n<meta name=\"twitter:site\" content=\"@MNcomunicacion\" \/>\n<meta name=\"twitter:label1\" content=\"Written by\" \/>\n\t<meta name=\"twitter:data1\" content=\"Marie-No\u00eblle\" \/>\n\t<meta name=\"twitter:label2\" content=\"Est. reading time\" \/>\n\t<meta name=\"twitter:data2\" content=\"2 minutes\" \/>\n<script type=\"application\/ld+json\" class=\"yoast-schema-graph\">{\"@context\":\"https:\/\/schema.org\",\"@graph\":[{\"@type\":\"Article\",\"@id\":\"https:\/\/www.mncomunicacion.com\/en\/press-en-en\/tel-aviv-university-s-second-official-visit-to-the-costa-del-sol#article\",\"isPartOf\":{\"@id\":\"https:\/\/www.mncomunicacion.com\/en\/press-en-en\/tel-aviv-university-s-second-official-visit-to-the-costa-del-sol\"},\"author\":{\"name\":\"Marie-No\u00eblle\",\"@id\":\"https:\/\/www.mncomunicacion.com\/#\/schema\/person\/70225cf35dfcd918c90eb1a00df42de9\"},\"headline\":\"Tel Aviv University\u00b4s Second Official Visit to the Costa del Sol\",\"datePublished\":\"2015-06-29T11:46:44+00:00\",\"dateModified\":\"2015-06-29T11:46:44+00:00\",\"mainEntityOfPage\":{\"@id\":\"https:\/\/www.mncomunicacion.com\/en\/press-en-en\/tel-aviv-university-s-second-official-visit-to-the-costa-del-sol\"},\"wordCount\":474,\"commentCount\":0,\"publisher\":{\"@id\":\"https:\/\/www.mncomunicacion.com\/#organization\"},\"image\":{\"@id\":\"https:\/\/www.mncomunicacion.com\/en\/press-en-en\/tel-aviv-university-s-second-official-visit-to-the-costa-del-sol#primaryimage\"},\"thumbnailUrl\":\"https:\/\/www.mncomunicacion.com\/wp-content\/uploads\/2019\/05\/01010101.jpg\",\"articleSection\":[\"Press\"],\"inLanguage\":\"en-US\",\"potentialAction\":[{\"@type\":\"CommentAction\",\"name\":\"Comment\",\"target\":[\"https:\/\/www.mncomunicacion.com\/en\/press-en-en\/tel-aviv-university-s-second-official-visit-to-the-costa-del-sol#respond\"]}]},{\"@type\":\"WebPage\",\"@id\":\"https:\/\/www.mncomunicacion.com\/en\/press-en-en\/tel-aviv-university-s-second-official-visit-to-the-costa-del-sol\",\"url\":\"https:\/\/www.mncomunicacion.com\/en\/press-en-en\/tel-aviv-university-s-second-official-visit-to-the-costa-del-sol\",\"name\":\"Tel Aviv University\u00b4s Second Official Visit to the Costa del Sol | MN Comunicaci\u00f3n\",\"isPartOf\":{\"@id\":\"https:\/\/www.mncomunicacion.com\/#website\"},\"primaryImageOfPage\":{\"@id\":\"https:\/\/www.mncomunicacion.com\/en\/press-en-en\/tel-aviv-university-s-second-official-visit-to-the-costa-del-sol#primaryimage\"},\"image\":{\"@id\":\"https:\/\/www.mncomunicacion.com\/en\/press-en-en\/tel-aviv-university-s-second-official-visit-to-the-costa-del-sol#primaryimage\"},\"thumbnailUrl\":\"https:\/\/www.mncomunicacion.com\/wp-content\/uploads\/2019\/05\/01010101.jpg\",\"datePublished\":\"2015-06-29T11:46:44+00:00\",\"dateModified\":\"2015-06-29T11:46:44+00:00\",\"breadcrumb\":{\"@id\":\"https:\/\/www.mncomunicacion.com\/en\/press-en-en\/tel-aviv-university-s-second-official-visit-to-the-costa-del-sol#breadcrumb\"},\"inLanguage\":\"en-US\",\"potentialAction\":[{\"@type\":\"ReadAction\",\"target\":[\"https:\/\/www.mncomunicacion.com\/en\/press-en-en\/tel-aviv-university-s-second-official-visit-to-the-costa-del-sol\"]}]},{\"@type\":\"ImageObject\",\"inLanguage\":\"en-US\",\"@id\":\"https:\/\/www.mncomunicacion.com\/en\/press-en-en\/tel-aviv-university-s-second-official-visit-to-the-costa-del-sol#primaryimage\",\"url\":\"https:\/\/www.mncomunicacion.com\/wp-content\/uploads\/2019\/05\/01010101.jpg\",\"contentUrl\":\"https:\/\/www.mncomunicacion.com\/wp-content\/uploads\/2019\/05\/01010101.jpg\",\"width\":150,\"height\":150},{\"@type\":\"BreadcrumbList\",\"@id\":\"https:\/\/www.mncomunicacion.com\/en\/press-en-en\/tel-aviv-university-s-second-official-visit-to-the-costa-del-sol#breadcrumb\",\"itemListElement\":[{\"@type\":\"ListItem\",\"position\":1,\"name\":\"Portada\",\"item\":\"https:\/\/www.mncomunicacion.com\/en\"},{\"@type\":\"ListItem\",\"position\":2,\"name\":\"Tel Aviv University\u00b4s Second Official Visit to the Costa del Sol\"}]},{\"@type\":\"WebSite\",\"@id\":\"https:\/\/www.mncomunicacion.com\/#website\",\"url\":\"https:\/\/www.mncomunicacion.com\/\",\"name\":\"MN Comunicaci\u00f3n\",\"description\":\"Agencia de Comunicaci\u00f3n y Organizaci\u00f3n de Eventos en Marbella\",\"publisher\":{\"@id\":\"https:\/\/www.mncomunicacion.com\/#organization\"},\"potentialAction\":[{\"@type\":\"SearchAction\",\"target\":{\"@type\":\"EntryPoint\",\"urlTemplate\":\"https:\/\/www.mncomunicacion.com\/?s={search_term_string}\"},\"query-input\":\"required name=search_term_string\"}],\"inLanguage\":\"en-US\"},{\"@type\":\"Organization\",\"@id\":\"https:\/\/www.mncomunicacion.com\/#organization\",\"name\":\"MN COMUNICACI\u00d3N\",\"url\":\"https:\/\/www.mncomunicacion.com\/\",\"logo\":{\"@type\":\"ImageObject\",\"inLanguage\":\"en-US\",\"@id\":\"https:\/\/www.mncomunicacion.com\/#\/schema\/logo\/image\/\",\"url\":\"https:\/\/www.mncomunicacion.com\/wp-content\/uploads\/2019\/05\/logo.png\",\"contentUrl\":\"https:\/\/www.mncomunicacion.com\/wp-content\/uploads\/2019\/05\/logo.png\",\"width\":150,\"height\":150,\"caption\":\"MN COMUNICACI\u00d3N\"},\"image\":{\"@id\":\"https:\/\/www.mncomunicacion.com\/#\/schema\/logo\/image\/\"},\"sameAs\":[\"https:\/\/www.facebook.com\/marienoelle.escomunicacion\/\",\"https:\/\/x.com\/MNcomunicacion\",\"https:\/\/www.linkedin.com\/company\/marie-no-lle-es-comunicaci-n\/\",\"https:\/\/www.youtube.com\/channel\/UCnHVdXKiLf30LsIfV8k0xIQ\"]},{\"@type\":\"Person\",\"@id\":\"https:\/\/www.mncomunicacion.com\/#\/schema\/person\/70225cf35dfcd918c90eb1a00df42de9\",\"name\":\"Marie-No\u00eblle\"}]}<\/script>\n<!-- \/ Yoast SEO plugin. -->","yoast_head_json":{"title":"Tel Aviv University\u00b4s Second Official Visit to the Costa del Sol | MN Comunicaci\u00f3n","robots":{"index":"index","follow":"follow","max-snippet":"max-snippet:-1","max-image-preview":"max-image-preview:large","max-video-preview":"max-video-preview:-1"},"canonical":"https:\/\/www.mncomunicacion.com\/en\/press-en-en\/tel-aviv-university-s-second-official-visit-to-the-costa-del-sol","og_locale":"en_US","og_type":"article","og_title":"Tel Aviv University\u00b4s Second Official Visit to the Costa del Sol | MN Comunicaci\u00f3n","og_description":"Amongst the programme of events there will be: scientific meetings, governmental appointments with city councils in the province and meetings with TAU&acute;s Friends Associations in Spain. Marbella, Friday 26th June 2015.- From Sunday 28th June to 2nd July, a delegation from Tel Aviv University will be on an official visit to the Costa del Sol, following a successful visit in summer 2014. The team will be made up of Amos Elad, TAU&acute;s vice-president, Herman Richter, representative for Latin America and Spain, scientists and doctors Orna Elroy-Stein and Miguel Weil, and PhD student Melissa Herrero.They will be travelling to the province of Malaga specifically to fulfil a busy itinerary. Their tour will include some revealing scientific activities, particularly regarding medical advances that TAU has achieved in the field commonly known as &#8220;orphan or rare diseases.&#8221; They will also be attending various institutional appointments to increase the University&acute;s diplomatic relations and strengthen links with the only presence it has in Spain. Tel Aviv University&acute;s Friends Association in Spain. The calendar of events for TAU&acute;s 2nd official visit is as follows: *Sunday 28th June: Private meeting between expert doctor Orna Elroy-Stein and a group of Spanish families linked to rare genetic illnesses (brought together by http:\/\/www.elaespana.es\/). &nbsp; *Monday 29th June: Itinerary organized by Malaga University (with whom TAU signed a &ldquo;Memorandum of Understanding&rdquo; (MoU) last year; as well as a visit to Andalusia Technology Park, where doctors Weil and Elroy-Stein will be giving two seminars to offer a sharing of knowledge between scientists from BIONAND &ndash; Andalusian Centre for Nanomedicine &amp; Biotechnology. On the same day, they will be received by the mayors of Malaga (Francisco de la Torre) and Torremolinos (Jos&eacute; Ortiz). *30th June: The renowned professor Miguel Weil will give a conference at Marbella High Care on personalized drug recovery for the aforementioned diseases. It will begin at 12.00 noon and will be open to the public (until it reaches its capacity).&nbsp; *1st July: The mayor of Marbella, Jos&eacute; Bernal, will receive TAU&acute;s delegation in his office. This will be followed by various meetings with entrepreneurs in the area. The party will be received and accompanied at all times by Patricia Nahmad, recently elected president of the Tel Aviv University&acute;s Friends Association in Spain (AAUTAE); a group that was established this 2015 and is based in Marbella. The University has about 30 assocations of this kind across the globe, in approximately 20 countries.&nbsp; Event: TAU&acute;s 2nd official visit to the Costa del Sol. Several events planned. Place: Costa del Sol. Various cities in the area: Malaga, Marbella and Torremolinos. Date: 28th June &ndash; 2nd July. Time: &nbsp;Depends on the event. &nbsp;","og_url":"https:\/\/www.mncomunicacion.com\/en\/press-en-en\/tel-aviv-university-s-second-official-visit-to-the-costa-del-sol","og_site_name":"MN Comunicaci\u00f3n","article_publisher":"https:\/\/www.facebook.com\/marienoelle.escomunicacion\/","article_published_time":"2015-06-29T11:46:44+00:00","og_image":[{"width":150,"height":150,"url":"https:\/\/www.mncomunicacion.com\/wp-content\/uploads\/2019\/05\/01010101.jpg","type":"image\/jpeg"}],"author":"Marie-No\u00eblle","twitter_card":"summary_large_image","twitter_creator":"@MNcomunicacion","twitter_site":"@MNcomunicacion","twitter_misc":{"Written by":"Marie-No\u00eblle","Est. reading time":"2 minutes"},"schema":{"@context":"https:\/\/schema.org","@graph":[{"@type":"Article","@id":"https:\/\/www.mncomunicacion.com\/en\/press-en-en\/tel-aviv-university-s-second-official-visit-to-the-costa-del-sol#article","isPartOf":{"@id":"https:\/\/www.mncomunicacion.com\/en\/press-en-en\/tel-aviv-university-s-second-official-visit-to-the-costa-del-sol"},"author":{"name":"Marie-No\u00eblle","@id":"https:\/\/www.mncomunicacion.com\/#\/schema\/person\/70225cf35dfcd918c90eb1a00df42de9"},"headline":"Tel Aviv University\u00b4s Second Official Visit to the Costa del Sol","datePublished":"2015-06-29T11:46:44+00:00","dateModified":"2015-06-29T11:46:44+00:00","mainEntityOfPage":{"@id":"https:\/\/www.mncomunicacion.com\/en\/press-en-en\/tel-aviv-university-s-second-official-visit-to-the-costa-del-sol"},"wordCount":474,"commentCount":0,"publisher":{"@id":"https:\/\/www.mncomunicacion.com\/#organization"},"image":{"@id":"https:\/\/www.mncomunicacion.com\/en\/press-en-en\/tel-aviv-university-s-second-official-visit-to-the-costa-del-sol#primaryimage"},"thumbnailUrl":"https:\/\/www.mncomunicacion.com\/wp-content\/uploads\/2019\/05\/01010101.jpg","articleSection":["Press"],"inLanguage":"en-US","potentialAction":[{"@type":"CommentAction","name":"Comment","target":["https:\/\/www.mncomunicacion.com\/en\/press-en-en\/tel-aviv-university-s-second-official-visit-to-the-costa-del-sol#respond"]}]},{"@type":"WebPage","@id":"https:\/\/www.mncomunicacion.com\/en\/press-en-en\/tel-aviv-university-s-second-official-visit-to-the-costa-del-sol","url":"https:\/\/www.mncomunicacion.com\/en\/press-en-en\/tel-aviv-university-s-second-official-visit-to-the-costa-del-sol","name":"Tel Aviv University\u00b4s Second Official Visit to the Costa del Sol | MN Comunicaci\u00f3n","isPartOf":{"@id":"https:\/\/www.mncomunicacion.com\/#website"},"primaryImageOfPage":{"@id":"https:\/\/www.mncomunicacion.com\/en\/press-en-en\/tel-aviv-university-s-second-official-visit-to-the-costa-del-sol#primaryimage"},"image":{"@id":"https:\/\/www.mncomunicacion.com\/en\/press-en-en\/tel-aviv-university-s-second-official-visit-to-the-costa-del-sol#primaryimage"},"thumbnailUrl":"https:\/\/www.mncomunicacion.com\/wp-content\/uploads\/2019\/05\/01010101.jpg","datePublished":"2015-06-29T11:46:44+00:00","dateModified":"2015-06-29T11:46:44+00:00","breadcrumb":{"@id":"https:\/\/www.mncomunicacion.com\/en\/press-en-en\/tel-aviv-university-s-second-official-visit-to-the-costa-del-sol#breadcrumb"},"inLanguage":"en-US","potentialAction":[{"@type":"ReadAction","target":["https:\/\/www.mncomunicacion.com\/en\/press-en-en\/tel-aviv-university-s-second-official-visit-to-the-costa-del-sol"]}]},{"@type":"ImageObject","inLanguage":"en-US","@id":"https:\/\/www.mncomunicacion.com\/en\/press-en-en\/tel-aviv-university-s-second-official-visit-to-the-costa-del-sol#primaryimage","url":"https:\/\/www.mncomunicacion.com\/wp-content\/uploads\/2019\/05\/01010101.jpg","contentUrl":"https:\/\/www.mncomunicacion.com\/wp-content\/uploads\/2019\/05\/01010101.jpg","width":150,"height":150},{"@type":"BreadcrumbList","@id":"https:\/\/www.mncomunicacion.com\/en\/press-en-en\/tel-aviv-university-s-second-official-visit-to-the-costa-del-sol#breadcrumb","itemListElement":[{"@type":"ListItem","position":1,"name":"Portada","item":"https:\/\/www.mncomunicacion.com\/en"},{"@type":"ListItem","position":2,"name":"Tel Aviv University\u00b4s Second Official Visit to the Costa del Sol"}]},{"@type":"WebSite","@id":"https:\/\/www.mncomunicacion.com\/#website","url":"https:\/\/www.mncomunicacion.com\/","name":"MN Comunicaci\u00f3n","description":"Agencia de Comunicaci\u00f3n y Organizaci\u00f3n de Eventos en Marbella","publisher":{"@id":"https:\/\/www.mncomunicacion.com\/#organization"},"potentialAction":[{"@type":"SearchAction","target":{"@type":"EntryPoint","urlTemplate":"https:\/\/www.mncomunicacion.com\/?s={search_term_string}"},"query-input":"required name=search_term_string"}],"inLanguage":"en-US"},{"@type":"Organization","@id":"https:\/\/www.mncomunicacion.com\/#organization","name":"MN COMUNICACI\u00d3N","url":"https:\/\/www.mncomunicacion.com\/","logo":{"@type":"ImageObject","inLanguage":"en-US","@id":"https:\/\/www.mncomunicacion.com\/#\/schema\/logo\/image\/","url":"https:\/\/www.mncomunicacion.com\/wp-content\/uploads\/2019\/05\/logo.png","contentUrl":"https:\/\/www.mncomunicacion.com\/wp-content\/uploads\/2019\/05\/logo.png","width":150,"height":150,"caption":"MN COMUNICACI\u00d3N"},"image":{"@id":"https:\/\/www.mncomunicacion.com\/#\/schema\/logo\/image\/"},"sameAs":["https:\/\/www.facebook.com\/marienoelle.escomunicacion\/","https:\/\/x.com\/MNcomunicacion","https:\/\/www.linkedin.com\/company\/marie-no-lle-es-comunicaci-n\/","https:\/\/www.youtube.com\/channel\/UCnHVdXKiLf30LsIfV8k0xIQ"]},{"@type":"Person","@id":"https:\/\/www.mncomunicacion.com\/#\/schema\/person\/70225cf35dfcd918c90eb1a00df42de9","name":"Marie-No\u00eblle"}]}},"_links":{"self":[{"href":"https:\/\/www.mncomunicacion.com\/en\/wp-json\/wp\/v2\/posts\/5328"}],"collection":[{"href":"https:\/\/www.mncomunicacion.com\/en\/wp-json\/wp\/v2\/posts"}],"about":[{"href":"https:\/\/www.mncomunicacion.com\/en\/wp-json\/wp\/v2\/types\/post"}],"author":[{"embeddable":true,"href":"https:\/\/www.mncomunicacion.com\/en\/wp-json\/wp\/v2\/users\/3"}],"replies":[{"embeddable":true,"href":"https:\/\/www.mncomunicacion.com\/en\/wp-json\/wp\/v2\/comments?post=5328"}],"version-history":[{"count":0,"href":"https:\/\/www.mncomunicacion.com\/en\/wp-json\/wp\/v2\/posts\/5328\/revisions"}],"wp:featuredmedia":[{"embeddable":true,"href":"https:\/\/www.mncomunicacion.com\/en\/wp-json\/wp\/v2\/media\/5329"}],"wp:attachment":[{"href":"https:\/\/www.mncomunicacion.com\/en\/wp-json\/wp\/v2\/media?parent=5328"}],"wp:term":[{"taxonomy":"category","embeddable":true,"href":"https:\/\/www.mncomunicacion.com\/en\/wp-json\/wp\/v2\/categories?post=5328"},{"taxonomy":"post_tag","embeddable":true,"href":"https:\/\/www.mncomunicacion.com\/en\/wp-json\/wp\/v2\/tags?post=5328"}],"curies":[{"name":"wp","href":"https:\/\/api.w.org\/{rel}","templated":true}]}}