{"id":5311,"date":"2016-05-16T11:39:58","date_gmt":"2016-05-16T11:39:58","guid":{"rendered":"https:\/\/www.mncomunicacion.com\/import-montes-celebrates-25-years-by-highlighting-its-support-of-the-hotel-industry-of-the-costa-del-sol"},"modified":"2016-05-16T11:39:58","modified_gmt":"2016-05-16T11:39:58","slug":"import-montes-celebrates-25-years-by-highlighting-its-support-of-the-hotel-industry-of-the-costa-del-sol","status":"publish","type":"post","link":"https:\/\/www.mncomunicacion.com\/en\/press-en-en\/import-montes-celebrates-25-years-by-highlighting-its-support-of-the-hotel-industry-of-the-costa-del-sol","title":{"rendered":"IMPORT MONTES celebrates 25 years by highlighting its support of the hotel industry of the Costa del Sol"},"content":{"rendered":"<p>The anniversary will be celebrated on the 17th May with an event which will take place throughout the entire day in the Adolfo Su&aacute;rez Palace of Congress and Exhibition in Marbella.<\/p>\n<p> <\/p>\n<p style=\"margin-bottom: 7.5pt; line-height: 15pt; vertical-align: baseline; background-image: initial; background-attachment: initial; background-position: initial; background-repeat: initial;\"><span style=\"font-size: 12pt; font-family: arial, helvetica, sans-serif;\"><span style=\"color: #800080;\"><strong>Marbella, 12th May 2016:<\/strong><\/span><span style=\"color: #333333;\"> this morning saw the official presentation of the 25th anniversary celebrations of the company <strong>Import Montes<\/strong>, the most important beer and drinks distributor on the Costa del Sol in terms of volume and service. This event will take place on the 17<sup>th<\/sup> May, in the Adolfo Su&aacute;rez Palace of Congress and Exhibition in Marbella, at which the most important figures in tourism and the hotel industry in the entire province of M&aacute;laga will meet. It will be led by the popular speaker, <strong>Sr. Corrales, <\/strong>from its start at 10am until its end at 9pm.<\/span><\/span><\/p>\n<p style=\"margin-bottom: 7.5pt; line-height: 15pt; vertical-align: baseline; background-image: initial; background-attachment: initial; background-position: initial; background-repeat: initial;\"><span style=\"font-size: 12pt; font-family: arial, helvetica, sans-serif; color: #333333;\">The press conference took place with support from the Deputy Mayor of Marbella, <strong>Blanda Fern&aacute;ndez<\/strong>, and from the company&acute;s founder and director, <strong>Pepi Montes<\/strong>. Fern&aacute;ndez expressed the pride of the Town Hall in being involved with a family run company like Import Montes, &ldquo;a business which has grown with the years, becoming well known thanks to their hard work and effort&rdquo;. The Deputy Mayor also highlighted the importance which the company has had regarding the creation of economic activity and jobs in the city, &ldquo;contributing to the elevation of Marbella&acute;s name&rdquo;. Montes went back to the year 1991 to elaborate upon the origins of the business, founded by herself and her father, Jos&eacute; Montes, and explained that it was in Marbella that they found the support and quality necessary to get the company off the ground. It is because of this, she confirmed, that this event will be &ldquo;a break in time for giving thanks and showing commitment and support towards their clients&rdquo; who come from around the entire province of M&aacute;laga.<\/span><\/p>\n<p style=\"margin-bottom: 7.5pt; line-height: 15pt; vertical-align: baseline; background-image: initial; background-attachment: initial; background-position: initial; background-repeat: initial;\"><span style=\"color: #333333; font-size: 12pt; font-family: arial, helvetica, sans-serif;\">As such, the first act will consist of the giving of a series of awards to some establishments which the company have considered to be important over the course of their trajectory, however Pepi Montes wanted it to be clear that, for Import Montes, all of the clients &ldquo;are equally important&rdquo;. These are <strong>Les Roches Marbella, the entrepreneur Juan Carlos Ferrero, La Havana de Heminguay, Olivia Valere, Sinatra Bar, Club Nueva Alc&aacute;ntara, Sabor a M&aacute;laga, Puente Romano Beach Resort &amp; Spa, Grupo Trocadero, Miguel Arrocha, Los Mellizos, Da Bruno, Santiago Dom&iacute;ngues, La Relojera y California. <\/strong>Furthermore, they will give a special mention to their longest standing employee, Antonio Mart&iacute;n.<\/span><\/p>\n<p style=\"margin-bottom: 7.5pt; line-height: 15pt; vertical-align: baseline; background-image: initial; background-attachment: initial; background-position: initial; background-repeat: initial;\"><span style=\"font-size: 12pt; font-family: arial, helvetica, sans-serif; color: #333333;\">With this meeting, <strong>Import Montes<\/strong> also aims to give the attendees the opportunity to see their portfolio, a way in which consumers and providers can establish contact.&nbsp; As this is the case, the majority of the brands of which the company is composed will set up and decorate their own stand, with there being 300 different wines, 32 types of cava, 50 beers, cheese and oil tastings, flamenco, performances, etc. There will be food and drink all day and a lunch for invitees from 2pm onwards.<\/span><\/p>\n<p style=\"margin-bottom: 7.5pt; line-height: 15pt; vertical-align: baseline; background-image: initial; background-attachment: initial; background-position: initial; background-repeat: initial;\"><span style=\"font-size: 12pt; font-family: arial, helvetica, sans-serif; color: #333333;\">It is important to highlight that there will be no lack of authorities, associations, and also the most reputable chefs of the area, such as Michelin starred <strong>Diego del R&iacute;o <\/strong>(El Lago) or <strong>Diego Gallegos<\/strong> (Sollo), and the well-known <strong>Lutz B&ouml;sing<\/strong> (El Jard&iacute;n Finca Cortesin) or <strong>Aitor Perurena<\/strong> (Estudio gastron&oacute;mico). These chefs will take part in a round table which promises to be enjoyable and informative, and will offer lessons to the students of the <strong>Escuela de Hosteler&iacute;a de Estepona, Jacaranda, Benahav&iacute;s, Les Roches, La C&oacute;nsula, Sierra Blanca y Alabardero Formaci&oacute;n.<\/strong><\/span><\/p>\n<p style=\"margin-bottom: 7.5pt; line-height: 15pt; vertical-align: baseline; background-image: initial; background-attachment: initial; background-position: initial; background-repeat: initial;\"><span style=\"font-size: 12pt; font-family: arial, helvetica, sans-serif; color: #333333;\">The Palace of Congress will also be set up with an Oktoberfest zone, with the company&acute;s most important beers, and another chill out zone, with drinks, a barista, and cocktail artists, where the highlight will be the presence of <strong>Pedro Garc&iacute;a, <\/strong>the 2013 Champion of Cocktail Acrobatics of Spain.<\/span><\/p>\n<p style=\"text-align: center;\"><span style=\"font-family: Calibri, sans-serif; color: #333333; font-size: 10pt;\">Bryony Blades<\/span><\/p>\n<p style=\"text-align: center;\"><span style=\"font-size: 10pt;\"><span style=\"color: #800080;\"><strong><em>Website<\/em><\/strong><\/span><strong><em>: <\/em><\/strong><span style=\"color: #333333;\"><a href=\"http:\/\/www.marie-noelle.es\/\" style=\"color: #333333;\">www.marie-noelle.es<\/a><\/span><\/span><\/p>\n<p style=\"text-align: center;\"><span style=\"color: #333333; font-size: 10pt;\"><strong><em><span style=\"color: #800080;\">Email<\/span>: <\/em><\/strong><a href=\"mailto:eventos@marie-no%C3%ABlle.es\" style=\"color: #333333;\">eventos@marie-no&euml;lle.es<\/a><\/span><\/p>\n<p style=\"text-align: center;\"><span style=\"color: #333333; font-size: 10pt;\"><strong><em><span style=\"color: #800080;\">Mobile<\/span>:<\/em><\/strong>626 681 308<\/span><\/p>\n","protected":false},"excerpt":{"rendered":"<p>The anniversary will be celebrated on the 17th May with an event which will take place throughout the entire day in the Adolfo Su&aacute;rez Palace of Congress and Exhibition in Marbella. Marbella, 12th May 2016: this morning saw the official presentation of the 25th anniversary celebrations of the company Import Montes, the most important beer and drinks distributor on the Costa del Sol in terms of volume and service. This event will take place on the 17th May, in the Adolfo Su&aacute;rez Palace of Congress and Exhibition in Marbella, at which the most important figures in tourism and the hotel industry in the entire province of M&aacute;laga will meet. It will be led by the popular speaker, Sr. Corrales, from its start at 10am until its end at 9pm. The press conference took place with support from the Deputy Mayor of Marbella, Blanda Fern&aacute;ndez, and from the company&acute;s founder and director, Pepi Montes. Fern&aacute;ndez expressed the pride of the Town Hall in being involved with a family run company like Import Montes, &ldquo;a business which has grown with the years, becoming well known thanks to their hard work and effort&rdquo;. The Deputy Mayor also highlighted the importance which the company has had regarding the creation of economic activity and jobs in the city, &ldquo;contributing to the elevation of Marbella&acute;s name&rdquo;. Montes went back to the year 1991 to elaborate upon the origins of the business, founded by herself and her father, Jos&eacute; Montes, and explained that it was in Marbella that they found the support and quality necessary to get the company off the ground. It is because of this, she confirmed, that this event will be &ldquo;a break in time for giving thanks and showing commitment and support towards their clients&rdquo; who come from around the entire province of M&aacute;laga. As such, the first act will consist of the giving of a series of awards to some establishments which the company have considered to be important over the course of their trajectory, however Pepi Montes wanted it to be clear that, for Import Montes, all of the clients &ldquo;are equally important&rdquo;. These are Les Roches Marbella, the entrepreneur Juan Carlos Ferrero, La Havana de Heminguay, Olivia Valere, Sinatra Bar, Club Nueva Alc&aacute;ntara, Sabor a M&aacute;laga, Puente Romano Beach Resort &amp; Spa, Grupo Trocadero, Miguel Arrocha, Los Mellizos, Da Bruno, Santiago Dom&iacute;ngues, La Relojera y California. Furthermore, they will give a special mention to their longest standing employee, Antonio Mart&iacute;n. With this meeting, Import Montes also aims to give the attendees the opportunity to see their portfolio, a way in which consumers and providers can establish contact.&nbsp; As this is the case, the majority of the brands of which the company is composed will set up and decorate their own stand, with there being 300 different wines, 32 types of cava, 50 beers, cheese and oil tastings, flamenco, performances, etc. There will be food and drink all day and a lunch for invitees from 2pm onwards. It is important to highlight that there will be no lack of authorities, associations, and also the most reputable chefs of the area, such as Michelin starred Diego del R&iacute;o (El Lago) or Diego Gallegos (Sollo), and the well-known Lutz B&ouml;sing (El Jard&iacute;n Finca Cortesin) or Aitor Perurena (Estudio gastron&oacute;mico). These chefs will take part in a round table which promises to be enjoyable and informative, and will offer lessons to the students of the Escuela de Hosteler&iacute;a de Estepona, Jacaranda, Benahav&iacute;s, Les Roches, La C&oacute;nsula, Sierra Blanca y Alabardero Formaci&oacute;n. The Palace of Congress will also be set up with an Oktoberfest zone, with the company&acute;s most important beers, and another chill out zone, with drinks, a barista, and cocktail artists, where the highlight will be the presence of Pedro Garc&iacute;a, the 2013 Champion of Cocktail Acrobatics of Spain. Bryony Blades Website: www.marie-noelle.es Email: eventos@marie-no&euml;lle.es Mobile:626 681 308<\/p>\n","protected":false},"author":3,"featured_media":5312,"comment_status":"open","ping_status":"open","sticky":false,"template":"","format":"standard","meta":{"_exactmetrics_skip_tracking":false,"_exactmetrics_sitenote_active":false,"_exactmetrics_sitenote_note":"","_exactmetrics_sitenote_category":0,"footnotes":""},"categories":[392],"tags":[399,406],"class_list":["post-5311","post","type-post","status-publish","format-standard","has-post-thumbnail","hentry","category-press-en-en","tag-marbella-en","tag-press-conference-en"],"yoast_head":"<!-- This site is optimized with the Yoast SEO plugin v23.0 - https:\/\/yoast.com\/wordpress\/plugins\/seo\/ -->\n<title>IMPORT MONTES celebrates 25 years by highlighting its support of the hotel industry of the Costa del Sol | MN Comunicaci\u00f3n<\/title>\n<meta name=\"robots\" content=\"index, follow, max-snippet:-1, max-image-preview:large, max-video-preview:-1\" \/>\n<link rel=\"canonical\" href=\"https:\/\/www.mncomunicacion.com\/en\/press-en-en\/import-montes-celebrates-25-years-by-highlighting-its-support-of-the-hotel-industry-of-the-costa-del-sol\" \/>\n<meta property=\"og:locale\" content=\"en_US\" \/>\n<meta property=\"og:type\" content=\"article\" \/>\n<meta property=\"og:title\" content=\"IMPORT MONTES celebrates 25 years by highlighting its support of the hotel industry of the Costa del Sol | MN Comunicaci\u00f3n\" \/>\n<meta property=\"og:description\" content=\"The anniversary will be celebrated on the 17th May with an event which will take place throughout the entire day in the Adolfo Su&aacute;rez Palace of Congress and Exhibition in Marbella. Marbella, 12th May 2016: this morning saw the official presentation of the 25th anniversary celebrations of the company Import Montes, the most important beer and drinks distributor on the Costa del Sol in terms of volume and service. This event will take place on the 17th May, in the Adolfo Su&aacute;rez Palace of Congress and Exhibition in Marbella, at which the most important figures in tourism and the hotel industry in the entire province of M&aacute;laga will meet. It will be led by the popular speaker, Sr. Corrales, from its start at 10am until its end at 9pm. The press conference took place with support from the Deputy Mayor of Marbella, Blanda Fern&aacute;ndez, and from the company&acute;s founder and director, Pepi Montes. Fern&aacute;ndez expressed the pride of the Town Hall in being involved with a family run company like Import Montes, &ldquo;a business which has grown with the years, becoming well known thanks to their hard work and effort&rdquo;. The Deputy Mayor also highlighted the importance which the company has had regarding the creation of economic activity and jobs in the city, &ldquo;contributing to the elevation of Marbella&acute;s name&rdquo;. Montes went back to the year 1991 to elaborate upon the origins of the business, founded by herself and her father, Jos&eacute; Montes, and explained that it was in Marbella that they found the support and quality necessary to get the company off the ground. It is because of this, she confirmed, that this event will be &ldquo;a break in time for giving thanks and showing commitment and support towards their clients&rdquo; who come from around the entire province of M&aacute;laga. As such, the first act will consist of the giving of a series of awards to some establishments which the company have considered to be important over the course of their trajectory, however Pepi Montes wanted it to be clear that, for Import Montes, all of the clients &ldquo;are equally important&rdquo;. These are Les Roches Marbella, the entrepreneur Juan Carlos Ferrero, La Havana de Heminguay, Olivia Valere, Sinatra Bar, Club Nueva Alc&aacute;ntara, Sabor a M&aacute;laga, Puente Romano Beach Resort &amp; Spa, Grupo Trocadero, Miguel Arrocha, Los Mellizos, Da Bruno, Santiago Dom&iacute;ngues, La Relojera y California. Furthermore, they will give a special mention to their longest standing employee, Antonio Mart&iacute;n. With this meeting, Import Montes also aims to give the attendees the opportunity to see their portfolio, a way in which consumers and providers can establish contact.&nbsp; As this is the case, the majority of the brands of which the company is composed will set up and decorate their own stand, with there being 300 different wines, 32 types of cava, 50 beers, cheese and oil tastings, flamenco, performances, etc. There will be food and drink all day and a lunch for invitees from 2pm onwards. It is important to highlight that there will be no lack of authorities, associations, and also the most reputable chefs of the area, such as Michelin starred Diego del R&iacute;o (El Lago) or Diego Gallegos (Sollo), and the well-known Lutz B&ouml;sing (El Jard&iacute;n Finca Cortesin) or Aitor Perurena (Estudio gastron&oacute;mico). These chefs will take part in a round table which promises to be enjoyable and informative, and will offer lessons to the students of the Escuela de Hosteler&iacute;a de Estepona, Jacaranda, Benahav&iacute;s, Les Roches, La C&oacute;nsula, Sierra Blanca y Alabardero Formaci&oacute;n. The Palace of Congress will also be set up with an Oktoberfest zone, with the company&acute;s most important beers, and another chill out zone, with drinks, a barista, and cocktail artists, where the highlight will be the presence of Pedro Garc&iacute;a, the 2013 Champion of Cocktail Acrobatics of Spain. Bryony Blades Website: www.marie-noelle.es Email: eventos@marie-no&euml;lle.es Mobile:626 681 308\" \/>\n<meta property=\"og:url\" content=\"https:\/\/www.mncomunicacion.com\/en\/press-en-en\/import-montes-celebrates-25-years-by-highlighting-its-support-of-the-hotel-industry-of-the-costa-del-sol\" \/>\n<meta property=\"og:site_name\" content=\"MN Comunicaci\u00f3n\" \/>\n<meta property=\"article:publisher\" content=\"https:\/\/www.facebook.com\/marienoelle.escomunicacion\/\" \/>\n<meta property=\"article:published_time\" content=\"2016-05-16T11:39:58+00:00\" \/>\n<meta property=\"og:image\" content=\"https:\/\/www.mncomunicacion.com\/wp-content\/uploads\/2019\/05\/Pepi_Montes_fundadora_Import_Montes_y_Blanca_Fern--ndez_Primera_Teniente_de_Alcalde_del_Ayuntamiento_de_Marbella_2.jpg\" \/>\n\t<meta property=\"og:image:width\" content=\"150\" \/>\n\t<meta property=\"og:image:height\" content=\"150\" \/>\n\t<meta property=\"og:image:type\" content=\"image\/jpeg\" \/>\n<meta name=\"author\" content=\"Marie-No\u00eblle\" \/>\n<meta name=\"twitter:card\" content=\"summary_large_image\" \/>\n<meta name=\"twitter:creator\" content=\"@MNcomunicacion\" \/>\n<meta name=\"twitter:site\" content=\"@MNcomunicacion\" \/>\n<meta name=\"twitter:label1\" content=\"Written by\" \/>\n\t<meta name=\"twitter:data1\" content=\"Marie-No\u00eblle\" \/>\n\t<meta name=\"twitter:label2\" content=\"Est. reading time\" \/>\n\t<meta name=\"twitter:data2\" content=\"3 minutes\" \/>\n<script type=\"application\/ld+json\" class=\"yoast-schema-graph\">{\"@context\":\"https:\/\/schema.org\",\"@graph\":[{\"@type\":\"Article\",\"@id\":\"https:\/\/www.mncomunicacion.com\/en\/press-en-en\/import-montes-celebrates-25-years-by-highlighting-its-support-of-the-hotel-industry-of-the-costa-del-sol#article\",\"isPartOf\":{\"@id\":\"https:\/\/www.mncomunicacion.com\/en\/press-en-en\/import-montes-celebrates-25-years-by-highlighting-its-support-of-the-hotel-industry-of-the-costa-del-sol\"},\"author\":{\"name\":\"Marie-No\u00eblle\",\"@id\":\"https:\/\/www.mncomunicacion.com\/#\/schema\/person\/70225cf35dfcd918c90eb1a00df42de9\"},\"headline\":\"IMPORT MONTES celebrates 25 years by highlighting its support of the hotel industry of the Costa del Sol\",\"datePublished\":\"2016-05-16T11:39:58+00:00\",\"dateModified\":\"2016-05-16T11:39:58+00:00\",\"mainEntityOfPage\":{\"@id\":\"https:\/\/www.mncomunicacion.com\/en\/press-en-en\/import-montes-celebrates-25-years-by-highlighting-its-support-of-the-hotel-industry-of-the-costa-del-sol\"},\"wordCount\":714,\"commentCount\":0,\"publisher\":{\"@id\":\"https:\/\/www.mncomunicacion.com\/#organization\"},\"image\":{\"@id\":\"https:\/\/www.mncomunicacion.com\/en\/press-en-en\/import-montes-celebrates-25-years-by-highlighting-its-support-of-the-hotel-industry-of-the-costa-del-sol#primaryimage\"},\"thumbnailUrl\":\"https:\/\/www.mncomunicacion.com\/wp-content\/uploads\/2019\/05\/Pepi_Montes_fundadora_Import_Montes_y_Blanca_Fern--ndez_Primera_Teniente_de_Alcalde_del_Ayuntamiento_de_Marbella_2.jpg\",\"keywords\":[\"marbella,\",\"press conference\"],\"articleSection\":[\"Press\"],\"inLanguage\":\"en-US\",\"potentialAction\":[{\"@type\":\"CommentAction\",\"name\":\"Comment\",\"target\":[\"https:\/\/www.mncomunicacion.com\/en\/press-en-en\/import-montes-celebrates-25-years-by-highlighting-its-support-of-the-hotel-industry-of-the-costa-del-sol#respond\"]}]},{\"@type\":\"WebPage\",\"@id\":\"https:\/\/www.mncomunicacion.com\/en\/press-en-en\/import-montes-celebrates-25-years-by-highlighting-its-support-of-the-hotel-industry-of-the-costa-del-sol\",\"url\":\"https:\/\/www.mncomunicacion.com\/en\/press-en-en\/import-montes-celebrates-25-years-by-highlighting-its-support-of-the-hotel-industry-of-the-costa-del-sol\",\"name\":\"IMPORT MONTES celebrates 25 years by highlighting its support of the hotel industry of the Costa del Sol | MN Comunicaci\u00f3n\",\"isPartOf\":{\"@id\":\"https:\/\/www.mncomunicacion.com\/#website\"},\"primaryImageOfPage\":{\"@id\":\"https:\/\/www.mncomunicacion.com\/en\/press-en-en\/import-montes-celebrates-25-years-by-highlighting-its-support-of-the-hotel-industry-of-the-costa-del-sol#primaryimage\"},\"image\":{\"@id\":\"https:\/\/www.mncomunicacion.com\/en\/press-en-en\/import-montes-celebrates-25-years-by-highlighting-its-support-of-the-hotel-industry-of-the-costa-del-sol#primaryimage\"},\"thumbnailUrl\":\"https:\/\/www.mncomunicacion.com\/wp-content\/uploads\/2019\/05\/Pepi_Montes_fundadora_Import_Montes_y_Blanca_Fern--ndez_Primera_Teniente_de_Alcalde_del_Ayuntamiento_de_Marbella_2.jpg\",\"datePublished\":\"2016-05-16T11:39:58+00:00\",\"dateModified\":\"2016-05-16T11:39:58+00:00\",\"breadcrumb\":{\"@id\":\"https:\/\/www.mncomunicacion.com\/en\/press-en-en\/import-montes-celebrates-25-years-by-highlighting-its-support-of-the-hotel-industry-of-the-costa-del-sol#breadcrumb\"},\"inLanguage\":\"en-US\",\"potentialAction\":[{\"@type\":\"ReadAction\",\"target\":[\"https:\/\/www.mncomunicacion.com\/en\/press-en-en\/import-montes-celebrates-25-years-by-highlighting-its-support-of-the-hotel-industry-of-the-costa-del-sol\"]}]},{\"@type\":\"ImageObject\",\"inLanguage\":\"en-US\",\"@id\":\"https:\/\/www.mncomunicacion.com\/en\/press-en-en\/import-montes-celebrates-25-years-by-highlighting-its-support-of-the-hotel-industry-of-the-costa-del-sol#primaryimage\",\"url\":\"https:\/\/www.mncomunicacion.com\/wp-content\/uploads\/2019\/05\/Pepi_Montes_fundadora_Import_Montes_y_Blanca_Fern--ndez_Primera_Teniente_de_Alcalde_del_Ayuntamiento_de_Marbella_2.jpg\",\"contentUrl\":\"https:\/\/www.mncomunicacion.com\/wp-content\/uploads\/2019\/05\/Pepi_Montes_fundadora_Import_Montes_y_Blanca_Fern--ndez_Primera_Teniente_de_Alcalde_del_Ayuntamiento_de_Marbella_2.jpg\",\"width\":150,\"height\":150},{\"@type\":\"BreadcrumbList\",\"@id\":\"https:\/\/www.mncomunicacion.com\/en\/press-en-en\/import-montes-celebrates-25-years-by-highlighting-its-support-of-the-hotel-industry-of-the-costa-del-sol#breadcrumb\",\"itemListElement\":[{\"@type\":\"ListItem\",\"position\":1,\"name\":\"Portada\",\"item\":\"https:\/\/www.mncomunicacion.com\/en\"},{\"@type\":\"ListItem\",\"position\":2,\"name\":\"IMPORT MONTES celebrates 25 years by highlighting its support of the hotel industry of the Costa del Sol\"}]},{\"@type\":\"WebSite\",\"@id\":\"https:\/\/www.mncomunicacion.com\/#website\",\"url\":\"https:\/\/www.mncomunicacion.com\/\",\"name\":\"MN Comunicaci\u00f3n\",\"description\":\"Agencia de Comunicaci\u00f3n y Organizaci\u00f3n de Eventos en Marbella\",\"publisher\":{\"@id\":\"https:\/\/www.mncomunicacion.com\/#organization\"},\"potentialAction\":[{\"@type\":\"SearchAction\",\"target\":{\"@type\":\"EntryPoint\",\"urlTemplate\":\"https:\/\/www.mncomunicacion.com\/?s={search_term_string}\"},\"query-input\":\"required name=search_term_string\"}],\"inLanguage\":\"en-US\"},{\"@type\":\"Organization\",\"@id\":\"https:\/\/www.mncomunicacion.com\/#organization\",\"name\":\"MN COMUNICACI\u00d3N\",\"url\":\"https:\/\/www.mncomunicacion.com\/\",\"logo\":{\"@type\":\"ImageObject\",\"inLanguage\":\"en-US\",\"@id\":\"https:\/\/www.mncomunicacion.com\/#\/schema\/logo\/image\/\",\"url\":\"https:\/\/www.mncomunicacion.com\/wp-content\/uploads\/2019\/05\/logo.png\",\"contentUrl\":\"https:\/\/www.mncomunicacion.com\/wp-content\/uploads\/2019\/05\/logo.png\",\"width\":150,\"height\":150,\"caption\":\"MN COMUNICACI\u00d3N\"},\"image\":{\"@id\":\"https:\/\/www.mncomunicacion.com\/#\/schema\/logo\/image\/\"},\"sameAs\":[\"https:\/\/www.facebook.com\/marienoelle.escomunicacion\/\",\"https:\/\/x.com\/MNcomunicacion\",\"https:\/\/www.linkedin.com\/company\/marie-no-lle-es-comunicaci-n\/\",\"https:\/\/www.youtube.com\/channel\/UCnHVdXKiLf30LsIfV8k0xIQ\"]},{\"@type\":\"Person\",\"@id\":\"https:\/\/www.mncomunicacion.com\/#\/schema\/person\/70225cf35dfcd918c90eb1a00df42de9\",\"name\":\"Marie-No\u00eblle\"}]}<\/script>\n<!-- \/ Yoast SEO plugin. -->","yoast_head_json":{"title":"IMPORT MONTES celebrates 25 years by highlighting its support of the hotel industry of the Costa del Sol | MN Comunicaci\u00f3n","robots":{"index":"index","follow":"follow","max-snippet":"max-snippet:-1","max-image-preview":"max-image-preview:large","max-video-preview":"max-video-preview:-1"},"canonical":"https:\/\/www.mncomunicacion.com\/en\/press-en-en\/import-montes-celebrates-25-years-by-highlighting-its-support-of-the-hotel-industry-of-the-costa-del-sol","og_locale":"en_US","og_type":"article","og_title":"IMPORT MONTES celebrates 25 years by highlighting its support of the hotel industry of the Costa del Sol | MN Comunicaci\u00f3n","og_description":"The anniversary will be celebrated on the 17th May with an event which will take place throughout the entire day in the Adolfo Su&aacute;rez Palace of Congress and Exhibition in Marbella. Marbella, 12th May 2016: this morning saw the official presentation of the 25th anniversary celebrations of the company Import Montes, the most important beer and drinks distributor on the Costa del Sol in terms of volume and service. This event will take place on the 17th May, in the Adolfo Su&aacute;rez Palace of Congress and Exhibition in Marbella, at which the most important figures in tourism and the hotel industry in the entire province of M&aacute;laga will meet. It will be led by the popular speaker, Sr. Corrales, from its start at 10am until its end at 9pm. The press conference took place with support from the Deputy Mayor of Marbella, Blanda Fern&aacute;ndez, and from the company&acute;s founder and director, Pepi Montes. Fern&aacute;ndez expressed the pride of the Town Hall in being involved with a family run company like Import Montes, &ldquo;a business which has grown with the years, becoming well known thanks to their hard work and effort&rdquo;. The Deputy Mayor also highlighted the importance which the company has had regarding the creation of economic activity and jobs in the city, &ldquo;contributing to the elevation of Marbella&acute;s name&rdquo;. Montes went back to the year 1991 to elaborate upon the origins of the business, founded by herself and her father, Jos&eacute; Montes, and explained that it was in Marbella that they found the support and quality necessary to get the company off the ground. It is because of this, she confirmed, that this event will be &ldquo;a break in time for giving thanks and showing commitment and support towards their clients&rdquo; who come from around the entire province of M&aacute;laga. As such, the first act will consist of the giving of a series of awards to some establishments which the company have considered to be important over the course of their trajectory, however Pepi Montes wanted it to be clear that, for Import Montes, all of the clients &ldquo;are equally important&rdquo;. These are Les Roches Marbella, the entrepreneur Juan Carlos Ferrero, La Havana de Heminguay, Olivia Valere, Sinatra Bar, Club Nueva Alc&aacute;ntara, Sabor a M&aacute;laga, Puente Romano Beach Resort &amp; Spa, Grupo Trocadero, Miguel Arrocha, Los Mellizos, Da Bruno, Santiago Dom&iacute;ngues, La Relojera y California. Furthermore, they will give a special mention to their longest standing employee, Antonio Mart&iacute;n. With this meeting, Import Montes also aims to give the attendees the opportunity to see their portfolio, a way in which consumers and providers can establish contact.&nbsp; As this is the case, the majority of the brands of which the company is composed will set up and decorate their own stand, with there being 300 different wines, 32 types of cava, 50 beers, cheese and oil tastings, flamenco, performances, etc. There will be food and drink all day and a lunch for invitees from 2pm onwards. It is important to highlight that there will be no lack of authorities, associations, and also the most reputable chefs of the area, such as Michelin starred Diego del R&iacute;o (El Lago) or Diego Gallegos (Sollo), and the well-known Lutz B&ouml;sing (El Jard&iacute;n Finca Cortesin) or Aitor Perurena (Estudio gastron&oacute;mico). These chefs will take part in a round table which promises to be enjoyable and informative, and will offer lessons to the students of the Escuela de Hosteler&iacute;a de Estepona, Jacaranda, Benahav&iacute;s, Les Roches, La C&oacute;nsula, Sierra Blanca y Alabardero Formaci&oacute;n. The Palace of Congress will also be set up with an Oktoberfest zone, with the company&acute;s most important beers, and another chill out zone, with drinks, a barista, and cocktail artists, where the highlight will be the presence of Pedro Garc&iacute;a, the 2013 Champion of Cocktail Acrobatics of Spain. Bryony Blades Website: www.marie-noelle.es Email: eventos@marie-no&euml;lle.es Mobile:626 681 308","og_url":"https:\/\/www.mncomunicacion.com\/en\/press-en-en\/import-montes-celebrates-25-years-by-highlighting-its-support-of-the-hotel-industry-of-the-costa-del-sol","og_site_name":"MN Comunicaci\u00f3n","article_publisher":"https:\/\/www.facebook.com\/marienoelle.escomunicacion\/","article_published_time":"2016-05-16T11:39:58+00:00","og_image":[{"width":150,"height":150,"url":"https:\/\/www.mncomunicacion.com\/wp-content\/uploads\/2019\/05\/Pepi_Montes_fundadora_Import_Montes_y_Blanca_Fern--ndez_Primera_Teniente_de_Alcalde_del_Ayuntamiento_de_Marbella_2.jpg","type":"image\/jpeg"}],"author":"Marie-No\u00eblle","twitter_card":"summary_large_image","twitter_creator":"@MNcomunicacion","twitter_site":"@MNcomunicacion","twitter_misc":{"Written by":"Marie-No\u00eblle","Est. reading time":"3 minutes"},"schema":{"@context":"https:\/\/schema.org","@graph":[{"@type":"Article","@id":"https:\/\/www.mncomunicacion.com\/en\/press-en-en\/import-montes-celebrates-25-years-by-highlighting-its-support-of-the-hotel-industry-of-the-costa-del-sol#article","isPartOf":{"@id":"https:\/\/www.mncomunicacion.com\/en\/press-en-en\/import-montes-celebrates-25-years-by-highlighting-its-support-of-the-hotel-industry-of-the-costa-del-sol"},"author":{"name":"Marie-No\u00eblle","@id":"https:\/\/www.mncomunicacion.com\/#\/schema\/person\/70225cf35dfcd918c90eb1a00df42de9"},"headline":"IMPORT MONTES celebrates 25 years by highlighting its support of the hotel industry of the Costa del Sol","datePublished":"2016-05-16T11:39:58+00:00","dateModified":"2016-05-16T11:39:58+00:00","mainEntityOfPage":{"@id":"https:\/\/www.mncomunicacion.com\/en\/press-en-en\/import-montes-celebrates-25-years-by-highlighting-its-support-of-the-hotel-industry-of-the-costa-del-sol"},"wordCount":714,"commentCount":0,"publisher":{"@id":"https:\/\/www.mncomunicacion.com\/#organization"},"image":{"@id":"https:\/\/www.mncomunicacion.com\/en\/press-en-en\/import-montes-celebrates-25-years-by-highlighting-its-support-of-the-hotel-industry-of-the-costa-del-sol#primaryimage"},"thumbnailUrl":"https:\/\/www.mncomunicacion.com\/wp-content\/uploads\/2019\/05\/Pepi_Montes_fundadora_Import_Montes_y_Blanca_Fern--ndez_Primera_Teniente_de_Alcalde_del_Ayuntamiento_de_Marbella_2.jpg","keywords":["marbella,","press conference"],"articleSection":["Press"],"inLanguage":"en-US","potentialAction":[{"@type":"CommentAction","name":"Comment","target":["https:\/\/www.mncomunicacion.com\/en\/press-en-en\/import-montes-celebrates-25-years-by-highlighting-its-support-of-the-hotel-industry-of-the-costa-del-sol#respond"]}]},{"@type":"WebPage","@id":"https:\/\/www.mncomunicacion.com\/en\/press-en-en\/import-montes-celebrates-25-years-by-highlighting-its-support-of-the-hotel-industry-of-the-costa-del-sol","url":"https:\/\/www.mncomunicacion.com\/en\/press-en-en\/import-montes-celebrates-25-years-by-highlighting-its-support-of-the-hotel-industry-of-the-costa-del-sol","name":"IMPORT MONTES celebrates 25 years by highlighting its support of the hotel industry of the Costa del Sol | MN Comunicaci\u00f3n","isPartOf":{"@id":"https:\/\/www.mncomunicacion.com\/#website"},"primaryImageOfPage":{"@id":"https:\/\/www.mncomunicacion.com\/en\/press-en-en\/import-montes-celebrates-25-years-by-highlighting-its-support-of-the-hotel-industry-of-the-costa-del-sol#primaryimage"},"image":{"@id":"https:\/\/www.mncomunicacion.com\/en\/press-en-en\/import-montes-celebrates-25-years-by-highlighting-its-support-of-the-hotel-industry-of-the-costa-del-sol#primaryimage"},"thumbnailUrl":"https:\/\/www.mncomunicacion.com\/wp-content\/uploads\/2019\/05\/Pepi_Montes_fundadora_Import_Montes_y_Blanca_Fern--ndez_Primera_Teniente_de_Alcalde_del_Ayuntamiento_de_Marbella_2.jpg","datePublished":"2016-05-16T11:39:58+00:00","dateModified":"2016-05-16T11:39:58+00:00","breadcrumb":{"@id":"https:\/\/www.mncomunicacion.com\/en\/press-en-en\/import-montes-celebrates-25-years-by-highlighting-its-support-of-the-hotel-industry-of-the-costa-del-sol#breadcrumb"},"inLanguage":"en-US","potentialAction":[{"@type":"ReadAction","target":["https:\/\/www.mncomunicacion.com\/en\/press-en-en\/import-montes-celebrates-25-years-by-highlighting-its-support-of-the-hotel-industry-of-the-costa-del-sol"]}]},{"@type":"ImageObject","inLanguage":"en-US","@id":"https:\/\/www.mncomunicacion.com\/en\/press-en-en\/import-montes-celebrates-25-years-by-highlighting-its-support-of-the-hotel-industry-of-the-costa-del-sol#primaryimage","url":"https:\/\/www.mncomunicacion.com\/wp-content\/uploads\/2019\/05\/Pepi_Montes_fundadora_Import_Montes_y_Blanca_Fern--ndez_Primera_Teniente_de_Alcalde_del_Ayuntamiento_de_Marbella_2.jpg","contentUrl":"https:\/\/www.mncomunicacion.com\/wp-content\/uploads\/2019\/05\/Pepi_Montes_fundadora_Import_Montes_y_Blanca_Fern--ndez_Primera_Teniente_de_Alcalde_del_Ayuntamiento_de_Marbella_2.jpg","width":150,"height":150},{"@type":"BreadcrumbList","@id":"https:\/\/www.mncomunicacion.com\/en\/press-en-en\/import-montes-celebrates-25-years-by-highlighting-its-support-of-the-hotel-industry-of-the-costa-del-sol#breadcrumb","itemListElement":[{"@type":"ListItem","position":1,"name":"Portada","item":"https:\/\/www.mncomunicacion.com\/en"},{"@type":"ListItem","position":2,"name":"IMPORT MONTES celebrates 25 years by highlighting its support of the hotel industry of the Costa del Sol"}]},{"@type":"WebSite","@id":"https:\/\/www.mncomunicacion.com\/#website","url":"https:\/\/www.mncomunicacion.com\/","name":"MN Comunicaci\u00f3n","description":"Agencia de Comunicaci\u00f3n y Organizaci\u00f3n de Eventos en Marbella","publisher":{"@id":"https:\/\/www.mncomunicacion.com\/#organization"},"potentialAction":[{"@type":"SearchAction","target":{"@type":"EntryPoint","urlTemplate":"https:\/\/www.mncomunicacion.com\/?s={search_term_string}"},"query-input":"required name=search_term_string"}],"inLanguage":"en-US"},{"@type":"Organization","@id":"https:\/\/www.mncomunicacion.com\/#organization","name":"MN COMUNICACI\u00d3N","url":"https:\/\/www.mncomunicacion.com\/","logo":{"@type":"ImageObject","inLanguage":"en-US","@id":"https:\/\/www.mncomunicacion.com\/#\/schema\/logo\/image\/","url":"https:\/\/www.mncomunicacion.com\/wp-content\/uploads\/2019\/05\/logo.png","contentUrl":"https:\/\/www.mncomunicacion.com\/wp-content\/uploads\/2019\/05\/logo.png","width":150,"height":150,"caption":"MN COMUNICACI\u00d3N"},"image":{"@id":"https:\/\/www.mncomunicacion.com\/#\/schema\/logo\/image\/"},"sameAs":["https:\/\/www.facebook.com\/marienoelle.escomunicacion\/","https:\/\/x.com\/MNcomunicacion","https:\/\/www.linkedin.com\/company\/marie-no-lle-es-comunicaci-n\/","https:\/\/www.youtube.com\/channel\/UCnHVdXKiLf30LsIfV8k0xIQ"]},{"@type":"Person","@id":"https:\/\/www.mncomunicacion.com\/#\/schema\/person\/70225cf35dfcd918c90eb1a00df42de9","name":"Marie-No\u00eblle"}]}},"_links":{"self":[{"href":"https:\/\/www.mncomunicacion.com\/en\/wp-json\/wp\/v2\/posts\/5311"}],"collection":[{"href":"https:\/\/www.mncomunicacion.com\/en\/wp-json\/wp\/v2\/posts"}],"about":[{"href":"https:\/\/www.mncomunicacion.com\/en\/wp-json\/wp\/v2\/types\/post"}],"author":[{"embeddable":true,"href":"https:\/\/www.mncomunicacion.com\/en\/wp-json\/wp\/v2\/users\/3"}],"replies":[{"embeddable":true,"href":"https:\/\/www.mncomunicacion.com\/en\/wp-json\/wp\/v2\/comments?post=5311"}],"version-history":[{"count":0,"href":"https:\/\/www.mncomunicacion.com\/en\/wp-json\/wp\/v2\/posts\/5311\/revisions"}],"wp:featuredmedia":[{"embeddable":true,"href":"https:\/\/www.mncomunicacion.com\/en\/wp-json\/wp\/v2\/media\/5312"}],"wp:attachment":[{"href":"https:\/\/www.mncomunicacion.com\/en\/wp-json\/wp\/v2\/media?parent=5311"}],"wp:term":[{"taxonomy":"category","embeddable":true,"href":"https:\/\/www.mncomunicacion.com\/en\/wp-json\/wp\/v2\/categories?post=5311"},{"taxonomy":"post_tag","embeddable":true,"href":"https:\/\/www.mncomunicacion.com\/en\/wp-json\/wp\/v2\/tags?post=5311"}],"curies":[{"name":"wp","href":"https:\/\/api.w.org\/{rel}","templated":true}]}}