{"id":5309,"date":"2016-05-20T11:52:39","date_gmt":"2016-05-20T11:52:39","guid":{"rendered":"https:\/\/www.mncomunicacion.com\/spv-racing-team-will-be-testing-the-ligier-js-p3-nissan-during-salon-spain-on-the-28th-and-29th-of-may"},"modified":"2016-05-20T11:52:39","modified_gmt":"2016-05-20T11:52:39","slug":"spv-racing-team-will-be-testing-the-ligier-js-p3-nissan-during-salon-spain-on-the-28th-and-29th-of-may","status":"publish","type":"post","link":"https:\/\/www.mncomunicacion.com\/en\/press-en-en\/spv-racing-team-will-be-testing-the-ligier-js-p3-nissan-during-salon-spain-on-the-28th-and-29th-of-may","title":{"rendered":"SPV Racing team will be testing the LIGIER JS P3 NISSAN during Salon Spain on the 28th and 29th of May"},"content":{"rendered":"<p>Attendees will be able to watch drivers, engineers and mechanics preparing the vehicle ahead of competing in races such as Le Mans and the French Championship.<\/p>\n<p> <\/p>\n<p style=\"margin-bottom: 7.5pt; line-height: 15pt; vertical-align: baseline; background-image: initial; background-attachment: initial; background-position: initial; background-repeat: initial;\"><span style=\"font-family: arial, helvetica, sans-serif; font-size: 12pt;\"><span style=\"color: #800080;\"><strong>Ronda, 20th May 2016<\/strong>:<\/span><span style=\"color: #000000;\"> One week before it takes places, the luxury car event Salon Spain continues to add spectacular shows to the program, making it an even more exciting prospect, if that&rsquo;s possible. During the weekend of the 28<sup>th<\/sup> and 29<sup>th<\/sup> May, <strong>SPV Racing, <\/strong>captained by <strong>Borja Garc&iacute;a<\/strong>, and <strong>Ashraff Dewal, <\/strong>from Malaysia, will be testing their Ligier JS P3 Nissan at Ascari in order to prepare for the French Championship and the Asian Le Mans Series. As such, attendees will be able to watch drivers, engineers and mechanics preparing this spectacular vehicle ahead of competing in these important automobile championships.<\/span><\/span><\/p>\n<p style=\"margin-bottom: 7.5pt; line-height: 15pt; vertical-align: baseline; background-image: initial; background-attachment: initial; background-position: initial; background-repeat: initial;\"><span style=\"font-size: 12pt; font-family: arial, helvetica, sans-serif; color: #000000;\">This demonstration adds to the activities already prepared by Salon Spain in order to delight everyone who makes the journey to the circuit over the course of the two days. Similarly, alongside the exhibition of classic and race cars that has already been arranged, participants will be able to enjoy drifting shows by the expert <strong>Florin M. Cozmuta, <\/strong>and even take advantage of the opportunity to become the protagonist of the experience by sitting in as a passenger. <\/span><\/p>\n<p style=\"margin-bottom: 7.5pt; line-height: 15pt; vertical-align: baseline; background-image: initial; background-attachment: initial; background-position: initial; background-repeat: initial;\"><span style=\"font-size: 12pt; font-family: arial, helvetica, sans-serif; color: #000000;\">During the meeting, Ascari&rsquo;s race cars will also be on the circuit and there will the opportunity to participate in races in Mono cars &#8211; lightweight, ultra high performance, road legal sports vehicles. It is important to underline the special presence of professional driver and ambassador of the event, <strong>&Aacute;lvaro Fontes, <\/strong>whom it will be possible to co-pilot at the event. &nbsp;Specifically, and by way of example, one of the vehicles in which it will be possible to co-pilot during the experience of Salon Spain is the Ferrari 458 GT3. Finally, take note that there will be a few opportunities for those who come in their own cars to drive them on the circuit. <\/span><\/p>\n<p style=\"margin-bottom: 7.5pt; line-height: 15pt; vertical-align: baseline; background-image: initial; background-attachment: initial; background-position: initial; background-repeat: initial;\"><span style=\"color: #000000; font-family: arial, helvetica, sans-serif; font-size: 12pt;\"><strong>Tickets for Salon Spain are individual and the price is per day. They are available at: <\/strong><\/span><\/p>\n<p style=\"margin-bottom: 7.5pt; text-indent: -18pt; line-height: 15pt; vertical-align: baseline; background-image: initial; background-attachment: initial; background-position: initial; background-repeat: initial;\"><span style=\"color: #000000; font-family: arial, helvetica, sans-serif; font-size: 12pt;\"><strong><span style=\"font-weight: normal;\">&#8211;<span style=\"line-height: normal;\">&nbsp;&nbsp;&nbsp;&nbsp;&nbsp;&nbsp;&nbsp;&nbsp;&nbsp; <\/span><\/span><\/strong><a href=\"http:\/\/www.salonspain.com\/#!tickets\/c1img\" style=\"color: #000000;\">www.salonspain.com\/#!tickets\/c1img<\/a><\/span><\/p>\n<p style=\"margin-bottom: 7.5pt; text-indent: -18pt; line-height: 15pt; vertical-align: baseline; background-image: initial; background-attachment: initial; background-position: initial; background-repeat: initial;\"><span style=\"color: #000000; font-family: arial, helvetica, sans-serif; font-size: 12pt;\"><strong><span style=\"font-weight: normal;\">&#8211;<span style=\"line-height: normal;\">&nbsp;&nbsp;&nbsp;&nbsp;&nbsp;&nbsp;&nbsp;&nbsp;&nbsp; <\/span><\/span><\/strong><a href=\"http:\/\/www.salon-espana.com\/\" style=\"color: #000000;\">www.salon-espana.com<\/a>\/#!entradas\/c20h<\/span><\/p>\n<p style=\"margin-bottom: 7.5pt; text-indent: -18pt; line-height: 15pt; vertical-align: baseline; background-image: initial; background-attachment: initial; background-position: initial; background-repeat: initial;\"><span style=\"color: #000000; font-family: arial, helvetica, sans-serif; font-size: 12pt;\">&#8211;<span style=\"line-height: normal;\">&nbsp;&nbsp;&nbsp;&nbsp;&nbsp;&nbsp;&nbsp;&nbsp;&nbsp; <\/span><a href=\"https:\/\/www.eventbrite.co.uk\/e\/salon-spain-supercar-event-ascari-tickets-22218711765?aff=es2\" style=\"color: #000000;\">www.eventbrite.co.uk\/e\/salon-spain-supercar-event-ascari-tickets-22218711765?aff=es2<\/a><strong>, <\/strong><\/span><\/p>\n<p style=\"margin-bottom: 7.5pt; text-indent: -18pt; line-height: 15pt; vertical-align: baseline; background-image: initial; background-attachment: initial; background-position: initial; background-repeat: initial;\"><span style=\"color: #000000; font-family: arial, helvetica, sans-serif; font-size: 12pt;\"><strong><span style=\"font-weight: normal;\">&#8211;<span style=\"line-height: normal;\">&nbsp;&nbsp;&nbsp;&nbsp;&nbsp;&nbsp;&nbsp;&nbsp;&nbsp; <\/span><\/span><\/strong>FNAC La Ca&ntilde;ada<strong> (online as well as in the physical store) <\/strong><\/span><\/p>\n<p style=\"margin-bottom: 7.5pt; text-indent: -18pt; line-height: 15pt; vertical-align: baseline; background-image: initial; background-attachment: initial; background-position: initial; background-repeat: initial;\"><span style=\"color: #000000; font-family: arial, helvetica, sans-serif; font-size: 12pt;\"><strong><span style=\"font-weight: normal;\">&#8211;<span style=\"line-height: normal;\">&nbsp;&nbsp;&nbsp;&nbsp;&nbsp;&nbsp;&nbsp;&nbsp;&nbsp; <\/span><\/span><\/strong><strong>Telephone: + 34 603 207 688 Hein Arts (English-speakers)<\/strong><\/span><\/p>\n<p style=\"margin-bottom: 7.5pt; text-indent: -18pt; line-height: 15pt; vertical-align: baseline; background-image: initial; background-attachment: initial; background-position: initial; background-repeat: initial;\"><span style=\"color: #000000; font-family: arial, helvetica, sans-serif; font-size: 12pt;\"><strong><span style=\"font-weight: normal;\">&#8211;<span style=\"line-height: normal;\">&nbsp;&nbsp;&nbsp;&nbsp;&nbsp;&nbsp;&nbsp;&nbsp;&nbsp; <\/span><\/span><\/strong><strong>Telephone: +34 647 536 005 Marie-No&euml;lle (Spanish-speakers <\/strong><\/span><\/p>\n<p style=\"text-align: center;\"><span style=\"font-family: Calibri, sans-serif; color: #000000;\">Bryony Blades<\/span><\/p>\n<p style=\"text-align: center;\"><span style=\"color: #800080;\"><strong><em><span style=\"font-family: Calibri, sans-serif;\">Website<\/span><\/em><\/strong><\/span><strong><em><span style=\"font-family: Calibri, sans-serif;\"><span style=\"color: #800080;\">:<\/span> <\/span><\/em><\/strong><span style=\"color: #000000;\"><a href=\"http:\/\/www.marie-noelle.es\/\" style=\"color: #000000;\"><span style=\"font-family: Calibri, sans-serif;\">www.marie-noelle.es<\/span><\/a><\/span><\/p>\n<p style=\"text-align: center;\"><span style=\"color: #000000;\"><strong><em><span style=\"font-family: Calibri, sans-serif;\"><span style=\"color: #800080;\">Email<\/span>: <\/span><\/em><\/strong><a href=\"mailto:eventos@marie-no%C3%ABlle.es\" style=\"color: #000000;\"><span style=\"font-family: Calibri, sans-serif;\">eventos@marie-no&euml;lle.es<\/span><\/a><\/span><\/p>\n<p style=\"text-align: center;\"><span style=\"color: #000000;\"><strong><em><span style=\"font-family: Calibri, sans-serif;\"><span style=\"color: #800080;\">Mobile<\/span>:<\/span><\/em><\/strong><span style=\"font-family: Calibri, sans-serif;\">626 681 308<\/span><\/span><\/p>\n","protected":false},"excerpt":{"rendered":"<p>Attendees will be able to watch drivers, engineers and mechanics preparing the vehicle ahead of competing in races such as Le Mans and the French Championship. Ronda, 20th May 2016: One week before it takes places, the luxury car event Salon Spain continues to add spectacular shows to the program, making it an even more exciting prospect, if that&rsquo;s possible. During the weekend of the 28th and 29th May, SPV Racing, captained by Borja Garc&iacute;a, and Ashraff Dewal, from Malaysia, will be testing their Ligier JS P3 Nissan at Ascari in order to prepare for the French Championship and the Asian Le Mans Series. As such, attendees will be able to watch drivers, engineers and mechanics preparing this spectacular vehicle ahead of competing in these important automobile championships. This demonstration adds to the activities already prepared by Salon Spain in order to delight everyone who makes the journey to the circuit over the course of the two days. Similarly, alongside the exhibition of classic and race cars that has already been arranged, participants will be able to enjoy drifting shows by the expert Florin M. Cozmuta, and even take advantage of the opportunity to become the protagonist of the experience by sitting in as a passenger. During the meeting, Ascari&rsquo;s race cars will also be on the circuit and there will the opportunity to participate in races in Mono cars &#8211; lightweight, ultra high performance, road legal sports vehicles. It is important to underline the special presence of professional driver and ambassador of the event, &Aacute;lvaro Fontes, whom it will be possible to co-pilot at the event. &nbsp;Specifically, and by way of example, one of the vehicles in which it will be possible to co-pilot during the experience of Salon Spain is the Ferrari 458 GT3. Finally, take note that there will be a few opportunities for those who come in their own cars to drive them on the circuit. Tickets for Salon Spain are individual and the price is per day. They are available at: &#8211;&nbsp;&nbsp;&nbsp;&nbsp;&nbsp;&nbsp;&nbsp;&nbsp;&nbsp; www.salonspain.com\/#!tickets\/c1img &#8211;&nbsp;&nbsp;&nbsp;&nbsp;&nbsp;&nbsp;&nbsp;&nbsp;&nbsp; www.salon-espana.com\/#!entradas\/c20h &#8211;&nbsp;&nbsp;&nbsp;&nbsp;&nbsp;&nbsp;&nbsp;&nbsp;&nbsp; www.eventbrite.co.uk\/e\/salon-spain-supercar-event-ascari-tickets-22218711765?aff=es2, &#8211;&nbsp;&nbsp;&nbsp;&nbsp;&nbsp;&nbsp;&nbsp;&nbsp;&nbsp; FNAC La Ca&ntilde;ada (online as well as in the physical store) &#8211;&nbsp;&nbsp;&nbsp;&nbsp;&nbsp;&nbsp;&nbsp;&nbsp;&nbsp; Telephone: + 34 603 207 688 Hein Arts (English-speakers) &#8211;&nbsp;&nbsp;&nbsp;&nbsp;&nbsp;&nbsp;&nbsp;&nbsp;&nbsp; Telephone: +34 647 536 005 Marie-No&euml;lle (Spanish-speakers Bryony Blades Website: www.marie-noelle.es Email: eventos@marie-no&euml;lle.es Mobile:626 681 308<\/p>\n","protected":false},"author":3,"featured_media":5310,"comment_status":"open","ping_status":"open","sticky":false,"template":"","format":"standard","meta":{"_exactmetrics_skip_tracking":false,"_exactmetrics_sitenote_active":false,"_exactmetrics_sitenote_note":"","_exactmetrics_sitenote_category":0,"footnotes":""},"categories":[392],"tags":[482,483,484,485],"class_list":["post-5309","post","type-post","status-publish","format-standard","has-post-thumbnail","hentry","category-press-en-en","tag-ascari-en","tag-ronda-en","tag-salon-spain-en","tag-spv-racing-en"],"yoast_head":"<!-- This site is optimized with the Yoast SEO plugin v23.0 - https:\/\/yoast.com\/wordpress\/plugins\/seo\/ -->\n<title>SPV Racing team will be testing the LIGIER JS P3 NISSAN during Salon Spain on the 28th and 29th of May | MN Comunicaci\u00f3n<\/title>\n<meta name=\"robots\" content=\"index, follow, max-snippet:-1, max-image-preview:large, max-video-preview:-1\" \/>\n<link rel=\"canonical\" href=\"https:\/\/www.mncomunicacion.com\/en\/press-en-en\/spv-racing-team-will-be-testing-the-ligier-js-p3-nissan-during-salon-spain-on-the-28th-and-29th-of-may\" \/>\n<meta property=\"og:locale\" content=\"en_US\" \/>\n<meta property=\"og:type\" content=\"article\" \/>\n<meta property=\"og:title\" content=\"SPV Racing team will be testing the LIGIER JS P3 NISSAN during Salon Spain on the 28th and 29th of May | MN Comunicaci\u00f3n\" \/>\n<meta property=\"og:description\" content=\"Attendees will be able to watch drivers, engineers and mechanics preparing the vehicle ahead of competing in races such as Le Mans and the French Championship. Ronda, 20th May 2016: One week before it takes places, the luxury car event Salon Spain continues to add spectacular shows to the program, making it an even more exciting prospect, if that&rsquo;s possible. During the weekend of the 28th and 29th May, SPV Racing, captained by Borja Garc&iacute;a, and Ashraff Dewal, from Malaysia, will be testing their Ligier JS P3 Nissan at Ascari in order to prepare for the French Championship and the Asian Le Mans Series. As such, attendees will be able to watch drivers, engineers and mechanics preparing this spectacular vehicle ahead of competing in these important automobile championships. This demonstration adds to the activities already prepared by Salon Spain in order to delight everyone who makes the journey to the circuit over the course of the two days. Similarly, alongside the exhibition of classic and race cars that has already been arranged, participants will be able to enjoy drifting shows by the expert Florin M. Cozmuta, and even take advantage of the opportunity to become the protagonist of the experience by sitting in as a passenger. During the meeting, Ascari&rsquo;s race cars will also be on the circuit and there will the opportunity to participate in races in Mono cars &#8211; lightweight, ultra high performance, road legal sports vehicles. It is important to underline the special presence of professional driver and ambassador of the event, &Aacute;lvaro Fontes, whom it will be possible to co-pilot at the event. &nbsp;Specifically, and by way of example, one of the vehicles in which it will be possible to co-pilot during the experience of Salon Spain is the Ferrari 458 GT3. Finally, take note that there will be a few opportunities for those who come in their own cars to drive them on the circuit. Tickets for Salon Spain are individual and the price is per day. They are available at: &#8211;&nbsp;&nbsp;&nbsp;&nbsp;&nbsp;&nbsp;&nbsp;&nbsp;&nbsp; www.salonspain.com\/#!tickets\/c1img &#8211;&nbsp;&nbsp;&nbsp;&nbsp;&nbsp;&nbsp;&nbsp;&nbsp;&nbsp; www.salon-espana.com\/#!entradas\/c20h &#8211;&nbsp;&nbsp;&nbsp;&nbsp;&nbsp;&nbsp;&nbsp;&nbsp;&nbsp; www.eventbrite.co.uk\/e\/salon-spain-supercar-event-ascari-tickets-22218711765?aff=es2, &#8211;&nbsp;&nbsp;&nbsp;&nbsp;&nbsp;&nbsp;&nbsp;&nbsp;&nbsp; FNAC La Ca&ntilde;ada (online as well as in the physical store) &#8211;&nbsp;&nbsp;&nbsp;&nbsp;&nbsp;&nbsp;&nbsp;&nbsp;&nbsp; Telephone: + 34 603 207 688 Hein Arts (English-speakers) &#8211;&nbsp;&nbsp;&nbsp;&nbsp;&nbsp;&nbsp;&nbsp;&nbsp;&nbsp; Telephone: +34 647 536 005 Marie-No&euml;lle (Spanish-speakers Bryony Blades Website: www.marie-noelle.es Email: eventos@marie-no&euml;lle.es Mobile:626 681 308\" \/>\n<meta property=\"og:url\" content=\"https:\/\/www.mncomunicacion.com\/en\/press-en-en\/spv-racing-team-will-be-testing-the-ligier-js-p3-nissan-during-salon-spain-on-the-28th-and-29th-of-may\" \/>\n<meta property=\"og:site_name\" content=\"MN Comunicaci\u00f3n\" \/>\n<meta property=\"article:publisher\" content=\"https:\/\/www.facebook.com\/marienoelle.escomunicacion\/\" \/>\n<meta property=\"article:published_time\" content=\"2016-05-20T11:52:39+00:00\" \/>\n<meta property=\"og:image\" content=\"https:\/\/www.mncomunicacion.com\/wp-content\/uploads\/2019\/05\/Image14-1.jpg\" \/>\n\t<meta property=\"og:image:width\" content=\"150\" \/>\n\t<meta property=\"og:image:height\" content=\"150\" \/>\n\t<meta property=\"og:image:type\" content=\"image\/jpeg\" \/>\n<meta name=\"author\" content=\"Marie-No\u00eblle\" \/>\n<meta name=\"twitter:card\" content=\"summary_large_image\" \/>\n<meta name=\"twitter:creator\" content=\"@MNcomunicacion\" \/>\n<meta name=\"twitter:site\" content=\"@MNcomunicacion\" \/>\n<meta name=\"twitter:label1\" content=\"Written by\" \/>\n\t<meta name=\"twitter:data1\" content=\"Marie-No\u00eblle\" \/>\n\t<meta name=\"twitter:label2\" content=\"Est. reading time\" \/>\n\t<meta name=\"twitter:data2\" content=\"2 minutes\" \/>\n<script type=\"application\/ld+json\" class=\"yoast-schema-graph\">{\"@context\":\"https:\/\/schema.org\",\"@graph\":[{\"@type\":\"Article\",\"@id\":\"https:\/\/www.mncomunicacion.com\/en\/press-en-en\/spv-racing-team-will-be-testing-the-ligier-js-p3-nissan-during-salon-spain-on-the-28th-and-29th-of-may#article\",\"isPartOf\":{\"@id\":\"https:\/\/www.mncomunicacion.com\/en\/press-en-en\/spv-racing-team-will-be-testing-the-ligier-js-p3-nissan-during-salon-spain-on-the-28th-and-29th-of-may\"},\"author\":{\"name\":\"Marie-No\u00eblle\",\"@id\":\"https:\/\/www.mncomunicacion.com\/#\/schema\/person\/70225cf35dfcd918c90eb1a00df42de9\"},\"headline\":\"SPV Racing team will be testing the LIGIER JS P3 NISSAN during Salon Spain on the 28th and 29th of May\",\"datePublished\":\"2016-05-20T11:52:39+00:00\",\"dateModified\":\"2016-05-20T11:52:39+00:00\",\"mainEntityOfPage\":{\"@id\":\"https:\/\/www.mncomunicacion.com\/en\/press-en-en\/spv-racing-team-will-be-testing-the-ligier-js-p3-nissan-during-salon-spain-on-the-28th-and-29th-of-may\"},\"wordCount\":478,\"commentCount\":0,\"publisher\":{\"@id\":\"https:\/\/www.mncomunicacion.com\/#organization\"},\"image\":{\"@id\":\"https:\/\/www.mncomunicacion.com\/en\/press-en-en\/spv-racing-team-will-be-testing-the-ligier-js-p3-nissan-during-salon-spain-on-the-28th-and-29th-of-may#primaryimage\"},\"thumbnailUrl\":\"https:\/\/www.mncomunicacion.com\/wp-content\/uploads\/2019\/05\/Image14-1.jpg\",\"keywords\":[\"ascari\",\"ronda\",\"salon spain\",\"spv racing\"],\"articleSection\":[\"Press\"],\"inLanguage\":\"en-US\",\"potentialAction\":[{\"@type\":\"CommentAction\",\"name\":\"Comment\",\"target\":[\"https:\/\/www.mncomunicacion.com\/en\/press-en-en\/spv-racing-team-will-be-testing-the-ligier-js-p3-nissan-during-salon-spain-on-the-28th-and-29th-of-may#respond\"]}]},{\"@type\":\"WebPage\",\"@id\":\"https:\/\/www.mncomunicacion.com\/en\/press-en-en\/spv-racing-team-will-be-testing-the-ligier-js-p3-nissan-during-salon-spain-on-the-28th-and-29th-of-may\",\"url\":\"https:\/\/www.mncomunicacion.com\/en\/press-en-en\/spv-racing-team-will-be-testing-the-ligier-js-p3-nissan-during-salon-spain-on-the-28th-and-29th-of-may\",\"name\":\"SPV Racing team will be testing the LIGIER JS P3 NISSAN during Salon Spain on the 28th and 29th of May | MN Comunicaci\u00f3n\",\"isPartOf\":{\"@id\":\"https:\/\/www.mncomunicacion.com\/#website\"},\"primaryImageOfPage\":{\"@id\":\"https:\/\/www.mncomunicacion.com\/en\/press-en-en\/spv-racing-team-will-be-testing-the-ligier-js-p3-nissan-during-salon-spain-on-the-28th-and-29th-of-may#primaryimage\"},\"image\":{\"@id\":\"https:\/\/www.mncomunicacion.com\/en\/press-en-en\/spv-racing-team-will-be-testing-the-ligier-js-p3-nissan-during-salon-spain-on-the-28th-and-29th-of-may#primaryimage\"},\"thumbnailUrl\":\"https:\/\/www.mncomunicacion.com\/wp-content\/uploads\/2019\/05\/Image14-1.jpg\",\"datePublished\":\"2016-05-20T11:52:39+00:00\",\"dateModified\":\"2016-05-20T11:52:39+00:00\",\"breadcrumb\":{\"@id\":\"https:\/\/www.mncomunicacion.com\/en\/press-en-en\/spv-racing-team-will-be-testing-the-ligier-js-p3-nissan-during-salon-spain-on-the-28th-and-29th-of-may#breadcrumb\"},\"inLanguage\":\"en-US\",\"potentialAction\":[{\"@type\":\"ReadAction\",\"target\":[\"https:\/\/www.mncomunicacion.com\/en\/press-en-en\/spv-racing-team-will-be-testing-the-ligier-js-p3-nissan-during-salon-spain-on-the-28th-and-29th-of-may\"]}]},{\"@type\":\"ImageObject\",\"inLanguage\":\"en-US\",\"@id\":\"https:\/\/www.mncomunicacion.com\/en\/press-en-en\/spv-racing-team-will-be-testing-the-ligier-js-p3-nissan-during-salon-spain-on-the-28th-and-29th-of-may#primaryimage\",\"url\":\"https:\/\/www.mncomunicacion.com\/wp-content\/uploads\/2019\/05\/Image14-1.jpg\",\"contentUrl\":\"https:\/\/www.mncomunicacion.com\/wp-content\/uploads\/2019\/05\/Image14-1.jpg\",\"width\":150,\"height\":150},{\"@type\":\"BreadcrumbList\",\"@id\":\"https:\/\/www.mncomunicacion.com\/en\/press-en-en\/spv-racing-team-will-be-testing-the-ligier-js-p3-nissan-during-salon-spain-on-the-28th-and-29th-of-may#breadcrumb\",\"itemListElement\":[{\"@type\":\"ListItem\",\"position\":1,\"name\":\"Portada\",\"item\":\"https:\/\/www.mncomunicacion.com\/en\"},{\"@type\":\"ListItem\",\"position\":2,\"name\":\"SPV Racing team will be testing the LIGIER JS P3 NISSAN during Salon Spain on the 28th and 29th of May\"}]},{\"@type\":\"WebSite\",\"@id\":\"https:\/\/www.mncomunicacion.com\/#website\",\"url\":\"https:\/\/www.mncomunicacion.com\/\",\"name\":\"MN Comunicaci\u00f3n\",\"description\":\"Agencia de Comunicaci\u00f3n y Organizaci\u00f3n de Eventos en Marbella\",\"publisher\":{\"@id\":\"https:\/\/www.mncomunicacion.com\/#organization\"},\"potentialAction\":[{\"@type\":\"SearchAction\",\"target\":{\"@type\":\"EntryPoint\",\"urlTemplate\":\"https:\/\/www.mncomunicacion.com\/?s={search_term_string}\"},\"query-input\":\"required name=search_term_string\"}],\"inLanguage\":\"en-US\"},{\"@type\":\"Organization\",\"@id\":\"https:\/\/www.mncomunicacion.com\/#organization\",\"name\":\"MN COMUNICACI\u00d3N\",\"url\":\"https:\/\/www.mncomunicacion.com\/\",\"logo\":{\"@type\":\"ImageObject\",\"inLanguage\":\"en-US\",\"@id\":\"https:\/\/www.mncomunicacion.com\/#\/schema\/logo\/image\/\",\"url\":\"https:\/\/www.mncomunicacion.com\/wp-content\/uploads\/2019\/05\/logo.png\",\"contentUrl\":\"https:\/\/www.mncomunicacion.com\/wp-content\/uploads\/2019\/05\/logo.png\",\"width\":150,\"height\":150,\"caption\":\"MN COMUNICACI\u00d3N\"},\"image\":{\"@id\":\"https:\/\/www.mncomunicacion.com\/#\/schema\/logo\/image\/\"},\"sameAs\":[\"https:\/\/www.facebook.com\/marienoelle.escomunicacion\/\",\"https:\/\/x.com\/MNcomunicacion\",\"https:\/\/www.linkedin.com\/company\/marie-no-lle-es-comunicaci-n\/\",\"https:\/\/www.youtube.com\/channel\/UCnHVdXKiLf30LsIfV8k0xIQ\"]},{\"@type\":\"Person\",\"@id\":\"https:\/\/www.mncomunicacion.com\/#\/schema\/person\/70225cf35dfcd918c90eb1a00df42de9\",\"name\":\"Marie-No\u00eblle\"}]}<\/script>\n<!-- \/ Yoast SEO plugin. -->","yoast_head_json":{"title":"SPV Racing team will be testing the LIGIER JS P3 NISSAN during Salon Spain on the 28th and 29th of May | MN Comunicaci\u00f3n","robots":{"index":"index","follow":"follow","max-snippet":"max-snippet:-1","max-image-preview":"max-image-preview:large","max-video-preview":"max-video-preview:-1"},"canonical":"https:\/\/www.mncomunicacion.com\/en\/press-en-en\/spv-racing-team-will-be-testing-the-ligier-js-p3-nissan-during-salon-spain-on-the-28th-and-29th-of-may","og_locale":"en_US","og_type":"article","og_title":"SPV Racing team will be testing the LIGIER JS P3 NISSAN during Salon Spain on the 28th and 29th of May | MN Comunicaci\u00f3n","og_description":"Attendees will be able to watch drivers, engineers and mechanics preparing the vehicle ahead of competing in races such as Le Mans and the French Championship. Ronda, 20th May 2016: One week before it takes places, the luxury car event Salon Spain continues to add spectacular shows to the program, making it an even more exciting prospect, if that&rsquo;s possible. During the weekend of the 28th and 29th May, SPV Racing, captained by Borja Garc&iacute;a, and Ashraff Dewal, from Malaysia, will be testing their Ligier JS P3 Nissan at Ascari in order to prepare for the French Championship and the Asian Le Mans Series. As such, attendees will be able to watch drivers, engineers and mechanics preparing this spectacular vehicle ahead of competing in these important automobile championships. This demonstration adds to the activities already prepared by Salon Spain in order to delight everyone who makes the journey to the circuit over the course of the two days. Similarly, alongside the exhibition of classic and race cars that has already been arranged, participants will be able to enjoy drifting shows by the expert Florin M. Cozmuta, and even take advantage of the opportunity to become the protagonist of the experience by sitting in as a passenger. During the meeting, Ascari&rsquo;s race cars will also be on the circuit and there will the opportunity to participate in races in Mono cars &#8211; lightweight, ultra high performance, road legal sports vehicles. It is important to underline the special presence of professional driver and ambassador of the event, &Aacute;lvaro Fontes, whom it will be possible to co-pilot at the event. &nbsp;Specifically, and by way of example, one of the vehicles in which it will be possible to co-pilot during the experience of Salon Spain is the Ferrari 458 GT3. Finally, take note that there will be a few opportunities for those who come in their own cars to drive them on the circuit. Tickets for Salon Spain are individual and the price is per day. They are available at: &#8211;&nbsp;&nbsp;&nbsp;&nbsp;&nbsp;&nbsp;&nbsp;&nbsp;&nbsp; www.salonspain.com\/#!tickets\/c1img &#8211;&nbsp;&nbsp;&nbsp;&nbsp;&nbsp;&nbsp;&nbsp;&nbsp;&nbsp; www.salon-espana.com\/#!entradas\/c20h &#8211;&nbsp;&nbsp;&nbsp;&nbsp;&nbsp;&nbsp;&nbsp;&nbsp;&nbsp; www.eventbrite.co.uk\/e\/salon-spain-supercar-event-ascari-tickets-22218711765?aff=es2, &#8211;&nbsp;&nbsp;&nbsp;&nbsp;&nbsp;&nbsp;&nbsp;&nbsp;&nbsp; FNAC La Ca&ntilde;ada (online as well as in the physical store) &#8211;&nbsp;&nbsp;&nbsp;&nbsp;&nbsp;&nbsp;&nbsp;&nbsp;&nbsp; Telephone: + 34 603 207 688 Hein Arts (English-speakers) &#8211;&nbsp;&nbsp;&nbsp;&nbsp;&nbsp;&nbsp;&nbsp;&nbsp;&nbsp; Telephone: +34 647 536 005 Marie-No&euml;lle (Spanish-speakers Bryony Blades Website: www.marie-noelle.es Email: eventos@marie-no&euml;lle.es Mobile:626 681 308","og_url":"https:\/\/www.mncomunicacion.com\/en\/press-en-en\/spv-racing-team-will-be-testing-the-ligier-js-p3-nissan-during-salon-spain-on-the-28th-and-29th-of-may","og_site_name":"MN Comunicaci\u00f3n","article_publisher":"https:\/\/www.facebook.com\/marienoelle.escomunicacion\/","article_published_time":"2016-05-20T11:52:39+00:00","og_image":[{"width":150,"height":150,"url":"https:\/\/www.mncomunicacion.com\/wp-content\/uploads\/2019\/05\/Image14-1.jpg","type":"image\/jpeg"}],"author":"Marie-No\u00eblle","twitter_card":"summary_large_image","twitter_creator":"@MNcomunicacion","twitter_site":"@MNcomunicacion","twitter_misc":{"Written by":"Marie-No\u00eblle","Est. reading time":"2 minutes"},"schema":{"@context":"https:\/\/schema.org","@graph":[{"@type":"Article","@id":"https:\/\/www.mncomunicacion.com\/en\/press-en-en\/spv-racing-team-will-be-testing-the-ligier-js-p3-nissan-during-salon-spain-on-the-28th-and-29th-of-may#article","isPartOf":{"@id":"https:\/\/www.mncomunicacion.com\/en\/press-en-en\/spv-racing-team-will-be-testing-the-ligier-js-p3-nissan-during-salon-spain-on-the-28th-and-29th-of-may"},"author":{"name":"Marie-No\u00eblle","@id":"https:\/\/www.mncomunicacion.com\/#\/schema\/person\/70225cf35dfcd918c90eb1a00df42de9"},"headline":"SPV Racing team will be testing the LIGIER JS P3 NISSAN during Salon Spain on the 28th and 29th of May","datePublished":"2016-05-20T11:52:39+00:00","dateModified":"2016-05-20T11:52:39+00:00","mainEntityOfPage":{"@id":"https:\/\/www.mncomunicacion.com\/en\/press-en-en\/spv-racing-team-will-be-testing-the-ligier-js-p3-nissan-during-salon-spain-on-the-28th-and-29th-of-may"},"wordCount":478,"commentCount":0,"publisher":{"@id":"https:\/\/www.mncomunicacion.com\/#organization"},"image":{"@id":"https:\/\/www.mncomunicacion.com\/en\/press-en-en\/spv-racing-team-will-be-testing-the-ligier-js-p3-nissan-during-salon-spain-on-the-28th-and-29th-of-may#primaryimage"},"thumbnailUrl":"https:\/\/www.mncomunicacion.com\/wp-content\/uploads\/2019\/05\/Image14-1.jpg","keywords":["ascari","ronda","salon spain","spv racing"],"articleSection":["Press"],"inLanguage":"en-US","potentialAction":[{"@type":"CommentAction","name":"Comment","target":["https:\/\/www.mncomunicacion.com\/en\/press-en-en\/spv-racing-team-will-be-testing-the-ligier-js-p3-nissan-during-salon-spain-on-the-28th-and-29th-of-may#respond"]}]},{"@type":"WebPage","@id":"https:\/\/www.mncomunicacion.com\/en\/press-en-en\/spv-racing-team-will-be-testing-the-ligier-js-p3-nissan-during-salon-spain-on-the-28th-and-29th-of-may","url":"https:\/\/www.mncomunicacion.com\/en\/press-en-en\/spv-racing-team-will-be-testing-the-ligier-js-p3-nissan-during-salon-spain-on-the-28th-and-29th-of-may","name":"SPV Racing team will be testing the LIGIER JS P3 NISSAN during Salon Spain on the 28th and 29th of May | MN Comunicaci\u00f3n","isPartOf":{"@id":"https:\/\/www.mncomunicacion.com\/#website"},"primaryImageOfPage":{"@id":"https:\/\/www.mncomunicacion.com\/en\/press-en-en\/spv-racing-team-will-be-testing-the-ligier-js-p3-nissan-during-salon-spain-on-the-28th-and-29th-of-may#primaryimage"},"image":{"@id":"https:\/\/www.mncomunicacion.com\/en\/press-en-en\/spv-racing-team-will-be-testing-the-ligier-js-p3-nissan-during-salon-spain-on-the-28th-and-29th-of-may#primaryimage"},"thumbnailUrl":"https:\/\/www.mncomunicacion.com\/wp-content\/uploads\/2019\/05\/Image14-1.jpg","datePublished":"2016-05-20T11:52:39+00:00","dateModified":"2016-05-20T11:52:39+00:00","breadcrumb":{"@id":"https:\/\/www.mncomunicacion.com\/en\/press-en-en\/spv-racing-team-will-be-testing-the-ligier-js-p3-nissan-during-salon-spain-on-the-28th-and-29th-of-may#breadcrumb"},"inLanguage":"en-US","potentialAction":[{"@type":"ReadAction","target":["https:\/\/www.mncomunicacion.com\/en\/press-en-en\/spv-racing-team-will-be-testing-the-ligier-js-p3-nissan-during-salon-spain-on-the-28th-and-29th-of-may"]}]},{"@type":"ImageObject","inLanguage":"en-US","@id":"https:\/\/www.mncomunicacion.com\/en\/press-en-en\/spv-racing-team-will-be-testing-the-ligier-js-p3-nissan-during-salon-spain-on-the-28th-and-29th-of-may#primaryimage","url":"https:\/\/www.mncomunicacion.com\/wp-content\/uploads\/2019\/05\/Image14-1.jpg","contentUrl":"https:\/\/www.mncomunicacion.com\/wp-content\/uploads\/2019\/05\/Image14-1.jpg","width":150,"height":150},{"@type":"BreadcrumbList","@id":"https:\/\/www.mncomunicacion.com\/en\/press-en-en\/spv-racing-team-will-be-testing-the-ligier-js-p3-nissan-during-salon-spain-on-the-28th-and-29th-of-may#breadcrumb","itemListElement":[{"@type":"ListItem","position":1,"name":"Portada","item":"https:\/\/www.mncomunicacion.com\/en"},{"@type":"ListItem","position":2,"name":"SPV Racing team will be testing the LIGIER JS P3 NISSAN during Salon Spain on the 28th and 29th of May"}]},{"@type":"WebSite","@id":"https:\/\/www.mncomunicacion.com\/#website","url":"https:\/\/www.mncomunicacion.com\/","name":"MN Comunicaci\u00f3n","description":"Agencia de Comunicaci\u00f3n y Organizaci\u00f3n de Eventos en Marbella","publisher":{"@id":"https:\/\/www.mncomunicacion.com\/#organization"},"potentialAction":[{"@type":"SearchAction","target":{"@type":"EntryPoint","urlTemplate":"https:\/\/www.mncomunicacion.com\/?s={search_term_string}"},"query-input":"required name=search_term_string"}],"inLanguage":"en-US"},{"@type":"Organization","@id":"https:\/\/www.mncomunicacion.com\/#organization","name":"MN COMUNICACI\u00d3N","url":"https:\/\/www.mncomunicacion.com\/","logo":{"@type":"ImageObject","inLanguage":"en-US","@id":"https:\/\/www.mncomunicacion.com\/#\/schema\/logo\/image\/","url":"https:\/\/www.mncomunicacion.com\/wp-content\/uploads\/2019\/05\/logo.png","contentUrl":"https:\/\/www.mncomunicacion.com\/wp-content\/uploads\/2019\/05\/logo.png","width":150,"height":150,"caption":"MN COMUNICACI\u00d3N"},"image":{"@id":"https:\/\/www.mncomunicacion.com\/#\/schema\/logo\/image\/"},"sameAs":["https:\/\/www.facebook.com\/marienoelle.escomunicacion\/","https:\/\/x.com\/MNcomunicacion","https:\/\/www.linkedin.com\/company\/marie-no-lle-es-comunicaci-n\/","https:\/\/www.youtube.com\/channel\/UCnHVdXKiLf30LsIfV8k0xIQ"]},{"@type":"Person","@id":"https:\/\/www.mncomunicacion.com\/#\/schema\/person\/70225cf35dfcd918c90eb1a00df42de9","name":"Marie-No\u00eblle"}]}},"_links":{"self":[{"href":"https:\/\/www.mncomunicacion.com\/en\/wp-json\/wp\/v2\/posts\/5309"}],"collection":[{"href":"https:\/\/www.mncomunicacion.com\/en\/wp-json\/wp\/v2\/posts"}],"about":[{"href":"https:\/\/www.mncomunicacion.com\/en\/wp-json\/wp\/v2\/types\/post"}],"author":[{"embeddable":true,"href":"https:\/\/www.mncomunicacion.com\/en\/wp-json\/wp\/v2\/users\/3"}],"replies":[{"embeddable":true,"href":"https:\/\/www.mncomunicacion.com\/en\/wp-json\/wp\/v2\/comments?post=5309"}],"version-history":[{"count":0,"href":"https:\/\/www.mncomunicacion.com\/en\/wp-json\/wp\/v2\/posts\/5309\/revisions"}],"wp:featuredmedia":[{"embeddable":true,"href":"https:\/\/www.mncomunicacion.com\/en\/wp-json\/wp\/v2\/media\/5310"}],"wp:attachment":[{"href":"https:\/\/www.mncomunicacion.com\/en\/wp-json\/wp\/v2\/media?parent=5309"}],"wp:term":[{"taxonomy":"category","embeddable":true,"href":"https:\/\/www.mncomunicacion.com\/en\/wp-json\/wp\/v2\/categories?post=5309"},{"taxonomy":"post_tag","embeddable":true,"href":"https:\/\/www.mncomunicacion.com\/en\/wp-json\/wp\/v2\/tags?post=5309"}],"curies":[{"name":"wp","href":"https:\/\/api.w.org\/{rel}","templated":true}]}}