{"id":5289,"date":"2017-09-13T08:37:45","date_gmt":"2017-09-13T08:37:45","guid":{"rendered":"https:\/\/www.mncomunicacion.com\/open-mind-fest-chooses-marbella-to-celebrate-the-biggest-festival-of-personal-growth-in-andalucia"},"modified":"2017-09-13T08:37:45","modified_gmt":"2017-09-13T08:37:45","slug":"open-mind-fest-chooses-marbella-to-celebrate-the-biggest-festival-of-personal-growth-in-andalucia","status":"publish","type":"post","link":"https:\/\/www.mncomunicacion.com\/en\/press-en-en\/open-mind-fest-chooses-marbella-to-celebrate-the-biggest-festival-of-personal-growth-in-andalucia","title":{"rendered":"Open Mind Fest chooses Marbella to celebrate the biggest festival of personal growth in Andaluc\u00eda"},"content":{"rendered":"<p><span style=\"font-family: arial, helvetica, sans-serif;\"><strong><span style=\"font-size: 12pt;\">The event, which will take place in the Albergue Juvenil Fuerte Nag\u00fceles, will last until the 17<sup>th<\/sup> September and will count on the participation of more than 70 masters and experts from all corners of the world.<\/span><\/strong><\/span><\/p>\n<p><span style=\"font-size: 12pt; font-family: arial, helvetica, sans-serif;\"><strong>Marbella 11<sup>th<\/sup> September 2017<\/strong>: This morning has been presented <strong>Open Mind Fest<\/strong>, the first international festival of personal grown that will start this Wednesday 13<sup>th<\/sup> September and will be celebrated until Sunday 17<sup>th<\/sup> September in the facilities of Albergue Juvenil Fuerte Nag\u00fceles.<\/span><\/p>\n<p> <\/p>\n<p>&nbsp;<\/p>\n<p><span style=\"font-size: 12pt; font-family: arial, helvetica, sans-serif;\">It is the biggest festival of this type in the Costa del Sol and one of the biggest in Andalucia and it will count on the participation of more than 70 masters, coaches and experts, who are specialists in different disciplines and who originate from all corners of the world. The presentation was led by the founder of <strong>Open Mind Fest, Viktoria Boiaryna<\/strong>, who emphasised \u201cthe ambition of the festival is to take all the spheres of our world to create something\u201d from \u201cthe start of service to all living beings, from humans to animals or plants, there is no difference between them\u201d.<\/span><\/p>\n<p><span style=\"font-size: 12pt; font-family: arial, helvetica, sans-serif;\">Thus, the festival wants to unite everyone around a healthy life style that allows it to elevate the state of the conscience and helps the integral development of the individual on the four levels of personal harmony:<\/span><\/p>\n<ul>\n<li><span style=\"font-size: 12pt; font-family: arial, helvetica, sans-serif;\">Spiritual: with educational talks to encourage an open conscience, creativity and mindfulness<\/span><\/li>\n<li><span style=\"font-size: 12pt; font-family: arial, helvetica, sans-serif;\">Physical: with a more practical application, conducted to increase knowledge about health, organic food, massages, meditation<\/span><\/li>\n<li><span style=\"font-size: 12pt; font-family: arial, helvetica, sans-serif;\">Social: favouring talks and social relations with the neighbour, and especially in the family environment<\/span><\/li>\n<li><span style=\"font-size: 12pt; font-family: arial, helvetica, sans-serif;\">Charitable: the money obtained in the festival will be distributed between diverse non-governmental organisations.<\/span><\/li>\n<\/ul>\n<p><span style=\"font-size: 12pt; font-family: arial, helvetica, sans-serif;\"><strong>Open Mind Fest<\/strong> counts on an ample programme full of different activities for children and adults, such as conferences, massage workshops, meditation and mandala creations; a fair for ecological and natural products, such as world music concerts, animal parades and a holi disco.<\/span><\/p>\n<p><span style=\"font-size: 12pt; font-family: arial, helvetica, sans-serif;\">The first day of opening is the 13<sup>th<\/sup> September; all the activities will be free, although they have established a symbolic ticket, a book that the attendees could bring to subsequently be donated to associations who work with disadvantaged children. \u201cThe festival is possible with peoples support, each person coming to the festival can contribute in a small way so that it can carry on, from their energy and knowledge\u201d highlights <strong>Boiaryna<\/strong>. Additionally, on the rest of the days, the visitors can come to the Albergue Nag\u00fceles and attend the presentations of the non-governmental associations.<\/span><\/p>\n<p><span style=\"font-size: 12pt; font-family: arial, helvetica, sans-serif;\">Viktoria Boiaryna, the founder of Open Mind Fest, chose Marbella to celebrate this international meeting as it is a city with good vibes that can become the new Mecca for yoga teachers and for those who look for a life of spirituality. Thanks to the quantity of tourism that the city receives, Marbella receives a profound and memorable imprint from those who visit it. The festival will also leave the city with the launch of a meditation park in the Las Chapas zone.<\/span><\/p>\n<p><span style=\"font-size: 12pt; font-family: arial, helvetica, sans-serif;\"><strong>Charity<\/strong><\/span><\/p>\n<p><span style=\"font-size: 12pt; font-family: arial, helvetica, sans-serif;\">Additionally, <strong>Open Mind Fest<\/strong> has as a principal mission to collaborate with different associations to make the world better therefore it will carry out different activities in collaboration from various not for profit organisations for the five days of the festival and it will designate part of the money taken by the sale of tickets to contribute to their projects.<\/span><\/p>\n<p><span style=\"font-size: 12pt; font-family: arial, helvetica, sans-serif;\">The festival is based on the belief that children, adults, animals and nature form part of one, therefore the organisers have chosen associations that represent each one: The Triple A Association, which takes care of animals, the Arboretum Foundation, which works to improve ecological conscience, Monsalvat, which helps disadvantaged children in Asia, and the Edicoma organisation, which works with collectives at risk of social exclusion.<\/span><\/p>\n<p><span style=\"font-size: 12pt; font-family: arial, helvetica, sans-serif;\"><strong>OPEN<\/strong><strong> MIND <\/strong><strong>FEST<\/strong><\/span><\/p>\n<ul>\n<li><span style=\"font-size: 12pt; font-family: arial, helvetica, sans-serif;\"><strong>Opening<\/strong>: Wednesday 13<sup>th<\/sup> September at 7.30pm<\/span><\/li>\n<li><span style=\"font-size: 12pt; font-family: arial, helvetica, sans-serif;\"><strong>Closing<\/strong>: Sunday 17<sup>th<\/sup> September at 9pm<\/span><\/li>\n<li><span style=\"font-size: 12pt; font-family: arial, helvetica, sans-serif;\"><strong>Opening timetable<\/strong>: From 8am to 10pm<\/span><\/li>\n<li><span style=\"font-size: 12pt; font-family: arial, helvetica, sans-serif;\">More than 70 speakers<\/span><\/li>\n<li><span style=\"font-size: 12pt; font-family: arial, helvetica, sans-serif;\">Daily fair for the whole time it is open<\/span><\/li>\n<li><span style=\"font-size: 12pt; font-family: arial, helvetica, sans-serif;\">Conferences<\/span><\/li>\n<li><span style=\"font-size: 12pt; font-family: arial, helvetica, sans-serif;\">Master classes<\/span><\/li>\n<li><span style=\"font-size: 12pt; font-family: arial, helvetica, sans-serif;\">Meditation<\/span><\/li>\n<li><span style=\"font-size: 12pt; font-family: arial, helvetica, sans-serif;\">Yoga<\/span><\/li>\n<li><span style=\"font-size: 12pt; font-family: arial, helvetica, sans-serif;\">Craftwork<\/span><\/li>\n<li><span style=\"font-size: 12pt; font-family: arial, helvetica, sans-serif;\">Music<\/span><\/li>\n<li><span style=\"font-size: 12pt; font-family: arial, helvetica, sans-serif;\">Healthy food<\/span><\/li>\n<\/ul>\n<p><span style=\"font-size: 12pt; font-family: arial, helvetica, sans-serif;\"><strong>Tickets are on sale at: openmindfest.com<\/strong><\/span><\/p>\n","protected":false},"excerpt":{"rendered":"<p>The event, which will take place in the Albergue Juvenil Fuerte Nag\u00fceles, will last until the 17th September and will count on the participation of more than 70 masters and experts from all corners of the world. Marbella 11th September 2017: This morning has been presented Open Mind Fest, the first international festival of personal grown that will start this Wednesday 13th September and will be celebrated until Sunday 17th September in the facilities of Albergue Juvenil Fuerte Nag\u00fceles. &nbsp; It is the biggest festival of this type in the Costa del Sol and one of the biggest in Andalucia and it will count on the participation of more than 70 masters, coaches and experts, who are specialists in different disciplines and who originate from all corners of the world. The presentation was led by the founder of Open Mind Fest, Viktoria Boiaryna, who emphasised \u201cthe ambition of the festival is to take all the spheres of our world to create something\u201d from \u201cthe start of service to all living beings, from humans to animals or plants, there is no difference between them\u201d. Thus, the festival wants to unite everyone around a healthy life style that allows it to elevate the state of the conscience and helps the integral development of the individual on the four levels of personal harmony: Spiritual: with educational talks to encourage an open conscience, creativity and mindfulness Physical: with a more practical application, conducted to increase knowledge about health, organic food, massages, meditation Social: favouring talks and social relations with the neighbour, and especially in the family environment Charitable: the money obtained in the festival will be distributed between diverse non-governmental organisations. Open Mind Fest counts on an ample programme full of different activities for children and adults, such as conferences, massage workshops, meditation and mandala creations; a fair for ecological and natural products, such as world music concerts, animal parades and a holi disco. The first day of opening is the 13th September; all the activities will be free, although they have established a symbolic ticket, a book that the attendees could bring to subsequently be donated to associations who work with disadvantaged children. \u201cThe festival is possible with peoples support, each person coming to the festival can contribute in a small way so that it can carry on, from their energy and knowledge\u201d highlights Boiaryna. Additionally, on the rest of the days, the visitors can come to the Albergue Nag\u00fceles and attend the presentations of the non-governmental associations. Viktoria Boiaryna, the founder of Open Mind Fest, chose Marbella to celebrate this international meeting as it is a city with good vibes that can become the new Mecca for yoga teachers and for those who look for a life of spirituality. Thanks to the quantity of tourism that the city receives, Marbella receives a profound and memorable imprint from those who visit it. The festival will also leave the city with the launch of a meditation park in the Las Chapas zone. Charity Additionally, Open Mind Fest has as a principal mission to collaborate with different associations to make the world better therefore it will carry out different activities in collaboration from various not for profit organisations for the five days of the festival and it will designate part of the money taken by the sale of tickets to contribute to their projects. The festival is based on the belief that children, adults, animals and nature form part of one, therefore the organisers have chosen associations that represent each one: The Triple A Association, which takes care of animals, the Arboretum Foundation, which works to improve ecological conscience, Monsalvat, which helps disadvantaged children in Asia, and the Edicoma organisation, which works with collectives at risk of social exclusion. OPEN MIND FEST Opening: Wednesday 13th September at 7.30pm Closing: Sunday 17th September at 9pm Opening timetable: From 8am to 10pm More than 70 speakers Daily fair for the whole time it is open Conferences Master classes Meditation Yoga Craftwork Music Healthy food Tickets are on sale at: openmindfest.com<\/p>\n","protected":false},"author":3,"featured_media":5290,"comment_status":"open","ping_status":"open","sticky":false,"template":"","format":"standard","meta":{"_exactmetrics_skip_tracking":false,"_exactmetrics_sitenote_active":false,"_exactmetrics_sitenote_note":"","_exactmetrics_sitenote_category":0,"footnotes":""},"categories":[392],"tags":[],"class_list":["post-5289","post","type-post","status-publish","format-standard","has-post-thumbnail","hentry","category-press-en-en"],"yoast_head":"<!-- This site is optimized with the Yoast SEO plugin v23.0 - https:\/\/yoast.com\/wordpress\/plugins\/seo\/ -->\n<title>Open Mind Fest chooses Marbella to celebrate the biggest festival of personal growth in Andaluc\u00eda | MN Comunicaci\u00f3n<\/title>\n<meta name=\"robots\" content=\"index, follow, max-snippet:-1, max-image-preview:large, max-video-preview:-1\" \/>\n<link rel=\"canonical\" href=\"https:\/\/www.mncomunicacion.com\/en\/press-en-en\/open-mind-fest-chooses-marbella-to-celebrate-the-biggest-festival-of-personal-growth-in-andalucia\" \/>\n<meta property=\"og:locale\" content=\"en_US\" \/>\n<meta property=\"og:type\" content=\"article\" \/>\n<meta property=\"og:title\" content=\"Open Mind Fest chooses Marbella to celebrate the biggest festival of personal growth in Andaluc\u00eda | MN Comunicaci\u00f3n\" \/>\n<meta property=\"og:description\" content=\"The event, which will take place in the Albergue Juvenil Fuerte Nag\u00fceles, will last until the 17th September and will count on the participation of more than 70 masters and experts from all corners of the world. Marbella 11th September 2017: This morning has been presented Open Mind Fest, the first international festival of personal grown that will start this Wednesday 13th September and will be celebrated until Sunday 17th September in the facilities of Albergue Juvenil Fuerte Nag\u00fceles. &nbsp; It is the biggest festival of this type in the Costa del Sol and one of the biggest in Andalucia and it will count on the participation of more than 70 masters, coaches and experts, who are specialists in different disciplines and who originate from all corners of the world. The presentation was led by the founder of Open Mind Fest, Viktoria Boiaryna, who emphasised \u201cthe ambition of the festival is to take all the spheres of our world to create something\u201d from \u201cthe start of service to all living beings, from humans to animals or plants, there is no difference between them\u201d. Thus, the festival wants to unite everyone around a healthy life style that allows it to elevate the state of the conscience and helps the integral development of the individual on the four levels of personal harmony: Spiritual: with educational talks to encourage an open conscience, creativity and mindfulness Physical: with a more practical application, conducted to increase knowledge about health, organic food, massages, meditation Social: favouring talks and social relations with the neighbour, and especially in the family environment Charitable: the money obtained in the festival will be distributed between diverse non-governmental organisations. Open Mind Fest counts on an ample programme full of different activities for children and adults, such as conferences, massage workshops, meditation and mandala creations; a fair for ecological and natural products, such as world music concerts, animal parades and a holi disco. The first day of opening is the 13th September; all the activities will be free, although they have established a symbolic ticket, a book that the attendees could bring to subsequently be donated to associations who work with disadvantaged children. \u201cThe festival is possible with peoples support, each person coming to the festival can contribute in a small way so that it can carry on, from their energy and knowledge\u201d highlights Boiaryna. Additionally, on the rest of the days, the visitors can come to the Albergue Nag\u00fceles and attend the presentations of the non-governmental associations. Viktoria Boiaryna, the founder of Open Mind Fest, chose Marbella to celebrate this international meeting as it is a city with good vibes that can become the new Mecca for yoga teachers and for those who look for a life of spirituality. Thanks to the quantity of tourism that the city receives, Marbella receives a profound and memorable imprint from those who visit it. The festival will also leave the city with the launch of a meditation park in the Las Chapas zone. Charity Additionally, Open Mind Fest has as a principal mission to collaborate with different associations to make the world better therefore it will carry out different activities in collaboration from various not for profit organisations for the five days of the festival and it will designate part of the money taken by the sale of tickets to contribute to their projects. The festival is based on the belief that children, adults, animals and nature form part of one, therefore the organisers have chosen associations that represent each one: The Triple A Association, which takes care of animals, the Arboretum Foundation, which works to improve ecological conscience, Monsalvat, which helps disadvantaged children in Asia, and the Edicoma organisation, which works with collectives at risk of social exclusion. OPEN MIND FEST Opening: Wednesday 13th September at 7.30pm Closing: Sunday 17th September at 9pm Opening timetable: From 8am to 10pm More than 70 speakers Daily fair for the whole time it is open Conferences Master classes Meditation Yoga Craftwork Music Healthy food Tickets are on sale at: openmindfest.com\" \/>\n<meta property=\"og:url\" content=\"https:\/\/www.mncomunicacion.com\/en\/press-en-en\/open-mind-fest-chooses-marbella-to-celebrate-the-biggest-festival-of-personal-growth-in-andalucia\" \/>\n<meta property=\"og:site_name\" content=\"MN Comunicaci\u00f3n\" \/>\n<meta property=\"article:publisher\" content=\"https:\/\/www.facebook.com\/marienoelle.escomunicacion\/\" \/>\n<meta property=\"article:published_time\" content=\"2017-09-13T08:37:45+00:00\" \/>\n<meta property=\"og:image\" content=\"https:\/\/www.mncomunicacion.com\/wp-content\/uploads\/2019\/05\/Open_Mind_Fest_Press_Conference.JPG\" \/>\n\t<meta property=\"og:image:width\" content=\"150\" \/>\n\t<meta property=\"og:image:height\" content=\"150\" \/>\n\t<meta property=\"og:image:type\" content=\"image\/jpeg\" \/>\n<meta name=\"author\" content=\"Marie-No\u00eblle\" \/>\n<meta name=\"twitter:card\" content=\"summary_large_image\" \/>\n<meta name=\"twitter:creator\" content=\"@MNcomunicacion\" \/>\n<meta name=\"twitter:site\" content=\"@MNcomunicacion\" \/>\n<meta name=\"twitter:label1\" content=\"Written by\" \/>\n\t<meta name=\"twitter:data1\" content=\"Marie-No\u00eblle\" \/>\n\t<meta name=\"twitter:label2\" content=\"Est. reading time\" \/>\n\t<meta name=\"twitter:data2\" content=\"3 minutes\" \/>\n<script type=\"application\/ld+json\" class=\"yoast-schema-graph\">{\"@context\":\"https:\/\/schema.org\",\"@graph\":[{\"@type\":\"Article\",\"@id\":\"https:\/\/www.mncomunicacion.com\/en\/press-en-en\/open-mind-fest-chooses-marbella-to-celebrate-the-biggest-festival-of-personal-growth-in-andalucia#article\",\"isPartOf\":{\"@id\":\"https:\/\/www.mncomunicacion.com\/en\/press-en-en\/open-mind-fest-chooses-marbella-to-celebrate-the-biggest-festival-of-personal-growth-in-andalucia\"},\"author\":{\"name\":\"Marie-No\u00eblle\",\"@id\":\"https:\/\/www.mncomunicacion.com\/#\/schema\/person\/70225cf35dfcd918c90eb1a00df42de9\"},\"headline\":\"Open Mind Fest chooses Marbella to celebrate the biggest festival of personal growth in Andaluc\u00eda\",\"datePublished\":\"2017-09-13T08:37:45+00:00\",\"dateModified\":\"2017-09-13T08:37:45+00:00\",\"mainEntityOfPage\":{\"@id\":\"https:\/\/www.mncomunicacion.com\/en\/press-en-en\/open-mind-fest-chooses-marbella-to-celebrate-the-biggest-festival-of-personal-growth-in-andalucia\"},\"wordCount\":689,\"commentCount\":0,\"publisher\":{\"@id\":\"https:\/\/www.mncomunicacion.com\/#organization\"},\"image\":{\"@id\":\"https:\/\/www.mncomunicacion.com\/en\/press-en-en\/open-mind-fest-chooses-marbella-to-celebrate-the-biggest-festival-of-personal-growth-in-andalucia#primaryimage\"},\"thumbnailUrl\":\"https:\/\/www.mncomunicacion.com\/wp-content\/uploads\/2019\/05\/Open_Mind_Fest_Press_Conference.JPG\",\"articleSection\":[\"Press\"],\"inLanguage\":\"en-US\",\"potentialAction\":[{\"@type\":\"CommentAction\",\"name\":\"Comment\",\"target\":[\"https:\/\/www.mncomunicacion.com\/en\/press-en-en\/open-mind-fest-chooses-marbella-to-celebrate-the-biggest-festival-of-personal-growth-in-andalucia#respond\"]}]},{\"@type\":\"WebPage\",\"@id\":\"https:\/\/www.mncomunicacion.com\/en\/press-en-en\/open-mind-fest-chooses-marbella-to-celebrate-the-biggest-festival-of-personal-growth-in-andalucia\",\"url\":\"https:\/\/www.mncomunicacion.com\/en\/press-en-en\/open-mind-fest-chooses-marbella-to-celebrate-the-biggest-festival-of-personal-growth-in-andalucia\",\"name\":\"Open Mind Fest chooses Marbella to celebrate the biggest festival of personal growth in Andaluc\u00eda | MN Comunicaci\u00f3n\",\"isPartOf\":{\"@id\":\"https:\/\/www.mncomunicacion.com\/#website\"},\"primaryImageOfPage\":{\"@id\":\"https:\/\/www.mncomunicacion.com\/en\/press-en-en\/open-mind-fest-chooses-marbella-to-celebrate-the-biggest-festival-of-personal-growth-in-andalucia#primaryimage\"},\"image\":{\"@id\":\"https:\/\/www.mncomunicacion.com\/en\/press-en-en\/open-mind-fest-chooses-marbella-to-celebrate-the-biggest-festival-of-personal-growth-in-andalucia#primaryimage\"},\"thumbnailUrl\":\"https:\/\/www.mncomunicacion.com\/wp-content\/uploads\/2019\/05\/Open_Mind_Fest_Press_Conference.JPG\",\"datePublished\":\"2017-09-13T08:37:45+00:00\",\"dateModified\":\"2017-09-13T08:37:45+00:00\",\"breadcrumb\":{\"@id\":\"https:\/\/www.mncomunicacion.com\/en\/press-en-en\/open-mind-fest-chooses-marbella-to-celebrate-the-biggest-festival-of-personal-growth-in-andalucia#breadcrumb\"},\"inLanguage\":\"en-US\",\"potentialAction\":[{\"@type\":\"ReadAction\",\"target\":[\"https:\/\/www.mncomunicacion.com\/en\/press-en-en\/open-mind-fest-chooses-marbella-to-celebrate-the-biggest-festival-of-personal-growth-in-andalucia\"]}]},{\"@type\":\"ImageObject\",\"inLanguage\":\"en-US\",\"@id\":\"https:\/\/www.mncomunicacion.com\/en\/press-en-en\/open-mind-fest-chooses-marbella-to-celebrate-the-biggest-festival-of-personal-growth-in-andalucia#primaryimage\",\"url\":\"https:\/\/www.mncomunicacion.com\/wp-content\/uploads\/2019\/05\/Open_Mind_Fest_Press_Conference.JPG\",\"contentUrl\":\"https:\/\/www.mncomunicacion.com\/wp-content\/uploads\/2019\/05\/Open_Mind_Fest_Press_Conference.JPG\",\"width\":150,\"height\":150},{\"@type\":\"BreadcrumbList\",\"@id\":\"https:\/\/www.mncomunicacion.com\/en\/press-en-en\/open-mind-fest-chooses-marbella-to-celebrate-the-biggest-festival-of-personal-growth-in-andalucia#breadcrumb\",\"itemListElement\":[{\"@type\":\"ListItem\",\"position\":1,\"name\":\"Portada\",\"item\":\"https:\/\/www.mncomunicacion.com\/en\"},{\"@type\":\"ListItem\",\"position\":2,\"name\":\"Open Mind Fest chooses Marbella to celebrate the biggest festival of personal growth in Andaluc\u00eda\"}]},{\"@type\":\"WebSite\",\"@id\":\"https:\/\/www.mncomunicacion.com\/#website\",\"url\":\"https:\/\/www.mncomunicacion.com\/\",\"name\":\"MN Comunicaci\u00f3n\",\"description\":\"Agencia de Comunicaci\u00f3n y Organizaci\u00f3n de Eventos en Marbella\",\"publisher\":{\"@id\":\"https:\/\/www.mncomunicacion.com\/#organization\"},\"potentialAction\":[{\"@type\":\"SearchAction\",\"target\":{\"@type\":\"EntryPoint\",\"urlTemplate\":\"https:\/\/www.mncomunicacion.com\/?s={search_term_string}\"},\"query-input\":\"required name=search_term_string\"}],\"inLanguage\":\"en-US\"},{\"@type\":\"Organization\",\"@id\":\"https:\/\/www.mncomunicacion.com\/#organization\",\"name\":\"MN COMUNICACI\u00d3N\",\"url\":\"https:\/\/www.mncomunicacion.com\/\",\"logo\":{\"@type\":\"ImageObject\",\"inLanguage\":\"en-US\",\"@id\":\"https:\/\/www.mncomunicacion.com\/#\/schema\/logo\/image\/\",\"url\":\"https:\/\/www.mncomunicacion.com\/wp-content\/uploads\/2019\/05\/logo.png\",\"contentUrl\":\"https:\/\/www.mncomunicacion.com\/wp-content\/uploads\/2019\/05\/logo.png\",\"width\":150,\"height\":150,\"caption\":\"MN COMUNICACI\u00d3N\"},\"image\":{\"@id\":\"https:\/\/www.mncomunicacion.com\/#\/schema\/logo\/image\/\"},\"sameAs\":[\"https:\/\/www.facebook.com\/marienoelle.escomunicacion\/\",\"https:\/\/x.com\/MNcomunicacion\",\"https:\/\/www.linkedin.com\/company\/marie-no-lle-es-comunicaci-n\/\",\"https:\/\/www.youtube.com\/channel\/UCnHVdXKiLf30LsIfV8k0xIQ\"]},{\"@type\":\"Person\",\"@id\":\"https:\/\/www.mncomunicacion.com\/#\/schema\/person\/70225cf35dfcd918c90eb1a00df42de9\",\"name\":\"Marie-No\u00eblle\"}]}<\/script>\n<!-- \/ Yoast SEO plugin. -->","yoast_head_json":{"title":"Open Mind Fest chooses Marbella to celebrate the biggest festival of personal growth in Andaluc\u00eda | MN Comunicaci\u00f3n","robots":{"index":"index","follow":"follow","max-snippet":"max-snippet:-1","max-image-preview":"max-image-preview:large","max-video-preview":"max-video-preview:-1"},"canonical":"https:\/\/www.mncomunicacion.com\/en\/press-en-en\/open-mind-fest-chooses-marbella-to-celebrate-the-biggest-festival-of-personal-growth-in-andalucia","og_locale":"en_US","og_type":"article","og_title":"Open Mind Fest chooses Marbella to celebrate the biggest festival of personal growth in Andaluc\u00eda | MN Comunicaci\u00f3n","og_description":"The event, which will take place in the Albergue Juvenil Fuerte Nag\u00fceles, will last until the 17th September and will count on the participation of more than 70 masters and experts from all corners of the world. Marbella 11th September 2017: This morning has been presented Open Mind Fest, the first international festival of personal grown that will start this Wednesday 13th September and will be celebrated until Sunday 17th September in the facilities of Albergue Juvenil Fuerte Nag\u00fceles. &nbsp; It is the biggest festival of this type in the Costa del Sol and one of the biggest in Andalucia and it will count on the participation of more than 70 masters, coaches and experts, who are specialists in different disciplines and who originate from all corners of the world. The presentation was led by the founder of Open Mind Fest, Viktoria Boiaryna, who emphasised \u201cthe ambition of the festival is to take all the spheres of our world to create something\u201d from \u201cthe start of service to all living beings, from humans to animals or plants, there is no difference between them\u201d. Thus, the festival wants to unite everyone around a healthy life style that allows it to elevate the state of the conscience and helps the integral development of the individual on the four levels of personal harmony: Spiritual: with educational talks to encourage an open conscience, creativity and mindfulness Physical: with a more practical application, conducted to increase knowledge about health, organic food, massages, meditation Social: favouring talks and social relations with the neighbour, and especially in the family environment Charitable: the money obtained in the festival will be distributed between diverse non-governmental organisations. Open Mind Fest counts on an ample programme full of different activities for children and adults, such as conferences, massage workshops, meditation and mandala creations; a fair for ecological and natural products, such as world music concerts, animal parades and a holi disco. The first day of opening is the 13th September; all the activities will be free, although they have established a symbolic ticket, a book that the attendees could bring to subsequently be donated to associations who work with disadvantaged children. \u201cThe festival is possible with peoples support, each person coming to the festival can contribute in a small way so that it can carry on, from their energy and knowledge\u201d highlights Boiaryna. Additionally, on the rest of the days, the visitors can come to the Albergue Nag\u00fceles and attend the presentations of the non-governmental associations. Viktoria Boiaryna, the founder of Open Mind Fest, chose Marbella to celebrate this international meeting as it is a city with good vibes that can become the new Mecca for yoga teachers and for those who look for a life of spirituality. Thanks to the quantity of tourism that the city receives, Marbella receives a profound and memorable imprint from those who visit it. The festival will also leave the city with the launch of a meditation park in the Las Chapas zone. Charity Additionally, Open Mind Fest has as a principal mission to collaborate with different associations to make the world better therefore it will carry out different activities in collaboration from various not for profit organisations for the five days of the festival and it will designate part of the money taken by the sale of tickets to contribute to their projects. The festival is based on the belief that children, adults, animals and nature form part of one, therefore the organisers have chosen associations that represent each one: The Triple A Association, which takes care of animals, the Arboretum Foundation, which works to improve ecological conscience, Monsalvat, which helps disadvantaged children in Asia, and the Edicoma organisation, which works with collectives at risk of social exclusion. OPEN MIND FEST Opening: Wednesday 13th September at 7.30pm Closing: Sunday 17th September at 9pm Opening timetable: From 8am to 10pm More than 70 speakers Daily fair for the whole time it is open Conferences Master classes Meditation Yoga Craftwork Music Healthy food Tickets are on sale at: openmindfest.com","og_url":"https:\/\/www.mncomunicacion.com\/en\/press-en-en\/open-mind-fest-chooses-marbella-to-celebrate-the-biggest-festival-of-personal-growth-in-andalucia","og_site_name":"MN Comunicaci\u00f3n","article_publisher":"https:\/\/www.facebook.com\/marienoelle.escomunicacion\/","article_published_time":"2017-09-13T08:37:45+00:00","og_image":[{"width":150,"height":150,"url":"https:\/\/www.mncomunicacion.com\/wp-content\/uploads\/2019\/05\/Open_Mind_Fest_Press_Conference.JPG","type":"image\/jpeg"}],"author":"Marie-No\u00eblle","twitter_card":"summary_large_image","twitter_creator":"@MNcomunicacion","twitter_site":"@MNcomunicacion","twitter_misc":{"Written by":"Marie-No\u00eblle","Est. reading time":"3 minutes"},"schema":{"@context":"https:\/\/schema.org","@graph":[{"@type":"Article","@id":"https:\/\/www.mncomunicacion.com\/en\/press-en-en\/open-mind-fest-chooses-marbella-to-celebrate-the-biggest-festival-of-personal-growth-in-andalucia#article","isPartOf":{"@id":"https:\/\/www.mncomunicacion.com\/en\/press-en-en\/open-mind-fest-chooses-marbella-to-celebrate-the-biggest-festival-of-personal-growth-in-andalucia"},"author":{"name":"Marie-No\u00eblle","@id":"https:\/\/www.mncomunicacion.com\/#\/schema\/person\/70225cf35dfcd918c90eb1a00df42de9"},"headline":"Open Mind Fest chooses Marbella to celebrate the biggest festival of personal growth in Andaluc\u00eda","datePublished":"2017-09-13T08:37:45+00:00","dateModified":"2017-09-13T08:37:45+00:00","mainEntityOfPage":{"@id":"https:\/\/www.mncomunicacion.com\/en\/press-en-en\/open-mind-fest-chooses-marbella-to-celebrate-the-biggest-festival-of-personal-growth-in-andalucia"},"wordCount":689,"commentCount":0,"publisher":{"@id":"https:\/\/www.mncomunicacion.com\/#organization"},"image":{"@id":"https:\/\/www.mncomunicacion.com\/en\/press-en-en\/open-mind-fest-chooses-marbella-to-celebrate-the-biggest-festival-of-personal-growth-in-andalucia#primaryimage"},"thumbnailUrl":"https:\/\/www.mncomunicacion.com\/wp-content\/uploads\/2019\/05\/Open_Mind_Fest_Press_Conference.JPG","articleSection":["Press"],"inLanguage":"en-US","potentialAction":[{"@type":"CommentAction","name":"Comment","target":["https:\/\/www.mncomunicacion.com\/en\/press-en-en\/open-mind-fest-chooses-marbella-to-celebrate-the-biggest-festival-of-personal-growth-in-andalucia#respond"]}]},{"@type":"WebPage","@id":"https:\/\/www.mncomunicacion.com\/en\/press-en-en\/open-mind-fest-chooses-marbella-to-celebrate-the-biggest-festival-of-personal-growth-in-andalucia","url":"https:\/\/www.mncomunicacion.com\/en\/press-en-en\/open-mind-fest-chooses-marbella-to-celebrate-the-biggest-festival-of-personal-growth-in-andalucia","name":"Open Mind Fest chooses Marbella to celebrate the biggest festival of personal growth in Andaluc\u00eda | MN Comunicaci\u00f3n","isPartOf":{"@id":"https:\/\/www.mncomunicacion.com\/#website"},"primaryImageOfPage":{"@id":"https:\/\/www.mncomunicacion.com\/en\/press-en-en\/open-mind-fest-chooses-marbella-to-celebrate-the-biggest-festival-of-personal-growth-in-andalucia#primaryimage"},"image":{"@id":"https:\/\/www.mncomunicacion.com\/en\/press-en-en\/open-mind-fest-chooses-marbella-to-celebrate-the-biggest-festival-of-personal-growth-in-andalucia#primaryimage"},"thumbnailUrl":"https:\/\/www.mncomunicacion.com\/wp-content\/uploads\/2019\/05\/Open_Mind_Fest_Press_Conference.JPG","datePublished":"2017-09-13T08:37:45+00:00","dateModified":"2017-09-13T08:37:45+00:00","breadcrumb":{"@id":"https:\/\/www.mncomunicacion.com\/en\/press-en-en\/open-mind-fest-chooses-marbella-to-celebrate-the-biggest-festival-of-personal-growth-in-andalucia#breadcrumb"},"inLanguage":"en-US","potentialAction":[{"@type":"ReadAction","target":["https:\/\/www.mncomunicacion.com\/en\/press-en-en\/open-mind-fest-chooses-marbella-to-celebrate-the-biggest-festival-of-personal-growth-in-andalucia"]}]},{"@type":"ImageObject","inLanguage":"en-US","@id":"https:\/\/www.mncomunicacion.com\/en\/press-en-en\/open-mind-fest-chooses-marbella-to-celebrate-the-biggest-festival-of-personal-growth-in-andalucia#primaryimage","url":"https:\/\/www.mncomunicacion.com\/wp-content\/uploads\/2019\/05\/Open_Mind_Fest_Press_Conference.JPG","contentUrl":"https:\/\/www.mncomunicacion.com\/wp-content\/uploads\/2019\/05\/Open_Mind_Fest_Press_Conference.JPG","width":150,"height":150},{"@type":"BreadcrumbList","@id":"https:\/\/www.mncomunicacion.com\/en\/press-en-en\/open-mind-fest-chooses-marbella-to-celebrate-the-biggest-festival-of-personal-growth-in-andalucia#breadcrumb","itemListElement":[{"@type":"ListItem","position":1,"name":"Portada","item":"https:\/\/www.mncomunicacion.com\/en"},{"@type":"ListItem","position":2,"name":"Open Mind Fest chooses Marbella to celebrate the biggest festival of personal growth in Andaluc\u00eda"}]},{"@type":"WebSite","@id":"https:\/\/www.mncomunicacion.com\/#website","url":"https:\/\/www.mncomunicacion.com\/","name":"MN Comunicaci\u00f3n","description":"Agencia de Comunicaci\u00f3n y Organizaci\u00f3n de Eventos en Marbella","publisher":{"@id":"https:\/\/www.mncomunicacion.com\/#organization"},"potentialAction":[{"@type":"SearchAction","target":{"@type":"EntryPoint","urlTemplate":"https:\/\/www.mncomunicacion.com\/?s={search_term_string}"},"query-input":"required name=search_term_string"}],"inLanguage":"en-US"},{"@type":"Organization","@id":"https:\/\/www.mncomunicacion.com\/#organization","name":"MN COMUNICACI\u00d3N","url":"https:\/\/www.mncomunicacion.com\/","logo":{"@type":"ImageObject","inLanguage":"en-US","@id":"https:\/\/www.mncomunicacion.com\/#\/schema\/logo\/image\/","url":"https:\/\/www.mncomunicacion.com\/wp-content\/uploads\/2019\/05\/logo.png","contentUrl":"https:\/\/www.mncomunicacion.com\/wp-content\/uploads\/2019\/05\/logo.png","width":150,"height":150,"caption":"MN COMUNICACI\u00d3N"},"image":{"@id":"https:\/\/www.mncomunicacion.com\/#\/schema\/logo\/image\/"},"sameAs":["https:\/\/www.facebook.com\/marienoelle.escomunicacion\/","https:\/\/x.com\/MNcomunicacion","https:\/\/www.linkedin.com\/company\/marie-no-lle-es-comunicaci-n\/","https:\/\/www.youtube.com\/channel\/UCnHVdXKiLf30LsIfV8k0xIQ"]},{"@type":"Person","@id":"https:\/\/www.mncomunicacion.com\/#\/schema\/person\/70225cf35dfcd918c90eb1a00df42de9","name":"Marie-No\u00eblle"}]}},"_links":{"self":[{"href":"https:\/\/www.mncomunicacion.com\/en\/wp-json\/wp\/v2\/posts\/5289"}],"collection":[{"href":"https:\/\/www.mncomunicacion.com\/en\/wp-json\/wp\/v2\/posts"}],"about":[{"href":"https:\/\/www.mncomunicacion.com\/en\/wp-json\/wp\/v2\/types\/post"}],"author":[{"embeddable":true,"href":"https:\/\/www.mncomunicacion.com\/en\/wp-json\/wp\/v2\/users\/3"}],"replies":[{"embeddable":true,"href":"https:\/\/www.mncomunicacion.com\/en\/wp-json\/wp\/v2\/comments?post=5289"}],"version-history":[{"count":0,"href":"https:\/\/www.mncomunicacion.com\/en\/wp-json\/wp\/v2\/posts\/5289\/revisions"}],"wp:featuredmedia":[{"embeddable":true,"href":"https:\/\/www.mncomunicacion.com\/en\/wp-json\/wp\/v2\/media\/5290"}],"wp:attachment":[{"href":"https:\/\/www.mncomunicacion.com\/en\/wp-json\/wp\/v2\/media?parent=5289"}],"wp:term":[{"taxonomy":"category","embeddable":true,"href":"https:\/\/www.mncomunicacion.com\/en\/wp-json\/wp\/v2\/categories?post=5289"},{"taxonomy":"post_tag","embeddable":true,"href":"https:\/\/www.mncomunicacion.com\/en\/wp-json\/wp\/v2\/tags?post=5289"}],"curies":[{"name":"wp","href":"https:\/\/api.w.org\/{rel}","templated":true}]}}