{"id":5279,"date":"2018-01-29T12:09:57","date_gmt":"2018-01-29T12:09:57","guid":{"rendered":"https:\/\/www.mncomunicacion.com\/centro-plaza-will-host-its-3rd-solidary-race-on-the-28th-of-january-2"},"modified":"2018-01-29T12:09:57","modified_gmt":"2018-01-29T12:09:57","slug":"centro-plaza-will-host-its-3rd-solidary-race-on-the-28th-of-january-2","status":"publish","type":"post","link":"https:\/\/www.mncomunicacion.com\/en\/press-en-en\/centro-plaza-will-host-its-3rd-solidary-race-on-the-28th-of-january-2","title":{"rendered":"Centro Plaza will host its 3rd solidary race on the 28th of January (2)"},"content":{"rendered":"<p><strong>The event was presented this morning with the assistance of the councillor of sports, Javier M\u00e9rida, the delegate of Nueva Andaluc\u00eda, Crist\u00f3bal &nbsp;Garr\u00e9, the president of the Marbella Red Cross, Juli\u00e1n Garc\u00eda Aguilar and Carlos Garc\u00eda, manager of Centro Plaza shopping centre<\/strong><\/p>\n<p><strong>&nbsp;<\/strong><\/p>\n<p><strong>Marbella, 22<sup>nd<\/sup> of January 2018: <\/strong>This year again, for the 3<sup>rd<\/sup> time, the <strong>Centro Plaza shopping centre is hosting its solidary race<\/strong>. This time the race will take place on the 28<sup>th<\/sup> of January and will follow its usual trajectory, starting by the hotel PYR in Puerto Ban\u00fas and ending in the Centro Plaza shopping centre. The event was presented this very morning with the assistance the councillor of sports, Javier M\u00e9rida, the delegate of Nueva Andaluc\u00eda, Crist\u00f3bal&nbsp; Garr\u00e9, the president of the Marbella Red Cross, Juli\u00e1n Garc\u00eda Aguilar and Carlos Garc\u00eda, manager of Centro Plaza shopping centre.<\/p>\n<p> <\/p>\n<p>&nbsp;<\/p>\n<p>During the presentation, both councilmen pointed out the importance of these private initiatives in favour of the promotion of sport and solidarity, encouraging citizens to participate: \u201cThis is a quality event, such as we are used to from Centro Plaza\u201d, added M\u00e9rida, who will not be running this year but will be present to support the event. Garr\u00e9, who will also attend explained \u201c The involvement of citizens is key for the development of the districts\u201d, and used Centro Plazas work in the organization of the Solidary Race, year after year, as an example of this commitment.<\/p>\n<p>Carlos Garc\u00eda, manager of Centro Plaza, highlighted that \u201cInscriptions can be made online, at centroplaza.es, through dorsal chip or in person at the <strong>Urbemar<\/strong> offices in Centro Plaza shopping centre, until noon of the 26<sup>th<\/sup> of January. For those who decide to inscribe last minute, they may do so at the starting point of the race before it begins, between 8:30 AM and 9:30 AM\u201d.<\/p>\n<p>Inscription prices are 8 euros for adults and 3 euros for all minor categories. The funds raised will be destined entirely to the Marbella Red Cross. \u201cThis year it will be used to reinforce the `Intemperie\u00b4 programme\u201d, stated Juli\u00e1n Garc\u00eda Aguilar, president of the Marbella Red Cross. \u201cIt\u00b4s an assistance programme for homeless people, which we will soon be able to apply in a more worthy fashion through the opening of our new emergency centre\u201d he concluded.<\/p>\n<p>The Centro Plaza race is a great charity event and a must go on the Marbella sports calendar. The event is supported by both public and private institutions including <strong>Siesta interior design, Frutas Eladio, LY Company, ALC Global Health Insurance, Caf\u00e9 Yanx, Luna Agust\u00edn Ulibarri lawyers, Gonvel GV &amp; Kamph Lawyers and Tax Advisors, CIT Marbella and the Marbella and San Pedro athletics clubs.<\/strong><\/p>\n<p>The race begins by the Hotel PYR in Puerto Ban\u00fas on Rotary International Street at 10:00 AM. The track is 8 km long and runs through Puerto Ban\u00fas and Nueva Andaluc\u00eda, it is of medium difficulty encompassing upward and downward slopes and flat areas. The finishing line is in the Centro Plaza shopping centre on Manolete Street, 1, Nueva Andaluc\u00eda.<\/p>\n<p>Shorter tracks have been selected for the minor categories. For those aged 11 or less the race will begin at 11:30 AM and will be 400 metres long, whereas those aged 13 or less will start 20 minutes later at 11:50 AM, and their track will be 800 metres long. Those aged 17 or less (two groups) start at 12:15 PM and have a track of 1600 metres.<\/p>\n<p>The participants can pick up their dorsals in the Urbemar offices, the administrative company of Centro Plaza, office nr. 6, between 10:00 AM and 02:00 PM on the 25<sup>th<\/sup> and 26<sup>th<\/sup> of January, or on the 28<sup>th<\/sup> before the race, between 08:00 AM and 09:30 AM at the starting line by the Hotel PYR in Puerto Ban\u00fas.<\/p>\n<p>The main provisioning point will be installed by the finishing line, with an auxiliary point half way to provide water. Sanitary service and ambulances will also be located by the finishing line.<\/p>\n<p>All prizes will be handed over from mid-day onward in Centro Plaza. There will be trophies for the winners of the main race in both the male and female categories. Gold, silver and bronze medals will be awarded to the top 3 of each group and each sex. The juvenile, junior, promising and senior categories will additionally receive a technical race shirt and the pre Benjamin, Benjamin, alevin, infantile and cadete categories will get a back pack.<\/p>\n<p>&nbsp;<\/p>\n<p>&nbsp;<\/p>\n","protected":false},"excerpt":{"rendered":"<p>The event was presented this morning with the assistance of the councillor of sports, Javier M\u00e9rida, the delegate of Nueva Andaluc\u00eda, Crist\u00f3bal &nbsp;Garr\u00e9, the president of the Marbella Red Cross, Juli\u00e1n Garc\u00eda Aguilar and Carlos Garc\u00eda, manager of Centro Plaza shopping centre &nbsp; Marbella, 22nd of January 2018: This year again, for the 3rd time, the Centro Plaza shopping centre is hosting its solidary race. This time the race will take place on the 28th of January and will follow its usual trajectory, starting by the hotel PYR in Puerto Ban\u00fas and ending in the Centro Plaza shopping centre. The event was presented this very morning with the assistance the councillor of sports, Javier M\u00e9rida, the delegate of Nueva Andaluc\u00eda, Crist\u00f3bal&nbsp; Garr\u00e9, the president of the Marbella Red Cross, Juli\u00e1n Garc\u00eda Aguilar and Carlos Garc\u00eda, manager of Centro Plaza shopping centre. &nbsp; During the presentation, both councilmen pointed out the importance of these private initiatives in favour of the promotion of sport and solidarity, encouraging citizens to participate: \u201cThis is a quality event, such as we are used to from Centro Plaza\u201d, added M\u00e9rida, who will not be running this year but will be present to support the event. Garr\u00e9, who will also attend explained \u201c The involvement of citizens is key for the development of the districts\u201d, and used Centro Plazas work in the organization of the Solidary Race, year after year, as an example of this commitment. Carlos Garc\u00eda, manager of Centro Plaza, highlighted that \u201cInscriptions can be made online, at centroplaza.es, through dorsal chip or in person at the Urbemar offices in Centro Plaza shopping centre, until noon of the 26th of January. For those who decide to inscribe last minute, they may do so at the starting point of the race before it begins, between 8:30 AM and 9:30 AM\u201d. Inscription prices are 8 euros for adults and 3 euros for all minor categories. The funds raised will be destined entirely to the Marbella Red Cross. \u201cThis year it will be used to reinforce the `Intemperie\u00b4 programme\u201d, stated Juli\u00e1n Garc\u00eda Aguilar, president of the Marbella Red Cross. \u201cIt\u00b4s an assistance programme for homeless people, which we will soon be able to apply in a more worthy fashion through the opening of our new emergency centre\u201d he concluded. The Centro Plaza race is a great charity event and a must go on the Marbella sports calendar. The event is supported by both public and private institutions including Siesta interior design, Frutas Eladio, LY Company, ALC Global Health Insurance, Caf\u00e9 Yanx, Luna Agust\u00edn Ulibarri lawyers, Gonvel GV &amp; Kamph Lawyers and Tax Advisors, CIT Marbella and the Marbella and San Pedro athletics clubs. The race begins by the Hotel PYR in Puerto Ban\u00fas on Rotary International Street at 10:00 AM. The track is 8 km long and runs through Puerto Ban\u00fas and Nueva Andaluc\u00eda, it is of medium difficulty encompassing upward and downward slopes and flat areas. The finishing line is in the Centro Plaza shopping centre on Manolete Street, 1, Nueva Andaluc\u00eda. Shorter tracks have been selected for the minor categories. For those aged 11 or less the race will begin at 11:30 AM and will be 400 metres long, whereas those aged 13 or less will start 20 minutes later at 11:50 AM, and their track will be 800 metres long. Those aged 17 or less (two groups) start at 12:15 PM and have a track of 1600 metres. The participants can pick up their dorsals in the Urbemar offices, the administrative company of Centro Plaza, office nr. 6, between 10:00 AM and 02:00 PM on the 25th and 26th of January, or on the 28th before the race, between 08:00 AM and 09:30 AM at the starting line by the Hotel PYR in Puerto Ban\u00fas. The main provisioning point will be installed by the finishing line, with an auxiliary point half way to provide water. Sanitary service and ambulances will also be located by the finishing line. All prizes will be handed over from mid-day onward in Centro Plaza. There will be trophies for the winners of the main race in both the male and female categories. Gold, silver and bronze medals will be awarded to the top 3 of each group and each sex. The juvenile, junior, promising and senior categories will additionally receive a technical race shirt and the pre Benjamin, Benjamin, alevin, infantile and cadete categories will get a back pack. &nbsp; &nbsp;<\/p>\n","protected":false},"author":3,"featured_media":5280,"comment_status":"open","ping_status":"open","sticky":false,"template":"","format":"standard","meta":{"_exactmetrics_skip_tracking":false,"_exactmetrics_sitenote_active":false,"_exactmetrics_sitenote_note":"","_exactmetrics_sitenote_category":0,"footnotes":""},"categories":[392],"tags":[448,449,450,451,399,405,452,453],"class_list":["post-5279","post","type-post","status-publish","format-standard","has-post-thumbnail","hentry","category-press-en-en","tag-carrera-solidaria-en","tag-centro-plaza-en","tag-charity-race-en","tag-events-d75-en","tag-marbella-en","tag-marie-noelle-comunicacion-en","tag-red-cross-spain-en","tag-solidarity-race-en"],"yoast_head":"<!-- This site is optimized with the Yoast SEO plugin v23.0 - https:\/\/yoast.com\/wordpress\/plugins\/seo\/ -->\n<title>Centro Plaza will host its 3rd solidary race on the 28th of January (2) | MN Comunicaci\u00f3n<\/title>\n<meta name=\"robots\" content=\"index, follow, max-snippet:-1, max-image-preview:large, max-video-preview:-1\" \/>\n<link rel=\"canonical\" href=\"https:\/\/www.mncomunicacion.com\/en\/press-en-en\/centro-plaza-will-host-its-3rd-solidary-race-on-the-28th-of-january-2\" \/>\n<meta property=\"og:locale\" content=\"en_US\" \/>\n<meta property=\"og:type\" content=\"article\" \/>\n<meta property=\"og:title\" content=\"Centro Plaza will host its 3rd solidary race on the 28th of January (2) | MN Comunicaci\u00f3n\" \/>\n<meta property=\"og:description\" content=\"The event was presented this morning with the assistance of the councillor of sports, Javier M\u00e9rida, the delegate of Nueva Andaluc\u00eda, Crist\u00f3bal &nbsp;Garr\u00e9, the president of the Marbella Red Cross, Juli\u00e1n Garc\u00eda Aguilar and Carlos Garc\u00eda, manager of Centro Plaza shopping centre &nbsp; Marbella, 22nd of January 2018: This year again, for the 3rd time, the Centro Plaza shopping centre is hosting its solidary race. This time the race will take place on the 28th of January and will follow its usual trajectory, starting by the hotel PYR in Puerto Ban\u00fas and ending in the Centro Plaza shopping centre. The event was presented this very morning with the assistance the councillor of sports, Javier M\u00e9rida, the delegate of Nueva Andaluc\u00eda, Crist\u00f3bal&nbsp; Garr\u00e9, the president of the Marbella Red Cross, Juli\u00e1n Garc\u00eda Aguilar and Carlos Garc\u00eda, manager of Centro Plaza shopping centre. &nbsp; During the presentation, both councilmen pointed out the importance of these private initiatives in favour of the promotion of sport and solidarity, encouraging citizens to participate: \u201cThis is a quality event, such as we are used to from Centro Plaza\u201d, added M\u00e9rida, who will not be running this year but will be present to support the event. Garr\u00e9, who will also attend explained \u201c The involvement of citizens is key for the development of the districts\u201d, and used Centro Plazas work in the organization of the Solidary Race, year after year, as an example of this commitment. Carlos Garc\u00eda, manager of Centro Plaza, highlighted that \u201cInscriptions can be made online, at centroplaza.es, through dorsal chip or in person at the Urbemar offices in Centro Plaza shopping centre, until noon of the 26th of January. For those who decide to inscribe last minute, they may do so at the starting point of the race before it begins, between 8:30 AM and 9:30 AM\u201d. Inscription prices are 8 euros for adults and 3 euros for all minor categories. The funds raised will be destined entirely to the Marbella Red Cross. \u201cThis year it will be used to reinforce the `Intemperie\u00b4 programme\u201d, stated Juli\u00e1n Garc\u00eda Aguilar, president of the Marbella Red Cross. \u201cIt\u00b4s an assistance programme for homeless people, which we will soon be able to apply in a more worthy fashion through the opening of our new emergency centre\u201d he concluded. The Centro Plaza race is a great charity event and a must go on the Marbella sports calendar. The event is supported by both public and private institutions including Siesta interior design, Frutas Eladio, LY Company, ALC Global Health Insurance, Caf\u00e9 Yanx, Luna Agust\u00edn Ulibarri lawyers, Gonvel GV &amp; Kamph Lawyers and Tax Advisors, CIT Marbella and the Marbella and San Pedro athletics clubs. The race begins by the Hotel PYR in Puerto Ban\u00fas on Rotary International Street at 10:00 AM. The track is 8 km long and runs through Puerto Ban\u00fas and Nueva Andaluc\u00eda, it is of medium difficulty encompassing upward and downward slopes and flat areas. The finishing line is in the Centro Plaza shopping centre on Manolete Street, 1, Nueva Andaluc\u00eda. Shorter tracks have been selected for the minor categories. For those aged 11 or less the race will begin at 11:30 AM and will be 400 metres long, whereas those aged 13 or less will start 20 minutes later at 11:50 AM, and their track will be 800 metres long. Those aged 17 or less (two groups) start at 12:15 PM and have a track of 1600 metres. The participants can pick up their dorsals in the Urbemar offices, the administrative company of Centro Plaza, office nr. 6, between 10:00 AM and 02:00 PM on the 25th and 26th of January, or on the 28th before the race, between 08:00 AM and 09:30 AM at the starting line by the Hotel PYR in Puerto Ban\u00fas. The main provisioning point will be installed by the finishing line, with an auxiliary point half way to provide water. Sanitary service and ambulances will also be located by the finishing line. All prizes will be handed over from mid-day onward in Centro Plaza. There will be trophies for the winners of the main race in both the male and female categories. Gold, silver and bronze medals will be awarded to the top 3 of each group and each sex. The juvenile, junior, promising and senior categories will additionally receive a technical race shirt and the pre Benjamin, Benjamin, alevin, infantile and cadete categories will get a back pack. &nbsp; &nbsp;\" \/>\n<meta property=\"og:url\" content=\"https:\/\/www.mncomunicacion.com\/en\/press-en-en\/centro-plaza-will-host-its-3rd-solidary-race-on-the-28th-of-january-2\" \/>\n<meta property=\"og:site_name\" content=\"MN Comunicaci\u00f3n\" \/>\n<meta property=\"article:publisher\" content=\"https:\/\/www.facebook.com\/marienoelle.escomunicacion\/\" \/>\n<meta property=\"article:published_time\" content=\"2018-01-29T12:09:57+00:00\" \/>\n<meta property=\"og:image\" content=\"https:\/\/www.mncomunicacion.com\/wp-content\/uploads\/2019\/05\/conferencia_carrera.jpg\" \/>\n\t<meta property=\"og:image:width\" content=\"150\" \/>\n\t<meta property=\"og:image:height\" content=\"150\" \/>\n\t<meta property=\"og:image:type\" content=\"image\/jpeg\" \/>\n<meta name=\"author\" content=\"Marie-No\u00eblle\" \/>\n<meta name=\"twitter:card\" content=\"summary_large_image\" \/>\n<meta name=\"twitter:creator\" content=\"@MNcomunicacion\" \/>\n<meta name=\"twitter:site\" content=\"@MNcomunicacion\" \/>\n<meta name=\"twitter:label1\" content=\"Written by\" \/>\n\t<meta name=\"twitter:data1\" content=\"Marie-No\u00eblle\" \/>\n\t<meta name=\"twitter:label2\" content=\"Est. reading time\" \/>\n\t<meta name=\"twitter:data2\" content=\"4 minutes\" \/>\n<script type=\"application\/ld+json\" class=\"yoast-schema-graph\">{\"@context\":\"https:\/\/schema.org\",\"@graph\":[{\"@type\":\"Article\",\"@id\":\"https:\/\/www.mncomunicacion.com\/en\/press-en-en\/centro-plaza-will-host-its-3rd-solidary-race-on-the-28th-of-january-2#article\",\"isPartOf\":{\"@id\":\"https:\/\/www.mncomunicacion.com\/en\/press-en-en\/centro-plaza-will-host-its-3rd-solidary-race-on-the-28th-of-january-2\"},\"author\":{\"name\":\"Marie-No\u00eblle\",\"@id\":\"https:\/\/www.mncomunicacion.com\/#\/schema\/person\/70225cf35dfcd918c90eb1a00df42de9\"},\"headline\":\"Centro Plaza will host its 3rd solidary race on the 28th of January (2)\",\"datePublished\":\"2018-01-29T12:09:57+00:00\",\"dateModified\":\"2018-01-29T12:09:57+00:00\",\"mainEntityOfPage\":{\"@id\":\"https:\/\/www.mncomunicacion.com\/en\/press-en-en\/centro-plaza-will-host-its-3rd-solidary-race-on-the-28th-of-january-2\"},\"wordCount\":756,\"commentCount\":0,\"publisher\":{\"@id\":\"https:\/\/www.mncomunicacion.com\/#organization\"},\"image\":{\"@id\":\"https:\/\/www.mncomunicacion.com\/en\/press-en-en\/centro-plaza-will-host-its-3rd-solidary-race-on-the-28th-of-january-2#primaryimage\"},\"thumbnailUrl\":\"https:\/\/www.mncomunicacion.com\/wp-content\/uploads\/2019\/05\/conferencia_carrera.jpg\",\"keywords\":[\"carrera solidaria\",\"centro plaza\",\"charity race\",\"events\",\"marbella,\",\"Marie-No\u00eblle Comunicaci\u00f3n\",\"red cross spain\",\"solidarity race\"],\"articleSection\":[\"Press\"],\"inLanguage\":\"en-US\",\"potentialAction\":[{\"@type\":\"CommentAction\",\"name\":\"Comment\",\"target\":[\"https:\/\/www.mncomunicacion.com\/en\/press-en-en\/centro-plaza-will-host-its-3rd-solidary-race-on-the-28th-of-january-2#respond\"]}]},{\"@type\":\"WebPage\",\"@id\":\"https:\/\/www.mncomunicacion.com\/en\/press-en-en\/centro-plaza-will-host-its-3rd-solidary-race-on-the-28th-of-january-2\",\"url\":\"https:\/\/www.mncomunicacion.com\/en\/press-en-en\/centro-plaza-will-host-its-3rd-solidary-race-on-the-28th-of-january-2\",\"name\":\"Centro Plaza will host its 3rd solidary race on the 28th of January (2) | MN Comunicaci\u00f3n\",\"isPartOf\":{\"@id\":\"https:\/\/www.mncomunicacion.com\/#website\"},\"primaryImageOfPage\":{\"@id\":\"https:\/\/www.mncomunicacion.com\/en\/press-en-en\/centro-plaza-will-host-its-3rd-solidary-race-on-the-28th-of-january-2#primaryimage\"},\"image\":{\"@id\":\"https:\/\/www.mncomunicacion.com\/en\/press-en-en\/centro-plaza-will-host-its-3rd-solidary-race-on-the-28th-of-january-2#primaryimage\"},\"thumbnailUrl\":\"https:\/\/www.mncomunicacion.com\/wp-content\/uploads\/2019\/05\/conferencia_carrera.jpg\",\"datePublished\":\"2018-01-29T12:09:57+00:00\",\"dateModified\":\"2018-01-29T12:09:57+00:00\",\"breadcrumb\":{\"@id\":\"https:\/\/www.mncomunicacion.com\/en\/press-en-en\/centro-plaza-will-host-its-3rd-solidary-race-on-the-28th-of-january-2#breadcrumb\"},\"inLanguage\":\"en-US\",\"potentialAction\":[{\"@type\":\"ReadAction\",\"target\":[\"https:\/\/www.mncomunicacion.com\/en\/press-en-en\/centro-plaza-will-host-its-3rd-solidary-race-on-the-28th-of-january-2\"]}]},{\"@type\":\"ImageObject\",\"inLanguage\":\"en-US\",\"@id\":\"https:\/\/www.mncomunicacion.com\/en\/press-en-en\/centro-plaza-will-host-its-3rd-solidary-race-on-the-28th-of-january-2#primaryimage\",\"url\":\"https:\/\/www.mncomunicacion.com\/wp-content\/uploads\/2019\/05\/conferencia_carrera.jpg\",\"contentUrl\":\"https:\/\/www.mncomunicacion.com\/wp-content\/uploads\/2019\/05\/conferencia_carrera.jpg\",\"width\":150,\"height\":150},{\"@type\":\"BreadcrumbList\",\"@id\":\"https:\/\/www.mncomunicacion.com\/en\/press-en-en\/centro-plaza-will-host-its-3rd-solidary-race-on-the-28th-of-january-2#breadcrumb\",\"itemListElement\":[{\"@type\":\"ListItem\",\"position\":1,\"name\":\"Portada\",\"item\":\"https:\/\/www.mncomunicacion.com\/en\"},{\"@type\":\"ListItem\",\"position\":2,\"name\":\"Centro Plaza will host its 3rd solidary race on the 28th of January (2)\"}]},{\"@type\":\"WebSite\",\"@id\":\"https:\/\/www.mncomunicacion.com\/#website\",\"url\":\"https:\/\/www.mncomunicacion.com\/\",\"name\":\"MN Comunicaci\u00f3n\",\"description\":\"Agencia de Comunicaci\u00f3n y Organizaci\u00f3n de Eventos en Marbella\",\"publisher\":{\"@id\":\"https:\/\/www.mncomunicacion.com\/#organization\"},\"potentialAction\":[{\"@type\":\"SearchAction\",\"target\":{\"@type\":\"EntryPoint\",\"urlTemplate\":\"https:\/\/www.mncomunicacion.com\/?s={search_term_string}\"},\"query-input\":\"required name=search_term_string\"}],\"inLanguage\":\"en-US\"},{\"@type\":\"Organization\",\"@id\":\"https:\/\/www.mncomunicacion.com\/#organization\",\"name\":\"MN COMUNICACI\u00d3N\",\"url\":\"https:\/\/www.mncomunicacion.com\/\",\"logo\":{\"@type\":\"ImageObject\",\"inLanguage\":\"en-US\",\"@id\":\"https:\/\/www.mncomunicacion.com\/#\/schema\/logo\/image\/\",\"url\":\"https:\/\/www.mncomunicacion.com\/wp-content\/uploads\/2019\/05\/logo.png\",\"contentUrl\":\"https:\/\/www.mncomunicacion.com\/wp-content\/uploads\/2019\/05\/logo.png\",\"width\":150,\"height\":150,\"caption\":\"MN COMUNICACI\u00d3N\"},\"image\":{\"@id\":\"https:\/\/www.mncomunicacion.com\/#\/schema\/logo\/image\/\"},\"sameAs\":[\"https:\/\/www.facebook.com\/marienoelle.escomunicacion\/\",\"https:\/\/x.com\/MNcomunicacion\",\"https:\/\/www.linkedin.com\/company\/marie-no-lle-es-comunicaci-n\/\",\"https:\/\/www.youtube.com\/channel\/UCnHVdXKiLf30LsIfV8k0xIQ\"]},{\"@type\":\"Person\",\"@id\":\"https:\/\/www.mncomunicacion.com\/#\/schema\/person\/70225cf35dfcd918c90eb1a00df42de9\",\"name\":\"Marie-No\u00eblle\"}]}<\/script>\n<!-- \/ Yoast SEO plugin. -->","yoast_head_json":{"title":"Centro Plaza will host its 3rd solidary race on the 28th of January (2) | MN Comunicaci\u00f3n","robots":{"index":"index","follow":"follow","max-snippet":"max-snippet:-1","max-image-preview":"max-image-preview:large","max-video-preview":"max-video-preview:-1"},"canonical":"https:\/\/www.mncomunicacion.com\/en\/press-en-en\/centro-plaza-will-host-its-3rd-solidary-race-on-the-28th-of-january-2","og_locale":"en_US","og_type":"article","og_title":"Centro Plaza will host its 3rd solidary race on the 28th of January (2) | MN Comunicaci\u00f3n","og_description":"The event was presented this morning with the assistance of the councillor of sports, Javier M\u00e9rida, the delegate of Nueva Andaluc\u00eda, Crist\u00f3bal &nbsp;Garr\u00e9, the president of the Marbella Red Cross, Juli\u00e1n Garc\u00eda Aguilar and Carlos Garc\u00eda, manager of Centro Plaza shopping centre &nbsp; Marbella, 22nd of January 2018: This year again, for the 3rd time, the Centro Plaza shopping centre is hosting its solidary race. This time the race will take place on the 28th of January and will follow its usual trajectory, starting by the hotel PYR in Puerto Ban\u00fas and ending in the Centro Plaza shopping centre. The event was presented this very morning with the assistance the councillor of sports, Javier M\u00e9rida, the delegate of Nueva Andaluc\u00eda, Crist\u00f3bal&nbsp; Garr\u00e9, the president of the Marbella Red Cross, Juli\u00e1n Garc\u00eda Aguilar and Carlos Garc\u00eda, manager of Centro Plaza shopping centre. &nbsp; During the presentation, both councilmen pointed out the importance of these private initiatives in favour of the promotion of sport and solidarity, encouraging citizens to participate: \u201cThis is a quality event, such as we are used to from Centro Plaza\u201d, added M\u00e9rida, who will not be running this year but will be present to support the event. Garr\u00e9, who will also attend explained \u201c The involvement of citizens is key for the development of the districts\u201d, and used Centro Plazas work in the organization of the Solidary Race, year after year, as an example of this commitment. Carlos Garc\u00eda, manager of Centro Plaza, highlighted that \u201cInscriptions can be made online, at centroplaza.es, through dorsal chip or in person at the Urbemar offices in Centro Plaza shopping centre, until noon of the 26th of January. For those who decide to inscribe last minute, they may do so at the starting point of the race before it begins, between 8:30 AM and 9:30 AM\u201d. Inscription prices are 8 euros for adults and 3 euros for all minor categories. The funds raised will be destined entirely to the Marbella Red Cross. \u201cThis year it will be used to reinforce the `Intemperie\u00b4 programme\u201d, stated Juli\u00e1n Garc\u00eda Aguilar, president of the Marbella Red Cross. \u201cIt\u00b4s an assistance programme for homeless people, which we will soon be able to apply in a more worthy fashion through the opening of our new emergency centre\u201d he concluded. The Centro Plaza race is a great charity event and a must go on the Marbella sports calendar. The event is supported by both public and private institutions including Siesta interior design, Frutas Eladio, LY Company, ALC Global Health Insurance, Caf\u00e9 Yanx, Luna Agust\u00edn Ulibarri lawyers, Gonvel GV &amp; Kamph Lawyers and Tax Advisors, CIT Marbella and the Marbella and San Pedro athletics clubs. The race begins by the Hotel PYR in Puerto Ban\u00fas on Rotary International Street at 10:00 AM. The track is 8 km long and runs through Puerto Ban\u00fas and Nueva Andaluc\u00eda, it is of medium difficulty encompassing upward and downward slopes and flat areas. The finishing line is in the Centro Plaza shopping centre on Manolete Street, 1, Nueva Andaluc\u00eda. Shorter tracks have been selected for the minor categories. For those aged 11 or less the race will begin at 11:30 AM and will be 400 metres long, whereas those aged 13 or less will start 20 minutes later at 11:50 AM, and their track will be 800 metres long. Those aged 17 or less (two groups) start at 12:15 PM and have a track of 1600 metres. The participants can pick up their dorsals in the Urbemar offices, the administrative company of Centro Plaza, office nr. 6, between 10:00 AM and 02:00 PM on the 25th and 26th of January, or on the 28th before the race, between 08:00 AM and 09:30 AM at the starting line by the Hotel PYR in Puerto Ban\u00fas. The main provisioning point will be installed by the finishing line, with an auxiliary point half way to provide water. Sanitary service and ambulances will also be located by the finishing line. All prizes will be handed over from mid-day onward in Centro Plaza. There will be trophies for the winners of the main race in both the male and female categories. Gold, silver and bronze medals will be awarded to the top 3 of each group and each sex. The juvenile, junior, promising and senior categories will additionally receive a technical race shirt and the pre Benjamin, Benjamin, alevin, infantile and cadete categories will get a back pack. &nbsp; &nbsp;","og_url":"https:\/\/www.mncomunicacion.com\/en\/press-en-en\/centro-plaza-will-host-its-3rd-solidary-race-on-the-28th-of-january-2","og_site_name":"MN Comunicaci\u00f3n","article_publisher":"https:\/\/www.facebook.com\/marienoelle.escomunicacion\/","article_published_time":"2018-01-29T12:09:57+00:00","og_image":[{"width":150,"height":150,"url":"https:\/\/www.mncomunicacion.com\/wp-content\/uploads\/2019\/05\/conferencia_carrera.jpg","type":"image\/jpeg"}],"author":"Marie-No\u00eblle","twitter_card":"summary_large_image","twitter_creator":"@MNcomunicacion","twitter_site":"@MNcomunicacion","twitter_misc":{"Written by":"Marie-No\u00eblle","Est. reading time":"4 minutes"},"schema":{"@context":"https:\/\/schema.org","@graph":[{"@type":"Article","@id":"https:\/\/www.mncomunicacion.com\/en\/press-en-en\/centro-plaza-will-host-its-3rd-solidary-race-on-the-28th-of-january-2#article","isPartOf":{"@id":"https:\/\/www.mncomunicacion.com\/en\/press-en-en\/centro-plaza-will-host-its-3rd-solidary-race-on-the-28th-of-january-2"},"author":{"name":"Marie-No\u00eblle","@id":"https:\/\/www.mncomunicacion.com\/#\/schema\/person\/70225cf35dfcd918c90eb1a00df42de9"},"headline":"Centro Plaza will host its 3rd solidary race on the 28th of January (2)","datePublished":"2018-01-29T12:09:57+00:00","dateModified":"2018-01-29T12:09:57+00:00","mainEntityOfPage":{"@id":"https:\/\/www.mncomunicacion.com\/en\/press-en-en\/centro-plaza-will-host-its-3rd-solidary-race-on-the-28th-of-january-2"},"wordCount":756,"commentCount":0,"publisher":{"@id":"https:\/\/www.mncomunicacion.com\/#organization"},"image":{"@id":"https:\/\/www.mncomunicacion.com\/en\/press-en-en\/centro-plaza-will-host-its-3rd-solidary-race-on-the-28th-of-january-2#primaryimage"},"thumbnailUrl":"https:\/\/www.mncomunicacion.com\/wp-content\/uploads\/2019\/05\/conferencia_carrera.jpg","keywords":["carrera solidaria","centro plaza","charity race","events","marbella,","Marie-No\u00eblle Comunicaci\u00f3n","red cross spain","solidarity race"],"articleSection":["Press"],"inLanguage":"en-US","potentialAction":[{"@type":"CommentAction","name":"Comment","target":["https:\/\/www.mncomunicacion.com\/en\/press-en-en\/centro-plaza-will-host-its-3rd-solidary-race-on-the-28th-of-january-2#respond"]}]},{"@type":"WebPage","@id":"https:\/\/www.mncomunicacion.com\/en\/press-en-en\/centro-plaza-will-host-its-3rd-solidary-race-on-the-28th-of-january-2","url":"https:\/\/www.mncomunicacion.com\/en\/press-en-en\/centro-plaza-will-host-its-3rd-solidary-race-on-the-28th-of-january-2","name":"Centro Plaza will host its 3rd solidary race on the 28th of January (2) | MN Comunicaci\u00f3n","isPartOf":{"@id":"https:\/\/www.mncomunicacion.com\/#website"},"primaryImageOfPage":{"@id":"https:\/\/www.mncomunicacion.com\/en\/press-en-en\/centro-plaza-will-host-its-3rd-solidary-race-on-the-28th-of-january-2#primaryimage"},"image":{"@id":"https:\/\/www.mncomunicacion.com\/en\/press-en-en\/centro-plaza-will-host-its-3rd-solidary-race-on-the-28th-of-january-2#primaryimage"},"thumbnailUrl":"https:\/\/www.mncomunicacion.com\/wp-content\/uploads\/2019\/05\/conferencia_carrera.jpg","datePublished":"2018-01-29T12:09:57+00:00","dateModified":"2018-01-29T12:09:57+00:00","breadcrumb":{"@id":"https:\/\/www.mncomunicacion.com\/en\/press-en-en\/centro-plaza-will-host-its-3rd-solidary-race-on-the-28th-of-january-2#breadcrumb"},"inLanguage":"en-US","potentialAction":[{"@type":"ReadAction","target":["https:\/\/www.mncomunicacion.com\/en\/press-en-en\/centro-plaza-will-host-its-3rd-solidary-race-on-the-28th-of-january-2"]}]},{"@type":"ImageObject","inLanguage":"en-US","@id":"https:\/\/www.mncomunicacion.com\/en\/press-en-en\/centro-plaza-will-host-its-3rd-solidary-race-on-the-28th-of-january-2#primaryimage","url":"https:\/\/www.mncomunicacion.com\/wp-content\/uploads\/2019\/05\/conferencia_carrera.jpg","contentUrl":"https:\/\/www.mncomunicacion.com\/wp-content\/uploads\/2019\/05\/conferencia_carrera.jpg","width":150,"height":150},{"@type":"BreadcrumbList","@id":"https:\/\/www.mncomunicacion.com\/en\/press-en-en\/centro-plaza-will-host-its-3rd-solidary-race-on-the-28th-of-january-2#breadcrumb","itemListElement":[{"@type":"ListItem","position":1,"name":"Portada","item":"https:\/\/www.mncomunicacion.com\/en"},{"@type":"ListItem","position":2,"name":"Centro Plaza will host its 3rd solidary race on the 28th of January (2)"}]},{"@type":"WebSite","@id":"https:\/\/www.mncomunicacion.com\/#website","url":"https:\/\/www.mncomunicacion.com\/","name":"MN Comunicaci\u00f3n","description":"Agencia de Comunicaci\u00f3n y Organizaci\u00f3n de Eventos en Marbella","publisher":{"@id":"https:\/\/www.mncomunicacion.com\/#organization"},"potentialAction":[{"@type":"SearchAction","target":{"@type":"EntryPoint","urlTemplate":"https:\/\/www.mncomunicacion.com\/?s={search_term_string}"},"query-input":"required name=search_term_string"}],"inLanguage":"en-US"},{"@type":"Organization","@id":"https:\/\/www.mncomunicacion.com\/#organization","name":"MN COMUNICACI\u00d3N","url":"https:\/\/www.mncomunicacion.com\/","logo":{"@type":"ImageObject","inLanguage":"en-US","@id":"https:\/\/www.mncomunicacion.com\/#\/schema\/logo\/image\/","url":"https:\/\/www.mncomunicacion.com\/wp-content\/uploads\/2019\/05\/logo.png","contentUrl":"https:\/\/www.mncomunicacion.com\/wp-content\/uploads\/2019\/05\/logo.png","width":150,"height":150,"caption":"MN COMUNICACI\u00d3N"},"image":{"@id":"https:\/\/www.mncomunicacion.com\/#\/schema\/logo\/image\/"},"sameAs":["https:\/\/www.facebook.com\/marienoelle.escomunicacion\/","https:\/\/x.com\/MNcomunicacion","https:\/\/www.linkedin.com\/company\/marie-no-lle-es-comunicaci-n\/","https:\/\/www.youtube.com\/channel\/UCnHVdXKiLf30LsIfV8k0xIQ"]},{"@type":"Person","@id":"https:\/\/www.mncomunicacion.com\/#\/schema\/person\/70225cf35dfcd918c90eb1a00df42de9","name":"Marie-No\u00eblle"}]}},"_links":{"self":[{"href":"https:\/\/www.mncomunicacion.com\/en\/wp-json\/wp\/v2\/posts\/5279"}],"collection":[{"href":"https:\/\/www.mncomunicacion.com\/en\/wp-json\/wp\/v2\/posts"}],"about":[{"href":"https:\/\/www.mncomunicacion.com\/en\/wp-json\/wp\/v2\/types\/post"}],"author":[{"embeddable":true,"href":"https:\/\/www.mncomunicacion.com\/en\/wp-json\/wp\/v2\/users\/3"}],"replies":[{"embeddable":true,"href":"https:\/\/www.mncomunicacion.com\/en\/wp-json\/wp\/v2\/comments?post=5279"}],"version-history":[{"count":0,"href":"https:\/\/www.mncomunicacion.com\/en\/wp-json\/wp\/v2\/posts\/5279\/revisions"}],"wp:featuredmedia":[{"embeddable":true,"href":"https:\/\/www.mncomunicacion.com\/en\/wp-json\/wp\/v2\/media\/5280"}],"wp:attachment":[{"href":"https:\/\/www.mncomunicacion.com\/en\/wp-json\/wp\/v2\/media?parent=5279"}],"wp:term":[{"taxonomy":"category","embeddable":true,"href":"https:\/\/www.mncomunicacion.com\/en\/wp-json\/wp\/v2\/categories?post=5279"},{"taxonomy":"post_tag","embeddable":true,"href":"https:\/\/www.mncomunicacion.com\/en\/wp-json\/wp\/v2\/tags?post=5279"}],"curies":[{"name":"wp","href":"https:\/\/api.w.org\/{rel}","templated":true}]}}