{"id":5274,"date":"2018-03-26T08:51:20","date_gmt":"2018-03-26T08:51:20","guid":{"rendered":"https:\/\/www.mncomunicacion.com\/benalus-relanza-el-proyecto-estrella-de-la-milla-de-oro-dirigido-al-cliente-premium-2"},"modified":"2018-03-26T08:51:20","modified_gmt":"2018-03-26T08:51:20","slug":"benalus-relanza-el-proyecto-estrella-de-la-milla-de-oro-dirigido-al-cliente-premium-2","status":"publish","type":"post","link":"https:\/\/www.mncomunicacion.com\/en\/press-en-en\/benalus-relanza-el-proyecto-estrella-de-la-milla-de-oro-dirigido-al-cliente-premium-2","title":{"rendered":"Benal\u00fas relaunches its star Project on the Golden mile aimed at Premium clients"},"content":{"rendered":"<p><span style=\"font-family: arial, helvetica, sans-serif; font-size: 12pt;\"><strong>It\u00b4s a boutique promotion of 27 apartments with all the comfort of a resort on the most sought for kilometre of the Costa del Sol<\/strong><\/span><\/p>\n<p><span style=\"font-family: arial, helvetica, sans-serif; font-size: 12pt;\"><strong>Marbella, 19th of february 2018.<\/strong> &#8211; Benal\u00fas, a unique new housing construction on the golden mile, relaunches its project with fresh air and new adaptions to the needs of premium clients. The announcement made by the Marbella town hall at the end of 2017, regarding the unblocking of stalled licences, has put Marbella back into the focus of national and international investors and has revitalized the property market.<\/span><\/p>\n<p><span style=\"font-family: arial, helvetica, sans-serif; font-size: 12pt;\">When walking or driving past the most sought for kilometre on the Costa del Sol, which links Marbella and Puerto Ban\u00fas, only one property promotion can be seen standing on this golden mile. It\u00b4s Benal\u00fas, a 27 luxury apartment project, divided into 3 buildings standing on 9000 square metres of ground, over half of which will be gardens, private and communitarian open spaces.<\/span><\/p>\n<p> <\/p>\n<p>&nbsp;<\/p>\n<p><span style=\"font-family: arial, helvetica, sans-serif; font-size: 12pt;\">Benal\u00fas is re-activating after the slowdown. The Project had suffered due to the legal instability there had been in the urbanist sector since the supreme tribunal nullified the PGOU in 2015. Now that the airs have cleared around the urban ordination issue, the construction work will begin this June. The director of the project, Sergio Fern\u00e1ndez explains; \u201cWe are bringing a product of the highest quality to the market, made to satisfy even the most demanding of buyers and adapted to the latest trends and technologies. All preparations have been made to commence with the construction work in June 2018, the project is scheduled to be completed by the spring of 2020\u201d. The statistics show that in the last years second hand housing has dominated the market, however, they also show a progressive reversal of this trend back toward new constructions scheduled for completion between 2019 and 2020.<\/span><\/p>\n<p><span style=\"font-family: arial, helvetica, sans-serif; font-size: 12pt;\">The international political and economic changes that have taken place have changed the profile of buyers, with the numbers of English and Russian buyers giving way to more Spanish, central European and Nordic buyers. The numbers of Arab buyers have remained stable. \u201cHowever, given the exceptional location of Benal\u00fas, interest has been shown from all over the world\u201d, Fern\u00e1ndez adds. It\u00b4s a profile of people looking for modern, luxurious constructions with large open air spaces and exclusive communitarian services, a high level of security, privacy and a strategic and privileged location.<\/span><\/p>\n<p><span style=\"font-family: arial, helvetica, sans-serif; font-size: 12pt;\">During the last years, Benal\u00fas has been able to detect and adapt to the new needs of Premium clients, who require the comfort of a resort within their homes. Thanks to this, Benal\u00fas holds apartments from 170 to 785 square metres and with a price range of between 1,000,000 and 3,000,000 euros in offer, on one of the few free plots in the area. It\u00b4s close to the beaches of<\/span><\/p>\n<p><span style=\"font-family: arial, helvetica, sans-serif; font-size: 12pt;\">the Mediterranean Sea and has a prime view of the emblematic La Concha Mountain. The urbanization is a closed one with 24 hour security, spa, private and public swimming pools, community solarium, gym and a chill out. All surrounded by 7.000 square metres of green zones belonging to a protected `Ca\u00f1ada Real\u00b4.<\/span><\/p>\n<p><span style=\"font-family: arial, helvetica, sans-serif; font-size: 12pt;\">The promotion of Benal\u00fas (<a href=\"http:\/\/www.benalus.com\/\">www.benalus.com<\/a>) has been done by a prestigious and well consolidated business group from the Basque Country. In the last years they have administrated the promotion of over a thousand properties in different projects. The construction firm owns the plot itself and is the exclusive marketer of the promotion. Confidence is high in the commitment to quality and the bank\u00b4s endorsement of down payments. \u201cOur objective is to offer the best possible product to the most demanding client, adding value to the Marbella trademark, which has always stood out because of its exclusiveness and high standard of quality\u201d the project manager concludes.<\/span><\/p>\n","protected":false},"excerpt":{"rendered":"<p>It\u00b4s a boutique promotion of 27 apartments with all the comfort of a resort on the most sought for kilometre of the Costa del Sol Marbella, 19th of february 2018. &#8211; Benal\u00fas, a unique new housing construction on the golden mile, relaunches its project with fresh air and new adaptions to the needs of premium clients. The announcement made by the Marbella town hall at the end of 2017, regarding the unblocking of stalled licences, has put Marbella back into the focus of national and international investors and has revitalized the property market. When walking or driving past the most sought for kilometre on the Costa del Sol, which links Marbella and Puerto Ban\u00fas, only one property promotion can be seen standing on this golden mile. It\u00b4s Benal\u00fas, a 27 luxury apartment project, divided into 3 buildings standing on 9000 square metres of ground, over half of which will be gardens, private and communitarian open spaces. &nbsp; Benal\u00fas is re-activating after the slowdown. The Project had suffered due to the legal instability there had been in the urbanist sector since the supreme tribunal nullified the PGOU in 2015. Now that the airs have cleared around the urban ordination issue, the construction work will begin this June. The director of the project, Sergio Fern\u00e1ndez explains; \u201cWe are bringing a product of the highest quality to the market, made to satisfy even the most demanding of buyers and adapted to the latest trends and technologies. All preparations have been made to commence with the construction work in June 2018, the project is scheduled to be completed by the spring of 2020\u201d. The statistics show that in the last years second hand housing has dominated the market, however, they also show a progressive reversal of this trend back toward new constructions scheduled for completion between 2019 and 2020. The international political and economic changes that have taken place have changed the profile of buyers, with the numbers of English and Russian buyers giving way to more Spanish, central European and Nordic buyers. The numbers of Arab buyers have remained stable. \u201cHowever, given the exceptional location of Benal\u00fas, interest has been shown from all over the world\u201d, Fern\u00e1ndez adds. It\u00b4s a profile of people looking for modern, luxurious constructions with large open air spaces and exclusive communitarian services, a high level of security, privacy and a strategic and privileged location. During the last years, Benal\u00fas has been able to detect and adapt to the new needs of Premium clients, who require the comfort of a resort within their homes. Thanks to this, Benal\u00fas holds apartments from 170 to 785 square metres and with a price range of between 1,000,000 and 3,000,000 euros in offer, on one of the few free plots in the area. It\u00b4s close to the beaches of the Mediterranean Sea and has a prime view of the emblematic La Concha Mountain. The urbanization is a closed one with 24 hour security, spa, private and public swimming pools, community solarium, gym and a chill out. All surrounded by 7.000 square metres of green zones belonging to a protected `Ca\u00f1ada Real\u00b4. The promotion of Benal\u00fas (www.benalus.com) has been done by a prestigious and well consolidated business group from the Basque Country. In the last years they have administrated the promotion of over a thousand properties in different projects. The construction firm owns the plot itself and is the exclusive marketer of the promotion. Confidence is high in the commitment to quality and the bank\u00b4s endorsement of down payments. \u201cOur objective is to offer the best possible product to the most demanding client, adding value to the Marbella trademark, which has always stood out because of its exclusiveness and high standard of quality\u201d the project manager concludes.<\/p>\n","protected":false},"author":3,"featured_media":5275,"comment_status":"open","ping_status":"open","sticky":false,"template":"","format":"standard","meta":{"_exactmetrics_skip_tracking":false,"_exactmetrics_sitenote_active":false,"_exactmetrics_sitenote_note":"","_exactmetrics_sitenote_category":0,"footnotes":""},"categories":[392],"tags":[443,395,397,399],"class_list":["post-5274","post","type-post","status-publish","format-standard","has-post-thumbnail","hentry","category-press-en-en","tag-benalus-en","tag-golden-mile-en","tag-luxury-property-en","tag-marbella-en"],"yoast_head":"<!-- This site is optimized with the Yoast SEO plugin v23.0 - https:\/\/yoast.com\/wordpress\/plugins\/seo\/ -->\n<title>Benal\u00fas relaunches its star Project on the Golden mile aimed at Premium clients | MN Comunicaci\u00f3n<\/title>\n<meta name=\"robots\" content=\"index, follow, max-snippet:-1, max-image-preview:large, max-video-preview:-1\" \/>\n<link rel=\"canonical\" href=\"https:\/\/www.mncomunicacion.com\/en\/press-en-en\/benalus-relanza-el-proyecto-estrella-de-la-milla-de-oro-dirigido-al-cliente-premium-2\" \/>\n<meta property=\"og:locale\" content=\"en_US\" \/>\n<meta property=\"og:type\" content=\"article\" \/>\n<meta property=\"og:title\" content=\"Benal\u00fas relaunches its star Project on the Golden mile aimed at Premium clients | MN Comunicaci\u00f3n\" \/>\n<meta property=\"og:description\" content=\"It\u00b4s a boutique promotion of 27 apartments with all the comfort of a resort on the most sought for kilometre of the Costa del Sol Marbella, 19th of february 2018. &#8211; Benal\u00fas, a unique new housing construction on the golden mile, relaunches its project with fresh air and new adaptions to the needs of premium clients. The announcement made by the Marbella town hall at the end of 2017, regarding the unblocking of stalled licences, has put Marbella back into the focus of national and international investors and has revitalized the property market. When walking or driving past the most sought for kilometre on the Costa del Sol, which links Marbella and Puerto Ban\u00fas, only one property promotion can be seen standing on this golden mile. It\u00b4s Benal\u00fas, a 27 luxury apartment project, divided into 3 buildings standing on 9000 square metres of ground, over half of which will be gardens, private and communitarian open spaces. &nbsp; Benal\u00fas is re-activating after the slowdown. The Project had suffered due to the legal instability there had been in the urbanist sector since the supreme tribunal nullified the PGOU in 2015. Now that the airs have cleared around the urban ordination issue, the construction work will begin this June. The director of the project, Sergio Fern\u00e1ndez explains; \u201cWe are bringing a product of the highest quality to the market, made to satisfy even the most demanding of buyers and adapted to the latest trends and technologies. All preparations have been made to commence with the construction work in June 2018, the project is scheduled to be completed by the spring of 2020\u201d. The statistics show that in the last years second hand housing has dominated the market, however, they also show a progressive reversal of this trend back toward new constructions scheduled for completion between 2019 and 2020. The international political and economic changes that have taken place have changed the profile of buyers, with the numbers of English and Russian buyers giving way to more Spanish, central European and Nordic buyers. The numbers of Arab buyers have remained stable. \u201cHowever, given the exceptional location of Benal\u00fas, interest has been shown from all over the world\u201d, Fern\u00e1ndez adds. It\u00b4s a profile of people looking for modern, luxurious constructions with large open air spaces and exclusive communitarian services, a high level of security, privacy and a strategic and privileged location. During the last years, Benal\u00fas has been able to detect and adapt to the new needs of Premium clients, who require the comfort of a resort within their homes. Thanks to this, Benal\u00fas holds apartments from 170 to 785 square metres and with a price range of between 1,000,000 and 3,000,000 euros in offer, on one of the few free plots in the area. It\u00b4s close to the beaches of the Mediterranean Sea and has a prime view of the emblematic La Concha Mountain. The urbanization is a closed one with 24 hour security, spa, private and public swimming pools, community solarium, gym and a chill out. All surrounded by 7.000 square metres of green zones belonging to a protected `Ca\u00f1ada Real\u00b4. The promotion of Benal\u00fas (www.benalus.com) has been done by a prestigious and well consolidated business group from the Basque Country. In the last years they have administrated the promotion of over a thousand properties in different projects. The construction firm owns the plot itself and is the exclusive marketer of the promotion. Confidence is high in the commitment to quality and the bank\u00b4s endorsement of down payments. \u201cOur objective is to offer the best possible product to the most demanding client, adding value to the Marbella trademark, which has always stood out because of its exclusiveness and high standard of quality\u201d the project manager concludes.\" \/>\n<meta property=\"og:url\" content=\"https:\/\/www.mncomunicacion.com\/en\/press-en-en\/benalus-relanza-el-proyecto-estrella-de-la-milla-de-oro-dirigido-al-cliente-premium-2\" \/>\n<meta property=\"og:site_name\" content=\"MN Comunicaci\u00f3n\" \/>\n<meta property=\"article:publisher\" content=\"https:\/\/www.facebook.com\/marienoelle.escomunicacion\/\" \/>\n<meta property=\"article:published_time\" content=\"2018-03-26T08:51:20+00:00\" \/>\n<meta property=\"og:image\" content=\"https:\/\/www.mncomunicacion.com\/wp-content\/uploads\/2019\/05\/foto_conferencia.jpg\" \/>\n\t<meta property=\"og:image:width\" content=\"150\" \/>\n\t<meta property=\"og:image:height\" content=\"150\" \/>\n\t<meta property=\"og:image:type\" content=\"image\/jpeg\" \/>\n<meta name=\"author\" content=\"Marie-No\u00eblle\" \/>\n<meta name=\"twitter:card\" content=\"summary_large_image\" \/>\n<meta name=\"twitter:creator\" content=\"@MNcomunicacion\" \/>\n<meta name=\"twitter:site\" content=\"@MNcomunicacion\" \/>\n<meta name=\"twitter:label1\" content=\"Written by\" \/>\n\t<meta name=\"twitter:data1\" content=\"Marie-No\u00eblle\" \/>\n\t<meta name=\"twitter:label2\" content=\"Est. reading time\" \/>\n\t<meta name=\"twitter:data2\" content=\"3 minutes\" \/>\n<script type=\"application\/ld+json\" class=\"yoast-schema-graph\">{\"@context\":\"https:\/\/schema.org\",\"@graph\":[{\"@type\":\"Article\",\"@id\":\"https:\/\/www.mncomunicacion.com\/en\/press-en-en\/benalus-relanza-el-proyecto-estrella-de-la-milla-de-oro-dirigido-al-cliente-premium-2#article\",\"isPartOf\":{\"@id\":\"https:\/\/www.mncomunicacion.com\/en\/press-en-en\/benalus-relanza-el-proyecto-estrella-de-la-milla-de-oro-dirigido-al-cliente-premium-2\"},\"author\":{\"name\":\"Marie-No\u00eblle\",\"@id\":\"https:\/\/www.mncomunicacion.com\/#\/schema\/person\/70225cf35dfcd918c90eb1a00df42de9\"},\"headline\":\"Benal\u00fas relaunches its star Project on the Golden mile aimed at Premium clients\",\"datePublished\":\"2018-03-26T08:51:20+00:00\",\"dateModified\":\"2018-03-26T08:51:20+00:00\",\"mainEntityOfPage\":{\"@id\":\"https:\/\/www.mncomunicacion.com\/en\/press-en-en\/benalus-relanza-el-proyecto-estrella-de-la-milla-de-oro-dirigido-al-cliente-premium-2\"},\"wordCount\":638,\"commentCount\":0,\"publisher\":{\"@id\":\"https:\/\/www.mncomunicacion.com\/#organization\"},\"image\":{\"@id\":\"https:\/\/www.mncomunicacion.com\/en\/press-en-en\/benalus-relanza-el-proyecto-estrella-de-la-milla-de-oro-dirigido-al-cliente-premium-2#primaryimage\"},\"thumbnailUrl\":\"https:\/\/www.mncomunicacion.com\/wp-content\/uploads\/2019\/05\/foto_conferencia.jpg\",\"keywords\":[\"benal\u00fas\",\"golden mile\",\"luxury property\",\"marbella,\"],\"articleSection\":[\"Press\"],\"inLanguage\":\"en-US\",\"potentialAction\":[{\"@type\":\"CommentAction\",\"name\":\"Comment\",\"target\":[\"https:\/\/www.mncomunicacion.com\/en\/press-en-en\/benalus-relanza-el-proyecto-estrella-de-la-milla-de-oro-dirigido-al-cliente-premium-2#respond\"]}]},{\"@type\":\"WebPage\",\"@id\":\"https:\/\/www.mncomunicacion.com\/en\/press-en-en\/benalus-relanza-el-proyecto-estrella-de-la-milla-de-oro-dirigido-al-cliente-premium-2\",\"url\":\"https:\/\/www.mncomunicacion.com\/en\/press-en-en\/benalus-relanza-el-proyecto-estrella-de-la-milla-de-oro-dirigido-al-cliente-premium-2\",\"name\":\"Benal\u00fas relaunches its star Project on the Golden mile aimed at Premium clients | MN Comunicaci\u00f3n\",\"isPartOf\":{\"@id\":\"https:\/\/www.mncomunicacion.com\/#website\"},\"primaryImageOfPage\":{\"@id\":\"https:\/\/www.mncomunicacion.com\/en\/press-en-en\/benalus-relanza-el-proyecto-estrella-de-la-milla-de-oro-dirigido-al-cliente-premium-2#primaryimage\"},\"image\":{\"@id\":\"https:\/\/www.mncomunicacion.com\/en\/press-en-en\/benalus-relanza-el-proyecto-estrella-de-la-milla-de-oro-dirigido-al-cliente-premium-2#primaryimage\"},\"thumbnailUrl\":\"https:\/\/www.mncomunicacion.com\/wp-content\/uploads\/2019\/05\/foto_conferencia.jpg\",\"datePublished\":\"2018-03-26T08:51:20+00:00\",\"dateModified\":\"2018-03-26T08:51:20+00:00\",\"breadcrumb\":{\"@id\":\"https:\/\/www.mncomunicacion.com\/en\/press-en-en\/benalus-relanza-el-proyecto-estrella-de-la-milla-de-oro-dirigido-al-cliente-premium-2#breadcrumb\"},\"inLanguage\":\"en-US\",\"potentialAction\":[{\"@type\":\"ReadAction\",\"target\":[\"https:\/\/www.mncomunicacion.com\/en\/press-en-en\/benalus-relanza-el-proyecto-estrella-de-la-milla-de-oro-dirigido-al-cliente-premium-2\"]}]},{\"@type\":\"ImageObject\",\"inLanguage\":\"en-US\",\"@id\":\"https:\/\/www.mncomunicacion.com\/en\/press-en-en\/benalus-relanza-el-proyecto-estrella-de-la-milla-de-oro-dirigido-al-cliente-premium-2#primaryimage\",\"url\":\"https:\/\/www.mncomunicacion.com\/wp-content\/uploads\/2019\/05\/foto_conferencia.jpg\",\"contentUrl\":\"https:\/\/www.mncomunicacion.com\/wp-content\/uploads\/2019\/05\/foto_conferencia.jpg\",\"width\":150,\"height\":150},{\"@type\":\"BreadcrumbList\",\"@id\":\"https:\/\/www.mncomunicacion.com\/en\/press-en-en\/benalus-relanza-el-proyecto-estrella-de-la-milla-de-oro-dirigido-al-cliente-premium-2#breadcrumb\",\"itemListElement\":[{\"@type\":\"ListItem\",\"position\":1,\"name\":\"Portada\",\"item\":\"https:\/\/www.mncomunicacion.com\/en\"},{\"@type\":\"ListItem\",\"position\":2,\"name\":\"Benal\u00fas relaunches its star Project on the Golden mile aimed at Premium clients\"}]},{\"@type\":\"WebSite\",\"@id\":\"https:\/\/www.mncomunicacion.com\/#website\",\"url\":\"https:\/\/www.mncomunicacion.com\/\",\"name\":\"MN Comunicaci\u00f3n\",\"description\":\"Agencia de Comunicaci\u00f3n y Organizaci\u00f3n de Eventos en Marbella\",\"publisher\":{\"@id\":\"https:\/\/www.mncomunicacion.com\/#organization\"},\"potentialAction\":[{\"@type\":\"SearchAction\",\"target\":{\"@type\":\"EntryPoint\",\"urlTemplate\":\"https:\/\/www.mncomunicacion.com\/?s={search_term_string}\"},\"query-input\":\"required name=search_term_string\"}],\"inLanguage\":\"en-US\"},{\"@type\":\"Organization\",\"@id\":\"https:\/\/www.mncomunicacion.com\/#organization\",\"name\":\"MN COMUNICACI\u00d3N\",\"url\":\"https:\/\/www.mncomunicacion.com\/\",\"logo\":{\"@type\":\"ImageObject\",\"inLanguage\":\"en-US\",\"@id\":\"https:\/\/www.mncomunicacion.com\/#\/schema\/logo\/image\/\",\"url\":\"https:\/\/www.mncomunicacion.com\/wp-content\/uploads\/2019\/05\/logo.png\",\"contentUrl\":\"https:\/\/www.mncomunicacion.com\/wp-content\/uploads\/2019\/05\/logo.png\",\"width\":150,\"height\":150,\"caption\":\"MN COMUNICACI\u00d3N\"},\"image\":{\"@id\":\"https:\/\/www.mncomunicacion.com\/#\/schema\/logo\/image\/\"},\"sameAs\":[\"https:\/\/www.facebook.com\/marienoelle.escomunicacion\/\",\"https:\/\/x.com\/MNcomunicacion\",\"https:\/\/www.linkedin.com\/company\/marie-no-lle-es-comunicaci-n\/\",\"https:\/\/www.youtube.com\/channel\/UCnHVdXKiLf30LsIfV8k0xIQ\"]},{\"@type\":\"Person\",\"@id\":\"https:\/\/www.mncomunicacion.com\/#\/schema\/person\/70225cf35dfcd918c90eb1a00df42de9\",\"name\":\"Marie-No\u00eblle\"}]}<\/script>\n<!-- \/ Yoast SEO plugin. -->","yoast_head_json":{"title":"Benal\u00fas relaunches its star Project on the Golden mile aimed at Premium clients | MN Comunicaci\u00f3n","robots":{"index":"index","follow":"follow","max-snippet":"max-snippet:-1","max-image-preview":"max-image-preview:large","max-video-preview":"max-video-preview:-1"},"canonical":"https:\/\/www.mncomunicacion.com\/en\/press-en-en\/benalus-relanza-el-proyecto-estrella-de-la-milla-de-oro-dirigido-al-cliente-premium-2","og_locale":"en_US","og_type":"article","og_title":"Benal\u00fas relaunches its star Project on the Golden mile aimed at Premium clients | MN Comunicaci\u00f3n","og_description":"It\u00b4s a boutique promotion of 27 apartments with all the comfort of a resort on the most sought for kilometre of the Costa del Sol Marbella, 19th of february 2018. &#8211; Benal\u00fas, a unique new housing construction on the golden mile, relaunches its project with fresh air and new adaptions to the needs of premium clients. The announcement made by the Marbella town hall at the end of 2017, regarding the unblocking of stalled licences, has put Marbella back into the focus of national and international investors and has revitalized the property market. When walking or driving past the most sought for kilometre on the Costa del Sol, which links Marbella and Puerto Ban\u00fas, only one property promotion can be seen standing on this golden mile. It\u00b4s Benal\u00fas, a 27 luxury apartment project, divided into 3 buildings standing on 9000 square metres of ground, over half of which will be gardens, private and communitarian open spaces. &nbsp; Benal\u00fas is re-activating after the slowdown. The Project had suffered due to the legal instability there had been in the urbanist sector since the supreme tribunal nullified the PGOU in 2015. Now that the airs have cleared around the urban ordination issue, the construction work will begin this June. The director of the project, Sergio Fern\u00e1ndez explains; \u201cWe are bringing a product of the highest quality to the market, made to satisfy even the most demanding of buyers and adapted to the latest trends and technologies. All preparations have been made to commence with the construction work in June 2018, the project is scheduled to be completed by the spring of 2020\u201d. The statistics show that in the last years second hand housing has dominated the market, however, they also show a progressive reversal of this trend back toward new constructions scheduled for completion between 2019 and 2020. The international political and economic changes that have taken place have changed the profile of buyers, with the numbers of English and Russian buyers giving way to more Spanish, central European and Nordic buyers. The numbers of Arab buyers have remained stable. \u201cHowever, given the exceptional location of Benal\u00fas, interest has been shown from all over the world\u201d, Fern\u00e1ndez adds. It\u00b4s a profile of people looking for modern, luxurious constructions with large open air spaces and exclusive communitarian services, a high level of security, privacy and a strategic and privileged location. During the last years, Benal\u00fas has been able to detect and adapt to the new needs of Premium clients, who require the comfort of a resort within their homes. Thanks to this, Benal\u00fas holds apartments from 170 to 785 square metres and with a price range of between 1,000,000 and 3,000,000 euros in offer, on one of the few free plots in the area. It\u00b4s close to the beaches of the Mediterranean Sea and has a prime view of the emblematic La Concha Mountain. The urbanization is a closed one with 24 hour security, spa, private and public swimming pools, community solarium, gym and a chill out. All surrounded by 7.000 square metres of green zones belonging to a protected `Ca\u00f1ada Real\u00b4. The promotion of Benal\u00fas (www.benalus.com) has been done by a prestigious and well consolidated business group from the Basque Country. In the last years they have administrated the promotion of over a thousand properties in different projects. The construction firm owns the plot itself and is the exclusive marketer of the promotion. Confidence is high in the commitment to quality and the bank\u00b4s endorsement of down payments. \u201cOur objective is to offer the best possible product to the most demanding client, adding value to the Marbella trademark, which has always stood out because of its exclusiveness and high standard of quality\u201d the project manager concludes.","og_url":"https:\/\/www.mncomunicacion.com\/en\/press-en-en\/benalus-relanza-el-proyecto-estrella-de-la-milla-de-oro-dirigido-al-cliente-premium-2","og_site_name":"MN Comunicaci\u00f3n","article_publisher":"https:\/\/www.facebook.com\/marienoelle.escomunicacion\/","article_published_time":"2018-03-26T08:51:20+00:00","og_image":[{"width":150,"height":150,"url":"https:\/\/www.mncomunicacion.com\/wp-content\/uploads\/2019\/05\/foto_conferencia.jpg","type":"image\/jpeg"}],"author":"Marie-No\u00eblle","twitter_card":"summary_large_image","twitter_creator":"@MNcomunicacion","twitter_site":"@MNcomunicacion","twitter_misc":{"Written by":"Marie-No\u00eblle","Est. reading time":"3 minutes"},"schema":{"@context":"https:\/\/schema.org","@graph":[{"@type":"Article","@id":"https:\/\/www.mncomunicacion.com\/en\/press-en-en\/benalus-relanza-el-proyecto-estrella-de-la-milla-de-oro-dirigido-al-cliente-premium-2#article","isPartOf":{"@id":"https:\/\/www.mncomunicacion.com\/en\/press-en-en\/benalus-relanza-el-proyecto-estrella-de-la-milla-de-oro-dirigido-al-cliente-premium-2"},"author":{"name":"Marie-No\u00eblle","@id":"https:\/\/www.mncomunicacion.com\/#\/schema\/person\/70225cf35dfcd918c90eb1a00df42de9"},"headline":"Benal\u00fas relaunches its star Project on the Golden mile aimed at Premium clients","datePublished":"2018-03-26T08:51:20+00:00","dateModified":"2018-03-26T08:51:20+00:00","mainEntityOfPage":{"@id":"https:\/\/www.mncomunicacion.com\/en\/press-en-en\/benalus-relanza-el-proyecto-estrella-de-la-milla-de-oro-dirigido-al-cliente-premium-2"},"wordCount":638,"commentCount":0,"publisher":{"@id":"https:\/\/www.mncomunicacion.com\/#organization"},"image":{"@id":"https:\/\/www.mncomunicacion.com\/en\/press-en-en\/benalus-relanza-el-proyecto-estrella-de-la-milla-de-oro-dirigido-al-cliente-premium-2#primaryimage"},"thumbnailUrl":"https:\/\/www.mncomunicacion.com\/wp-content\/uploads\/2019\/05\/foto_conferencia.jpg","keywords":["benal\u00fas","golden mile","luxury property","marbella,"],"articleSection":["Press"],"inLanguage":"en-US","potentialAction":[{"@type":"CommentAction","name":"Comment","target":["https:\/\/www.mncomunicacion.com\/en\/press-en-en\/benalus-relanza-el-proyecto-estrella-de-la-milla-de-oro-dirigido-al-cliente-premium-2#respond"]}]},{"@type":"WebPage","@id":"https:\/\/www.mncomunicacion.com\/en\/press-en-en\/benalus-relanza-el-proyecto-estrella-de-la-milla-de-oro-dirigido-al-cliente-premium-2","url":"https:\/\/www.mncomunicacion.com\/en\/press-en-en\/benalus-relanza-el-proyecto-estrella-de-la-milla-de-oro-dirigido-al-cliente-premium-2","name":"Benal\u00fas relaunches its star Project on the Golden mile aimed at Premium clients | MN Comunicaci\u00f3n","isPartOf":{"@id":"https:\/\/www.mncomunicacion.com\/#website"},"primaryImageOfPage":{"@id":"https:\/\/www.mncomunicacion.com\/en\/press-en-en\/benalus-relanza-el-proyecto-estrella-de-la-milla-de-oro-dirigido-al-cliente-premium-2#primaryimage"},"image":{"@id":"https:\/\/www.mncomunicacion.com\/en\/press-en-en\/benalus-relanza-el-proyecto-estrella-de-la-milla-de-oro-dirigido-al-cliente-premium-2#primaryimage"},"thumbnailUrl":"https:\/\/www.mncomunicacion.com\/wp-content\/uploads\/2019\/05\/foto_conferencia.jpg","datePublished":"2018-03-26T08:51:20+00:00","dateModified":"2018-03-26T08:51:20+00:00","breadcrumb":{"@id":"https:\/\/www.mncomunicacion.com\/en\/press-en-en\/benalus-relanza-el-proyecto-estrella-de-la-milla-de-oro-dirigido-al-cliente-premium-2#breadcrumb"},"inLanguage":"en-US","potentialAction":[{"@type":"ReadAction","target":["https:\/\/www.mncomunicacion.com\/en\/press-en-en\/benalus-relanza-el-proyecto-estrella-de-la-milla-de-oro-dirigido-al-cliente-premium-2"]}]},{"@type":"ImageObject","inLanguage":"en-US","@id":"https:\/\/www.mncomunicacion.com\/en\/press-en-en\/benalus-relanza-el-proyecto-estrella-de-la-milla-de-oro-dirigido-al-cliente-premium-2#primaryimage","url":"https:\/\/www.mncomunicacion.com\/wp-content\/uploads\/2019\/05\/foto_conferencia.jpg","contentUrl":"https:\/\/www.mncomunicacion.com\/wp-content\/uploads\/2019\/05\/foto_conferencia.jpg","width":150,"height":150},{"@type":"BreadcrumbList","@id":"https:\/\/www.mncomunicacion.com\/en\/press-en-en\/benalus-relanza-el-proyecto-estrella-de-la-milla-de-oro-dirigido-al-cliente-premium-2#breadcrumb","itemListElement":[{"@type":"ListItem","position":1,"name":"Portada","item":"https:\/\/www.mncomunicacion.com\/en"},{"@type":"ListItem","position":2,"name":"Benal\u00fas relaunches its star Project on the Golden mile aimed at Premium clients"}]},{"@type":"WebSite","@id":"https:\/\/www.mncomunicacion.com\/#website","url":"https:\/\/www.mncomunicacion.com\/","name":"MN Comunicaci\u00f3n","description":"Agencia de Comunicaci\u00f3n y Organizaci\u00f3n de Eventos en Marbella","publisher":{"@id":"https:\/\/www.mncomunicacion.com\/#organization"},"potentialAction":[{"@type":"SearchAction","target":{"@type":"EntryPoint","urlTemplate":"https:\/\/www.mncomunicacion.com\/?s={search_term_string}"},"query-input":"required name=search_term_string"}],"inLanguage":"en-US"},{"@type":"Organization","@id":"https:\/\/www.mncomunicacion.com\/#organization","name":"MN COMUNICACI\u00d3N","url":"https:\/\/www.mncomunicacion.com\/","logo":{"@type":"ImageObject","inLanguage":"en-US","@id":"https:\/\/www.mncomunicacion.com\/#\/schema\/logo\/image\/","url":"https:\/\/www.mncomunicacion.com\/wp-content\/uploads\/2019\/05\/logo.png","contentUrl":"https:\/\/www.mncomunicacion.com\/wp-content\/uploads\/2019\/05\/logo.png","width":150,"height":150,"caption":"MN COMUNICACI\u00d3N"},"image":{"@id":"https:\/\/www.mncomunicacion.com\/#\/schema\/logo\/image\/"},"sameAs":["https:\/\/www.facebook.com\/marienoelle.escomunicacion\/","https:\/\/x.com\/MNcomunicacion","https:\/\/www.linkedin.com\/company\/marie-no-lle-es-comunicaci-n\/","https:\/\/www.youtube.com\/channel\/UCnHVdXKiLf30LsIfV8k0xIQ"]},{"@type":"Person","@id":"https:\/\/www.mncomunicacion.com\/#\/schema\/person\/70225cf35dfcd918c90eb1a00df42de9","name":"Marie-No\u00eblle"}]}},"_links":{"self":[{"href":"https:\/\/www.mncomunicacion.com\/en\/wp-json\/wp\/v2\/posts\/5274"}],"collection":[{"href":"https:\/\/www.mncomunicacion.com\/en\/wp-json\/wp\/v2\/posts"}],"about":[{"href":"https:\/\/www.mncomunicacion.com\/en\/wp-json\/wp\/v2\/types\/post"}],"author":[{"embeddable":true,"href":"https:\/\/www.mncomunicacion.com\/en\/wp-json\/wp\/v2\/users\/3"}],"replies":[{"embeddable":true,"href":"https:\/\/www.mncomunicacion.com\/en\/wp-json\/wp\/v2\/comments?post=5274"}],"version-history":[{"count":0,"href":"https:\/\/www.mncomunicacion.com\/en\/wp-json\/wp\/v2\/posts\/5274\/revisions"}],"wp:featuredmedia":[{"embeddable":true,"href":"https:\/\/www.mncomunicacion.com\/en\/wp-json\/wp\/v2\/media\/5275"}],"wp:attachment":[{"href":"https:\/\/www.mncomunicacion.com\/en\/wp-json\/wp\/v2\/media?parent=5274"}],"wp:term":[{"taxonomy":"category","embeddable":true,"href":"https:\/\/www.mncomunicacion.com\/en\/wp-json\/wp\/v2\/categories?post=5274"},{"taxonomy":"post_tag","embeddable":true,"href":"https:\/\/www.mncomunicacion.com\/en\/wp-json\/wp\/v2\/tags?post=5274"}],"curies":[{"name":"wp","href":"https:\/\/api.w.org\/{rel}","templated":true}]}}