{"id":10957,"date":"2025-07-17T10:36:31","date_gmt":"2025-07-17T10:36:31","guid":{"rendered":"https:\/\/www.mncomunicacion.com\/?p=10957"},"modified":"2025-07-17T11:12:03","modified_gmt":"2025-07-17T11:12:03","slug":"the-opening-of-lamborghini-in-puerto-banus-marbella","status":"publish","type":"post","link":"https:\/\/www.mncomunicacion.com\/en\/events-en\/the-opening-of-lamborghini-in-puerto-banus-marbella","title":{"rendered":"The opening of Lamborghini in Puerto Ban\u00fas, Marbella"},"content":{"rendered":"<p><span style=\"font-weight: 400;\">On the 2nd July, MN Comunicaci\u00f3n had the pleasure of organising the opening of Lamborghini\u00b4s new showroom in Puerto Ban\u00fas, Marbella. At the showroom, guests had the opportunity to see some of the most prestigious Lamborghini models. The CEO of Lamborghini, Stephan Winkelmann, explained his new venture in Spain with Spirits of Speed. They then moved to the Levante dock in Puerto Ban\u00fas, where they enjoyed a gala dinner, flamenco and dance shows, and as a grand finale, a drone show.\u00a0<\/span><\/p>\n<div id='gallery-1' class='gallery galleryid-10957 gallery-columns-6 gallery-size-medium'><figure class='gallery-item'>\n\t\t\t<div class='gallery-icon portrait'>\n\t\t\t\t<a href='https:\/\/www.mncomunicacion.com\/en\/events-en\/the-opening-of-lamborghini-in-puerto-banus-marbella\/attachment\/lambor-50-2'><img loading=\"lazy\" decoding=\"async\" width=\"200\" height=\"300\" src=\"https:\/\/www.mncomunicacion.com\/wp-content\/uploads\/2025\/07\/Lambor-50-200x300.jpg\" class=\"attachment-medium size-medium\" alt=\"\" srcset=\"https:\/\/www.mncomunicacion.com\/wp-content\/uploads\/2025\/07\/Lambor-50-200x300.jpg 200w, https:\/\/www.mncomunicacion.com\/wp-content\/uploads\/2025\/07\/Lambor-50-683x1024.jpg 683w, https:\/\/www.mncomunicacion.com\/wp-content\/uploads\/2025\/07\/Lambor-50-768x1152.jpg 768w, https:\/\/www.mncomunicacion.com\/wp-content\/uploads\/2025\/07\/Lambor-50-1024x1536.jpg 1024w, https:\/\/www.mncomunicacion.com\/wp-content\/uploads\/2025\/07\/Lambor-50-1365x2048.jpg 1365w, https:\/\/www.mncomunicacion.com\/wp-content\/uploads\/2025\/07\/Lambor-50-scaled.jpg 1707w\" sizes=\"(max-width: 200px) 100vw, 200px\" \/><\/a>\n\t\t\t<\/div><\/figure><figure class='gallery-item'>\n\t\t\t<div class='gallery-icon portrait'>\n\t\t\t\t<a href='https:\/\/www.mncomunicacion.com\/en\/events-en\/the-opening-of-lamborghini-in-puerto-banus-marbella\/attachment\/lambor-43-2'><img loading=\"lazy\" decoding=\"async\" width=\"200\" height=\"300\" src=\"https:\/\/www.mncomunicacion.com\/wp-content\/uploads\/2025\/07\/Lambor-43-200x300.jpg\" class=\"attachment-medium size-medium\" alt=\"\" srcset=\"https:\/\/www.mncomunicacion.com\/wp-content\/uploads\/2025\/07\/Lambor-43-200x300.jpg 200w, https:\/\/www.mncomunicacion.com\/wp-content\/uploads\/2025\/07\/Lambor-43-683x1024.jpg 683w, https:\/\/www.mncomunicacion.com\/wp-content\/uploads\/2025\/07\/Lambor-43-768x1152.jpg 768w, https:\/\/www.mncomunicacion.com\/wp-content\/uploads\/2025\/07\/Lambor-43-1024x1536.jpg 1024w, https:\/\/www.mncomunicacion.com\/wp-content\/uploads\/2025\/07\/Lambor-43-1365x2048.jpg 1365w, https:\/\/www.mncomunicacion.com\/wp-content\/uploads\/2025\/07\/Lambor-43-scaled.jpg 1707w\" sizes=\"(max-width: 200px) 100vw, 200px\" \/><\/a>\n\t\t\t<\/div><\/figure><figure class='gallery-item'>\n\t\t\t<div class='gallery-icon landscape'>\n\t\t\t\t<a href='https:\/\/www.mncomunicacion.com\/en\/events-en\/the-opening-of-lamborghini-in-puerto-banus-marbella\/attachment\/lambor-55-2'><img loading=\"lazy\" decoding=\"async\" width=\"300\" height=\"200\" src=\"https:\/\/www.mncomunicacion.com\/wp-content\/uploads\/2025\/07\/Lambor-55-300x200.jpg\" class=\"attachment-medium size-medium\" alt=\"\" srcset=\"https:\/\/www.mncomunicacion.com\/wp-content\/uploads\/2025\/07\/Lambor-55-300x200.jpg 300w, https:\/\/www.mncomunicacion.com\/wp-content\/uploads\/2025\/07\/Lambor-55-1024x683.jpg 1024w, https:\/\/www.mncomunicacion.com\/wp-content\/uploads\/2025\/07\/Lambor-55-768x512.jpg 768w, https:\/\/www.mncomunicacion.com\/wp-content\/uploads\/2025\/07\/Lambor-55-1536x1024.jpg 1536w, https:\/\/www.mncomunicacion.com\/wp-content\/uploads\/2025\/07\/Lambor-55-2048x1365.jpg 2048w\" sizes=\"(max-width: 300px) 100vw, 300px\" \/><\/a>\n\t\t\t<\/div><\/figure><figure class='gallery-item'>\n\t\t\t<div class='gallery-icon landscape'>\n\t\t\t\t<a href='https:\/\/www.mncomunicacion.com\/en\/events-en\/the-opening-of-lamborghini-in-puerto-banus-marbella\/attachment\/lambor-40-2'><img loading=\"lazy\" decoding=\"async\" width=\"300\" height=\"200\" src=\"https:\/\/www.mncomunicacion.com\/wp-content\/uploads\/2025\/07\/Lambor-40-300x200.jpg\" class=\"attachment-medium size-medium\" alt=\"\" srcset=\"https:\/\/www.mncomunicacion.com\/wp-content\/uploads\/2025\/07\/Lambor-40-300x200.jpg 300w, https:\/\/www.mncomunicacion.com\/wp-content\/uploads\/2025\/07\/Lambor-40-1024x683.jpg 1024w, https:\/\/www.mncomunicacion.com\/wp-content\/uploads\/2025\/07\/Lambor-40-768x512.jpg 768w, https:\/\/www.mncomunicacion.com\/wp-content\/uploads\/2025\/07\/Lambor-40-1536x1024.jpg 1536w, https:\/\/www.mncomunicacion.com\/wp-content\/uploads\/2025\/07\/Lambor-40-2048x1365.jpg 2048w\" sizes=\"(max-width: 300px) 100vw, 300px\" \/><\/a>\n\t\t\t<\/div><\/figure><figure class='gallery-item'>\n\t\t\t<div class='gallery-icon portrait'>\n\t\t\t\t<a href='https:\/\/www.mncomunicacion.com\/en\/events-en\/the-opening-of-lamborghini-in-puerto-banus-marbella\/attachment\/lambor-25-2'><img loading=\"lazy\" decoding=\"async\" width=\"200\" height=\"300\" src=\"https:\/\/www.mncomunicacion.com\/wp-content\/uploads\/2025\/07\/Lambor-25-200x300.jpg\" class=\"attachment-medium size-medium\" alt=\"\" srcset=\"https:\/\/www.mncomunicacion.com\/wp-content\/uploads\/2025\/07\/Lambor-25-200x300.jpg 200w, https:\/\/www.mncomunicacion.com\/wp-content\/uploads\/2025\/07\/Lambor-25-683x1024.jpg 683w, https:\/\/www.mncomunicacion.com\/wp-content\/uploads\/2025\/07\/Lambor-25-768x1152.jpg 768w, https:\/\/www.mncomunicacion.com\/wp-content\/uploads\/2025\/07\/Lambor-25-1024x1536.jpg 1024w, https:\/\/www.mncomunicacion.com\/wp-content\/uploads\/2025\/07\/Lambor-25-1365x2048.jpg 1365w, https:\/\/www.mncomunicacion.com\/wp-content\/uploads\/2025\/07\/Lambor-25-scaled.jpg 1707w\" sizes=\"(max-width: 200px) 100vw, 200px\" \/><\/a>\n\t\t\t<\/div><\/figure><figure class='gallery-item'>\n\t\t\t<div class='gallery-icon portrait'>\n\t\t\t\t<a href='https:\/\/www.mncomunicacion.com\/en\/events-en\/the-opening-of-lamborghini-in-puerto-banus-marbella\/attachment\/lambor-51-2'><img loading=\"lazy\" decoding=\"async\" width=\"200\" height=\"300\" src=\"https:\/\/www.mncomunicacion.com\/wp-content\/uploads\/2025\/07\/Lambor-51-200x300.jpg\" class=\"attachment-medium size-medium\" alt=\"\" srcset=\"https:\/\/www.mncomunicacion.com\/wp-content\/uploads\/2025\/07\/Lambor-51-200x300.jpg 200w, https:\/\/www.mncomunicacion.com\/wp-content\/uploads\/2025\/07\/Lambor-51-683x1024.jpg 683w, https:\/\/www.mncomunicacion.com\/wp-content\/uploads\/2025\/07\/Lambor-51-768x1152.jpg 768w, https:\/\/www.mncomunicacion.com\/wp-content\/uploads\/2025\/07\/Lambor-51-1024x1536.jpg 1024w, https:\/\/www.mncomunicacion.com\/wp-content\/uploads\/2025\/07\/Lambor-51-1365x2048.jpg 1365w, https:\/\/www.mncomunicacion.com\/wp-content\/uploads\/2025\/07\/Lambor-51-scaled.jpg 1707w\" sizes=\"(max-width: 200px) 100vw, 200px\" \/><\/a>\n\t\t\t<\/div><\/figure><figure class='gallery-item'>\n\t\t\t<div class='gallery-icon portrait'>\n\t\t\t\t<a href='https:\/\/www.mncomunicacion.com\/en\/events-en\/the-opening-of-lamborghini-in-puerto-banus-marbella\/attachment\/lambor-56-2'><img loading=\"lazy\" decoding=\"async\" width=\"200\" height=\"300\" src=\"https:\/\/www.mncomunicacion.com\/wp-content\/uploads\/2025\/07\/Lambor-56-200x300.jpg\" class=\"attachment-medium size-medium\" alt=\"\" srcset=\"https:\/\/www.mncomunicacion.com\/wp-content\/uploads\/2025\/07\/Lambor-56-200x300.jpg 200w, https:\/\/www.mncomunicacion.com\/wp-content\/uploads\/2025\/07\/Lambor-56-683x1024.jpg 683w, https:\/\/www.mncomunicacion.com\/wp-content\/uploads\/2025\/07\/Lambor-56-768x1152.jpg 768w, https:\/\/www.mncomunicacion.com\/wp-content\/uploads\/2025\/07\/Lambor-56-1024x1536.jpg 1024w, https:\/\/www.mncomunicacion.com\/wp-content\/uploads\/2025\/07\/Lambor-56-1365x2048.jpg 1365w, https:\/\/www.mncomunicacion.com\/wp-content\/uploads\/2025\/07\/Lambor-56-scaled.jpg 1707w\" sizes=\"(max-width: 200px) 100vw, 200px\" \/><\/a>\n\t\t\t<\/div><\/figure><figure class='gallery-item'>\n\t\t\t<div class='gallery-icon portrait'>\n\t\t\t\t<a href='https:\/\/www.mncomunicacion.com\/en\/events-en\/the-opening-of-lamborghini-in-puerto-banus-marbella\/attachment\/lambor-38-2'><img loading=\"lazy\" decoding=\"async\" width=\"200\" height=\"300\" src=\"https:\/\/www.mncomunicacion.com\/wp-content\/uploads\/2025\/07\/Lambor-38-200x300.jpg\" class=\"attachment-medium size-medium\" alt=\"\" srcset=\"https:\/\/www.mncomunicacion.com\/wp-content\/uploads\/2025\/07\/Lambor-38-200x300.jpg 200w, https:\/\/www.mncomunicacion.com\/wp-content\/uploads\/2025\/07\/Lambor-38-683x1024.jpg 683w, https:\/\/www.mncomunicacion.com\/wp-content\/uploads\/2025\/07\/Lambor-38-768x1152.jpg 768w, https:\/\/www.mncomunicacion.com\/wp-content\/uploads\/2025\/07\/Lambor-38-1024x1536.jpg 1024w, https:\/\/www.mncomunicacion.com\/wp-content\/uploads\/2025\/07\/Lambor-38-1365x2048.jpg 1365w, https:\/\/www.mncomunicacion.com\/wp-content\/uploads\/2025\/07\/Lambor-38-scaled.jpg 1707w\" sizes=\"(max-width: 200px) 100vw, 200px\" \/><\/a>\n\t\t\t<\/div><\/figure><figure class='gallery-item'>\n\t\t\t<div class='gallery-icon landscape'>\n\t\t\t\t<a href='https:\/\/www.mncomunicacion.com\/en\/events-en\/the-opening-of-lamborghini-in-puerto-banus-marbella\/attachment\/lambor-22-2'><img loading=\"lazy\" decoding=\"async\" width=\"300\" height=\"200\" src=\"https:\/\/www.mncomunicacion.com\/wp-content\/uploads\/2025\/07\/Lambor-22-300x200.jpg\" class=\"attachment-medium size-medium\" alt=\"\" srcset=\"https:\/\/www.mncomunicacion.com\/wp-content\/uploads\/2025\/07\/Lambor-22-300x200.jpg 300w, https:\/\/www.mncomunicacion.com\/wp-content\/uploads\/2025\/07\/Lambor-22-1024x683.jpg 1024w, https:\/\/www.mncomunicacion.com\/wp-content\/uploads\/2025\/07\/Lambor-22-768x512.jpg 768w, https:\/\/www.mncomunicacion.com\/wp-content\/uploads\/2025\/07\/Lambor-22-1536x1024.jpg 1536w, https:\/\/www.mncomunicacion.com\/wp-content\/uploads\/2025\/07\/Lambor-22-2048x1365.jpg 2048w\" sizes=\"(max-width: 300px) 100vw, 300px\" \/><\/a>\n\t\t\t<\/div><\/figure><figure class='gallery-item'>\n\t\t\t<div class='gallery-icon portrait'>\n\t\t\t\t<a href='https:\/\/www.mncomunicacion.com\/en\/events-en\/the-opening-of-lamborghini-in-puerto-banus-marbella\/attachment\/lambor-24-2'><img loading=\"lazy\" decoding=\"async\" width=\"200\" height=\"300\" src=\"https:\/\/www.mncomunicacion.com\/wp-content\/uploads\/2025\/07\/Lambor-24-200x300.jpg\" class=\"attachment-medium size-medium\" alt=\"\" srcset=\"https:\/\/www.mncomunicacion.com\/wp-content\/uploads\/2025\/07\/Lambor-24-200x300.jpg 200w, https:\/\/www.mncomunicacion.com\/wp-content\/uploads\/2025\/07\/Lambor-24-683x1024.jpg 683w, https:\/\/www.mncomunicacion.com\/wp-content\/uploads\/2025\/07\/Lambor-24-768x1152.jpg 768w, https:\/\/www.mncomunicacion.com\/wp-content\/uploads\/2025\/07\/Lambor-24-1024x1536.jpg 1024w, https:\/\/www.mncomunicacion.com\/wp-content\/uploads\/2025\/07\/Lambor-24-1365x2048.jpg 1365w, https:\/\/www.mncomunicacion.com\/wp-content\/uploads\/2025\/07\/Lambor-24-scaled.jpg 1707w\" sizes=\"(max-width: 200px) 100vw, 200px\" \/><\/a>\n\t\t\t<\/div><\/figure><figure class='gallery-item'>\n\t\t\t<div class='gallery-icon portrait'>\n\t\t\t\t<a href='https:\/\/www.mncomunicacion.com\/en\/events-en\/the-opening-of-lamborghini-in-puerto-banus-marbella\/attachment\/lambor-16-2'><img loading=\"lazy\" decoding=\"async\" width=\"200\" height=\"300\" src=\"https:\/\/www.mncomunicacion.com\/wp-content\/uploads\/2025\/07\/Lambor-16-200x300.jpg\" class=\"attachment-medium size-medium\" alt=\"\" srcset=\"https:\/\/www.mncomunicacion.com\/wp-content\/uploads\/2025\/07\/Lambor-16-200x300.jpg 200w, https:\/\/www.mncomunicacion.com\/wp-content\/uploads\/2025\/07\/Lambor-16-683x1024.jpg 683w, https:\/\/www.mncomunicacion.com\/wp-content\/uploads\/2025\/07\/Lambor-16-768x1152.jpg 768w, https:\/\/www.mncomunicacion.com\/wp-content\/uploads\/2025\/07\/Lambor-16-1024x1536.jpg 1024w, https:\/\/www.mncomunicacion.com\/wp-content\/uploads\/2025\/07\/Lambor-16-1365x2048.jpg 1365w, https:\/\/www.mncomunicacion.com\/wp-content\/uploads\/2025\/07\/Lambor-16-scaled.jpg 1707w\" sizes=\"(max-width: 200px) 100vw, 200px\" \/><\/a>\n\t\t\t<\/div><\/figure><figure class='gallery-item'>\n\t\t\t<div class='gallery-icon portrait'>\n\t\t\t\t<a href='https:\/\/www.mncomunicacion.com\/en\/events-en\/the-opening-of-lamborghini-in-puerto-banus-marbella\/attachment\/lambor-2-2'><img loading=\"lazy\" decoding=\"async\" width=\"200\" height=\"300\" src=\"https:\/\/www.mncomunicacion.com\/wp-content\/uploads\/2025\/07\/Lambor-2-200x300.jpg\" class=\"attachment-medium size-medium\" alt=\"\" srcset=\"https:\/\/www.mncomunicacion.com\/wp-content\/uploads\/2025\/07\/Lambor-2-200x300.jpg 200w, https:\/\/www.mncomunicacion.com\/wp-content\/uploads\/2025\/07\/Lambor-2-683x1024.jpg 683w, https:\/\/www.mncomunicacion.com\/wp-content\/uploads\/2025\/07\/Lambor-2-768x1152.jpg 768w, https:\/\/www.mncomunicacion.com\/wp-content\/uploads\/2025\/07\/Lambor-2-1024x1536.jpg 1024w, https:\/\/www.mncomunicacion.com\/wp-content\/uploads\/2025\/07\/Lambor-2-1365x2048.jpg 1365w, https:\/\/www.mncomunicacion.com\/wp-content\/uploads\/2025\/07\/Lambor-2-scaled.jpg 1707w\" sizes=\"(max-width: 200px) 100vw, 200px\" \/><\/a>\n\t\t\t<\/div><\/figure><figure class='gallery-item'>\n\t\t\t<div class='gallery-icon portrait'>\n\t\t\t\t<a href='https:\/\/www.mncomunicacion.com\/en\/events-en\/the-opening-of-lamborghini-in-puerto-banus-marbella\/attachment\/lambor-33-2'><img loading=\"lazy\" decoding=\"async\" width=\"200\" height=\"300\" src=\"https:\/\/www.mncomunicacion.com\/wp-content\/uploads\/2025\/07\/Lambor-33-200x300.jpg\" class=\"attachment-medium size-medium\" alt=\"\" srcset=\"https:\/\/www.mncomunicacion.com\/wp-content\/uploads\/2025\/07\/Lambor-33-200x300.jpg 200w, https:\/\/www.mncomunicacion.com\/wp-content\/uploads\/2025\/07\/Lambor-33-683x1024.jpg 683w, https:\/\/www.mncomunicacion.com\/wp-content\/uploads\/2025\/07\/Lambor-33-768x1152.jpg 768w, https:\/\/www.mncomunicacion.com\/wp-content\/uploads\/2025\/07\/Lambor-33-1024x1536.jpg 1024w, https:\/\/www.mncomunicacion.com\/wp-content\/uploads\/2025\/07\/Lambor-33-1365x2048.jpg 1365w, https:\/\/www.mncomunicacion.com\/wp-content\/uploads\/2025\/07\/Lambor-33-scaled.jpg 1707w\" sizes=\"(max-width: 200px) 100vw, 200px\" \/><\/a>\n\t\t\t<\/div><\/figure><figure class='gallery-item'>\n\t\t\t<div class='gallery-icon portrait'>\n\t\t\t\t<a href='https:\/\/www.mncomunicacion.com\/en\/events-en\/the-opening-of-lamborghini-in-puerto-banus-marbella\/attachment\/lambor-47-2'><img loading=\"lazy\" decoding=\"async\" width=\"200\" height=\"300\" src=\"https:\/\/www.mncomunicacion.com\/wp-content\/uploads\/2025\/07\/Lambor-47-200x300.jpg\" class=\"attachment-medium size-medium\" alt=\"\" srcset=\"https:\/\/www.mncomunicacion.com\/wp-content\/uploads\/2025\/07\/Lambor-47-200x300.jpg 200w, https:\/\/www.mncomunicacion.com\/wp-content\/uploads\/2025\/07\/Lambor-47-683x1024.jpg 683w, https:\/\/www.mncomunicacion.com\/wp-content\/uploads\/2025\/07\/Lambor-47-768x1152.jpg 768w, https:\/\/www.mncomunicacion.com\/wp-content\/uploads\/2025\/07\/Lambor-47-1024x1536.jpg 1024w, https:\/\/www.mncomunicacion.com\/wp-content\/uploads\/2025\/07\/Lambor-47-1365x2048.jpg 1365w, https:\/\/www.mncomunicacion.com\/wp-content\/uploads\/2025\/07\/Lambor-47-scaled.jpg 1707w\" sizes=\"(max-width: 200px) 100vw, 200px\" \/><\/a>\n\t\t\t<\/div><\/figure><figure class='gallery-item'>\n\t\t\t<div class='gallery-icon landscape'>\n\t\t\t\t<a href='https:\/\/www.mncomunicacion.com\/en\/events-en\/the-opening-of-lamborghini-in-puerto-banus-marbella\/attachment\/lambor-64-2'><img loading=\"lazy\" decoding=\"async\" width=\"300\" height=\"200\" src=\"https:\/\/www.mncomunicacion.com\/wp-content\/uploads\/2025\/07\/Lambor-64-300x200.jpg\" class=\"attachment-medium size-medium\" alt=\"\" srcset=\"https:\/\/www.mncomunicacion.com\/wp-content\/uploads\/2025\/07\/Lambor-64-300x200.jpg 300w, https:\/\/www.mncomunicacion.com\/wp-content\/uploads\/2025\/07\/Lambor-64-1024x683.jpg 1024w, https:\/\/www.mncomunicacion.com\/wp-content\/uploads\/2025\/07\/Lambor-64-768x512.jpg 768w, https:\/\/www.mncomunicacion.com\/wp-content\/uploads\/2025\/07\/Lambor-64-1536x1024.jpg 1536w, https:\/\/www.mncomunicacion.com\/wp-content\/uploads\/2025\/07\/Lambor-64-2048x1365.jpg 2048w\" sizes=\"(max-width: 300px) 100vw, 300px\" \/><\/a>\n\t\t\t<\/div><\/figure>\n\t\t<\/div>\n\n","protected":false},"excerpt":{"rendered":"<p>On the 2nd July, MN Comunicaci\u00f3n had the pleasure of organising the opening of Lamborghini\u00b4s new showroom in Puerto Ban\u00fas, Marbella. At the showroom, guests had the opportunity to see some of the most prestigious Lamborghini models. The CEO of Lamborghini, Stephan Winkelmann, explained his new venture in Spain with Spirits of Speed. They then moved to the Levante dock in Puerto Ban\u00fas, where they enjoyed a gala dinner, flamenco and dance shows, and as a grand finale, a drone show.\u00a0<\/p>\n","protected":false},"author":3,"featured_media":10952,"comment_status":"closed","ping_status":"closed","sticky":false,"template":"","format":"standard","meta":{"_exactmetrics_skip_tracking":false,"_exactmetrics_sitenote_active":false,"_exactmetrics_sitenote_note":"","_exactmetrics_sitenote_category":0,"footnotes":""},"categories":[556,486],"tags":[],"class_list":["post-10957","post","type-post","status-publish","format-standard","has-post-thumbnail","hentry","category-eventos-en","category-events-en"],"yoast_head":"<!-- This site is optimized with the Yoast SEO plugin v23.0 - https:\/\/yoast.com\/wordpress\/plugins\/seo\/ -->\n<title>The opening of Lamborghini in Puerto Ban\u00fas, Marbella | MN Comunicaci\u00f3n<\/title>\n<meta name=\"robots\" content=\"index, follow, max-snippet:-1, max-image-preview:large, max-video-preview:-1\" \/>\n<link rel=\"canonical\" href=\"https:\/\/www.mncomunicacion.com\/en\/events-en\/the-opening-of-lamborghini-in-puerto-banus-marbella\" \/>\n<meta property=\"og:locale\" content=\"en_US\" \/>\n<meta property=\"og:type\" content=\"article\" \/>\n<meta property=\"og:title\" content=\"The opening of Lamborghini in Puerto Ban\u00fas, Marbella | MN Comunicaci\u00f3n\" \/>\n<meta property=\"og:description\" content=\"On the 2nd July, MN Comunicaci\u00f3n had the pleasure of organising the opening of Lamborghini\u00b4s new showroom in Puerto Ban\u00fas, Marbella. At the showroom, guests had the opportunity to see some of the most prestigious Lamborghini models. The CEO of Lamborghini, Stephan Winkelmann, explained his new venture in Spain with Spirits of Speed. They then moved to the Levante dock in Puerto Ban\u00fas, where they enjoyed a gala dinner, flamenco and dance shows, and as a grand finale, a drone show.\u00a0\" \/>\n<meta property=\"og:url\" content=\"https:\/\/www.mncomunicacion.com\/en\/events-en\/the-opening-of-lamborghini-in-puerto-banus-marbella\" \/>\n<meta property=\"og:site_name\" content=\"MN Comunicaci\u00f3n\" \/>\n<meta property=\"article:publisher\" content=\"https:\/\/www.facebook.com\/marienoelle.escomunicacion\/\" \/>\n<meta property=\"article:published_time\" content=\"2025-07-17T10:36:31+00:00\" \/>\n<meta property=\"article:modified_time\" content=\"2025-07-17T11:12:03+00:00\" \/>\n<meta property=\"og:image\" content=\"https:\/\/www.mncomunicacion.com\/wp-content\/uploads\/2025\/07\/Lambor-47-scaled.jpg\" \/>\n\t<meta property=\"og:image:width\" content=\"1707\" \/>\n\t<meta property=\"og:image:height\" content=\"2560\" \/>\n\t<meta property=\"og:image:type\" content=\"image\/jpeg\" \/>\n<meta name=\"author\" content=\"Marie-No\u00eblle\" \/>\n<meta name=\"twitter:card\" content=\"summary_large_image\" \/>\n<meta name=\"twitter:creator\" content=\"@MNcomunicacion\" \/>\n<meta name=\"twitter:site\" content=\"@MNcomunicacion\" \/>\n<meta name=\"twitter:label1\" content=\"Written by\" \/>\n\t<meta name=\"twitter:data1\" content=\"Marie-No\u00eblle\" \/>\n\t<meta name=\"twitter:label2\" content=\"Est. reading time\" \/>\n\t<meta name=\"twitter:data2\" content=\"1 minute\" \/>\n<script type=\"application\/ld+json\" class=\"yoast-schema-graph\">{\"@context\":\"https:\/\/schema.org\",\"@graph\":[{\"@type\":\"Article\",\"@id\":\"https:\/\/www.mncomunicacion.com\/en\/events-en\/the-opening-of-lamborghini-in-puerto-banus-marbella#article\",\"isPartOf\":{\"@id\":\"https:\/\/www.mncomunicacion.com\/en\/events-en\/the-opening-of-lamborghini-in-puerto-banus-marbella\"},\"author\":{\"name\":\"Marie-No\u00eblle\",\"@id\":\"https:\/\/www.mncomunicacion.com\/#\/schema\/person\/70225cf35dfcd918c90eb1a00df42de9\"},\"headline\":\"The opening of Lamborghini in Puerto Ban\u00fas, Marbella\",\"datePublished\":\"2025-07-17T10:36:31+00:00\",\"dateModified\":\"2025-07-17T11:12:03+00:00\",\"mainEntityOfPage\":{\"@id\":\"https:\/\/www.mncomunicacion.com\/en\/events-en\/the-opening-of-lamborghini-in-puerto-banus-marbella\"},\"wordCount\":101,\"publisher\":{\"@id\":\"https:\/\/www.mncomunicacion.com\/#organization\"},\"image\":{\"@id\":\"https:\/\/www.mncomunicacion.com\/en\/events-en\/the-opening-of-lamborghini-in-puerto-banus-marbella#primaryimage\"},\"thumbnailUrl\":\"https:\/\/www.mncomunicacion.com\/wp-content\/uploads\/2025\/07\/Lambor-47-scaled.jpg\",\"articleSection\":[\"Eventos\",\"Events\"],\"inLanguage\":\"en-US\"},{\"@type\":\"WebPage\",\"@id\":\"https:\/\/www.mncomunicacion.com\/en\/events-en\/the-opening-of-lamborghini-in-puerto-banus-marbella\",\"url\":\"https:\/\/www.mncomunicacion.com\/en\/events-en\/the-opening-of-lamborghini-in-puerto-banus-marbella\",\"name\":\"The opening of Lamborghini in Puerto Ban\u00fas, Marbella | MN Comunicaci\u00f3n\",\"isPartOf\":{\"@id\":\"https:\/\/www.mncomunicacion.com\/#website\"},\"primaryImageOfPage\":{\"@id\":\"https:\/\/www.mncomunicacion.com\/en\/events-en\/the-opening-of-lamborghini-in-puerto-banus-marbella#primaryimage\"},\"image\":{\"@id\":\"https:\/\/www.mncomunicacion.com\/en\/events-en\/the-opening-of-lamborghini-in-puerto-banus-marbella#primaryimage\"},\"thumbnailUrl\":\"https:\/\/www.mncomunicacion.com\/wp-content\/uploads\/2025\/07\/Lambor-47-scaled.jpg\",\"datePublished\":\"2025-07-17T10:36:31+00:00\",\"dateModified\":\"2025-07-17T11:12:03+00:00\",\"breadcrumb\":{\"@id\":\"https:\/\/www.mncomunicacion.com\/en\/events-en\/the-opening-of-lamborghini-in-puerto-banus-marbella#breadcrumb\"},\"inLanguage\":\"en-US\",\"potentialAction\":[{\"@type\":\"ReadAction\",\"target\":[\"https:\/\/www.mncomunicacion.com\/en\/events-en\/the-opening-of-lamborghini-in-puerto-banus-marbella\"]}]},{\"@type\":\"ImageObject\",\"inLanguage\":\"en-US\",\"@id\":\"https:\/\/www.mncomunicacion.com\/en\/events-en\/the-opening-of-lamborghini-in-puerto-banus-marbella#primaryimage\",\"url\":\"https:\/\/www.mncomunicacion.com\/wp-content\/uploads\/2025\/07\/Lambor-47-scaled.jpg\",\"contentUrl\":\"https:\/\/www.mncomunicacion.com\/wp-content\/uploads\/2025\/07\/Lambor-47-scaled.jpg\",\"width\":1707,\"height\":2560},{\"@type\":\"BreadcrumbList\",\"@id\":\"https:\/\/www.mncomunicacion.com\/en\/events-en\/the-opening-of-lamborghini-in-puerto-banus-marbella#breadcrumb\",\"itemListElement\":[{\"@type\":\"ListItem\",\"position\":1,\"name\":\"Portada\",\"item\":\"https:\/\/www.mncomunicacion.com\/en\"},{\"@type\":\"ListItem\",\"position\":2,\"name\":\"The opening of Lamborghini in Puerto Ban\u00fas, Marbella\"}]},{\"@type\":\"WebSite\",\"@id\":\"https:\/\/www.mncomunicacion.com\/#website\",\"url\":\"https:\/\/www.mncomunicacion.com\/\",\"name\":\"MN Comunicaci\u00f3n\",\"description\":\"Agencia de Comunicaci\u00f3n y Organizaci\u00f3n de Eventos en Marbella\",\"publisher\":{\"@id\":\"https:\/\/www.mncomunicacion.com\/#organization\"},\"potentialAction\":[{\"@type\":\"SearchAction\",\"target\":{\"@type\":\"EntryPoint\",\"urlTemplate\":\"https:\/\/www.mncomunicacion.com\/?s={search_term_string}\"},\"query-input\":\"required name=search_term_string\"}],\"inLanguage\":\"en-US\"},{\"@type\":\"Organization\",\"@id\":\"https:\/\/www.mncomunicacion.com\/#organization\",\"name\":\"MN COMUNICACI\u00d3N\",\"url\":\"https:\/\/www.mncomunicacion.com\/\",\"logo\":{\"@type\":\"ImageObject\",\"inLanguage\":\"en-US\",\"@id\":\"https:\/\/www.mncomunicacion.com\/#\/schema\/logo\/image\/\",\"url\":\"https:\/\/www.mncomunicacion.com\/wp-content\/uploads\/2019\/05\/logo.png\",\"contentUrl\":\"https:\/\/www.mncomunicacion.com\/wp-content\/uploads\/2019\/05\/logo.png\",\"width\":150,\"height\":150,\"caption\":\"MN COMUNICACI\u00d3N\"},\"image\":{\"@id\":\"https:\/\/www.mncomunicacion.com\/#\/schema\/logo\/image\/\"},\"sameAs\":[\"https:\/\/www.facebook.com\/marienoelle.escomunicacion\/\",\"https:\/\/x.com\/MNcomunicacion\",\"https:\/\/www.linkedin.com\/company\/marie-no-lle-es-comunicaci-n\/\",\"https:\/\/www.youtube.com\/channel\/UCnHVdXKiLf30LsIfV8k0xIQ\"]},{\"@type\":\"Person\",\"@id\":\"https:\/\/www.mncomunicacion.com\/#\/schema\/person\/70225cf35dfcd918c90eb1a00df42de9\",\"name\":\"Marie-No\u00eblle\"}]}<\/script>\n<!-- \/ Yoast SEO plugin. -->","yoast_head_json":{"title":"The opening of Lamborghini in Puerto Ban\u00fas, Marbella | MN Comunicaci\u00f3n","robots":{"index":"index","follow":"follow","max-snippet":"max-snippet:-1","max-image-preview":"max-image-preview:large","max-video-preview":"max-video-preview:-1"},"canonical":"https:\/\/www.mncomunicacion.com\/en\/events-en\/the-opening-of-lamborghini-in-puerto-banus-marbella","og_locale":"en_US","og_type":"article","og_title":"The opening of Lamborghini in Puerto Ban\u00fas, Marbella | MN Comunicaci\u00f3n","og_description":"On the 2nd July, MN Comunicaci\u00f3n had the pleasure of organising the opening of Lamborghini\u00b4s new showroom in Puerto Ban\u00fas, Marbella. At the showroom, guests had the opportunity to see some of the most prestigious Lamborghini models. The CEO of Lamborghini, Stephan Winkelmann, explained his new venture in Spain with Spirits of Speed. They then moved to the Levante dock in Puerto Ban\u00fas, where they enjoyed a gala dinner, flamenco and dance shows, and as a grand finale, a drone show.\u00a0","og_url":"https:\/\/www.mncomunicacion.com\/en\/events-en\/the-opening-of-lamborghini-in-puerto-banus-marbella","og_site_name":"MN Comunicaci\u00f3n","article_publisher":"https:\/\/www.facebook.com\/marienoelle.escomunicacion\/","article_published_time":"2025-07-17T10:36:31+00:00","article_modified_time":"2025-07-17T11:12:03+00:00","og_image":[{"width":1707,"height":2560,"url":"https:\/\/www.mncomunicacion.com\/wp-content\/uploads\/2025\/07\/Lambor-47-scaled.jpg","type":"image\/jpeg"}],"author":"Marie-No\u00eblle","twitter_card":"summary_large_image","twitter_creator":"@MNcomunicacion","twitter_site":"@MNcomunicacion","twitter_misc":{"Written by":"Marie-No\u00eblle","Est. reading time":"1 minute"},"schema":{"@context":"https:\/\/schema.org","@graph":[{"@type":"Article","@id":"https:\/\/www.mncomunicacion.com\/en\/events-en\/the-opening-of-lamborghini-in-puerto-banus-marbella#article","isPartOf":{"@id":"https:\/\/www.mncomunicacion.com\/en\/events-en\/the-opening-of-lamborghini-in-puerto-banus-marbella"},"author":{"name":"Marie-No\u00eblle","@id":"https:\/\/www.mncomunicacion.com\/#\/schema\/person\/70225cf35dfcd918c90eb1a00df42de9"},"headline":"The opening of Lamborghini in Puerto Ban\u00fas, Marbella","datePublished":"2025-07-17T10:36:31+00:00","dateModified":"2025-07-17T11:12:03+00:00","mainEntityOfPage":{"@id":"https:\/\/www.mncomunicacion.com\/en\/events-en\/the-opening-of-lamborghini-in-puerto-banus-marbella"},"wordCount":101,"publisher":{"@id":"https:\/\/www.mncomunicacion.com\/#organization"},"image":{"@id":"https:\/\/www.mncomunicacion.com\/en\/events-en\/the-opening-of-lamborghini-in-puerto-banus-marbella#primaryimage"},"thumbnailUrl":"https:\/\/www.mncomunicacion.com\/wp-content\/uploads\/2025\/07\/Lambor-47-scaled.jpg","articleSection":["Eventos","Events"],"inLanguage":"en-US"},{"@type":"WebPage","@id":"https:\/\/www.mncomunicacion.com\/en\/events-en\/the-opening-of-lamborghini-in-puerto-banus-marbella","url":"https:\/\/www.mncomunicacion.com\/en\/events-en\/the-opening-of-lamborghini-in-puerto-banus-marbella","name":"The opening of Lamborghini in Puerto Ban\u00fas, Marbella | MN Comunicaci\u00f3n","isPartOf":{"@id":"https:\/\/www.mncomunicacion.com\/#website"},"primaryImageOfPage":{"@id":"https:\/\/www.mncomunicacion.com\/en\/events-en\/the-opening-of-lamborghini-in-puerto-banus-marbella#primaryimage"},"image":{"@id":"https:\/\/www.mncomunicacion.com\/en\/events-en\/the-opening-of-lamborghini-in-puerto-banus-marbella#primaryimage"},"thumbnailUrl":"https:\/\/www.mncomunicacion.com\/wp-content\/uploads\/2025\/07\/Lambor-47-scaled.jpg","datePublished":"2025-07-17T10:36:31+00:00","dateModified":"2025-07-17T11:12:03+00:00","breadcrumb":{"@id":"https:\/\/www.mncomunicacion.com\/en\/events-en\/the-opening-of-lamborghini-in-puerto-banus-marbella#breadcrumb"},"inLanguage":"en-US","potentialAction":[{"@type":"ReadAction","target":["https:\/\/www.mncomunicacion.com\/en\/events-en\/the-opening-of-lamborghini-in-puerto-banus-marbella"]}]},{"@type":"ImageObject","inLanguage":"en-US","@id":"https:\/\/www.mncomunicacion.com\/en\/events-en\/the-opening-of-lamborghini-in-puerto-banus-marbella#primaryimage","url":"https:\/\/www.mncomunicacion.com\/wp-content\/uploads\/2025\/07\/Lambor-47-scaled.jpg","contentUrl":"https:\/\/www.mncomunicacion.com\/wp-content\/uploads\/2025\/07\/Lambor-47-scaled.jpg","width":1707,"height":2560},{"@type":"BreadcrumbList","@id":"https:\/\/www.mncomunicacion.com\/en\/events-en\/the-opening-of-lamborghini-in-puerto-banus-marbella#breadcrumb","itemListElement":[{"@type":"ListItem","position":1,"name":"Portada","item":"https:\/\/www.mncomunicacion.com\/en"},{"@type":"ListItem","position":2,"name":"The opening of Lamborghini in Puerto Ban\u00fas, Marbella"}]},{"@type":"WebSite","@id":"https:\/\/www.mncomunicacion.com\/#website","url":"https:\/\/www.mncomunicacion.com\/","name":"MN Comunicaci\u00f3n","description":"Agencia de Comunicaci\u00f3n y Organizaci\u00f3n de Eventos en Marbella","publisher":{"@id":"https:\/\/www.mncomunicacion.com\/#organization"},"potentialAction":[{"@type":"SearchAction","target":{"@type":"EntryPoint","urlTemplate":"https:\/\/www.mncomunicacion.com\/?s={search_term_string}"},"query-input":"required name=search_term_string"}],"inLanguage":"en-US"},{"@type":"Organization","@id":"https:\/\/www.mncomunicacion.com\/#organization","name":"MN COMUNICACI\u00d3N","url":"https:\/\/www.mncomunicacion.com\/","logo":{"@type":"ImageObject","inLanguage":"en-US","@id":"https:\/\/www.mncomunicacion.com\/#\/schema\/logo\/image\/","url":"https:\/\/www.mncomunicacion.com\/wp-content\/uploads\/2019\/05\/logo.png","contentUrl":"https:\/\/www.mncomunicacion.com\/wp-content\/uploads\/2019\/05\/logo.png","width":150,"height":150,"caption":"MN COMUNICACI\u00d3N"},"image":{"@id":"https:\/\/www.mncomunicacion.com\/#\/schema\/logo\/image\/"},"sameAs":["https:\/\/www.facebook.com\/marienoelle.escomunicacion\/","https:\/\/x.com\/MNcomunicacion","https:\/\/www.linkedin.com\/company\/marie-no-lle-es-comunicaci-n\/","https:\/\/www.youtube.com\/channel\/UCnHVdXKiLf30LsIfV8k0xIQ"]},{"@type":"Person","@id":"https:\/\/www.mncomunicacion.com\/#\/schema\/person\/70225cf35dfcd918c90eb1a00df42de9","name":"Marie-No\u00eblle"}]}},"_links":{"self":[{"href":"https:\/\/www.mncomunicacion.com\/en\/wp-json\/wp\/v2\/posts\/10957"}],"collection":[{"href":"https:\/\/www.mncomunicacion.com\/en\/wp-json\/wp\/v2\/posts"}],"about":[{"href":"https:\/\/www.mncomunicacion.com\/en\/wp-json\/wp\/v2\/types\/post"}],"author":[{"embeddable":true,"href":"https:\/\/www.mncomunicacion.com\/en\/wp-json\/wp\/v2\/users\/3"}],"replies":[{"embeddable":true,"href":"https:\/\/www.mncomunicacion.com\/en\/wp-json\/wp\/v2\/comments?post=10957"}],"version-history":[{"count":2,"href":"https:\/\/www.mncomunicacion.com\/en\/wp-json\/wp\/v2\/posts\/10957\/revisions"}],"predecessor-version":[{"id":10969,"href":"https:\/\/www.mncomunicacion.com\/en\/wp-json\/wp\/v2\/posts\/10957\/revisions\/10969"}],"wp:featuredmedia":[{"embeddable":true,"href":"https:\/\/www.mncomunicacion.com\/en\/wp-json\/wp\/v2\/media\/10952"}],"wp:attachment":[{"href":"https:\/\/www.mncomunicacion.com\/en\/wp-json\/wp\/v2\/media?parent=10957"}],"wp:term":[{"taxonomy":"category","embeddable":true,"href":"https:\/\/www.mncomunicacion.com\/en\/wp-json\/wp\/v2\/categories?post=10957"},{"taxonomy":"post_tag","embeddable":true,"href":"https:\/\/www.mncomunicacion.com\/en\/wp-json\/wp\/v2\/tags?post=10957"}],"curies":[{"name":"wp","href":"https:\/\/api.w.org\/{rel}","templated":true}]}}