{"id":10877,"date":"2025-06-06T08:56:40","date_gmt":"2025-06-06T08:56:40","guid":{"rendered":"https:\/\/www.mncomunicacion.com\/?p=10877"},"modified":"2025-06-06T08:56:40","modified_gmt":"2025-06-06T08:56:40","slug":"peserico-celebrates-its-third-anniversary-in-marbella-and-reaffirms-its-commitment-to-the-excellence-of-made-in-italy","status":"publish","type":"post","link":"https:\/\/www.mncomunicacion.com\/en\/https-www-mncomunicacion-com-en-gabinete-de-prensa\/peserico-celebrates-its-third-anniversary-in-marbella-and-reaffirms-its-commitment-to-the-excellence-of-made-in-italy","title":{"rendered":"Peserico celebrates its third anniversary in Marbella and reaffirms its commitment to the excellence of &#8220;Made in Italy&#8221;"},"content":{"rendered":"<ul>\n<li><strong>&#8211; <\/strong><strong>The Puerto Ban\u00fas boutique consolidates its position as a benchmark for Italian fashion on the Costa del Sol, with a loyal and growing international clientele.<\/strong><\/li>\n<li><strong>&#8211; The Italian brand accelerates its international expansion with more than 80 single-brand stores and new openings planned in Europe, Asia, and the United States.<\/strong><\/li>\n<li><strong>&#8211; The SS25 and FW25 collections, presented in Marbella, reinterpret quiet luxury with fine fabrics, refined cuts, and a timeless aesthetic.<\/strong><\/li>\n<li><strong>&#8211; &#8220;Marbella embodies the spirit of Peserico: sophistication, Mediterranean light, and uncontrived elegance,&#8221; says Riccardo Peruffo, CEO of the brand.<\/strong><\/li>\n<\/ul>\n<p><strong>Marbella, June 6th, 2025.<\/strong> &#8211; The Italian brand <strong>Peserico<\/strong> celebrates its third anniversary in <strong>Puerto Ban\u00fas<\/strong>, its first boutique in Spain, reaffirming its international focus and its commitment to understated elegance and artisanal craftsmanship. Since its opening in 2022, the space has established itself as one of the most solid luxury retail locations on the Costa del Sol, attracting a cosmopolitan clientele who value quality, tradition, and refined style.<\/p>\n<p>With more than 80 single-brand stores worldwide and an expansion strategy that encompasses destinations such as <strong>Cannes, Miami, Dubai, Boston, and New York<\/strong>, Peserico is strengthening its presence in key fashion districts without compromising its DNA: 100% Italian production, a commitment to sustainability, and artisanal control throughout every phase of the process.<\/p>\n<p>\u201cOur factory in Cornedo Vicentino is the soul of the brand. Choosing to produce in Italy is a statement of principles: it guarantees quality, authenticity, and true traceability that our customers value,\u201d says <strong>Riccardo Peruffo<\/strong>, CEO of Peserico.<\/p>\n<p>The Marbella boutique, located in the heart of Puerto Ban\u00fas, represents a strategic move for the brand&#8217;s international presence. The city embodies all the qualities that define the Peserico style: light, elegance, the sea, and a following with a taste for understated, functional fashion.<\/p>\n<p>&#8220;This anniversary is much more than a celebration. It reflects the emotional bond we have built with a city that shares our values: respect for authenticity, attention to detail, and timeless beauty,&#8221; adds <strong>Paola Gonella<\/strong>, creative director.<\/p>\n<p><strong>SS25 &amp; FW25: Collections that dress the present with an eternal gaze<\/strong><\/p>\n<p>During the celebration event, the boutique exclusively presented the brand&#8217;s new collections:<\/p>\n<p>&#8211; <strong>SS25 AUREA<\/strong>: The new Donna collection celebrates the dynamic spirit of every woman, free to move through a universe of infinite possibilities, pursuing an idea that shapes the future and inspires new visions. Inspired by the golden light of the Mediterranean, this collection displays a serene colour palette\u2014oatmeal, ivory, and fog blue\u2014through soft silhouettes and clean structures. Key pieces this season are tailored linen trousers, shirt dresses, and fine-knit coordinated sets that stand out for their casual sophistication and subtle charm. Each piece embraces fluidity, elegance, and a sense of refined freedom, empowering contemporary women to move, shirt dresses and fine knit sets stand out for their casual sophistication.<\/p>\n<p>&#8211; <strong>SS25 Men<\/strong>: The Peserico man focuses on refined functionality: lightweight technical fabrics, structured shirts, unstructured jackets, and comfortable Bermuda shorts, without sacrificing elegance. The palette is understated, with touches of smoky grey, warm beige, and pure white.<\/p>\n<p>&#8211; <strong>FW25 Transition<\/strong>: The mid-season collection introduces enveloping textures such as virgin wool, cashmere, and boucl\u00e9. Colours like terracotta, sand, and leaf green dress pieces with volumes designed for the transition of seasons. The result: a serene and protective elegance.<\/p>\n<p>\u201cEach collection stems from an emotion. We are inspired by the landscape, the light, the silences. We design pieces that don&#8217;t seek to stand out through stridency, but rather through coherence, beauty, and character,\u201d explains <strong>Paola Gonella<\/strong>, creative director of Peserico.<\/p>\n<p><strong>A brand with history: tradition, evolution, and a global perspective<\/strong><\/p>\n<p>Founded in 1962 as a small tailor-made trousers workshop in <strong>Cornedo Vicentino<\/strong>, Peserico has travelled a path of more than six decades combining <strong>sartorial tradition<\/strong>, technical innovation, and aesthetic sensibility. Today, the brand is internationally recognized as an ambassador of quiet luxury, with a solid expansion and a community of loyal customers who appreciate durability, comfort, and timeless design.<\/p>\n<p>The brand maintains a strong family ethos, a solid identity, and a permanent commitment to sustainability. All of its production is carried out in Italy under rigorous European environmental and social standards.<\/p>\n<p>\u201cEach international opening is an opportunity to express who we are. In Marbella, we have found a second home, and a public that understands that true luxury lies in the quality, consistency, and emotion conveyed by a well-made garment,\u201d concludes <strong>Riccardo Peruffo<\/strong>.<\/p>\n","protected":false},"excerpt":{"rendered":"<p>&#8211; The Puerto Ban\u00fas boutique consolidates its position as a benchmark for Italian fashion on the Costa del Sol, with a loyal and growing international clientele. &#8211; The Italian brand accelerates its international expansion with more than 80 single-brand stores and new openings planned in Europe, Asia, and the United States. &#8211; The SS25 and FW25 collections, presented in Marbella, reinterpret quiet luxury with fine fabrics, refined cuts, and a timeless aesthetic. &#8211; &#8220;Marbella embodies the spirit of Peserico: sophistication, Mediterranean light, and uncontrived elegance,&#8221; says Riccardo Peruffo, CEO of the brand. Marbella, June 6th, 2025. &#8211; The Italian brand Peserico celebrates its third anniversary in Puerto Ban\u00fas, its first boutique in Spain, reaffirming its international focus and its commitment to understated elegance and artisanal craftsmanship. Since its opening in 2022, the space has established itself as one of the most solid luxury retail locations on the Costa del Sol, attracting a cosmopolitan clientele who value quality, tradition, and refined style. With more than 80 single-brand stores worldwide and an expansion strategy that encompasses destinations such as Cannes, Miami, Dubai, Boston, and New York, Peserico is strengthening its presence in key fashion districts without compromising its DNA: 100% Italian production, a commitment to sustainability, and artisanal control throughout every phase of the process. \u201cOur factory in Cornedo Vicentino is the soul of the brand. Choosing to produce in Italy is a statement of principles: it guarantees quality, authenticity, and true traceability that our customers value,\u201d says Riccardo Peruffo, CEO of Peserico. The Marbella boutique, located in the heart of Puerto Ban\u00fas, represents a strategic move for the brand&#8217;s international presence. The city embodies all the qualities that define the Peserico style: light, elegance, the sea, and a following with a taste for understated, functional fashion. &#8220;This anniversary is much more than a celebration. It reflects the emotional bond we have built with a city that shares our values: respect for authenticity, attention to detail, and timeless beauty,&#8221; adds Paola Gonella, creative director. SS25 &amp; FW25: Collections that dress the present with an eternal gaze During the celebration event, the boutique exclusively presented the brand&#8217;s new collections: &#8211; SS25 AUREA: The new Donna collection celebrates the dynamic spirit of every woman, free to move through a universe of infinite possibilities, pursuing an idea that shapes the future and inspires new visions. Inspired by the golden light of the Mediterranean, this collection displays a serene colour palette\u2014oatmeal, ivory, and fog blue\u2014through soft silhouettes and clean structures. Key pieces this season are tailored linen trousers, shirt dresses, and fine-knit coordinated sets that stand out for their casual sophistication and subtle charm. Each piece embraces fluidity, elegance, and a sense of refined freedom, empowering contemporary women to move, shirt dresses and fine knit sets stand out for their casual sophistication. &#8211; SS25 Men: The Peserico man focuses on refined functionality: lightweight technical fabrics, structured shirts, unstructured jackets, and comfortable Bermuda shorts, without sacrificing elegance. The palette is understated, with touches of smoky grey, warm beige, and pure white. &#8211; FW25 Transition: The mid-season collection introduces enveloping textures such as virgin wool, cashmere, and boucl\u00e9. Colours like terracotta, sand, and leaf green dress pieces with volumes designed for the transition of seasons. The result: a serene and protective elegance. \u201cEach collection stems from an emotion. We are inspired by the landscape, the light, the silences. We design pieces that don&#8217;t seek to stand out through stridency, but rather through coherence, beauty, and character,\u201d explains Paola Gonella, creative director of Peserico. A brand with history: tradition, evolution, and a global perspective Founded in 1962 as a small tailor-made trousers workshop in Cornedo Vicentino, Peserico has travelled a path of more than six decades combining sartorial tradition, technical innovation, and aesthetic sensibility. Today, the brand is internationally recognized as an ambassador of quiet luxury, with a solid expansion and a community of loyal customers who appreciate durability, comfort, and timeless design. The brand maintains a strong family ethos, a solid identity, and a permanent commitment to sustainability. All of its production is carried out in Italy under rigorous European environmental and social standards. \u201cEach international opening is an opportunity to express who we are. In Marbella, we have found a second home, and a public that understands that true luxury lies in the quality, consistency, and emotion conveyed by a well-made garment,\u201d concludes Riccardo Peruffo.<\/p>\n","protected":false},"author":3,"featured_media":10875,"comment_status":"closed","ping_status":"closed","sticky":false,"template":"","format":"standard","meta":{"_exactmetrics_skip_tracking":false,"_exactmetrics_sitenote_active":false,"_exactmetrics_sitenote_note":"","_exactmetrics_sitenote_category":0,"footnotes":""},"categories":[565],"tags":[937],"class_list":["post-10877","post","type-post","status-publish","format-standard","has-post-thumbnail","hentry","category-https-www-mncomunicacion-com-en-gabinete-de-prensa","tag-boutique-puerto-banus-marbella-peserico-italy-fashion-ricardo-perfuffo"],"yoast_head":"<!-- This site is optimized with the Yoast SEO plugin v23.0 - https:\/\/yoast.com\/wordpress\/plugins\/seo\/ -->\n<title>Peserico celebrates its third anniversary in Marbella and reaffirms its commitment to the excellence of &quot;Made in Italy&quot; | MN Comunicaci\u00f3n<\/title>\n<meta name=\"robots\" content=\"index, follow, max-snippet:-1, max-image-preview:large, max-video-preview:-1\" \/>\n<link rel=\"canonical\" href=\"https:\/\/www.mncomunicacion.com\/en\/https-www-mncomunicacion-com-en-gabinete-de-prensa\/peserico-celebrates-its-third-anniversary-in-marbella-and-reaffirms-its-commitment-to-the-excellence-of-made-in-italy\" \/>\n<meta property=\"og:locale\" content=\"en_US\" \/>\n<meta property=\"og:type\" content=\"article\" \/>\n<meta property=\"og:title\" content=\"Peserico celebrates its third anniversary in Marbella and reaffirms its commitment to the excellence of &quot;Made in Italy&quot; | MN Comunicaci\u00f3n\" \/>\n<meta property=\"og:description\" content=\"&#8211; The Puerto Ban\u00fas boutique consolidates its position as a benchmark for Italian fashion on the Costa del Sol, with a loyal and growing international clientele. &#8211; The Italian brand accelerates its international expansion with more than 80 single-brand stores and new openings planned in Europe, Asia, and the United States. &#8211; The SS25 and FW25 collections, presented in Marbella, reinterpret quiet luxury with fine fabrics, refined cuts, and a timeless aesthetic. &#8211; &#8220;Marbella embodies the spirit of Peserico: sophistication, Mediterranean light, and uncontrived elegance,&#8221; says Riccardo Peruffo, CEO of the brand. Marbella, June 6th, 2025. &#8211; The Italian brand Peserico celebrates its third anniversary in Puerto Ban\u00fas, its first boutique in Spain, reaffirming its international focus and its commitment to understated elegance and artisanal craftsmanship. Since its opening in 2022, the space has established itself as one of the most solid luxury retail locations on the Costa del Sol, attracting a cosmopolitan clientele who value quality, tradition, and refined style. With more than 80 single-brand stores worldwide and an expansion strategy that encompasses destinations such as Cannes, Miami, Dubai, Boston, and New York, Peserico is strengthening its presence in key fashion districts without compromising its DNA: 100% Italian production, a commitment to sustainability, and artisanal control throughout every phase of the process. \u201cOur factory in Cornedo Vicentino is the soul of the brand. Choosing to produce in Italy is a statement of principles: it guarantees quality, authenticity, and true traceability that our customers value,\u201d says Riccardo Peruffo, CEO of Peserico. The Marbella boutique, located in the heart of Puerto Ban\u00fas, represents a strategic move for the brand&#8217;s international presence. The city embodies all the qualities that define the Peserico style: light, elegance, the sea, and a following with a taste for understated, functional fashion. &#8220;This anniversary is much more than a celebration. It reflects the emotional bond we have built with a city that shares our values: respect for authenticity, attention to detail, and timeless beauty,&#8221; adds Paola Gonella, creative director. SS25 &amp; FW25: Collections that dress the present with an eternal gaze During the celebration event, the boutique exclusively presented the brand&#8217;s new collections: &#8211; SS25 AUREA: The new Donna collection celebrates the dynamic spirit of every woman, free to move through a universe of infinite possibilities, pursuing an idea that shapes the future and inspires new visions. Inspired by the golden light of the Mediterranean, this collection displays a serene colour palette\u2014oatmeal, ivory, and fog blue\u2014through soft silhouettes and clean structures. Key pieces this season are tailored linen trousers, shirt dresses, and fine-knit coordinated sets that stand out for their casual sophistication and subtle charm. Each piece embraces fluidity, elegance, and a sense of refined freedom, empowering contemporary women to move, shirt dresses and fine knit sets stand out for their casual sophistication. &#8211; SS25 Men: The Peserico man focuses on refined functionality: lightweight technical fabrics, structured shirts, unstructured jackets, and comfortable Bermuda shorts, without sacrificing elegance. The palette is understated, with touches of smoky grey, warm beige, and pure white. &#8211; FW25 Transition: The mid-season collection introduces enveloping textures such as virgin wool, cashmere, and boucl\u00e9. Colours like terracotta, sand, and leaf green dress pieces with volumes designed for the transition of seasons. The result: a serene and protective elegance. \u201cEach collection stems from an emotion. We are inspired by the landscape, the light, the silences. We design pieces that don&#8217;t seek to stand out through stridency, but rather through coherence, beauty, and character,\u201d explains Paola Gonella, creative director of Peserico. A brand with history: tradition, evolution, and a global perspective Founded in 1962 as a small tailor-made trousers workshop in Cornedo Vicentino, Peserico has travelled a path of more than six decades combining sartorial tradition, technical innovation, and aesthetic sensibility. Today, the brand is internationally recognized as an ambassador of quiet luxury, with a solid expansion and a community of loyal customers who appreciate durability, comfort, and timeless design. The brand maintains a strong family ethos, a solid identity, and a permanent commitment to sustainability. All of its production is carried out in Italy under rigorous European environmental and social standards. \u201cEach international opening is an opportunity to express who we are. In Marbella, we have found a second home, and a public that understands that true luxury lies in the quality, consistency, and emotion conveyed by a well-made garment,\u201d concludes Riccardo Peruffo.\" \/>\n<meta property=\"og:url\" content=\"https:\/\/www.mncomunicacion.com\/en\/https-www-mncomunicacion-com-en-gabinete-de-prensa\/peserico-celebrates-its-third-anniversary-in-marbella-and-reaffirms-its-commitment-to-the-excellence-of-made-in-italy\" \/>\n<meta property=\"og:site_name\" content=\"MN Comunicaci\u00f3n\" \/>\n<meta property=\"article:publisher\" content=\"https:\/\/www.facebook.com\/marienoelle.escomunicacion\/\" \/>\n<meta property=\"article:published_time\" content=\"2025-06-06T08:56:40+00:00\" \/>\n<meta property=\"og:image\" content=\"https:\/\/www.mncomunicacion.com\/wp-content\/uploads\/2025\/06\/Peserico-1.png\" \/>\n\t<meta property=\"og:image:width\" content=\"1364\" \/>\n\t<meta property=\"og:image:height\" content=\"912\" \/>\n\t<meta property=\"og:image:type\" content=\"image\/png\" \/>\n<meta name=\"author\" content=\"Marie-No\u00eblle\" \/>\n<meta name=\"twitter:card\" content=\"summary_large_image\" \/>\n<meta name=\"twitter:creator\" content=\"@MNcomunicacion\" \/>\n<meta name=\"twitter:site\" content=\"@MNcomunicacion\" \/>\n<meta name=\"twitter:label1\" content=\"Written by\" \/>\n\t<meta name=\"twitter:data1\" content=\"Marie-No\u00eblle\" \/>\n\t<meta name=\"twitter:label2\" content=\"Est. reading time\" \/>\n\t<meta name=\"twitter:data2\" content=\"4 minutes\" \/>\n<script type=\"application\/ld+json\" class=\"yoast-schema-graph\">{\"@context\":\"https:\/\/schema.org\",\"@graph\":[{\"@type\":\"Article\",\"@id\":\"https:\/\/www.mncomunicacion.com\/en\/https-www-mncomunicacion-com-en-gabinete-de-prensa\/peserico-celebrates-its-third-anniversary-in-marbella-and-reaffirms-its-commitment-to-the-excellence-of-made-in-italy#article\",\"isPartOf\":{\"@id\":\"https:\/\/www.mncomunicacion.com\/en\/https-www-mncomunicacion-com-en-gabinete-de-prensa\/peserico-celebrates-its-third-anniversary-in-marbella-and-reaffirms-its-commitment-to-the-excellence-of-made-in-italy\"},\"author\":{\"name\":\"Marie-No\u00eblle\",\"@id\":\"https:\/\/www.mncomunicacion.com\/#\/schema\/person\/70225cf35dfcd918c90eb1a00df42de9\"},\"headline\":\"Peserico celebrates its third anniversary in Marbella and reaffirms its commitment to the excellence of &#8220;Made in Italy&#8221;\",\"datePublished\":\"2025-06-06T08:56:40+00:00\",\"dateModified\":\"2025-06-06T08:56:40+00:00\",\"mainEntityOfPage\":{\"@id\":\"https:\/\/www.mncomunicacion.com\/en\/https-www-mncomunicacion-com-en-gabinete-de-prensa\/peserico-celebrates-its-third-anniversary-in-marbella-and-reaffirms-its-commitment-to-the-excellence-of-made-in-italy\"},\"wordCount\":745,\"publisher\":{\"@id\":\"https:\/\/www.mncomunicacion.com\/#organization\"},\"image\":{\"@id\":\"https:\/\/www.mncomunicacion.com\/en\/https-www-mncomunicacion-com-en-gabinete-de-prensa\/peserico-celebrates-its-third-anniversary-in-marbella-and-reaffirms-its-commitment-to-the-excellence-of-made-in-italy#primaryimage\"},\"thumbnailUrl\":\"https:\/\/www.mncomunicacion.com\/wp-content\/uploads\/2025\/06\/Peserico-1.png\",\"keywords\":[\"boutique; Puerto Ban\u00fas; Marbella; Peserico Italy; fashion ; Ricardo Perfuffo\"],\"articleSection\":[\"Communication\"],\"inLanguage\":\"en-US\"},{\"@type\":\"WebPage\",\"@id\":\"https:\/\/www.mncomunicacion.com\/en\/https-www-mncomunicacion-com-en-gabinete-de-prensa\/peserico-celebrates-its-third-anniversary-in-marbella-and-reaffirms-its-commitment-to-the-excellence-of-made-in-italy\",\"url\":\"https:\/\/www.mncomunicacion.com\/en\/https-www-mncomunicacion-com-en-gabinete-de-prensa\/peserico-celebrates-its-third-anniversary-in-marbella-and-reaffirms-its-commitment-to-the-excellence-of-made-in-italy\",\"name\":\"Peserico celebrates its third anniversary in Marbella and reaffirms its commitment to the excellence of \\\"Made in Italy\\\" | MN Comunicaci\u00f3n\",\"isPartOf\":{\"@id\":\"https:\/\/www.mncomunicacion.com\/#website\"},\"primaryImageOfPage\":{\"@id\":\"https:\/\/www.mncomunicacion.com\/en\/https-www-mncomunicacion-com-en-gabinete-de-prensa\/peserico-celebrates-its-third-anniversary-in-marbella-and-reaffirms-its-commitment-to-the-excellence-of-made-in-italy#primaryimage\"},\"image\":{\"@id\":\"https:\/\/www.mncomunicacion.com\/en\/https-www-mncomunicacion-com-en-gabinete-de-prensa\/peserico-celebrates-its-third-anniversary-in-marbella-and-reaffirms-its-commitment-to-the-excellence-of-made-in-italy#primaryimage\"},\"thumbnailUrl\":\"https:\/\/www.mncomunicacion.com\/wp-content\/uploads\/2025\/06\/Peserico-1.png\",\"datePublished\":\"2025-06-06T08:56:40+00:00\",\"dateModified\":\"2025-06-06T08:56:40+00:00\",\"breadcrumb\":{\"@id\":\"https:\/\/www.mncomunicacion.com\/en\/https-www-mncomunicacion-com-en-gabinete-de-prensa\/peserico-celebrates-its-third-anniversary-in-marbella-and-reaffirms-its-commitment-to-the-excellence-of-made-in-italy#breadcrumb\"},\"inLanguage\":\"en-US\",\"potentialAction\":[{\"@type\":\"ReadAction\",\"target\":[\"https:\/\/www.mncomunicacion.com\/en\/https-www-mncomunicacion-com-en-gabinete-de-prensa\/peserico-celebrates-its-third-anniversary-in-marbella-and-reaffirms-its-commitment-to-the-excellence-of-made-in-italy\"]}]},{\"@type\":\"ImageObject\",\"inLanguage\":\"en-US\",\"@id\":\"https:\/\/www.mncomunicacion.com\/en\/https-www-mncomunicacion-com-en-gabinete-de-prensa\/peserico-celebrates-its-third-anniversary-in-marbella-and-reaffirms-its-commitment-to-the-excellence-of-made-in-italy#primaryimage\",\"url\":\"https:\/\/www.mncomunicacion.com\/wp-content\/uploads\/2025\/06\/Peserico-1.png\",\"contentUrl\":\"https:\/\/www.mncomunicacion.com\/wp-content\/uploads\/2025\/06\/Peserico-1.png\",\"width\":1364,\"height\":912},{\"@type\":\"BreadcrumbList\",\"@id\":\"https:\/\/www.mncomunicacion.com\/en\/https-www-mncomunicacion-com-en-gabinete-de-prensa\/peserico-celebrates-its-third-anniversary-in-marbella-and-reaffirms-its-commitment-to-the-excellence-of-made-in-italy#breadcrumb\",\"itemListElement\":[{\"@type\":\"ListItem\",\"position\":1,\"name\":\"Portada\",\"item\":\"https:\/\/www.mncomunicacion.com\/en\"},{\"@type\":\"ListItem\",\"position\":2,\"name\":\"Peserico celebrates its third anniversary in Marbella and reaffirms its commitment to the excellence of &#8220;Made in Italy&#8221;\"}]},{\"@type\":\"WebSite\",\"@id\":\"https:\/\/www.mncomunicacion.com\/#website\",\"url\":\"https:\/\/www.mncomunicacion.com\/\",\"name\":\"MN Comunicaci\u00f3n\",\"description\":\"Agencia de Comunicaci\u00f3n y Organizaci\u00f3n de Eventos en Marbella\",\"publisher\":{\"@id\":\"https:\/\/www.mncomunicacion.com\/#organization\"},\"potentialAction\":[{\"@type\":\"SearchAction\",\"target\":{\"@type\":\"EntryPoint\",\"urlTemplate\":\"https:\/\/www.mncomunicacion.com\/?s={search_term_string}\"},\"query-input\":\"required name=search_term_string\"}],\"inLanguage\":\"en-US\"},{\"@type\":\"Organization\",\"@id\":\"https:\/\/www.mncomunicacion.com\/#organization\",\"name\":\"MN COMUNICACI\u00d3N\",\"url\":\"https:\/\/www.mncomunicacion.com\/\",\"logo\":{\"@type\":\"ImageObject\",\"inLanguage\":\"en-US\",\"@id\":\"https:\/\/www.mncomunicacion.com\/#\/schema\/logo\/image\/\",\"url\":\"https:\/\/www.mncomunicacion.com\/wp-content\/uploads\/2019\/05\/logo.png\",\"contentUrl\":\"https:\/\/www.mncomunicacion.com\/wp-content\/uploads\/2019\/05\/logo.png\",\"width\":150,\"height\":150,\"caption\":\"MN COMUNICACI\u00d3N\"},\"image\":{\"@id\":\"https:\/\/www.mncomunicacion.com\/#\/schema\/logo\/image\/\"},\"sameAs\":[\"https:\/\/www.facebook.com\/marienoelle.escomunicacion\/\",\"https:\/\/x.com\/MNcomunicacion\",\"https:\/\/www.linkedin.com\/company\/marie-no-lle-es-comunicaci-n\/\",\"https:\/\/www.youtube.com\/channel\/UCnHVdXKiLf30LsIfV8k0xIQ\"]},{\"@type\":\"Person\",\"@id\":\"https:\/\/www.mncomunicacion.com\/#\/schema\/person\/70225cf35dfcd918c90eb1a00df42de9\",\"name\":\"Marie-No\u00eblle\"}]}<\/script>\n<!-- \/ Yoast SEO plugin. -->","yoast_head_json":{"title":"Peserico celebrates its third anniversary in Marbella and reaffirms its commitment to the excellence of \"Made in Italy\" | MN Comunicaci\u00f3n","robots":{"index":"index","follow":"follow","max-snippet":"max-snippet:-1","max-image-preview":"max-image-preview:large","max-video-preview":"max-video-preview:-1"},"canonical":"https:\/\/www.mncomunicacion.com\/en\/https-www-mncomunicacion-com-en-gabinete-de-prensa\/peserico-celebrates-its-third-anniversary-in-marbella-and-reaffirms-its-commitment-to-the-excellence-of-made-in-italy","og_locale":"en_US","og_type":"article","og_title":"Peserico celebrates its third anniversary in Marbella and reaffirms its commitment to the excellence of \"Made in Italy\" | MN Comunicaci\u00f3n","og_description":"&#8211; The Puerto Ban\u00fas boutique consolidates its position as a benchmark for Italian fashion on the Costa del Sol, with a loyal and growing international clientele. &#8211; The Italian brand accelerates its international expansion with more than 80 single-brand stores and new openings planned in Europe, Asia, and the United States. &#8211; The SS25 and FW25 collections, presented in Marbella, reinterpret quiet luxury with fine fabrics, refined cuts, and a timeless aesthetic. &#8211; &#8220;Marbella embodies the spirit of Peserico: sophistication, Mediterranean light, and uncontrived elegance,&#8221; says Riccardo Peruffo, CEO of the brand. Marbella, June 6th, 2025. &#8211; The Italian brand Peserico celebrates its third anniversary in Puerto Ban\u00fas, its first boutique in Spain, reaffirming its international focus and its commitment to understated elegance and artisanal craftsmanship. Since its opening in 2022, the space has established itself as one of the most solid luxury retail locations on the Costa del Sol, attracting a cosmopolitan clientele who value quality, tradition, and refined style. With more than 80 single-brand stores worldwide and an expansion strategy that encompasses destinations such as Cannes, Miami, Dubai, Boston, and New York, Peserico is strengthening its presence in key fashion districts without compromising its DNA: 100% Italian production, a commitment to sustainability, and artisanal control throughout every phase of the process. \u201cOur factory in Cornedo Vicentino is the soul of the brand. Choosing to produce in Italy is a statement of principles: it guarantees quality, authenticity, and true traceability that our customers value,\u201d says Riccardo Peruffo, CEO of Peserico. The Marbella boutique, located in the heart of Puerto Ban\u00fas, represents a strategic move for the brand&#8217;s international presence. The city embodies all the qualities that define the Peserico style: light, elegance, the sea, and a following with a taste for understated, functional fashion. &#8220;This anniversary is much more than a celebration. It reflects the emotional bond we have built with a city that shares our values: respect for authenticity, attention to detail, and timeless beauty,&#8221; adds Paola Gonella, creative director. SS25 &amp; FW25: Collections that dress the present with an eternal gaze During the celebration event, the boutique exclusively presented the brand&#8217;s new collections: &#8211; SS25 AUREA: The new Donna collection celebrates the dynamic spirit of every woman, free to move through a universe of infinite possibilities, pursuing an idea that shapes the future and inspires new visions. Inspired by the golden light of the Mediterranean, this collection displays a serene colour palette\u2014oatmeal, ivory, and fog blue\u2014through soft silhouettes and clean structures. Key pieces this season are tailored linen trousers, shirt dresses, and fine-knit coordinated sets that stand out for their casual sophistication and subtle charm. Each piece embraces fluidity, elegance, and a sense of refined freedom, empowering contemporary women to move, shirt dresses and fine knit sets stand out for their casual sophistication. &#8211; SS25 Men: The Peserico man focuses on refined functionality: lightweight technical fabrics, structured shirts, unstructured jackets, and comfortable Bermuda shorts, without sacrificing elegance. The palette is understated, with touches of smoky grey, warm beige, and pure white. &#8211; FW25 Transition: The mid-season collection introduces enveloping textures such as virgin wool, cashmere, and boucl\u00e9. Colours like terracotta, sand, and leaf green dress pieces with volumes designed for the transition of seasons. The result: a serene and protective elegance. \u201cEach collection stems from an emotion. We are inspired by the landscape, the light, the silences. We design pieces that don&#8217;t seek to stand out through stridency, but rather through coherence, beauty, and character,\u201d explains Paola Gonella, creative director of Peserico. A brand with history: tradition, evolution, and a global perspective Founded in 1962 as a small tailor-made trousers workshop in Cornedo Vicentino, Peserico has travelled a path of more than six decades combining sartorial tradition, technical innovation, and aesthetic sensibility. Today, the brand is internationally recognized as an ambassador of quiet luxury, with a solid expansion and a community of loyal customers who appreciate durability, comfort, and timeless design. The brand maintains a strong family ethos, a solid identity, and a permanent commitment to sustainability. All of its production is carried out in Italy under rigorous European environmental and social standards. \u201cEach international opening is an opportunity to express who we are. In Marbella, we have found a second home, and a public that understands that true luxury lies in the quality, consistency, and emotion conveyed by a well-made garment,\u201d concludes Riccardo Peruffo.","og_url":"https:\/\/www.mncomunicacion.com\/en\/https-www-mncomunicacion-com-en-gabinete-de-prensa\/peserico-celebrates-its-third-anniversary-in-marbella-and-reaffirms-its-commitment-to-the-excellence-of-made-in-italy","og_site_name":"MN Comunicaci\u00f3n","article_publisher":"https:\/\/www.facebook.com\/marienoelle.escomunicacion\/","article_published_time":"2025-06-06T08:56:40+00:00","og_image":[{"width":1364,"height":912,"url":"https:\/\/www.mncomunicacion.com\/wp-content\/uploads\/2025\/06\/Peserico-1.png","type":"image\/png"}],"author":"Marie-No\u00eblle","twitter_card":"summary_large_image","twitter_creator":"@MNcomunicacion","twitter_site":"@MNcomunicacion","twitter_misc":{"Written by":"Marie-No\u00eblle","Est. reading time":"4 minutes"},"schema":{"@context":"https:\/\/schema.org","@graph":[{"@type":"Article","@id":"https:\/\/www.mncomunicacion.com\/en\/https-www-mncomunicacion-com-en-gabinete-de-prensa\/peserico-celebrates-its-third-anniversary-in-marbella-and-reaffirms-its-commitment-to-the-excellence-of-made-in-italy#article","isPartOf":{"@id":"https:\/\/www.mncomunicacion.com\/en\/https-www-mncomunicacion-com-en-gabinete-de-prensa\/peserico-celebrates-its-third-anniversary-in-marbella-and-reaffirms-its-commitment-to-the-excellence-of-made-in-italy"},"author":{"name":"Marie-No\u00eblle","@id":"https:\/\/www.mncomunicacion.com\/#\/schema\/person\/70225cf35dfcd918c90eb1a00df42de9"},"headline":"Peserico celebrates its third anniversary in Marbella and reaffirms its commitment to the excellence of &#8220;Made in Italy&#8221;","datePublished":"2025-06-06T08:56:40+00:00","dateModified":"2025-06-06T08:56:40+00:00","mainEntityOfPage":{"@id":"https:\/\/www.mncomunicacion.com\/en\/https-www-mncomunicacion-com-en-gabinete-de-prensa\/peserico-celebrates-its-third-anniversary-in-marbella-and-reaffirms-its-commitment-to-the-excellence-of-made-in-italy"},"wordCount":745,"publisher":{"@id":"https:\/\/www.mncomunicacion.com\/#organization"},"image":{"@id":"https:\/\/www.mncomunicacion.com\/en\/https-www-mncomunicacion-com-en-gabinete-de-prensa\/peserico-celebrates-its-third-anniversary-in-marbella-and-reaffirms-its-commitment-to-the-excellence-of-made-in-italy#primaryimage"},"thumbnailUrl":"https:\/\/www.mncomunicacion.com\/wp-content\/uploads\/2025\/06\/Peserico-1.png","keywords":["boutique; Puerto Ban\u00fas; Marbella; Peserico Italy; fashion ; Ricardo Perfuffo"],"articleSection":["Communication"],"inLanguage":"en-US"},{"@type":"WebPage","@id":"https:\/\/www.mncomunicacion.com\/en\/https-www-mncomunicacion-com-en-gabinete-de-prensa\/peserico-celebrates-its-third-anniversary-in-marbella-and-reaffirms-its-commitment-to-the-excellence-of-made-in-italy","url":"https:\/\/www.mncomunicacion.com\/en\/https-www-mncomunicacion-com-en-gabinete-de-prensa\/peserico-celebrates-its-third-anniversary-in-marbella-and-reaffirms-its-commitment-to-the-excellence-of-made-in-italy","name":"Peserico celebrates its third anniversary in Marbella and reaffirms its commitment to the excellence of \"Made in Italy\" | MN Comunicaci\u00f3n","isPartOf":{"@id":"https:\/\/www.mncomunicacion.com\/#website"},"primaryImageOfPage":{"@id":"https:\/\/www.mncomunicacion.com\/en\/https-www-mncomunicacion-com-en-gabinete-de-prensa\/peserico-celebrates-its-third-anniversary-in-marbella-and-reaffirms-its-commitment-to-the-excellence-of-made-in-italy#primaryimage"},"image":{"@id":"https:\/\/www.mncomunicacion.com\/en\/https-www-mncomunicacion-com-en-gabinete-de-prensa\/peserico-celebrates-its-third-anniversary-in-marbella-and-reaffirms-its-commitment-to-the-excellence-of-made-in-italy#primaryimage"},"thumbnailUrl":"https:\/\/www.mncomunicacion.com\/wp-content\/uploads\/2025\/06\/Peserico-1.png","datePublished":"2025-06-06T08:56:40+00:00","dateModified":"2025-06-06T08:56:40+00:00","breadcrumb":{"@id":"https:\/\/www.mncomunicacion.com\/en\/https-www-mncomunicacion-com-en-gabinete-de-prensa\/peserico-celebrates-its-third-anniversary-in-marbella-and-reaffirms-its-commitment-to-the-excellence-of-made-in-italy#breadcrumb"},"inLanguage":"en-US","potentialAction":[{"@type":"ReadAction","target":["https:\/\/www.mncomunicacion.com\/en\/https-www-mncomunicacion-com-en-gabinete-de-prensa\/peserico-celebrates-its-third-anniversary-in-marbella-and-reaffirms-its-commitment-to-the-excellence-of-made-in-italy"]}]},{"@type":"ImageObject","inLanguage":"en-US","@id":"https:\/\/www.mncomunicacion.com\/en\/https-www-mncomunicacion-com-en-gabinete-de-prensa\/peserico-celebrates-its-third-anniversary-in-marbella-and-reaffirms-its-commitment-to-the-excellence-of-made-in-italy#primaryimage","url":"https:\/\/www.mncomunicacion.com\/wp-content\/uploads\/2025\/06\/Peserico-1.png","contentUrl":"https:\/\/www.mncomunicacion.com\/wp-content\/uploads\/2025\/06\/Peserico-1.png","width":1364,"height":912},{"@type":"BreadcrumbList","@id":"https:\/\/www.mncomunicacion.com\/en\/https-www-mncomunicacion-com-en-gabinete-de-prensa\/peserico-celebrates-its-third-anniversary-in-marbella-and-reaffirms-its-commitment-to-the-excellence-of-made-in-italy#breadcrumb","itemListElement":[{"@type":"ListItem","position":1,"name":"Portada","item":"https:\/\/www.mncomunicacion.com\/en"},{"@type":"ListItem","position":2,"name":"Peserico celebrates its third anniversary in Marbella and reaffirms its commitment to the excellence of &#8220;Made in Italy&#8221;"}]},{"@type":"WebSite","@id":"https:\/\/www.mncomunicacion.com\/#website","url":"https:\/\/www.mncomunicacion.com\/","name":"MN Comunicaci\u00f3n","description":"Agencia de Comunicaci\u00f3n y Organizaci\u00f3n de Eventos en Marbella","publisher":{"@id":"https:\/\/www.mncomunicacion.com\/#organization"},"potentialAction":[{"@type":"SearchAction","target":{"@type":"EntryPoint","urlTemplate":"https:\/\/www.mncomunicacion.com\/?s={search_term_string}"},"query-input":"required name=search_term_string"}],"inLanguage":"en-US"},{"@type":"Organization","@id":"https:\/\/www.mncomunicacion.com\/#organization","name":"MN COMUNICACI\u00d3N","url":"https:\/\/www.mncomunicacion.com\/","logo":{"@type":"ImageObject","inLanguage":"en-US","@id":"https:\/\/www.mncomunicacion.com\/#\/schema\/logo\/image\/","url":"https:\/\/www.mncomunicacion.com\/wp-content\/uploads\/2019\/05\/logo.png","contentUrl":"https:\/\/www.mncomunicacion.com\/wp-content\/uploads\/2019\/05\/logo.png","width":150,"height":150,"caption":"MN COMUNICACI\u00d3N"},"image":{"@id":"https:\/\/www.mncomunicacion.com\/#\/schema\/logo\/image\/"},"sameAs":["https:\/\/www.facebook.com\/marienoelle.escomunicacion\/","https:\/\/x.com\/MNcomunicacion","https:\/\/www.linkedin.com\/company\/marie-no-lle-es-comunicaci-n\/","https:\/\/www.youtube.com\/channel\/UCnHVdXKiLf30LsIfV8k0xIQ"]},{"@type":"Person","@id":"https:\/\/www.mncomunicacion.com\/#\/schema\/person\/70225cf35dfcd918c90eb1a00df42de9","name":"Marie-No\u00eblle"}]}},"_links":{"self":[{"href":"https:\/\/www.mncomunicacion.com\/en\/wp-json\/wp\/v2\/posts\/10877"}],"collection":[{"href":"https:\/\/www.mncomunicacion.com\/en\/wp-json\/wp\/v2\/posts"}],"about":[{"href":"https:\/\/www.mncomunicacion.com\/en\/wp-json\/wp\/v2\/types\/post"}],"author":[{"embeddable":true,"href":"https:\/\/www.mncomunicacion.com\/en\/wp-json\/wp\/v2\/users\/3"}],"replies":[{"embeddable":true,"href":"https:\/\/www.mncomunicacion.com\/en\/wp-json\/wp\/v2\/comments?post=10877"}],"version-history":[{"count":1,"href":"https:\/\/www.mncomunicacion.com\/en\/wp-json\/wp\/v2\/posts\/10877\/revisions"}],"predecessor-version":[{"id":10878,"href":"https:\/\/www.mncomunicacion.com\/en\/wp-json\/wp\/v2\/posts\/10877\/revisions\/10878"}],"wp:featuredmedia":[{"embeddable":true,"href":"https:\/\/www.mncomunicacion.com\/en\/wp-json\/wp\/v2\/media\/10875"}],"wp:attachment":[{"href":"https:\/\/www.mncomunicacion.com\/en\/wp-json\/wp\/v2\/media?parent=10877"}],"wp:term":[{"taxonomy":"category","embeddable":true,"href":"https:\/\/www.mncomunicacion.com\/en\/wp-json\/wp\/v2\/categories?post=10877"},{"taxonomy":"post_tag","embeddable":true,"href":"https:\/\/www.mncomunicacion.com\/en\/wp-json\/wp\/v2\/tags?post=10877"}],"curies":[{"name":"wp","href":"https:\/\/api.w.org\/{rel}","templated":true}]}}